{"id":392244,"date":"2026-02-28T11:47:46","date_gmt":"2026-02-28T14:47:46","guid":{"rendered":"https:\/\/portaltela.pt\/noticias\/2026\/02\/28\/sporting-inicia-preparacao-para-o-classico-com-novidade-no-treino\/"},"modified":"2026-02-28T11:47:46","modified_gmt":"2026-02-28T14:47:46","slug":"sporting-inicia-preparacao-para-o-classico-com-novidade-no-treino","status":"publish","type":"post","link":"https:\/\/portaltela.pt\/desporto\/futebol\/2026\/02\/28\/sporting-inicia-preparacao-para-o-classico-com-novidade-no-treino\/","title":{"rendered":"Sporting inicia prepara\u00e7\u00e3o para o cl\u00e1ssico com novidade no treino"},"content":{"rendered":"<p>A prepara\u00e7\u00e3o para o Cl\u00e1ssico com o FC Porto j\u00e1 come\u00e7ou e a novidade foi Debast. O treino do Sporting ocorreu este domingo, em Alcochete, e a equipa prepara-se para a 1\u00aa m\u00e3o da meia-final da Ta\u00e7a de Portugal, marcada para ter\u00e7a-feira, em Alvalade, \u00e0s 20h45.<\/p>\n<p>O internacional belga, de 22 anos, pode entrar nas contas para o duelo com os azuis e brancos. Rui Borges indicou que Debast apenas n\u00e3o foi inclu\u00eddo para o jogo com o Estoril por op\u00e7\u00e3o t\u00e9cnica, mantendo-o como op\u00e7\u00e3o para o cl\u00e1ssico.<\/p>\n<p>Ainda fora das op\u00e7\u00f5es continuam Kochorashvili, Quenda e Ioannidis. Entre eles, apenas o internacional grego dever\u00e1 entrar nas contas do treinador para a pr\u00f3xima partida, segundo o t\u00e9cnico leonino.<\/p>\n<p>Em rela\u00e7\u00e3o ao treino, os titulares do triunfo por 3-0 diante da equipa canarinha realizaram apenas trabalho de recupera\u00e7\u00e3o. Os bicampe\u00f5es voltam ao trabalho no domingo de manh\u00e3, em mais uma sess\u00e3o a portas fechadas, em Alcochete.<\/p>\n","protected":false},"excerpt":{"rendered":"<ul>\n<li>Debast foi a novidade no treino do Sporting, que j\u00e1 come\u00e7ou a preparar o cl\u00e1ssico com o FC Porto.<\/li>\n<li>O jogo, relativo \u00e0 1\u00aa m\u00e3o da meia-final da Ta\u00e7a de Portugal, realiza-se em Alvalade \u00e0s 20h45.<\/li>\n<li>O internacional belga de 22 anos pode ser op\u00e7\u00e3o para o cl\u00e1ssico; ficou fora das contas frente ao Estoril por op\u00e7\u00e3o t\u00e9cnica.<\/li>\n<li>Est\u00e3o de fora Kochorashvili, Quenda e Ioannidis; o \u00fanico deles que poder\u00e1 entrar nas contas \u00e9 o internacional grego.<\/li>\n<li>Os titulares do triunfo por 3-0 frente ao Brasil apenas fizeram recupera\u00e7\u00e3o; o Sporting treina novamente domingo de manh\u00e3 em Alcochete, a portas fechadas.<\/li>\n<\/ul>\n","protected":false},"author":2,"featured_media":392248,"comment_status":"closed","ping_status":"closed","sticky":false,"template":"","format":"standard","meta":{"footnotes":""},"categories":[21,24],"tags":[1068,2028,32,4159,1652,1266],"class_list":["post-392244","post","type-post","status-publish","format-standard","has-post-thumbnail","hentry","category-desporto","category-futebol","tag-alcochete","tag-fc-porto","tag-futebol","tag-jogo","tag-sporting","tag-taca-de-portugal"],"yoast_head":"<!-- This site is optimized with the Yoast SEO plugin v27.2 - https:\/\/yoast.com\/product\/yoast-seo-wordpress\/ -->\n<title>Sporting inicia prepara\u00e7\u00e3o para o cl\u00e1ssico com novidade no treino - Portal Tela Portugal<\/title>\n<meta name=\"robots\" content=\"index, follow, max-snippet:-1, max-image-preview:large, max-video-preview:-1\" \/>\n<meta property=\"og:locale\" content=\"pt_PT\" \/>\n<meta property=\"og:type\" content=\"article\" \/>\n<meta property=\"og:title\" content=\"Sporting inicia prepara\u00e7\u00e3o para o cl\u00e1ssico com novidade no treino - Portal Tela Portugal\" \/>\n<meta property=\"og:description\" content=\"Debast foi a novidade no treino do Sporting, que j\u00e1 come\u00e7ou a preparar o cl\u00e1ssico com o FC Porto. O jogo, relativo \u00e0 1\u00aa m\u00e3o da meia-final da Ta\u00e7a de Portugal, realiza-se em Alvalade \u00e0s 20h45. O internacional belga de 22 anos pode ser op\u00e7\u00e3o para o cl\u00e1ssico; ficou fora das contas frente ao Estoril por op\u00e7\u00e3o t\u00e9cnica. Est\u00e3o de fora Kochorashvili, Quenda e Ioannidis; o \u00fanico deles que poder\u00e1 entrar nas contas \u00e9 o internacional grego. Os titulares do triunfo por 3-0 frente ao Brasil apenas fizeram recupera\u00e7\u00e3o; o Sporting treina novamente domingo de manh\u00e3 em Alcochete, a portas fechadas.\" \/>\n<meta property=\"og:url\" content=\"https:\/\/portaltela.pt\/noticias\/2026\/02\/28\/sporting-inicia-preparacao-para-o-classico-com-novidade-no-treino\/\" \/>\n<meta property=\"og:site_name\" content=\"Portal Tela Portugal\" \/>\n<meta property=\"article:published_time\" content=\"2026-02-28T14:47:46+00:00\" \/>\n<meta name=\"author\" content=\"Telinha\" \/>\n<meta name=\"twitter:card\" content=\"summary_large_image\" \/>\n<meta name=\"twitter:label1\" content=\"Escrito por\" \/>\n\t<meta name=\"twitter:data1\" content=\"Telinha\" \/>\n\t<meta name=\"twitter:label2\" content=\"Tempo estimado de leitura\" \/>\n\t<meta name=\"twitter:data2\" content=\"1 minuto\" \/>\n<script type=\"application\/ld+json\" class=\"yoast-schema-graph\">{\"@context\":\"https:\/\/schema.org\",\"@graph\":[{\"@type\":\"Article\",\"@id\":\"https:\/\/portaltela.pt\/noticias\/2026\/02\/28\/sporting-inicia-preparacao-para-o-classico-com-novidade-no-treino\/#article\",\"isPartOf\":{\"@id\":\"https:\/\/portaltela.pt\/noticias\/2026\/02\/28\/sporting-inicia-preparacao-para-o-classico-com-novidade-no-treino\/\"},\"author\":{\"name\":\"Telinha\",\"@id\":\"https:\/\/portaltela.pt\/#\/schema\/person\/c4278d4a6028830caff9ee44b42d32ed\"},\"headline\":\"Sporting inicia prepara\u00e7\u00e3o para o cl\u00e1ssico com novidade no treino\",\"datePublished\":\"2026-02-28T14:47:46+00:00\",\"mainEntityOfPage\":{\"@id\":\"https:\/\/portaltela.pt\/noticias\/2026\/02\/28\/sporting-inicia-preparacao-para-o-classico-com-novidade-no-treino\/\"},\"wordCount\":183,\"image\":{\"@id\":\"https:\/\/portaltela.pt\/noticias\/2026\/02\/28\/sporting-inicia-preparacao-para-o-classico-com-novidade-no-treino\/#primaryimage\"},\"thumbnailUrl\":\"https:\/\/portaltela.pt\/s.01k8rhncp4jt1\/2026\/02\/img_920x518uu2025-10-09-00-15-59-2395011-1.jpg\",\"keywords\":[\"Alcochete\",\"FC Porto\",\"futebol\",\"jogo\",\"Sporting\",\"Ta\u00e7a de Portugal\"],\"articleSection\":[\"Desporto\",\"Futebol\"],\"inLanguage\":\"pt-PT\"},{\"@type\":\"WebPage\",\"@id\":\"https:\/\/portaltela.pt\/noticias\/2026\/02\/28\/sporting-inicia-preparacao-para-o-classico-com-novidade-no-treino\/\",\"url\":\"https:\/\/portaltela.pt\/noticias\/2026\/02\/28\/sporting-inicia-preparacao-para-o-classico-com-novidade-no-treino\/\",\"name\":\"Sporting inicia prepara\u00e7\u00e3o para o cl\u00e1ssico com novidade no treino - Portal Tela Portugal\",\"isPartOf\":{\"@id\":\"https:\/\/portaltela.pt\/#website\"},\"primaryImageOfPage\":{\"@id\":\"https:\/\/portaltela.pt\/noticias\/2026\/02\/28\/sporting-inicia-preparacao-para-o-classico-com-novidade-no-treino\/#primaryimage\"},\"image\":{\"@id\":\"https:\/\/portaltela.pt\/noticias\/2026\/02\/28\/sporting-inicia-preparacao-para-o-classico-com-novidade-no-treino\/#primaryimage\"},\"thumbnailUrl\":\"https:\/\/portaltela.pt\/s.01k8rhncp4jt1\/2026\/02\/img_920x518uu2025-10-09-00-15-59-2395011-1.jpg\",\"datePublished\":\"2026-02-28T14:47:46+00:00\",\"author\":{\"@id\":\"https:\/\/portaltela.pt\/#\/schema\/person\/c4278d4a6028830caff9ee44b42d32ed\"},\"breadcrumb\":{\"@id\":\"https:\/\/portaltela.pt\/noticias\/2026\/02\/28\/sporting-inicia-preparacao-para-o-classico-com-novidade-no-treino\/#breadcrumb\"},\"inLanguage\":\"pt-PT\",\"potentialAction\":[{\"@type\":\"ReadAction\",\"target\":[\"https:\/\/portaltela.pt\/noticias\/2026\/02\/28\/sporting-inicia-preparacao-para-o-classico-com-novidade-no-treino\/\"]}]},{\"@type\":\"ImageObject\",\"inLanguage\":\"pt-PT\",\"@id\":\"https:\/\/portaltela.pt\/noticias\/2026\/02\/28\/sporting-inicia-preparacao-para-o-classico-com-novidade-no-treino\/#primaryimage\",\"url\":\"https:\/\/portaltela.pt\/s.01k8rhncp4jt1\/2026\/02\/img_920x518uu2025-10-09-00-15-59-2395011-1.jpg\",\"contentUrl\":\"https:\/\/portaltela.pt\/s.01k8rhncp4jt1\/2026\/02\/img_920x518uu2025-10-09-00-15-59-2395011-1.jpg\",\"width\":796,\"height\":448,\"caption\":\"Debast \u00e9 op\u00e7\u00e3o para o cl\u00e1ssico\"},{\"@type\":\"BreadcrumbList\",\"@id\":\"https:\/\/portaltela.pt\/noticias\/2026\/02\/28\/sporting-inicia-preparacao-para-o-classico-com-novidade-no-treino\/#breadcrumb\",\"itemListElement\":[{\"@type\":\"ListItem\",\"position\":1,\"name\":\"In\u00edcio\",\"item\":\"https:\/\/portaltela.pt\/\"},{\"@type\":\"ListItem\",\"position\":2,\"name\":\"Sporting inicia prepara\u00e7\u00e3o para o cl\u00e1ssico com novidade no treino\"}]},{\"@type\":\"WebSite\",\"@id\":\"https:\/\/portaltela.pt\/#website\",\"url\":\"https:\/\/portaltela.pt\/\",\"name\":\"Portal Tela Portugal\",\"description\":\"\",\"potentialAction\":[{\"@type\":\"SearchAction\",\"target\":{\"@type\":\"EntryPoint\",\"urlTemplate\":\"https:\/\/portaltela.pt\/?s={search_term_string}\"},\"query-input\":{\"@type\":\"PropertyValueSpecification\",\"valueRequired\":true,\"valueName\":\"search_term_string\"}}],\"inLanguage\":\"pt-PT\"},{\"@type\":\"Person\",\"@id\":\"https:\/\/portaltela.pt\/#\/schema\/person\/c4278d4a6028830caff9ee44b42d32ed\",\"name\":\"Telinha\",\"image\":{\"@type\":\"ImageObject\",\"inLanguage\":\"pt-PT\",\"@id\":\"https:\/\/portaltela.pt\/s.01k8rhncp4jt1\/2025\/11\/talking-bot-125x125.png\",\"url\":\"https:\/\/portaltela.pt\/s.01k8rhncp4jt1\/2025\/11\/talking-bot-125x125.png\",\"contentUrl\":\"https:\/\/portaltela.pt\/s.01k8rhncp4jt1\/2025\/11\/talking-bot-125x125.png\",\"caption\":\"Telinha\"},\"sameAs\":[\"https:\/\/portaltela.pt\/\"],\"url\":\"https:\/\/portaltela.pt\/por\/367410592786\/\"}]}<\/script>\n<!-- \/ Yoast SEO plugin. -->","yoast_head_json":{"title":"Sporting inicia prepara\u00e7\u00e3o para o cl\u00e1ssico com novidade no treino - Portal Tela Portugal","robots":{"index":"index","follow":"follow","max-snippet":"max-snippet:-1","max-image-preview":"max-image-preview:large","max-video-preview":"max-video-preview:-1"},"og_locale":"pt_PT","og_type":"article","og_title":"Sporting inicia prepara\u00e7\u00e3o para o cl\u00e1ssico com novidade no treino - Portal Tela Portugal","og_description":"Debast foi a novidade no treino do Sporting, que j\u00e1 come\u00e7ou a preparar o cl\u00e1ssico com o FC Porto. O jogo, relativo \u00e0 1\u00aa m\u00e3o da meia-final da Ta\u00e7a de Portugal, realiza-se em Alvalade \u00e0s 20h45. O internacional belga de 22 anos pode ser op\u00e7\u00e3o para o cl\u00e1ssico; ficou fora das contas frente ao Estoril por op\u00e7\u00e3o t\u00e9cnica. Est\u00e3o de fora Kochorashvili, Quenda e Ioannidis; o \u00fanico deles que poder\u00e1 entrar nas contas \u00e9 o internacional grego. Os titulares do triunfo por 3-0 frente ao Brasil apenas fizeram recupera\u00e7\u00e3o; o Sporting treina novamente domingo de manh\u00e3 em Alcochete, a portas fechadas.","og_url":"https:\/\/portaltela.pt\/noticias\/2026\/02\/28\/sporting-inicia-preparacao-para-o-classico-com-novidade-no-treino\/","og_site_name":"Portal Tela Portugal","article_published_time":"2026-02-28T14:47:46+00:00","author":"Telinha","twitter_card":"summary_large_image","twitter_misc":{"Escrito por":"Telinha","Tempo estimado de leitura":"1 minuto"},"schema":{"@context":"https:\/\/schema.org","@graph":[{"@type":"Article","@id":"https:\/\/portaltela.pt\/noticias\/2026\/02\/28\/sporting-inicia-preparacao-para-o-classico-com-novidade-no-treino\/#article","isPartOf":{"@id":"https:\/\/portaltela.pt\/noticias\/2026\/02\/28\/sporting-inicia-preparacao-para-o-classico-com-novidade-no-treino\/"},"author":{"name":"Telinha","@id":"https:\/\/portaltela.pt\/#\/schema\/person\/c4278d4a6028830caff9ee44b42d32ed"},"headline":"Sporting inicia prepara\u00e7\u00e3o para o cl\u00e1ssico com novidade no treino","datePublished":"2026-02-28T14:47:46+00:00","mainEntityOfPage":{"@id":"https:\/\/portaltela.pt\/noticias\/2026\/02\/28\/sporting-inicia-preparacao-para-o-classico-com-novidade-no-treino\/"},"wordCount":183,"image":{"@id":"https:\/\/portaltela.pt\/noticias\/2026\/02\/28\/sporting-inicia-preparacao-para-o-classico-com-novidade-no-treino\/#primaryimage"},"thumbnailUrl":"https:\/\/portaltela.pt\/s.01k8rhncp4jt1\/2026\/02\/img_920x518uu2025-10-09-00-15-59-2395011-1.jpg","keywords":["Alcochete","FC Porto","futebol","jogo","Sporting","Ta\u00e7a de Portugal"],"articleSection":["Desporto","Futebol"],"inLanguage":"pt-PT"},{"@type":"WebPage","@id":"https:\/\/portaltela.pt\/noticias\/2026\/02\/28\/sporting-inicia-preparacao-para-o-classico-com-novidade-no-treino\/","url":"https:\/\/portaltela.pt\/noticias\/2026\/02\/28\/sporting-inicia-preparacao-para-o-classico-com-novidade-no-treino\/","name":"Sporting inicia prepara\u00e7\u00e3o para o cl\u00e1ssico com novidade no treino - Portal Tela Portugal","isPartOf":{"@id":"https:\/\/portaltela.pt\/#website"},"primaryImageOfPage":{"@id":"https:\/\/portaltela.pt\/noticias\/2026\/02\/28\/sporting-inicia-preparacao-para-o-classico-com-novidade-no-treino\/#primaryimage"},"image":{"@id":"https:\/\/portaltela.pt\/noticias\/2026\/02\/28\/sporting-inicia-preparacao-para-o-classico-com-novidade-no-treino\/#primaryimage"},"thumbnailUrl":"https:\/\/portaltela.pt\/s.01k8rhncp4jt1\/2026\/02\/img_920x518uu2025-10-09-00-15-59-2395011-1.jpg","datePublished":"2026-02-28T14:47:46+00:00","author":{"@id":"https:\/\/portaltela.pt\/#\/schema\/person\/c4278d4a6028830caff9ee44b42d32ed"},"breadcrumb":{"@id":"https:\/\/portaltela.pt\/noticias\/2026\/02\/28\/sporting-inicia-preparacao-para-o-classico-com-novidade-no-treino\/#breadcrumb"},"inLanguage":"pt-PT","potentialAction":[{"@type":"ReadAction","target":["https:\/\/portaltela.pt\/noticias\/2026\/02\/28\/sporting-inicia-preparacao-para-o-classico-com-novidade-no-treino\/"]}]},{"@type":"ImageObject","inLanguage":"pt-PT","@id":"https:\/\/portaltela.pt\/noticias\/2026\/02\/28\/sporting-inicia-preparacao-para-o-classico-com-novidade-no-treino\/#primaryimage","url":"https:\/\/portaltela.pt\/s.01k8rhncp4jt1\/2026\/02\/img_920x518uu2025-10-09-00-15-59-2395011-1.jpg","contentUrl":"https:\/\/portaltela.pt\/s.01k8rhncp4jt1\/2026\/02\/img_920x518uu2025-10-09-00-15-59-2395011-1.jpg","width":796,"height":448,"caption":"Debast \u00e9 op\u00e7\u00e3o para o cl\u00e1ssico"},{"@type":"BreadcrumbList","@id":"https:\/\/portaltela.pt\/noticias\/2026\/02\/28\/sporting-inicia-preparacao-para-o-classico-com-novidade-no-treino\/#breadcrumb","itemListElement":[{"@type":"ListItem","position":1,"name":"In\u00edcio","item":"https:\/\/portaltela.pt\/"},{"@type":"ListItem","position":2,"name":"Sporting inicia prepara\u00e7\u00e3o para o cl\u00e1ssico com novidade no treino"}]},{"@type":"WebSite","@id":"https:\/\/portaltela.pt\/#website","url":"https:\/\/portaltela.pt\/","name":"Portal Tela Portugal","description":"","potentialAction":[{"@type":"SearchAction","target":{"@type":"EntryPoint","urlTemplate":"https:\/\/portaltela.pt\/?s={search_term_string}"},"query-input":{"@type":"PropertyValueSpecification","valueRequired":true,"valueName":"search_term_string"}}],"inLanguage":"pt-PT"},{"@type":"Person","@id":"https:\/\/portaltela.pt\/#\/schema\/person\/c4278d4a6028830caff9ee44b42d32ed","name":"Telinha","image":{"@type":"ImageObject","inLanguage":"pt-PT","@id":"https:\/\/portaltela.pt\/s.01k8rhncp4jt1\/2025\/11\/talking-bot-125x125.png","url":"https:\/\/portaltela.pt\/s.01k8rhncp4jt1\/2025\/11\/talking-bot-125x125.png","contentUrl":"https:\/\/portaltela.pt\/s.01k8rhncp4jt1\/2025\/11\/talking-bot-125x125.png","caption":"Telinha"},"sameAs":["https:\/\/portaltela.pt\/"],"url":"https:\/\/portaltela.pt\/por\/367410592786\/"}]}},"_links":{"self":[{"href":"https:\/\/portaltela.pt\/api\/wp\/v2\/posts\/392244","targetHints":{"allow":["GET"]}}],"collection":[{"href":"https:\/\/portaltela.pt\/api\/wp\/v2\/posts"}],"about":[{"href":"https:\/\/portaltela.pt\/api\/wp\/v2\/types\/post"}],"author":[{"embeddable":true,"href":"https:\/\/portaltela.pt\/api\/wp\/v2\/users\/2"}],"replies":[{"embeddable":true,"href":"https:\/\/portaltela.pt\/api\/wp\/v2\/comments?post=392244"}],"version-history":[{"count":0,"href":"https:\/\/portaltela.pt\/api\/wp\/v2\/posts\/392244\/revisions"}],"wp:featuredmedia":[{"embeddable":true,"href":"https:\/\/portaltela.pt\/api\/wp\/v2\/media\/392248"}],"wp:attachment":[{"href":"https:\/\/portaltela.pt\/api\/wp\/v2\/media?parent=392244"}],"wp:term":[{"taxonomy":"category","embeddable":true,"href":"https:\/\/portaltela.pt\/api\/wp\/v2\/categories?post=392244"},{"taxonomy":"post_tag","embeddable":true,"href":"https:\/\/portaltela.pt\/api\/wp\/v2\/tags?post=392244"}],"curies":[{"name":"wp","href":"https:\/\/api.w.org\/{rel}","templated":true}]}}