{"id":392213,"date":"2026-02-28T11:24:00","date_gmt":"2026-02-28T14:24:00","guid":{"rendered":"https:\/\/portaltela.pt\/noticias\/2026\/02\/28\/governo-propoe-cartaxo-alves-para-chefe-do-estado-maior-das-forcas-armadas-2\/"},"modified":"2026-02-28T11:24:00","modified_gmt":"2026-02-28T14:24:00","slug":"governo-propoe-cartaxo-alves-para-chefe-do-estado-maior-das-forcas-armadas-2","status":"publish","type":"post","link":"https:\/\/portaltela.pt\/noticias\/2026\/02\/28\/governo-propoe-cartaxo-alves-para-chefe-do-estado-maior-das-forcas-armadas-2\/","title":{"rendered":"Governo prop\u00f5e Cartaxo Alves para Chefe do Estado-Maior das For\u00e7as Armadas"},"content":{"rendered":"<p>O Governo apresentou ao Presidente da Rep\u00fablica, Marcelo Rebelo de Sousa, a nomea\u00e7\u00e3o dos novos chefes militares. O general Cartaxo Alves, atual chefe da For\u00e7a A\u00e9rea, \u00e9 proposto para Chefe do Estado-Maior-General das For\u00e7as Armadas, mantendo a rota\u00e7\u00e3o entre os tr\u00eas ramos. A decis\u00e3o faz parte de uma reorganiza\u00e7\u00e3o institucional com efeito no pr\u00f3ximo domingo.<\/p>\n<p>Ao final da manh\u00e3 de s\u00e1bado, em Braga, decorre a cerim\u00f3nia de despedida de Marcelo Rebelo de Sousa enquanto Comandante Supremo, marcando o \u00faltimo ato oficial do atual Chefe do Estado-Mor das For\u00e7as Armadas, o general Jos\u00e9 Nunes da Fonseca. Concordantemente, o Governo indicou mudan\u00e7as para o alto comando: Cartaxo Alves para as For\u00e7as Armadas, Costa Pereira para chefiar a For\u00e7a A\u00e9rea e Mendes Ferr\u00e3o manter\u00e1 a chefia do Ex\u00e9rcito, com a Marinha a ter Nobre de Sousa a meio do mandato.<\/p>\n<h3>Propostas e cerim\u00f3nias<\/h3>\n<p>As propostas anunciadas em Conselho de Ministros entram em vigor no pr\u00f3ximo domingo, conforme o Governo. O tenente-general S\u00e9rgio Costa Pereira dever\u00e1 chefiar a For\u00e7a A\u00e9rea, enquanto o Ex\u00e9rcito manter\u00e1 Mendes Ferr\u00e3o e a Marinha continua com o atual comando, sob Nobre de Sousa.<\/p>\n<p>A despedida do Presidente envolve representantes dos tr\u00eas ramos, num desfile em honra do Chefe de Estado-Maior. O evento come\u00e7a ao meio-dia e inclui um discurso de Nunes da Fonseca e de Marcelo Rebelo de Sousa. Voo de ca\u00e7as F-16 est\u00e1 previsto, numa demonstra\u00e7\u00e3o a\u00e9rea que encerra com o desfile final junto da Pra\u00e7a da Rep\u00fablica.<\/p>\n<p>A participa\u00e7\u00e3o institucional conta com o ministro da Defesa, Nuno Melo, representando o Governo, enquanto o ministro da Educa\u00e7\u00e3o, Fernando Alexandre, participa na qualidade de presidente da C\u00e2mara Municipal de Braga. O primeiro-ministro Lu\u00eds Montenegro n\u00e3o comparecer\u00e1.<\/p>\n","protected":false},"excerpt":{"rendered":"<ul>\n<li>O Governo prop\u00f4s ao presidente da Rep\u00fablica a nomea\u00e7\u00e3o do general Jo\u00e3o Guilherme Rosado Cartaxo Alves para Chefe do Estado-Maior-General das For\u00e7as Armadas, mantendo a rotatividade entre os tr\u00eas ramos.<\/li>\n<li>Ao final da manh\u00e3, em Braga, ocorreu a despedida do atual Chefe do Estado-Maio General das For\u00e7as Armadas, o general Jos\u00e9 Nunes da Fonseca.<\/li>\n<li>Em Conselho de Ministros, foram propostas as chefias: Cartaxo Alves para as For\u00e7as Armadas, o tenente-general S\u00e9rgio Roberto Leite da Costa Pereira para Chefe da For\u00e7a A\u00e9rea e Mendes Ferr\u00e3o para renovar no Ex\u00e9rcito; a Marinha mant\u00e9m o Almirante Nobre de Sousa a meio do mandato.<\/li>\n<li>A nomea\u00e7\u00e3o anunciada deve ter efeito a partir do pr\u00f3ximo domingo.<\/li>\n<li>A cerim\u00f3nia de homenagem em Braga incluiu desfiles e sobrevoos de F-16, com mais de setecentos militares na Avenida Central; participou o Presidente da Rep\u00fablica, Marcelo Rebelo de Sousa, e houve discurso do chefe do Estado-Maior e do Presidente.<\/li>\n<\/ul>\n","protected":false},"author":2,"featured_media":392222,"comment_status":"closed","ping_status":"closed","sticky":false,"template":"","format":"standard","meta":{"footnotes":""},"categories":[1],"tags":[1207,2696,4299,6169,1779,34],"class_list":["post-392213","post","type-post","status-publish","format-standard","has-post-thumbnail","hentry","category-noticias","tag-braga","tag-cartaxo","tag-forca-aerea","tag-forca-aerea-portuguesa","tag-forcas-armadas","tag-governo"],"yoast_head":"<!-- This site is optimized with the Yoast SEO plugin v27.2 - https:\/\/yoast.com\/product\/yoast-seo-wordpress\/ -->\n<title>Governo prop\u00f5e Cartaxo Alves para Chefe do Estado-Maior das For\u00e7as Armadas - Portal Tela Portugal<\/title>\n<meta name=\"robots\" content=\"index, follow, max-snippet:-1, max-image-preview:large, max-video-preview:-1\" \/>\n<meta property=\"og:locale\" content=\"pt_PT\" \/>\n<meta property=\"og:type\" content=\"article\" \/>\n<meta property=\"og:title\" content=\"Governo prop\u00f5e Cartaxo Alves para Chefe do Estado-Maior das For\u00e7as Armadas - Portal Tela Portugal\" \/>\n<meta property=\"og:description\" content=\"O Governo prop\u00f4s ao presidente da Rep\u00fablica a nomea\u00e7\u00e3o do general Jo\u00e3o Guilherme Rosado Cartaxo Alves para Chefe do Estado-Maior-General das For\u00e7as Armadas, mantendo a rotatividade entre os tr\u00eas ramos. Ao final da manh\u00e3, em Braga, ocorreu a despedida do atual Chefe do Estado-Maio General das For\u00e7as Armadas, o general Jos\u00e9 Nunes da Fonseca. Em Conselho de Ministros, foram propostas as chefias: Cartaxo Alves para as For\u00e7as Armadas, o tenente-general S\u00e9rgio Roberto Leite da Costa Pereira para Chefe da For\u00e7a A\u00e9rea e Mendes Ferr\u00e3o para renovar no Ex\u00e9rcito; a Marinha mant\u00e9m o Almirante Nobre de Sousa a meio do mandato. A nomea\u00e7\u00e3o anunciada deve ter efeito a partir do pr\u00f3ximo domingo. A cerim\u00f3nia de homenagem em Braga incluiu desfiles e sobrevoos de F-16, com mais de setecentos militares na Avenida Central; participou o Presidente da Rep\u00fablica, Marcelo Rebelo de Sousa, e houve discurso do chefe do Estado-Maior e do Presidente.\" \/>\n<meta property=\"og:url\" content=\"https:\/\/portaltela.pt\/noticias\/2026\/02\/28\/governo-propoe-cartaxo-alves-para-chefe-do-estado-maior-das-forcas-armadas-2\/\" \/>\n<meta property=\"og:site_name\" content=\"Portal Tela Portugal\" \/>\n<meta property=\"article:published_time\" content=\"2026-02-28T14:24:00+00:00\" \/>\n<meta name=\"author\" content=\"Telinha\" \/>\n<meta name=\"twitter:card\" content=\"summary_large_image\" \/>\n<meta name=\"twitter:label1\" content=\"Escrito por\" \/>\n\t<meta name=\"twitter:data1\" content=\"Telinha\" \/>\n\t<meta name=\"twitter:label2\" content=\"Tempo estimado de leitura\" \/>\n\t<meta name=\"twitter:data2\" content=\"2 minutos\" \/>\n<script type=\"application\/ld+json\" class=\"yoast-schema-graph\">{\"@context\":\"https:\/\/schema.org\",\"@graph\":[{\"@type\":\"Article\",\"@id\":\"https:\/\/portaltela.pt\/noticias\/2026\/02\/28\/governo-propoe-cartaxo-alves-para-chefe-do-estado-maior-das-forcas-armadas-2\/#article\",\"isPartOf\":{\"@id\":\"https:\/\/portaltela.pt\/noticias\/2026\/02\/28\/governo-propoe-cartaxo-alves-para-chefe-do-estado-maior-das-forcas-armadas-2\/\"},\"author\":{\"name\":\"Telinha\",\"@id\":\"https:\/\/portaltela.pt\/#\/schema\/person\/c4278d4a6028830caff9ee44b42d32ed\"},\"headline\":\"Governo prop\u00f5e Cartaxo Alves para Chefe do Estado-Maior das For\u00e7as Armadas\",\"datePublished\":\"2026-02-28T14:24:00+00:00\",\"mainEntityOfPage\":{\"@id\":\"https:\/\/portaltela.pt\/noticias\/2026\/02\/28\/governo-propoe-cartaxo-alves-para-chefe-do-estado-maior-das-forcas-armadas-2\/\"},\"wordCount\":327,\"image\":{\"@id\":\"https:\/\/portaltela.pt\/noticias\/2026\/02\/28\/governo-propoe-cartaxo-alves-para-chefe-do-estado-maior-das-forcas-armadas-2\/#primaryimage\"},\"thumbnailUrl\":\"https:\/\/portaltela.pt\/s.01k8rhncp4jt1\/2026\/02\/image-2096.jpg\",\"keywords\":[\"Braga\",\"Cartaxo\",\"For\u00e7a A\u00e9rea\",\"For\u00e7a A\u00e9rea Portuguesa\",\"For\u00e7as Armadas\",\"governo\"],\"articleSection\":[\"Not\u00edcias\"],\"inLanguage\":\"pt-PT\"},{\"@type\":\"WebPage\",\"@id\":\"https:\/\/portaltela.pt\/noticias\/2026\/02\/28\/governo-propoe-cartaxo-alves-para-chefe-do-estado-maior-das-forcas-armadas-2\/\",\"url\":\"https:\/\/portaltela.pt\/noticias\/2026\/02\/28\/governo-propoe-cartaxo-alves-para-chefe-do-estado-maior-das-forcas-armadas-2\/\",\"name\":\"Governo prop\u00f5e Cartaxo Alves para Chefe do Estado-Maior das For\u00e7as Armadas - Portal Tela Portugal\",\"isPartOf\":{\"@id\":\"https:\/\/portaltela.pt\/#website\"},\"primaryImageOfPage\":{\"@id\":\"https:\/\/portaltela.pt\/noticias\/2026\/02\/28\/governo-propoe-cartaxo-alves-para-chefe-do-estado-maior-das-forcas-armadas-2\/#primaryimage\"},\"image\":{\"@id\":\"https:\/\/portaltela.pt\/noticias\/2026\/02\/28\/governo-propoe-cartaxo-alves-para-chefe-do-estado-maior-das-forcas-armadas-2\/#primaryimage\"},\"thumbnailUrl\":\"https:\/\/portaltela.pt\/s.01k8rhncp4jt1\/2026\/02\/image-2096.jpg\",\"datePublished\":\"2026-02-28T14:24:00+00:00\",\"author\":{\"@id\":\"https:\/\/portaltela.pt\/#\/schema\/person\/c4278d4a6028830caff9ee44b42d32ed\"},\"breadcrumb\":{\"@id\":\"https:\/\/portaltela.pt\/noticias\/2026\/02\/28\/governo-propoe-cartaxo-alves-para-chefe-do-estado-maior-das-forcas-armadas-2\/#breadcrumb\"},\"inLanguage\":\"pt-PT\",\"potentialAction\":[{\"@type\":\"ReadAction\",\"target\":[\"https:\/\/portaltela.pt\/noticias\/2026\/02\/28\/governo-propoe-cartaxo-alves-para-chefe-do-estado-maior-das-forcas-armadas-2\/\"]}]},{\"@type\":\"ImageObject\",\"inLanguage\":\"pt-PT\",\"@id\":\"https:\/\/portaltela.pt\/noticias\/2026\/02\/28\/governo-propoe-cartaxo-alves-para-chefe-do-estado-maior-das-forcas-armadas-2\/#primaryimage\",\"url\":\"https:\/\/portaltela.pt\/s.01k8rhncp4jt1\/2026\/02\/image-2096.jpg\",\"contentUrl\":\"https:\/\/portaltela.pt\/s.01k8rhncp4jt1\/2026\/02\/image-2096.jpg\",\"width\":796,\"height\":448,\"caption\":\"O general Cartaxo Alves \u00e9 o atual chefe de Estado Maior da For\u00e7a A\u00e9rea Portuguesa\"},{\"@type\":\"BreadcrumbList\",\"@id\":\"https:\/\/portaltela.pt\/noticias\/2026\/02\/28\/governo-propoe-cartaxo-alves-para-chefe-do-estado-maior-das-forcas-armadas-2\/#breadcrumb\",\"itemListElement\":[{\"@type\":\"ListItem\",\"position\":1,\"name\":\"In\u00edcio\",\"item\":\"https:\/\/portaltela.pt\/\"},{\"@type\":\"ListItem\",\"position\":2,\"name\":\"Governo prop\u00f5e Cartaxo Alves para Chefe do Estado-Maior das For\u00e7as Armadas\"}]},{\"@type\":\"WebSite\",\"@id\":\"https:\/\/portaltela.pt\/#website\",\"url\":\"https:\/\/portaltela.pt\/\",\"name\":\"Portal Tela Portugal\",\"description\":\"\",\"potentialAction\":[{\"@type\":\"SearchAction\",\"target\":{\"@type\":\"EntryPoint\",\"urlTemplate\":\"https:\/\/portaltela.pt\/?s={search_term_string}\"},\"query-input\":{\"@type\":\"PropertyValueSpecification\",\"valueRequired\":true,\"valueName\":\"search_term_string\"}}],\"inLanguage\":\"pt-PT\"},{\"@type\":\"Person\",\"@id\":\"https:\/\/portaltela.pt\/#\/schema\/person\/c4278d4a6028830caff9ee44b42d32ed\",\"name\":\"Telinha\",\"image\":{\"@type\":\"ImageObject\",\"inLanguage\":\"pt-PT\",\"@id\":\"https:\/\/portaltela.pt\/s.01k8rhncp4jt1\/2025\/11\/talking-bot-125x125.png\",\"url\":\"https:\/\/portaltela.pt\/s.01k8rhncp4jt1\/2025\/11\/talking-bot-125x125.png\",\"contentUrl\":\"https:\/\/portaltela.pt\/s.01k8rhncp4jt1\/2025\/11\/talking-bot-125x125.png\",\"caption\":\"Telinha\"},\"sameAs\":[\"https:\/\/portaltela.pt\/\"],\"url\":\"https:\/\/portaltela.pt\/por\/367410592786\/\"}]}<\/script>\n<!-- \/ Yoast SEO plugin. -->","yoast_head_json":{"title":"Governo prop\u00f5e Cartaxo Alves para Chefe do Estado-Maior das For\u00e7as Armadas - Portal Tela Portugal","robots":{"index":"index","follow":"follow","max-snippet":"max-snippet:-1","max-image-preview":"max-image-preview:large","max-video-preview":"max-video-preview:-1"},"og_locale":"pt_PT","og_type":"article","og_title":"Governo prop\u00f5e Cartaxo Alves para Chefe do Estado-Maior das For\u00e7as Armadas - Portal Tela Portugal","og_description":"O Governo prop\u00f4s ao presidente da Rep\u00fablica a nomea\u00e7\u00e3o do general Jo\u00e3o Guilherme Rosado Cartaxo Alves para Chefe do Estado-Maior-General das For\u00e7as Armadas, mantendo a rotatividade entre os tr\u00eas ramos. Ao final da manh\u00e3, em Braga, ocorreu a despedida do atual Chefe do Estado-Maio General das For\u00e7as Armadas, o general Jos\u00e9 Nunes da Fonseca. Em Conselho de Ministros, foram propostas as chefias: Cartaxo Alves para as For\u00e7as Armadas, o tenente-general S\u00e9rgio Roberto Leite da Costa Pereira para Chefe da For\u00e7a A\u00e9rea e Mendes Ferr\u00e3o para renovar no Ex\u00e9rcito; a Marinha mant\u00e9m o Almirante Nobre de Sousa a meio do mandato. A nomea\u00e7\u00e3o anunciada deve ter efeito a partir do pr\u00f3ximo domingo. A cerim\u00f3nia de homenagem em Braga incluiu desfiles e sobrevoos de F-16, com mais de setecentos militares na Avenida Central; participou o Presidente da Rep\u00fablica, Marcelo Rebelo de Sousa, e houve discurso do chefe do Estado-Maior e do Presidente.","og_url":"https:\/\/portaltela.pt\/noticias\/2026\/02\/28\/governo-propoe-cartaxo-alves-para-chefe-do-estado-maior-das-forcas-armadas-2\/","og_site_name":"Portal Tela Portugal","article_published_time":"2026-02-28T14:24:00+00:00","author":"Telinha","twitter_card":"summary_large_image","twitter_misc":{"Escrito por":"Telinha","Tempo estimado de leitura":"2 minutos"},"schema":{"@context":"https:\/\/schema.org","@graph":[{"@type":"Article","@id":"https:\/\/portaltela.pt\/noticias\/2026\/02\/28\/governo-propoe-cartaxo-alves-para-chefe-do-estado-maior-das-forcas-armadas-2\/#article","isPartOf":{"@id":"https:\/\/portaltela.pt\/noticias\/2026\/02\/28\/governo-propoe-cartaxo-alves-para-chefe-do-estado-maior-das-forcas-armadas-2\/"},"author":{"name":"Telinha","@id":"https:\/\/portaltela.pt\/#\/schema\/person\/c4278d4a6028830caff9ee44b42d32ed"},"headline":"Governo prop\u00f5e Cartaxo Alves para Chefe do Estado-Maior das For\u00e7as Armadas","datePublished":"2026-02-28T14:24:00+00:00","mainEntityOfPage":{"@id":"https:\/\/portaltela.pt\/noticias\/2026\/02\/28\/governo-propoe-cartaxo-alves-para-chefe-do-estado-maior-das-forcas-armadas-2\/"},"wordCount":327,"image":{"@id":"https:\/\/portaltela.pt\/noticias\/2026\/02\/28\/governo-propoe-cartaxo-alves-para-chefe-do-estado-maior-das-forcas-armadas-2\/#primaryimage"},"thumbnailUrl":"https:\/\/portaltela.pt\/s.01k8rhncp4jt1\/2026\/02\/image-2096.jpg","keywords":["Braga","Cartaxo","For\u00e7a A\u00e9rea","For\u00e7a A\u00e9rea Portuguesa","For\u00e7as Armadas","governo"],"articleSection":["Not\u00edcias"],"inLanguage":"pt-PT"},{"@type":"WebPage","@id":"https:\/\/portaltela.pt\/noticias\/2026\/02\/28\/governo-propoe-cartaxo-alves-para-chefe-do-estado-maior-das-forcas-armadas-2\/","url":"https:\/\/portaltela.pt\/noticias\/2026\/02\/28\/governo-propoe-cartaxo-alves-para-chefe-do-estado-maior-das-forcas-armadas-2\/","name":"Governo prop\u00f5e Cartaxo Alves para Chefe do Estado-Maior das For\u00e7as Armadas - Portal Tela Portugal","isPartOf":{"@id":"https:\/\/portaltela.pt\/#website"},"primaryImageOfPage":{"@id":"https:\/\/portaltela.pt\/noticias\/2026\/02\/28\/governo-propoe-cartaxo-alves-para-chefe-do-estado-maior-das-forcas-armadas-2\/#primaryimage"},"image":{"@id":"https:\/\/portaltela.pt\/noticias\/2026\/02\/28\/governo-propoe-cartaxo-alves-para-chefe-do-estado-maior-das-forcas-armadas-2\/#primaryimage"},"thumbnailUrl":"https:\/\/portaltela.pt\/s.01k8rhncp4jt1\/2026\/02\/image-2096.jpg","datePublished":"2026-02-28T14:24:00+00:00","author":{"@id":"https:\/\/portaltela.pt\/#\/schema\/person\/c4278d4a6028830caff9ee44b42d32ed"},"breadcrumb":{"@id":"https:\/\/portaltela.pt\/noticias\/2026\/02\/28\/governo-propoe-cartaxo-alves-para-chefe-do-estado-maior-das-forcas-armadas-2\/#breadcrumb"},"inLanguage":"pt-PT","potentialAction":[{"@type":"ReadAction","target":["https:\/\/portaltela.pt\/noticias\/2026\/02\/28\/governo-propoe-cartaxo-alves-para-chefe-do-estado-maior-das-forcas-armadas-2\/"]}]},{"@type":"ImageObject","inLanguage":"pt-PT","@id":"https:\/\/portaltela.pt\/noticias\/2026\/02\/28\/governo-propoe-cartaxo-alves-para-chefe-do-estado-maior-das-forcas-armadas-2\/#primaryimage","url":"https:\/\/portaltela.pt\/s.01k8rhncp4jt1\/2026\/02\/image-2096.jpg","contentUrl":"https:\/\/portaltela.pt\/s.01k8rhncp4jt1\/2026\/02\/image-2096.jpg","width":796,"height":448,"caption":"O general Cartaxo Alves \u00e9 o atual chefe de Estado Maior da For\u00e7a A\u00e9rea Portuguesa"},{"@type":"BreadcrumbList","@id":"https:\/\/portaltela.pt\/noticias\/2026\/02\/28\/governo-propoe-cartaxo-alves-para-chefe-do-estado-maior-das-forcas-armadas-2\/#breadcrumb","itemListElement":[{"@type":"ListItem","position":1,"name":"In\u00edcio","item":"https:\/\/portaltela.pt\/"},{"@type":"ListItem","position":2,"name":"Governo prop\u00f5e Cartaxo Alves para Chefe do Estado-Maior das For\u00e7as Armadas"}]},{"@type":"WebSite","@id":"https:\/\/portaltela.pt\/#website","url":"https:\/\/portaltela.pt\/","name":"Portal Tela Portugal","description":"","potentialAction":[{"@type":"SearchAction","target":{"@type":"EntryPoint","urlTemplate":"https:\/\/portaltela.pt\/?s={search_term_string}"},"query-input":{"@type":"PropertyValueSpecification","valueRequired":true,"valueName":"search_term_string"}}],"inLanguage":"pt-PT"},{"@type":"Person","@id":"https:\/\/portaltela.pt\/#\/schema\/person\/c4278d4a6028830caff9ee44b42d32ed","name":"Telinha","image":{"@type":"ImageObject","inLanguage":"pt-PT","@id":"https:\/\/portaltela.pt\/s.01k8rhncp4jt1\/2025\/11\/talking-bot-125x125.png","url":"https:\/\/portaltela.pt\/s.01k8rhncp4jt1\/2025\/11\/talking-bot-125x125.png","contentUrl":"https:\/\/portaltela.pt\/s.01k8rhncp4jt1\/2025\/11\/talking-bot-125x125.png","caption":"Telinha"},"sameAs":["https:\/\/portaltela.pt\/"],"url":"https:\/\/portaltela.pt\/por\/367410592786\/"}]}},"_links":{"self":[{"href":"https:\/\/portaltela.pt\/api\/wp\/v2\/posts\/392213","targetHints":{"allow":["GET"]}}],"collection":[{"href":"https:\/\/portaltela.pt\/api\/wp\/v2\/posts"}],"about":[{"href":"https:\/\/portaltela.pt\/api\/wp\/v2\/types\/post"}],"author":[{"embeddable":true,"href":"https:\/\/portaltela.pt\/api\/wp\/v2\/users\/2"}],"replies":[{"embeddable":true,"href":"https:\/\/portaltela.pt\/api\/wp\/v2\/comments?post=392213"}],"version-history":[{"count":0,"href":"https:\/\/portaltela.pt\/api\/wp\/v2\/posts\/392213\/revisions"}],"wp:featuredmedia":[{"embeddable":true,"href":"https:\/\/portaltela.pt\/api\/wp\/v2\/media\/392222"}],"wp:attachment":[{"href":"https:\/\/portaltela.pt\/api\/wp\/v2\/media?parent=392213"}],"wp:term":[{"taxonomy":"category","embeddable":true,"href":"https:\/\/portaltela.pt\/api\/wp\/v2\/categories?post=392213"},{"taxonomy":"post_tag","embeddable":true,"href":"https:\/\/portaltela.pt\/api\/wp\/v2\/tags?post=392213"}],"curies":[{"name":"wp","href":"https:\/\/api.w.org\/{rel}","templated":true}]}}