{"id":392195,"date":"2026-02-28T11:01:14","date_gmt":"2026-02-28T14:01:14","guid":{"rendered":"https:\/\/portaltela.pt\/noticias\/2026\/02\/28\/camara-de-coimbra-quer-permitir-que-a-academica-use-estadio-para-concertos\/"},"modified":"2026-02-28T11:01:14","modified_gmt":"2026-02-28T14:01:14","slug":"camara-de-coimbra-quer-permitir-que-a-academica-use-estadio-para-concertos","status":"publish","type":"post","link":"https:\/\/portaltela.pt\/desporto\/futebol\/2026\/02\/28\/camara-de-coimbra-quer-permitir-que-a-academica-use-estadio-para-concertos\/","title":{"rendered":"C\u00e2mara de Coimbra quer permitir que a Acad\u00e9mica use est\u00e1dio para concertos"},"content":{"rendered":"<p>A C\u00e2mara de Coimbra quer alterar a gest\u00e3o do Est\u00e1dio Cidade de Coimbra para permitir que a Associa\u00e7\u00e3o Acad\u00e9mica de Coimbra &#8211; OAF utilize o espa\u00e7o para concertos, mantendo, ao mesmo tempo, a possibilidade de ceder o recinto a outros clubes do concelho. A revis\u00e3o do contrato-programa de desenvolvimento desportivo j\u00e1 est\u00e1 prevista para ser discutida pela execu\u00e7\u00e3o municipal.<\/p>\n<p>O documento, ao qual a Lusa teve acesso, aponta que o acordo vigente permite \u00e0 AAC\/OAF realizar eventos culturais desde que notifique a autarquia com pelo menos 60 dias de anteced\u00eancia. A nova proposta mant\u00e9m responsabilidades pela repara\u00e7\u00e3o de danos causados pelos espet\u00e1culos.<\/p>\n<p>Apesar de o documento n\u00e3o obrigar a AAC\/OAF a ceder o est\u00e1dio a outros clubes, a C\u00e2mara reitera que o munic\u00edpio conserva o direito de usar ou ceder o Est\u00e1dio a terceiros. O objetivo \u00e9 manter o est\u00e1dio dispon\u00edvel para v\u00e1rias institui\u00e7\u00f5es desportivas.<\/p>\n<p>A revis\u00e3o retira uma cl\u00e1usula que determinava a ced\u00eancia gratuita a outros clubes, mediante datas n\u00e3o coincidentes com jogos oficiais da Briosa, com responsabilidade de bilheteira e custos dos eventos desportivos a cargo desses clubes.<\/p>\n<p>Segundo a consulta da Lusa, o novo texto elimina ainda a comiss\u00e3o de acompanhamento, criada para assegurar o cumprimento do acordo e a gest\u00e3o de verbas para manuten\u00e7\u00e3o, forma\u00e7\u00e3o e futebol feminino da AAC\/OAF.<\/p>\n<p>Antes, as receitas de aluguer de espa\u00e7os comerciais destinavam-se exclusivamente \u00e0 manuten\u00e7\u00e3o, com o remanescente a apoiar o programa desportivo ligado \u00e0 forma\u00e7\u00e3o de base. Agora, as receitas s\u00e3o tratadas como contrapartidas pelas obriga\u00e7\u00f5es assumidas, sem hierarquizar destinos.<\/p>\n<p>A C\u00e2mara de Coimbra afirma que o novo acordo proporciona \u201cestabilidade e equil\u00edbrio\u201d na gest\u00e3o do equipamento municipal, com vig\u00eancia prevista de quatro anos. A autarquia acrescenta que pretende garantir previsibilidade na gest\u00e3o do est\u00e1dio.<\/p>\n<p>A AAC\/OAF tem uma rela\u00e7\u00e3o antiga com o est\u00e1dio, que foi constru\u00eddo para o Euro 2004. Em 2022\/2023, a Acad\u00e9mica recebeu 356 mil euros de receitas de rendas dos espa\u00e7os do recinto, cujo custo de constru\u00e7\u00e3o rondou os 50 milh\u00f5es de euros ao munic\u00edpio.<\/p>\n<p>A mudan\u00e7a em an\u00e1lise surge depois de a AAC\/OAF ter recebido 300 mil euros da promotora de um concerto do Coldplay realizado no est\u00e1dio, sob condi\u00e7\u00f5es do acordo vigente, vigente desde a inaugura\u00e7\u00e3o do equipamento.<\/p>\n","protected":false},"excerpt":{"rendered":"<ul>\n<li>A C\u00e2mara de Coimbra pretende rever o contrato com a AAC\/OAF para permitir \u00e0 Acad\u00e9mica usar o Est\u00e1dio Cidade de Coimbra para concertos, mantendo a possibilidade de ced\u00eancia a outros clubes do concelho.<\/li>\n<li>O novo acordo, que ser\u00e1 discutido na reuni\u00e3o do executivo, prev\u00ea um aviso pr\u00e9vio m\u00ednimo de 60 dias e obriga a repor danos provocados pelos eventos.<\/li>\n<li>O munic\u00edpio conserva o direito de usar ou ceder o est\u00e1dio a terceiros, mas deixou de haver a obriga\u00e7\u00e3o de a AAC\/OAF ceder gratuitamente o espa\u00e7o a outros clubes.<\/li>\n<li>A nova vers\u00e3o retira a comiss\u00e3o de acompanhamento e reorganiza as receitas: estas destinam-se \u00e0 manuten\u00e7\u00e3o e ao programa de forma\u00e7\u00e3o desportiva, sem hierarquizar as rubricas.<\/li>\n<li>O contrato ter\u00e1 vig\u00eancia de quatro anos; a C\u00e2mara j\u00e1 pagou 300 mil euros \u00e0 promotora do concerto dos Coldplay, segundo o regime anterior.<\/li>\n<\/ul>\n","protected":false},"author":2,"featured_media":392202,"comment_status":"closed","ping_status":"closed","sticky":false,"template":"","format":"standard","meta":{"footnotes":""},"categories":[21,24],"tags":[3193,703,1070,4892,152,32],"class_list":["post-392195","post","type-post","status-publish","format-standard","has-post-thumbnail","hentry","category-desporto","category-futebol","tag-academica","tag-camara","tag-coimbra","tag-conciertos","tag-desporto","tag-futebol"],"yoast_head":"<!-- This site is optimized with the Yoast SEO plugin v27.2 - https:\/\/yoast.com\/product\/yoast-seo-wordpress\/ -->\n<title>C\u00e2mara de Coimbra quer permitir que a Acad\u00e9mica use est\u00e1dio para concertos - Portal Tela Portugal<\/title>\n<meta name=\"robots\" content=\"index, follow, max-snippet:-1, max-image-preview:large, max-video-preview:-1\" \/>\n<meta property=\"og:locale\" content=\"pt_PT\" \/>\n<meta property=\"og:type\" content=\"article\" \/>\n<meta property=\"og:title\" content=\"C\u00e2mara de Coimbra quer permitir que a Acad\u00e9mica use est\u00e1dio para concertos - Portal Tela Portugal\" \/>\n<meta property=\"og:description\" content=\"A C\u00e2mara de Coimbra pretende rever o contrato com a AAC\/OAF para permitir \u00e0 Acad\u00e9mica usar o Est\u00e1dio Cidade de Coimbra para concertos, mantendo a possibilidade de ced\u00eancia a outros clubes do concelho. O novo acordo, que ser\u00e1 discutido na reuni\u00e3o do executivo, prev\u00ea um aviso pr\u00e9vio m\u00ednimo de 60 dias e obriga a repor danos provocados pelos eventos. O munic\u00edpio conserva o direito de usar ou ceder o est\u00e1dio a terceiros, mas deixou de haver a obriga\u00e7\u00e3o de a AAC\/OAF ceder gratuitamente o espa\u00e7o a outros clubes. A nova vers\u00e3o retira a comiss\u00e3o de acompanhamento e reorganiza as receitas: estas destinam-se \u00e0 manuten\u00e7\u00e3o e ao programa de forma\u00e7\u00e3o desportiva, sem hierarquizar as rubricas. O contrato ter\u00e1 vig\u00eancia de quatro anos; a C\u00e2mara j\u00e1 pagou 300 mil euros \u00e0 promotora do concerto dos Coldplay, segundo o regime anterior.\" \/>\n<meta property=\"og:url\" content=\"https:\/\/portaltela.pt\/noticias\/2026\/02\/28\/camara-de-coimbra-quer-permitir-que-a-academica-use-estadio-para-concertos\/\" \/>\n<meta property=\"og:site_name\" content=\"Portal Tela Portugal\" \/>\n<meta property=\"article:published_time\" content=\"2026-02-28T14:01:14+00:00\" \/>\n<meta name=\"author\" content=\"Telinha\" \/>\n<meta name=\"twitter:card\" content=\"summary_large_image\" \/>\n<meta name=\"twitter:label1\" content=\"Escrito por\" \/>\n\t<meta name=\"twitter:data1\" content=\"Telinha\" \/>\n\t<meta name=\"twitter:label2\" content=\"Tempo estimado de leitura\" \/>\n\t<meta name=\"twitter:data2\" content=\"2 minutos\" \/>\n<script type=\"application\/ld+json\" class=\"yoast-schema-graph\">{\"@context\":\"https:\/\/schema.org\",\"@graph\":[{\"@type\":\"Article\",\"@id\":\"https:\/\/portaltela.pt\/noticias\/2026\/02\/28\/camara-de-coimbra-quer-permitir-que-a-academica-use-estadio-para-concertos\/#article\",\"isPartOf\":{\"@id\":\"https:\/\/portaltela.pt\/noticias\/2026\/02\/28\/camara-de-coimbra-quer-permitir-que-a-academica-use-estadio-para-concertos\/\"},\"author\":{\"name\":\"Telinha\",\"@id\":\"https:\/\/portaltela.pt\/#\/schema\/person\/c4278d4a6028830caff9ee44b42d32ed\"},\"headline\":\"C\u00e2mara de Coimbra quer permitir que a Acad\u00e9mica use est\u00e1dio para concertos\",\"datePublished\":\"2026-02-28T14:01:14+00:00\",\"mainEntityOfPage\":{\"@id\":\"https:\/\/portaltela.pt\/noticias\/2026\/02\/28\/camara-de-coimbra-quer-permitir-que-a-academica-use-estadio-para-concertos\/\"},\"wordCount\":429,\"image\":{\"@id\":\"https:\/\/portaltela.pt\/noticias\/2026\/02\/28\/camara-de-coimbra-quer-permitir-que-a-academica-use-estadio-para-concertos\/#primaryimage\"},\"thumbnailUrl\":\"https:\/\/portaltela.pt\/s.01k8rhncp4jt1\/2026\/02\/img_920x518uu2025-07-18-13-20-53-2377566.jpg\",\"keywords\":[\"Acad\u00e9mica\",\"c\u00e2mara\",\"Coimbra\",\"conciertos\",\"desporto\",\"futebol\"],\"articleSection\":[\"Desporto\",\"Futebol\"],\"inLanguage\":\"pt-PT\"},{\"@type\":\"WebPage\",\"@id\":\"https:\/\/portaltela.pt\/noticias\/2026\/02\/28\/camara-de-coimbra-quer-permitir-que-a-academica-use-estadio-para-concertos\/\",\"url\":\"https:\/\/portaltela.pt\/noticias\/2026\/02\/28\/camara-de-coimbra-quer-permitir-que-a-academica-use-estadio-para-concertos\/\",\"name\":\"C\u00e2mara de Coimbra quer permitir que a Acad\u00e9mica use est\u00e1dio para concertos - Portal Tela Portugal\",\"isPartOf\":{\"@id\":\"https:\/\/portaltela.pt\/#website\"},\"primaryImageOfPage\":{\"@id\":\"https:\/\/portaltela.pt\/noticias\/2026\/02\/28\/camara-de-coimbra-quer-permitir-que-a-academica-use-estadio-para-concertos\/#primaryimage\"},\"image\":{\"@id\":\"https:\/\/portaltela.pt\/noticias\/2026\/02\/28\/camara-de-coimbra-quer-permitir-que-a-academica-use-estadio-para-concertos\/#primaryimage\"},\"thumbnailUrl\":\"https:\/\/portaltela.pt\/s.01k8rhncp4jt1\/2026\/02\/img_920x518uu2025-07-18-13-20-53-2377566.jpg\",\"datePublished\":\"2026-02-28T14:01:14+00:00\",\"author\":{\"@id\":\"https:\/\/portaltela.pt\/#\/schema\/person\/c4278d4a6028830caff9ee44b42d32ed\"},\"breadcrumb\":{\"@id\":\"https:\/\/portaltela.pt\/noticias\/2026\/02\/28\/camara-de-coimbra-quer-permitir-que-a-academica-use-estadio-para-concertos\/#breadcrumb\"},\"inLanguage\":\"pt-PT\",\"potentialAction\":[{\"@type\":\"ReadAction\",\"target\":[\"https:\/\/portaltela.pt\/noticias\/2026\/02\/28\/camara-de-coimbra-quer-permitir-que-a-academica-use-estadio-para-concertos\/\"]}]},{\"@type\":\"ImageObject\",\"inLanguage\":\"pt-PT\",\"@id\":\"https:\/\/portaltela.pt\/noticias\/2026\/02\/28\/camara-de-coimbra-quer-permitir-que-a-academica-use-estadio-para-concertos\/#primaryimage\",\"url\":\"https:\/\/portaltela.pt\/s.01k8rhncp4jt1\/2026\/02\/img_920x518uu2025-07-18-13-20-53-2377566.jpg\",\"contentUrl\":\"https:\/\/portaltela.pt\/s.01k8rhncp4jt1\/2026\/02\/img_920x518uu2025-07-18-13-20-53-2377566.jpg\",\"width\":796,\"height\":448,\"caption\":\"Banda brit\u00e2nica Coldplay em concerto no Est\u00e1dio Cidade de Coimbra\"},{\"@type\":\"BreadcrumbList\",\"@id\":\"https:\/\/portaltela.pt\/noticias\/2026\/02\/28\/camara-de-coimbra-quer-permitir-que-a-academica-use-estadio-para-concertos\/#breadcrumb\",\"itemListElement\":[{\"@type\":\"ListItem\",\"position\":1,\"name\":\"In\u00edcio\",\"item\":\"https:\/\/portaltela.pt\/\"},{\"@type\":\"ListItem\",\"position\":2,\"name\":\"C\u00e2mara de Coimbra quer permitir que a Acad\u00e9mica use est\u00e1dio para concertos\"}]},{\"@type\":\"WebSite\",\"@id\":\"https:\/\/portaltela.pt\/#website\",\"url\":\"https:\/\/portaltela.pt\/\",\"name\":\"Portal Tela Portugal\",\"description\":\"\",\"potentialAction\":[{\"@type\":\"SearchAction\",\"target\":{\"@type\":\"EntryPoint\",\"urlTemplate\":\"https:\/\/portaltela.pt\/?s={search_term_string}\"},\"query-input\":{\"@type\":\"PropertyValueSpecification\",\"valueRequired\":true,\"valueName\":\"search_term_string\"}}],\"inLanguage\":\"pt-PT\"},{\"@type\":\"Person\",\"@id\":\"https:\/\/portaltela.pt\/#\/schema\/person\/c4278d4a6028830caff9ee44b42d32ed\",\"name\":\"Telinha\",\"image\":{\"@type\":\"ImageObject\",\"inLanguage\":\"pt-PT\",\"@id\":\"https:\/\/portaltela.pt\/s.01k8rhncp4jt1\/2025\/11\/talking-bot-125x125.png\",\"url\":\"https:\/\/portaltela.pt\/s.01k8rhncp4jt1\/2025\/11\/talking-bot-125x125.png\",\"contentUrl\":\"https:\/\/portaltela.pt\/s.01k8rhncp4jt1\/2025\/11\/talking-bot-125x125.png\",\"caption\":\"Telinha\"},\"sameAs\":[\"https:\/\/portaltela.pt\/\"],\"url\":\"https:\/\/portaltela.pt\/por\/367410592786\/\"}]}<\/script>\n<!-- \/ Yoast SEO plugin. -->","yoast_head_json":{"title":"C\u00e2mara de Coimbra quer permitir que a Acad\u00e9mica use est\u00e1dio para concertos - Portal Tela Portugal","robots":{"index":"index","follow":"follow","max-snippet":"max-snippet:-1","max-image-preview":"max-image-preview:large","max-video-preview":"max-video-preview:-1"},"og_locale":"pt_PT","og_type":"article","og_title":"C\u00e2mara de Coimbra quer permitir que a Acad\u00e9mica use est\u00e1dio para concertos - Portal Tela Portugal","og_description":"A C\u00e2mara de Coimbra pretende rever o contrato com a AAC\/OAF para permitir \u00e0 Acad\u00e9mica usar o Est\u00e1dio Cidade de Coimbra para concertos, mantendo a possibilidade de ced\u00eancia a outros clubes do concelho. O novo acordo, que ser\u00e1 discutido na reuni\u00e3o do executivo, prev\u00ea um aviso pr\u00e9vio m\u00ednimo de 60 dias e obriga a repor danos provocados pelos eventos. O munic\u00edpio conserva o direito de usar ou ceder o est\u00e1dio a terceiros, mas deixou de haver a obriga\u00e7\u00e3o de a AAC\/OAF ceder gratuitamente o espa\u00e7o a outros clubes. A nova vers\u00e3o retira a comiss\u00e3o de acompanhamento e reorganiza as receitas: estas destinam-se \u00e0 manuten\u00e7\u00e3o e ao programa de forma\u00e7\u00e3o desportiva, sem hierarquizar as rubricas. O contrato ter\u00e1 vig\u00eancia de quatro anos; a C\u00e2mara j\u00e1 pagou 300 mil euros \u00e0 promotora do concerto dos Coldplay, segundo o regime anterior.","og_url":"https:\/\/portaltela.pt\/noticias\/2026\/02\/28\/camara-de-coimbra-quer-permitir-que-a-academica-use-estadio-para-concertos\/","og_site_name":"Portal Tela Portugal","article_published_time":"2026-02-28T14:01:14+00:00","author":"Telinha","twitter_card":"summary_large_image","twitter_misc":{"Escrito por":"Telinha","Tempo estimado de leitura":"2 minutos"},"schema":{"@context":"https:\/\/schema.org","@graph":[{"@type":"Article","@id":"https:\/\/portaltela.pt\/noticias\/2026\/02\/28\/camara-de-coimbra-quer-permitir-que-a-academica-use-estadio-para-concertos\/#article","isPartOf":{"@id":"https:\/\/portaltela.pt\/noticias\/2026\/02\/28\/camara-de-coimbra-quer-permitir-que-a-academica-use-estadio-para-concertos\/"},"author":{"name":"Telinha","@id":"https:\/\/portaltela.pt\/#\/schema\/person\/c4278d4a6028830caff9ee44b42d32ed"},"headline":"C\u00e2mara de Coimbra quer permitir que a Acad\u00e9mica use est\u00e1dio para concertos","datePublished":"2026-02-28T14:01:14+00:00","mainEntityOfPage":{"@id":"https:\/\/portaltela.pt\/noticias\/2026\/02\/28\/camara-de-coimbra-quer-permitir-que-a-academica-use-estadio-para-concertos\/"},"wordCount":429,"image":{"@id":"https:\/\/portaltela.pt\/noticias\/2026\/02\/28\/camara-de-coimbra-quer-permitir-que-a-academica-use-estadio-para-concertos\/#primaryimage"},"thumbnailUrl":"https:\/\/portaltela.pt\/s.01k8rhncp4jt1\/2026\/02\/img_920x518uu2025-07-18-13-20-53-2377566.jpg","keywords":["Acad\u00e9mica","c\u00e2mara","Coimbra","conciertos","desporto","futebol"],"articleSection":["Desporto","Futebol"],"inLanguage":"pt-PT"},{"@type":"WebPage","@id":"https:\/\/portaltela.pt\/noticias\/2026\/02\/28\/camara-de-coimbra-quer-permitir-que-a-academica-use-estadio-para-concertos\/","url":"https:\/\/portaltela.pt\/noticias\/2026\/02\/28\/camara-de-coimbra-quer-permitir-que-a-academica-use-estadio-para-concertos\/","name":"C\u00e2mara de Coimbra quer permitir que a Acad\u00e9mica use est\u00e1dio para concertos - Portal Tela Portugal","isPartOf":{"@id":"https:\/\/portaltela.pt\/#website"},"primaryImageOfPage":{"@id":"https:\/\/portaltela.pt\/noticias\/2026\/02\/28\/camara-de-coimbra-quer-permitir-que-a-academica-use-estadio-para-concertos\/#primaryimage"},"image":{"@id":"https:\/\/portaltela.pt\/noticias\/2026\/02\/28\/camara-de-coimbra-quer-permitir-que-a-academica-use-estadio-para-concertos\/#primaryimage"},"thumbnailUrl":"https:\/\/portaltela.pt\/s.01k8rhncp4jt1\/2026\/02\/img_920x518uu2025-07-18-13-20-53-2377566.jpg","datePublished":"2026-02-28T14:01:14+00:00","author":{"@id":"https:\/\/portaltela.pt\/#\/schema\/person\/c4278d4a6028830caff9ee44b42d32ed"},"breadcrumb":{"@id":"https:\/\/portaltela.pt\/noticias\/2026\/02\/28\/camara-de-coimbra-quer-permitir-que-a-academica-use-estadio-para-concertos\/#breadcrumb"},"inLanguage":"pt-PT","potentialAction":[{"@type":"ReadAction","target":["https:\/\/portaltela.pt\/noticias\/2026\/02\/28\/camara-de-coimbra-quer-permitir-que-a-academica-use-estadio-para-concertos\/"]}]},{"@type":"ImageObject","inLanguage":"pt-PT","@id":"https:\/\/portaltela.pt\/noticias\/2026\/02\/28\/camara-de-coimbra-quer-permitir-que-a-academica-use-estadio-para-concertos\/#primaryimage","url":"https:\/\/portaltela.pt\/s.01k8rhncp4jt1\/2026\/02\/img_920x518uu2025-07-18-13-20-53-2377566.jpg","contentUrl":"https:\/\/portaltela.pt\/s.01k8rhncp4jt1\/2026\/02\/img_920x518uu2025-07-18-13-20-53-2377566.jpg","width":796,"height":448,"caption":"Banda brit\u00e2nica Coldplay em concerto no Est\u00e1dio Cidade de Coimbra"},{"@type":"BreadcrumbList","@id":"https:\/\/portaltela.pt\/noticias\/2026\/02\/28\/camara-de-coimbra-quer-permitir-que-a-academica-use-estadio-para-concertos\/#breadcrumb","itemListElement":[{"@type":"ListItem","position":1,"name":"In\u00edcio","item":"https:\/\/portaltela.pt\/"},{"@type":"ListItem","position":2,"name":"C\u00e2mara de Coimbra quer permitir que a Acad\u00e9mica use est\u00e1dio para concertos"}]},{"@type":"WebSite","@id":"https:\/\/portaltela.pt\/#website","url":"https:\/\/portaltela.pt\/","name":"Portal Tela Portugal","description":"","potentialAction":[{"@type":"SearchAction","target":{"@type":"EntryPoint","urlTemplate":"https:\/\/portaltela.pt\/?s={search_term_string}"},"query-input":{"@type":"PropertyValueSpecification","valueRequired":true,"valueName":"search_term_string"}}],"inLanguage":"pt-PT"},{"@type":"Person","@id":"https:\/\/portaltela.pt\/#\/schema\/person\/c4278d4a6028830caff9ee44b42d32ed","name":"Telinha","image":{"@type":"ImageObject","inLanguage":"pt-PT","@id":"https:\/\/portaltela.pt\/s.01k8rhncp4jt1\/2025\/11\/talking-bot-125x125.png","url":"https:\/\/portaltela.pt\/s.01k8rhncp4jt1\/2025\/11\/talking-bot-125x125.png","contentUrl":"https:\/\/portaltela.pt\/s.01k8rhncp4jt1\/2025\/11\/talking-bot-125x125.png","caption":"Telinha"},"sameAs":["https:\/\/portaltela.pt\/"],"url":"https:\/\/portaltela.pt\/por\/367410592786\/"}]}},"_links":{"self":[{"href":"https:\/\/portaltela.pt\/api\/wp\/v2\/posts\/392195","targetHints":{"allow":["GET"]}}],"collection":[{"href":"https:\/\/portaltela.pt\/api\/wp\/v2\/posts"}],"about":[{"href":"https:\/\/portaltela.pt\/api\/wp\/v2\/types\/post"}],"author":[{"embeddable":true,"href":"https:\/\/portaltela.pt\/api\/wp\/v2\/users\/2"}],"replies":[{"embeddable":true,"href":"https:\/\/portaltela.pt\/api\/wp\/v2\/comments?post=392195"}],"version-history":[{"count":0,"href":"https:\/\/portaltela.pt\/api\/wp\/v2\/posts\/392195\/revisions"}],"wp:featuredmedia":[{"embeddable":true,"href":"https:\/\/portaltela.pt\/api\/wp\/v2\/media\/392202"}],"wp:attachment":[{"href":"https:\/\/portaltela.pt\/api\/wp\/v2\/media?parent=392195"}],"wp:term":[{"taxonomy":"category","embeddable":true,"href":"https:\/\/portaltela.pt\/api\/wp\/v2\/categories?post=392195"},{"taxonomy":"post_tag","embeddable":true,"href":"https:\/\/portaltela.pt\/api\/wp\/v2\/tags?post=392195"}],"curies":[{"name":"wp","href":"https:\/\/api.w.org\/{rel}","templated":true}]}}