{"id":392176,"date":"2026-02-28T10:54:09","date_gmt":"2026-02-28T13:54:09","guid":{"rendered":"https:\/\/portaltela.pt\/noticias\/2026\/02\/28\/nelson-oliveira-cai-num-treino-fratura-a-clavicula-direita-e-e-operado\/"},"modified":"2026-02-28T10:54:09","modified_gmt":"2026-02-28T13:54:09","slug":"nelson-oliveira-cai-num-treino-fratura-a-clavicula-direita-e-e-operado","status":"publish","type":"post","link":"https:\/\/portaltela.pt\/desporto\/2026\/02\/28\/nelson-oliveira-cai-num-treino-fratura-a-clavicula-direita-e-e-operado\/","title":{"rendered":"Nelson Oliveira cai num treino, fratura a clav\u00edcula direita e \u00e9 operado"},"content":{"rendered":"<p>Nelson Oliveira sofreu uma queda durante um treino na sexta-feira, provocando uma fratura na clav\u00edcula direita. O incidente obrigou o ciclista a ser operado no s\u00e1bado, em Pamplona, numa interven\u00e7\u00e3o conduzida pelo Dr. Alfaro.<\/p>\n<p>A Movistar confirmou que a cirurgia correu sem complica\u00e7\u00f5es e teve resultado satisfat\u00f3rio. O corredor de 36 anos, natural de Vilarinho do Bairro (Anadia), fica sem indica\u00e7\u00e3o de tempo de paragem.<\/p>\n<p>O clube espanhol n\u00e3o forneceu um prazo exato de recupera\u00e7\u00e3o, mas aponta que a recupera\u00e7\u00e3o t\u00edpica ronda entre quatro e seis semanas. Assim, Oliveira dever\u00e1 falhar as provas Paris-Nice e Volta ao Pa\u00eds Basco, inclu\u00eddas no seu calend\u00e1rio.<\/p>\n<h3>Impacto no calend\u00e1rio<\/h3>\n<p>Para j\u00e1, o portugu\u00eas n\u00e3o poder\u00e1 competir em Paris-Nice (8-15 de mar\u00e7o) nem na Volta ao Pa\u00eds Basco (6-11 de abril). Mant\u00e9m, no entanto, planos para a 23.\u00aa participa\u00e7\u00e3o numa grande Volta entre 8 e 31 de maio, com regresso \u00e0 Volta a It\u00e1lia ap\u00f3s quatro anos de aus\u00eancia.<\/p>\n","protected":false},"excerpt":{"rendered":"<ul>\n<li>Nelson Oliveira sofreu uma queda num treino na sexta-feira, partindo a clav\u00edcula direita.<\/li>\n<li>Foi operado hoje em Pamplona pelo Dr. Alfaro, com resultado satisfat\u00f3rio e sem complica\u00e7\u00f5es.<\/li>\n<li>A Movistar n\u00e3o divulgou o tempo de paragem previsto, desejando uma recupera\u00e7\u00e3o r\u00e1pida.<\/li>\n<li>Dever\u00e1 estar afastado entre quatro a seis semanas, ficando de fora do Paris\u2011Nice e da Volta ao Pa\u00eds Basco.<\/li>\n<li>O ciclista portugu\u00eas tem a previs\u00e3o de alinhar na sua 23.\u00aa grande volta entre 8 e 31 de maio, regressando \u00e0 Volta a It\u00e1lia ap\u00f3s quatro anos.<\/li>\n<\/ul>\n","protected":false},"author":2,"featured_media":392181,"comment_status":"closed","ping_status":"closed","sticky":false,"template":"","format":"standard","meta":{"footnotes":""},"categories":[21],"tags":[1504,923,72,5416,3163,1014],"class_list":["post-392176","post","type-post","status-publish","format-standard","has-post-thumbnail","hentry","category-desporto","tag-anadia","tag-ciclismo","tag-craques","tag-movistar","tag-paris","tag-portugal"],"yoast_head":"<!-- This site is optimized with the Yoast SEO plugin v27.2 - https:\/\/yoast.com\/product\/yoast-seo-wordpress\/ -->\n<title>Nelson Oliveira cai num treino, fratura a clav\u00edcula direita e \u00e9 operado - Portal Tela Portugal<\/title>\n<meta name=\"robots\" content=\"index, follow, max-snippet:-1, max-image-preview:large, max-video-preview:-1\" \/>\n<meta property=\"og:locale\" content=\"pt_PT\" \/>\n<meta property=\"og:type\" content=\"article\" \/>\n<meta property=\"og:title\" content=\"Nelson Oliveira cai num treino, fratura a clav\u00edcula direita e \u00e9 operado - Portal Tela Portugal\" \/>\n<meta property=\"og:description\" content=\"Nelson Oliveira sofreu uma queda num treino na sexta-feira, partindo a clav\u00edcula direita. Foi operado hoje em Pamplona pelo Dr. Alfaro, com resultado satisfat\u00f3rio e sem complica\u00e7\u00f5es. A Movistar n\u00e3o divulgou o tempo de paragem previsto, desejando uma recupera\u00e7\u00e3o r\u00e1pida. Dever\u00e1 estar afastado entre quatro a seis semanas, ficando de fora do Paris\u2011Nice e da Volta ao Pa\u00eds Basco. O ciclista portugu\u00eas tem a previs\u00e3o de alinhar na sua 23.\u00aa grande volta entre 8 e 31 de maio, regressando \u00e0 Volta a It\u00e1lia ap\u00f3s quatro anos.\" \/>\n<meta property=\"og:url\" content=\"https:\/\/portaltela.pt\/noticias\/2026\/02\/28\/nelson-oliveira-cai-num-treino-fratura-a-clavicula-direita-e-e-operado\/\" \/>\n<meta property=\"og:site_name\" content=\"Portal Tela Portugal\" \/>\n<meta property=\"article:published_time\" content=\"2026-02-28T13:54:09+00:00\" \/>\n<meta name=\"author\" content=\"Telinha\" \/>\n<meta name=\"twitter:card\" content=\"summary_large_image\" \/>\n<meta name=\"twitter:label1\" content=\"Escrito por\" \/>\n\t<meta name=\"twitter:data1\" content=\"Telinha\" \/>\n\t<meta name=\"twitter:label2\" content=\"Tempo estimado de leitura\" \/>\n\t<meta name=\"twitter:data2\" content=\"1 minuto\" \/>\n<script type=\"application\/ld+json\" class=\"yoast-schema-graph\">{\"@context\":\"https:\/\/schema.org\",\"@graph\":[{\"@type\":\"Article\",\"@id\":\"https:\/\/portaltela.pt\/noticias\/2026\/02\/28\/nelson-oliveira-cai-num-treino-fratura-a-clavicula-direita-e-e-operado\/#article\",\"isPartOf\":{\"@id\":\"https:\/\/portaltela.pt\/noticias\/2026\/02\/28\/nelson-oliveira-cai-num-treino-fratura-a-clavicula-direita-e-e-operado\/\"},\"author\":{\"name\":\"Telinha\",\"@id\":\"https:\/\/portaltela.pt\/#\/schema\/person\/c4278d4a6028830caff9ee44b42d32ed\"},\"headline\":\"Nelson Oliveira cai num treino, fratura a clav\u00edcula direita e \u00e9 operado\",\"datePublished\":\"2026-02-28T13:54:09+00:00\",\"mainEntityOfPage\":{\"@id\":\"https:\/\/portaltela.pt\/noticias\/2026\/02\/28\/nelson-oliveira-cai-num-treino-fratura-a-clavicula-direita-e-e-operado\/\"},\"wordCount\":185,\"image\":{\"@id\":\"https:\/\/portaltela.pt\/noticias\/2026\/02\/28\/nelson-oliveira-cai-num-treino-fratura-a-clavicula-direita-e-e-operado\/#primaryimage\"},\"thumbnailUrl\":\"https:\/\/portaltela.pt\/s.01k8rhncp4jt1\/2026\/02\/img_920x518uu2026-02-28-13-53-29-2424121.jpg\",\"keywords\":[\"Anadia\",\"ciclismo\",\"craques\",\"Movistar\",\"Paris\",\"Portugal\"],\"articleSection\":[\"Desporto\"],\"inLanguage\":\"pt-PT\"},{\"@type\":\"WebPage\",\"@id\":\"https:\/\/portaltela.pt\/noticias\/2026\/02\/28\/nelson-oliveira-cai-num-treino-fratura-a-clavicula-direita-e-e-operado\/\",\"url\":\"https:\/\/portaltela.pt\/noticias\/2026\/02\/28\/nelson-oliveira-cai-num-treino-fratura-a-clavicula-direita-e-e-operado\/\",\"name\":\"Nelson Oliveira cai num treino, fratura a clav\u00edcula direita e \u00e9 operado - Portal Tela Portugal\",\"isPartOf\":{\"@id\":\"https:\/\/portaltela.pt\/#website\"},\"primaryImageOfPage\":{\"@id\":\"https:\/\/portaltela.pt\/noticias\/2026\/02\/28\/nelson-oliveira-cai-num-treino-fratura-a-clavicula-direita-e-e-operado\/#primaryimage\"},\"image\":{\"@id\":\"https:\/\/portaltela.pt\/noticias\/2026\/02\/28\/nelson-oliveira-cai-num-treino-fratura-a-clavicula-direita-e-e-operado\/#primaryimage\"},\"thumbnailUrl\":\"https:\/\/portaltela.pt\/s.01k8rhncp4jt1\/2026\/02\/img_920x518uu2026-02-28-13-53-29-2424121.jpg\",\"datePublished\":\"2026-02-28T13:54:09+00:00\",\"author\":{\"@id\":\"https:\/\/portaltela.pt\/#\/schema\/person\/c4278d4a6028830caff9ee44b42d32ed\"},\"breadcrumb\":{\"@id\":\"https:\/\/portaltela.pt\/noticias\/2026\/02\/28\/nelson-oliveira-cai-num-treino-fratura-a-clavicula-direita-e-e-operado\/#breadcrumb\"},\"inLanguage\":\"pt-PT\",\"potentialAction\":[{\"@type\":\"ReadAction\",\"target\":[\"https:\/\/portaltela.pt\/noticias\/2026\/02\/28\/nelson-oliveira-cai-num-treino-fratura-a-clavicula-direita-e-e-operado\/\"]}]},{\"@type\":\"ImageObject\",\"inLanguage\":\"pt-PT\",\"@id\":\"https:\/\/portaltela.pt\/noticias\/2026\/02\/28\/nelson-oliveira-cai-num-treino-fratura-a-clavicula-direita-e-e-operado\/#primaryimage\",\"url\":\"https:\/\/portaltela.pt\/s.01k8rhncp4jt1\/2026\/02\/img_920x518uu2026-02-28-13-53-29-2424121.jpg\",\"contentUrl\":\"https:\/\/portaltela.pt\/s.01k8rhncp4jt1\/2026\/02\/img_920x518uu2026-02-28-13-53-29-2424121.jpg\",\"width\":796,\"height\":448,\"caption\":\"Nelson Oliveira\"},{\"@type\":\"BreadcrumbList\",\"@id\":\"https:\/\/portaltela.pt\/noticias\/2026\/02\/28\/nelson-oliveira-cai-num-treino-fratura-a-clavicula-direita-e-e-operado\/#breadcrumb\",\"itemListElement\":[{\"@type\":\"ListItem\",\"position\":1,\"name\":\"In\u00edcio\",\"item\":\"https:\/\/portaltela.pt\/\"},{\"@type\":\"ListItem\",\"position\":2,\"name\":\"Nelson Oliveira cai num treino, fratura a clav\u00edcula direita e \u00e9 operado\"}]},{\"@type\":\"WebSite\",\"@id\":\"https:\/\/portaltela.pt\/#website\",\"url\":\"https:\/\/portaltela.pt\/\",\"name\":\"Portal Tela Portugal\",\"description\":\"\",\"potentialAction\":[{\"@type\":\"SearchAction\",\"target\":{\"@type\":\"EntryPoint\",\"urlTemplate\":\"https:\/\/portaltela.pt\/?s={search_term_string}\"},\"query-input\":{\"@type\":\"PropertyValueSpecification\",\"valueRequired\":true,\"valueName\":\"search_term_string\"}}],\"inLanguage\":\"pt-PT\"},{\"@type\":\"Person\",\"@id\":\"https:\/\/portaltela.pt\/#\/schema\/person\/c4278d4a6028830caff9ee44b42d32ed\",\"name\":\"Telinha\",\"image\":{\"@type\":\"ImageObject\",\"inLanguage\":\"pt-PT\",\"@id\":\"https:\/\/portaltela.pt\/s.01k8rhncp4jt1\/2025\/11\/talking-bot-125x125.png\",\"url\":\"https:\/\/portaltela.pt\/s.01k8rhncp4jt1\/2025\/11\/talking-bot-125x125.png\",\"contentUrl\":\"https:\/\/portaltela.pt\/s.01k8rhncp4jt1\/2025\/11\/talking-bot-125x125.png\",\"caption\":\"Telinha\"},\"sameAs\":[\"https:\/\/portaltela.pt\/\"],\"url\":\"https:\/\/portaltela.pt\/por\/367410592786\/\"}]}<\/script>\n<!-- \/ Yoast SEO plugin. -->","yoast_head_json":{"title":"Nelson Oliveira cai num treino, fratura a clav\u00edcula direita e \u00e9 operado - Portal Tela Portugal","robots":{"index":"index","follow":"follow","max-snippet":"max-snippet:-1","max-image-preview":"max-image-preview:large","max-video-preview":"max-video-preview:-1"},"og_locale":"pt_PT","og_type":"article","og_title":"Nelson Oliveira cai num treino, fratura a clav\u00edcula direita e \u00e9 operado - Portal Tela Portugal","og_description":"Nelson Oliveira sofreu uma queda num treino na sexta-feira, partindo a clav\u00edcula direita. Foi operado hoje em Pamplona pelo Dr. Alfaro, com resultado satisfat\u00f3rio e sem complica\u00e7\u00f5es. A Movistar n\u00e3o divulgou o tempo de paragem previsto, desejando uma recupera\u00e7\u00e3o r\u00e1pida. Dever\u00e1 estar afastado entre quatro a seis semanas, ficando de fora do Paris\u2011Nice e da Volta ao Pa\u00eds Basco. O ciclista portugu\u00eas tem a previs\u00e3o de alinhar na sua 23.\u00aa grande volta entre 8 e 31 de maio, regressando \u00e0 Volta a It\u00e1lia ap\u00f3s quatro anos.","og_url":"https:\/\/portaltela.pt\/noticias\/2026\/02\/28\/nelson-oliveira-cai-num-treino-fratura-a-clavicula-direita-e-e-operado\/","og_site_name":"Portal Tela Portugal","article_published_time":"2026-02-28T13:54:09+00:00","author":"Telinha","twitter_card":"summary_large_image","twitter_misc":{"Escrito por":"Telinha","Tempo estimado de leitura":"1 minuto"},"schema":{"@context":"https:\/\/schema.org","@graph":[{"@type":"Article","@id":"https:\/\/portaltela.pt\/noticias\/2026\/02\/28\/nelson-oliveira-cai-num-treino-fratura-a-clavicula-direita-e-e-operado\/#article","isPartOf":{"@id":"https:\/\/portaltela.pt\/noticias\/2026\/02\/28\/nelson-oliveira-cai-num-treino-fratura-a-clavicula-direita-e-e-operado\/"},"author":{"name":"Telinha","@id":"https:\/\/portaltela.pt\/#\/schema\/person\/c4278d4a6028830caff9ee44b42d32ed"},"headline":"Nelson Oliveira cai num treino, fratura a clav\u00edcula direita e \u00e9 operado","datePublished":"2026-02-28T13:54:09+00:00","mainEntityOfPage":{"@id":"https:\/\/portaltela.pt\/noticias\/2026\/02\/28\/nelson-oliveira-cai-num-treino-fratura-a-clavicula-direita-e-e-operado\/"},"wordCount":185,"image":{"@id":"https:\/\/portaltela.pt\/noticias\/2026\/02\/28\/nelson-oliveira-cai-num-treino-fratura-a-clavicula-direita-e-e-operado\/#primaryimage"},"thumbnailUrl":"https:\/\/portaltela.pt\/s.01k8rhncp4jt1\/2026\/02\/img_920x518uu2026-02-28-13-53-29-2424121.jpg","keywords":["Anadia","ciclismo","craques","Movistar","Paris","Portugal"],"articleSection":["Desporto"],"inLanguage":"pt-PT"},{"@type":"WebPage","@id":"https:\/\/portaltela.pt\/noticias\/2026\/02\/28\/nelson-oliveira-cai-num-treino-fratura-a-clavicula-direita-e-e-operado\/","url":"https:\/\/portaltela.pt\/noticias\/2026\/02\/28\/nelson-oliveira-cai-num-treino-fratura-a-clavicula-direita-e-e-operado\/","name":"Nelson Oliveira cai num treino, fratura a clav\u00edcula direita e \u00e9 operado - Portal Tela Portugal","isPartOf":{"@id":"https:\/\/portaltela.pt\/#website"},"primaryImageOfPage":{"@id":"https:\/\/portaltela.pt\/noticias\/2026\/02\/28\/nelson-oliveira-cai-num-treino-fratura-a-clavicula-direita-e-e-operado\/#primaryimage"},"image":{"@id":"https:\/\/portaltela.pt\/noticias\/2026\/02\/28\/nelson-oliveira-cai-num-treino-fratura-a-clavicula-direita-e-e-operado\/#primaryimage"},"thumbnailUrl":"https:\/\/portaltela.pt\/s.01k8rhncp4jt1\/2026\/02\/img_920x518uu2026-02-28-13-53-29-2424121.jpg","datePublished":"2026-02-28T13:54:09+00:00","author":{"@id":"https:\/\/portaltela.pt\/#\/schema\/person\/c4278d4a6028830caff9ee44b42d32ed"},"breadcrumb":{"@id":"https:\/\/portaltela.pt\/noticias\/2026\/02\/28\/nelson-oliveira-cai-num-treino-fratura-a-clavicula-direita-e-e-operado\/#breadcrumb"},"inLanguage":"pt-PT","potentialAction":[{"@type":"ReadAction","target":["https:\/\/portaltela.pt\/noticias\/2026\/02\/28\/nelson-oliveira-cai-num-treino-fratura-a-clavicula-direita-e-e-operado\/"]}]},{"@type":"ImageObject","inLanguage":"pt-PT","@id":"https:\/\/portaltela.pt\/noticias\/2026\/02\/28\/nelson-oliveira-cai-num-treino-fratura-a-clavicula-direita-e-e-operado\/#primaryimage","url":"https:\/\/portaltela.pt\/s.01k8rhncp4jt1\/2026\/02\/img_920x518uu2026-02-28-13-53-29-2424121.jpg","contentUrl":"https:\/\/portaltela.pt\/s.01k8rhncp4jt1\/2026\/02\/img_920x518uu2026-02-28-13-53-29-2424121.jpg","width":796,"height":448,"caption":"Nelson Oliveira"},{"@type":"BreadcrumbList","@id":"https:\/\/portaltela.pt\/noticias\/2026\/02\/28\/nelson-oliveira-cai-num-treino-fratura-a-clavicula-direita-e-e-operado\/#breadcrumb","itemListElement":[{"@type":"ListItem","position":1,"name":"In\u00edcio","item":"https:\/\/portaltela.pt\/"},{"@type":"ListItem","position":2,"name":"Nelson Oliveira cai num treino, fratura a clav\u00edcula direita e \u00e9 operado"}]},{"@type":"WebSite","@id":"https:\/\/portaltela.pt\/#website","url":"https:\/\/portaltela.pt\/","name":"Portal Tela Portugal","description":"","potentialAction":[{"@type":"SearchAction","target":{"@type":"EntryPoint","urlTemplate":"https:\/\/portaltela.pt\/?s={search_term_string}"},"query-input":{"@type":"PropertyValueSpecification","valueRequired":true,"valueName":"search_term_string"}}],"inLanguage":"pt-PT"},{"@type":"Person","@id":"https:\/\/portaltela.pt\/#\/schema\/person\/c4278d4a6028830caff9ee44b42d32ed","name":"Telinha","image":{"@type":"ImageObject","inLanguage":"pt-PT","@id":"https:\/\/portaltela.pt\/s.01k8rhncp4jt1\/2025\/11\/talking-bot-125x125.png","url":"https:\/\/portaltela.pt\/s.01k8rhncp4jt1\/2025\/11\/talking-bot-125x125.png","contentUrl":"https:\/\/portaltela.pt\/s.01k8rhncp4jt1\/2025\/11\/talking-bot-125x125.png","caption":"Telinha"},"sameAs":["https:\/\/portaltela.pt\/"],"url":"https:\/\/portaltela.pt\/por\/367410592786\/"}]}},"_links":{"self":[{"href":"https:\/\/portaltela.pt\/api\/wp\/v2\/posts\/392176","targetHints":{"allow":["GET"]}}],"collection":[{"href":"https:\/\/portaltela.pt\/api\/wp\/v2\/posts"}],"about":[{"href":"https:\/\/portaltela.pt\/api\/wp\/v2\/types\/post"}],"author":[{"embeddable":true,"href":"https:\/\/portaltela.pt\/api\/wp\/v2\/users\/2"}],"replies":[{"embeddable":true,"href":"https:\/\/portaltela.pt\/api\/wp\/v2\/comments?post=392176"}],"version-history":[{"count":0,"href":"https:\/\/portaltela.pt\/api\/wp\/v2\/posts\/392176\/revisions"}],"wp:featuredmedia":[{"embeddable":true,"href":"https:\/\/portaltela.pt\/api\/wp\/v2\/media\/392181"}],"wp:attachment":[{"href":"https:\/\/portaltela.pt\/api\/wp\/v2\/media?parent=392176"}],"wp:term":[{"taxonomy":"category","embeddable":true,"href":"https:\/\/portaltela.pt\/api\/wp\/v2\/categories?post=392176"},{"taxonomy":"post_tag","embeddable":true,"href":"https:\/\/portaltela.pt\/api\/wp\/v2\/tags?post=392176"}],"curies":[{"name":"wp","href":"https:\/\/api.w.org\/{rel}","templated":true}]}}