{"id":392084,"date":"2026-02-27T21:00:00","date_gmt":"2026-02-28T00:00:00","guid":{"rendered":"https:\/\/portaltela.pt\/noticias\/2026\/02\/27\/doencas-raras-invisibilidade-vira-agenda-politica\/"},"modified":"2026-02-27T21:00:00","modified_gmt":"2026-02-28T00:00:00","slug":"doencas-raras-invisibilidade-vira-agenda-politica","status":"publish","type":"post","link":"https:\/\/portaltela.pt\/noticias\/2026\/02\/27\/doencas-raras-invisibilidade-vira-agenda-politica\/","title":{"rendered":"Doen\u00e7as Raras: invisibilidade vira agenda pol\u00edtica"},"content":{"rendered":"<p>Todos os anos, o Dia Mundial das Doen\u00e7as Raras recorda um desafio: em Portugal, viver com doen\u00e7as raras continua a implicar incerteza, desprote\u00e7\u00e3o e sil\u00eancio institucional. A invisibilidade n\u00e3o \u00e9 apenas m\u00e9dica, \u00e9 pol\u00edtica.<\/p>\n<p>A rela\u00e7\u00e3o entre doen\u00e7as raras e defici\u00eancia \u00e9 direta: diagn\u00f3sticos dif\u00edceis, quadros cr\u00f3nicos e impacto na autonomia, trabalho, educa\u00e7\u00e3o e participa\u00e7\u00e3o social. A doen\u00e7a rara \u00e9, antes de tudo, uma quest\u00e3o de direitos humanos e de inclus\u00e3o.<\/p>\n<p>A aus\u00eancia de pol\u00edticas de sa\u00fade espec\u00edficas \u00e9 um sintoma claro da neglig\u00eancia. Falta planeamento, coordena\u00e7\u00e3o e vis\u00e3o. Doentes enfrentam diagn\u00f3sticos tardios, percursos fragmentados e depend\u00eancia das fam\u00edlias. O Plano de A\u00e7\u00e3o para as Doen\u00e7as Raras continua sem Grupo de Trabalho oficial.<\/p>\n<h3>Acesso a tratamentos e regula\u00e7\u00e3o<\/h3>\n<p>A regi\u00e3o regulat\u00f3ria demora a avaliar e aprovar novos tratamentos. Mesmo com avan\u00e7os cient\u00edficos, Portugal fica atr\u00e1s da maioria dos pa\u00edses europeus em novas terapias, afetando qualidade de vida e, em alguns casos, a vida dos doentes.<\/p>\n<p>A regula\u00e7\u00e3o deve proteger os cidad\u00e3os, n\u00e3o atrasar o acesso a terapias que podem alterar o curso da doen\u00e7a. Atrasos repetidos n\u00e3o s\u00e3o aceit\u00e1veis quando existem op\u00e7\u00f5es aprovadas noutros Estados-membros.<\/p>\n<h3>Cuidado informal e redes de apoio<\/h3>\n<p>A vida dos cuidadores \u00e9 uma dimens\u00e3o frequentemente ignorada. Existem centenas de milhares de cuidadores informais, na sua maioria familiares, que asseguram cuidados di\u00e1rios de alto demanding. Mais de 60% relatam exaust\u00e3o, ansiedade ou depress\u00e3o.<\/p>\n<p>Apoios financeiramente relevantes e acesso a descanso de cuidador s\u00e3o ainda restritos. O Estatuto do Cuidador Informal, aprovado com expectativa, aplica-se de forma limitada e desigual, deixando muitos sem prote\u00e7\u00e3o adequada.<\/p>\n<h3>Centros de refer\u00eancia e redes europeias<\/h3>\n<p>Entre fam\u00edlias com doen\u00e7as neuromusculares surgem relatos de falhas estruturais: falta de apoio domicili\u00e1rio especializado, equipamentos inadequados e atrasos administrativos. A cria\u00e7\u00e3o de Centros de Refer\u00eancia afiliados \u00e0s redes europeias continua estagnada.<\/p>\n<p>Portugal n\u00e3o tem uma rede funcional, avaliada e financiada para as ERN. Sem esses centros, o diagn\u00f3stico r\u00e1pido, os cuidados especializados e a participa\u00e7\u00e3o em ensaios cl\u00ednicos ficam comprometidos.<\/p>\n<p>Este cen\u00e1rio impede que a ci\u00eancia e a inova\u00e7\u00e3o beneficiem quem vive com doen\u00e7as raras. Cada m\u00eas de in\u00e9rcia tem consequ\u00eancias reais para doentes e cuidadores. O pa\u00eds precisa de respostas integradas, r\u00e1pidas e justas.<\/p>\n","protected":false},"excerpt":{"rendered":"<ul>\n<li>O Dia Mundial das Doen\u00e7as Raras destaca a invisibilidade e a falta de pol\u00edticas p\u00fablicas de apoio em Portugal, que afetam centenas de milhares de pessoas.<\/li>\n<li>As doen\u00e7as raras costumam ser cr\u00f3nicas, progressivas e altamente incapacitantes, influenciando autonomia, trabalho, educa\u00e7\u00e3o e participa\u00e7\u00e3o social; o sistema continua a trat\u00e1-las como exce\u00e7\u00f5es.<\/li>\n<li>Falta planeamento e coordena\u00e7\u00e3o na resposta integrada necess\u00e1ria; o Plano de A\u00e7\u00e3o para as Doen\u00e7as Raras, apresentado h\u00e1 um ano, mant\u00e9m-se sem Grupo de Trabalho oficialmente nomeado para o p\u00f4r em pr\u00e1tica.<\/li>\n<li>A regula\u00e7\u00e3o \u00e9 lenta na aprova\u00e7\u00e3o de tratamentos inovadores, levando a atrasos no acesso a terapias j\u00e1 aprovadas noutros pa\u00edses europeus e a perdas de qualidade de vida.<\/li>\n<li>Os cuidadores informais, sobretudo familiares, enfrentam carga f\u00edsica e emocional elevada; muitos n\u00e3o t\u00eam apoio financeiro, descanso do cuidador ou equipas de proximidade, sendo o Estatuto do Cuidador Informal aplicado de forma limitada.<\/li>\n<\/ul>\n","protected":false},"author":2,"featured_media":392096,"comment_status":"closed","ping_status":"closed","sticky":false,"template":"","format":"standard","meta":{"footnotes":""},"categories":[1],"tags":[5780,2633,61,3407,6500,271],"class_list":["post-392084","post","type-post","status-publish","format-standard","has-post-thumbnail","hentry","category-noticias","tag-cuidadores","tag-direitos-humanos","tag-doencas","tag-ensaios-clinicos","tag-redes-europeias","tag-saude-publica"],"yoast_head":"<!-- This site is optimized with the Yoast SEO plugin v27.2 - https:\/\/yoast.com\/product\/yoast-seo-wordpress\/ -->\n<title>Doen\u00e7as Raras: invisibilidade vira agenda pol\u00edtica - Portal Tela Portugal<\/title>\n<meta name=\"robots\" content=\"index, follow, max-snippet:-1, max-image-preview:large, max-video-preview:-1\" \/>\n<meta property=\"og:locale\" content=\"pt_PT\" \/>\n<meta property=\"og:type\" content=\"article\" \/>\n<meta property=\"og:title\" content=\"Doen\u00e7as Raras: invisibilidade vira agenda pol\u00edtica - Portal Tela Portugal\" \/>\n<meta property=\"og:description\" content=\"O Dia Mundial das Doen\u00e7as Raras destaca a invisibilidade e a falta de pol\u00edticas p\u00fablicas de apoio em Portugal, que afetam centenas de milhares de pessoas. As doen\u00e7as raras costumam ser cr\u00f3nicas, progressivas e altamente incapacitantes, influenciando autonomia, trabalho, educa\u00e7\u00e3o e participa\u00e7\u00e3o social; o sistema continua a trat\u00e1-las como exce\u00e7\u00f5es. Falta planeamento e coordena\u00e7\u00e3o na resposta integrada necess\u00e1ria; o Plano de A\u00e7\u00e3o para as Doen\u00e7as Raras, apresentado h\u00e1 um ano, mant\u00e9m-se sem Grupo de Trabalho oficialmente nomeado para o p\u00f4r em pr\u00e1tica. A regula\u00e7\u00e3o \u00e9 lenta na aprova\u00e7\u00e3o de tratamentos inovadores, levando a atrasos no acesso a terapias j\u00e1 aprovadas noutros pa\u00edses europeus e a perdas de qualidade de vida. Os cuidadores informais, sobretudo familiares, enfrentam carga f\u00edsica e emocional elevada; muitos n\u00e3o t\u00eam apoio financeiro, descanso do cuidador ou equipas de proximidade, sendo o Estatuto do Cuidador Informal aplicado de forma limitada.\" \/>\n<meta property=\"og:url\" content=\"https:\/\/portaltela.pt\/noticias\/2026\/02\/27\/doencas-raras-invisibilidade-vira-agenda-politica\/\" \/>\n<meta property=\"og:site_name\" content=\"Portal Tela Portugal\" \/>\n<meta property=\"article:published_time\" content=\"2026-02-28T00:00:00+00:00\" \/>\n<meta name=\"author\" content=\"Telinha\" \/>\n<meta name=\"twitter:card\" content=\"summary_large_image\" \/>\n<meta name=\"twitter:label1\" content=\"Escrito por\" \/>\n\t<meta name=\"twitter:data1\" content=\"Telinha\" \/>\n\t<meta name=\"twitter:label2\" content=\"Tempo estimado de leitura\" \/>\n\t<meta name=\"twitter:data2\" content=\"2 minutos\" \/>\n<script type=\"application\/ld+json\" class=\"yoast-schema-graph\">{\"@context\":\"https:\/\/schema.org\",\"@graph\":[{\"@type\":\"Article\",\"@id\":\"https:\/\/portaltela.pt\/noticias\/2026\/02\/27\/doencas-raras-invisibilidade-vira-agenda-politica\/#article\",\"isPartOf\":{\"@id\":\"https:\/\/portaltela.pt\/noticias\/2026\/02\/27\/doencas-raras-invisibilidade-vira-agenda-politica\/\"},\"author\":{\"name\":\"Telinha\",\"@id\":\"https:\/\/portaltela.pt\/#\/schema\/person\/c4278d4a6028830caff9ee44b42d32ed\"},\"headline\":\"Doen\u00e7as Raras: invisibilidade vira agenda pol\u00edtica\",\"datePublished\":\"2026-02-28T00:00:00+00:00\",\"mainEntityOfPage\":{\"@id\":\"https:\/\/portaltela.pt\/noticias\/2026\/02\/27\/doencas-raras-invisibilidade-vira-agenda-politica\/\"},\"wordCount\":431,\"image\":{\"@id\":\"https:\/\/portaltela.pt\/noticias\/2026\/02\/27\/doencas-raras-invisibilidade-vira-agenda-politica\/#primaryimage\"},\"thumbnailUrl\":\"https:\/\/portaltela.pt\/s.01k8rhncp4jt1\/2026\/02\/b52c0bcd-17a1-47eb-87f1-9a467986bf5e_1200x675.jpg\",\"keywords\":[\"cuidadores\",\"direitos humanos\",\"doen\u00e7as\",\"ensaios cl\u00ednicos\",\"redes europeias\",\"sa\u00fade p\u00fablica\"],\"articleSection\":[\"Not\u00edcias\"],\"inLanguage\":\"pt-PT\"},{\"@type\":\"WebPage\",\"@id\":\"https:\/\/portaltela.pt\/noticias\/2026\/02\/27\/doencas-raras-invisibilidade-vira-agenda-politica\/\",\"url\":\"https:\/\/portaltela.pt\/noticias\/2026\/02\/27\/doencas-raras-invisibilidade-vira-agenda-politica\/\",\"name\":\"Doen\u00e7as Raras: invisibilidade vira agenda pol\u00edtica - Portal Tela Portugal\",\"isPartOf\":{\"@id\":\"https:\/\/portaltela.pt\/#website\"},\"primaryImageOfPage\":{\"@id\":\"https:\/\/portaltela.pt\/noticias\/2026\/02\/27\/doencas-raras-invisibilidade-vira-agenda-politica\/#primaryimage\"},\"image\":{\"@id\":\"https:\/\/portaltela.pt\/noticias\/2026\/02\/27\/doencas-raras-invisibilidade-vira-agenda-politica\/#primaryimage\"},\"thumbnailUrl\":\"https:\/\/portaltela.pt\/s.01k8rhncp4jt1\/2026\/02\/b52c0bcd-17a1-47eb-87f1-9a467986bf5e_1200x675.jpg\",\"datePublished\":\"2026-02-28T00:00:00+00:00\",\"author\":{\"@id\":\"https:\/\/portaltela.pt\/#\/schema\/person\/c4278d4a6028830caff9ee44b42d32ed\"},\"breadcrumb\":{\"@id\":\"https:\/\/portaltela.pt\/noticias\/2026\/02\/27\/doencas-raras-invisibilidade-vira-agenda-politica\/#breadcrumb\"},\"inLanguage\":\"pt-PT\",\"potentialAction\":[{\"@type\":\"ReadAction\",\"target\":[\"https:\/\/portaltela.pt\/noticias\/2026\/02\/27\/doencas-raras-invisibilidade-vira-agenda-politica\/\"]}]},{\"@type\":\"ImageObject\",\"inLanguage\":\"pt-PT\",\"@id\":\"https:\/\/portaltela.pt\/noticias\/2026\/02\/27\/doencas-raras-invisibilidade-vira-agenda-politica\/#primaryimage\",\"url\":\"https:\/\/portaltela.pt\/s.01k8rhncp4jt1\/2026\/02\/b52c0bcd-17a1-47eb-87f1-9a467986bf5e_1200x675.jpg\",\"contentUrl\":\"https:\/\/portaltela.pt\/s.01k8rhncp4jt1\/2026\/02\/b52c0bcd-17a1-47eb-87f1-9a467986bf5e_1200x675.jpg\",\"width\":796,\"height\":448,\"caption\":\"Photo\"},{\"@type\":\"BreadcrumbList\",\"@id\":\"https:\/\/portaltela.pt\/noticias\/2026\/02\/27\/doencas-raras-invisibilidade-vira-agenda-politica\/#breadcrumb\",\"itemListElement\":[{\"@type\":\"ListItem\",\"position\":1,\"name\":\"In\u00edcio\",\"item\":\"https:\/\/portaltela.pt\/\"},{\"@type\":\"ListItem\",\"position\":2,\"name\":\"Doen\u00e7as Raras: invisibilidade vira agenda pol\u00edtica\"}]},{\"@type\":\"WebSite\",\"@id\":\"https:\/\/portaltela.pt\/#website\",\"url\":\"https:\/\/portaltela.pt\/\",\"name\":\"Portal Tela Portugal\",\"description\":\"\",\"potentialAction\":[{\"@type\":\"SearchAction\",\"target\":{\"@type\":\"EntryPoint\",\"urlTemplate\":\"https:\/\/portaltela.pt\/?s={search_term_string}\"},\"query-input\":{\"@type\":\"PropertyValueSpecification\",\"valueRequired\":true,\"valueName\":\"search_term_string\"}}],\"inLanguage\":\"pt-PT\"},{\"@type\":\"Person\",\"@id\":\"https:\/\/portaltela.pt\/#\/schema\/person\/c4278d4a6028830caff9ee44b42d32ed\",\"name\":\"Telinha\",\"image\":{\"@type\":\"ImageObject\",\"inLanguage\":\"pt-PT\",\"@id\":\"https:\/\/portaltela.pt\/s.01k8rhncp4jt1\/2025\/11\/talking-bot-125x125.png\",\"url\":\"https:\/\/portaltela.pt\/s.01k8rhncp4jt1\/2025\/11\/talking-bot-125x125.png\",\"contentUrl\":\"https:\/\/portaltela.pt\/s.01k8rhncp4jt1\/2025\/11\/talking-bot-125x125.png\",\"caption\":\"Telinha\"},\"sameAs\":[\"https:\/\/portaltela.pt\/\"],\"url\":\"https:\/\/portaltela.pt\/por\/367410592786\/\"}]}<\/script>\n<!-- \/ Yoast SEO plugin. -->","yoast_head_json":{"title":"Doen\u00e7as Raras: invisibilidade vira agenda pol\u00edtica - Portal Tela Portugal","robots":{"index":"index","follow":"follow","max-snippet":"max-snippet:-1","max-image-preview":"max-image-preview:large","max-video-preview":"max-video-preview:-1"},"og_locale":"pt_PT","og_type":"article","og_title":"Doen\u00e7as Raras: invisibilidade vira agenda pol\u00edtica - Portal Tela Portugal","og_description":"O Dia Mundial das Doen\u00e7as Raras destaca a invisibilidade e a falta de pol\u00edticas p\u00fablicas de apoio em Portugal, que afetam centenas de milhares de pessoas. As doen\u00e7as raras costumam ser cr\u00f3nicas, progressivas e altamente incapacitantes, influenciando autonomia, trabalho, educa\u00e7\u00e3o e participa\u00e7\u00e3o social; o sistema continua a trat\u00e1-las como exce\u00e7\u00f5es. Falta planeamento e coordena\u00e7\u00e3o na resposta integrada necess\u00e1ria; o Plano de A\u00e7\u00e3o para as Doen\u00e7as Raras, apresentado h\u00e1 um ano, mant\u00e9m-se sem Grupo de Trabalho oficialmente nomeado para o p\u00f4r em pr\u00e1tica. A regula\u00e7\u00e3o \u00e9 lenta na aprova\u00e7\u00e3o de tratamentos inovadores, levando a atrasos no acesso a terapias j\u00e1 aprovadas noutros pa\u00edses europeus e a perdas de qualidade de vida. Os cuidadores informais, sobretudo familiares, enfrentam carga f\u00edsica e emocional elevada; muitos n\u00e3o t\u00eam apoio financeiro, descanso do cuidador ou equipas de proximidade, sendo o Estatuto do Cuidador Informal aplicado de forma limitada.","og_url":"https:\/\/portaltela.pt\/noticias\/2026\/02\/27\/doencas-raras-invisibilidade-vira-agenda-politica\/","og_site_name":"Portal Tela Portugal","article_published_time":"2026-02-28T00:00:00+00:00","author":"Telinha","twitter_card":"summary_large_image","twitter_misc":{"Escrito por":"Telinha","Tempo estimado de leitura":"2 minutos"},"schema":{"@context":"https:\/\/schema.org","@graph":[{"@type":"Article","@id":"https:\/\/portaltela.pt\/noticias\/2026\/02\/27\/doencas-raras-invisibilidade-vira-agenda-politica\/#article","isPartOf":{"@id":"https:\/\/portaltela.pt\/noticias\/2026\/02\/27\/doencas-raras-invisibilidade-vira-agenda-politica\/"},"author":{"name":"Telinha","@id":"https:\/\/portaltela.pt\/#\/schema\/person\/c4278d4a6028830caff9ee44b42d32ed"},"headline":"Doen\u00e7as Raras: invisibilidade vira agenda pol\u00edtica","datePublished":"2026-02-28T00:00:00+00:00","mainEntityOfPage":{"@id":"https:\/\/portaltela.pt\/noticias\/2026\/02\/27\/doencas-raras-invisibilidade-vira-agenda-politica\/"},"wordCount":431,"image":{"@id":"https:\/\/portaltela.pt\/noticias\/2026\/02\/27\/doencas-raras-invisibilidade-vira-agenda-politica\/#primaryimage"},"thumbnailUrl":"https:\/\/portaltela.pt\/s.01k8rhncp4jt1\/2026\/02\/b52c0bcd-17a1-47eb-87f1-9a467986bf5e_1200x675.jpg","keywords":["cuidadores","direitos humanos","doen\u00e7as","ensaios cl\u00ednicos","redes europeias","sa\u00fade p\u00fablica"],"articleSection":["Not\u00edcias"],"inLanguage":"pt-PT"},{"@type":"WebPage","@id":"https:\/\/portaltela.pt\/noticias\/2026\/02\/27\/doencas-raras-invisibilidade-vira-agenda-politica\/","url":"https:\/\/portaltela.pt\/noticias\/2026\/02\/27\/doencas-raras-invisibilidade-vira-agenda-politica\/","name":"Doen\u00e7as Raras: invisibilidade vira agenda pol\u00edtica - Portal Tela Portugal","isPartOf":{"@id":"https:\/\/portaltela.pt\/#website"},"primaryImageOfPage":{"@id":"https:\/\/portaltela.pt\/noticias\/2026\/02\/27\/doencas-raras-invisibilidade-vira-agenda-politica\/#primaryimage"},"image":{"@id":"https:\/\/portaltela.pt\/noticias\/2026\/02\/27\/doencas-raras-invisibilidade-vira-agenda-politica\/#primaryimage"},"thumbnailUrl":"https:\/\/portaltela.pt\/s.01k8rhncp4jt1\/2026\/02\/b52c0bcd-17a1-47eb-87f1-9a467986bf5e_1200x675.jpg","datePublished":"2026-02-28T00:00:00+00:00","author":{"@id":"https:\/\/portaltela.pt\/#\/schema\/person\/c4278d4a6028830caff9ee44b42d32ed"},"breadcrumb":{"@id":"https:\/\/portaltela.pt\/noticias\/2026\/02\/27\/doencas-raras-invisibilidade-vira-agenda-politica\/#breadcrumb"},"inLanguage":"pt-PT","potentialAction":[{"@type":"ReadAction","target":["https:\/\/portaltela.pt\/noticias\/2026\/02\/27\/doencas-raras-invisibilidade-vira-agenda-politica\/"]}]},{"@type":"ImageObject","inLanguage":"pt-PT","@id":"https:\/\/portaltela.pt\/noticias\/2026\/02\/27\/doencas-raras-invisibilidade-vira-agenda-politica\/#primaryimage","url":"https:\/\/portaltela.pt\/s.01k8rhncp4jt1\/2026\/02\/b52c0bcd-17a1-47eb-87f1-9a467986bf5e_1200x675.jpg","contentUrl":"https:\/\/portaltela.pt\/s.01k8rhncp4jt1\/2026\/02\/b52c0bcd-17a1-47eb-87f1-9a467986bf5e_1200x675.jpg","width":796,"height":448,"caption":"Photo"},{"@type":"BreadcrumbList","@id":"https:\/\/portaltela.pt\/noticias\/2026\/02\/27\/doencas-raras-invisibilidade-vira-agenda-politica\/#breadcrumb","itemListElement":[{"@type":"ListItem","position":1,"name":"In\u00edcio","item":"https:\/\/portaltela.pt\/"},{"@type":"ListItem","position":2,"name":"Doen\u00e7as Raras: invisibilidade vira agenda pol\u00edtica"}]},{"@type":"WebSite","@id":"https:\/\/portaltela.pt\/#website","url":"https:\/\/portaltela.pt\/","name":"Portal Tela Portugal","description":"","potentialAction":[{"@type":"SearchAction","target":{"@type":"EntryPoint","urlTemplate":"https:\/\/portaltela.pt\/?s={search_term_string}"},"query-input":{"@type":"PropertyValueSpecification","valueRequired":true,"valueName":"search_term_string"}}],"inLanguage":"pt-PT"},{"@type":"Person","@id":"https:\/\/portaltela.pt\/#\/schema\/person\/c4278d4a6028830caff9ee44b42d32ed","name":"Telinha","image":{"@type":"ImageObject","inLanguage":"pt-PT","@id":"https:\/\/portaltela.pt\/s.01k8rhncp4jt1\/2025\/11\/talking-bot-125x125.png","url":"https:\/\/portaltela.pt\/s.01k8rhncp4jt1\/2025\/11\/talking-bot-125x125.png","contentUrl":"https:\/\/portaltela.pt\/s.01k8rhncp4jt1\/2025\/11\/talking-bot-125x125.png","caption":"Telinha"},"sameAs":["https:\/\/portaltela.pt\/"],"url":"https:\/\/portaltela.pt\/por\/367410592786\/"}]}},"_links":{"self":[{"href":"https:\/\/portaltela.pt\/api\/wp\/v2\/posts\/392084","targetHints":{"allow":["GET"]}}],"collection":[{"href":"https:\/\/portaltela.pt\/api\/wp\/v2\/posts"}],"about":[{"href":"https:\/\/portaltela.pt\/api\/wp\/v2\/types\/post"}],"author":[{"embeddable":true,"href":"https:\/\/portaltela.pt\/api\/wp\/v2\/users\/2"}],"replies":[{"embeddable":true,"href":"https:\/\/portaltela.pt\/api\/wp\/v2\/comments?post=392084"}],"version-history":[{"count":0,"href":"https:\/\/portaltela.pt\/api\/wp\/v2\/posts\/392084\/revisions"}],"wp:featuredmedia":[{"embeddable":true,"href":"https:\/\/portaltela.pt\/api\/wp\/v2\/media\/392096"}],"wp:attachment":[{"href":"https:\/\/portaltela.pt\/api\/wp\/v2\/media?parent=392084"}],"wp:term":[{"taxonomy":"category","embeddable":true,"href":"https:\/\/portaltela.pt\/api\/wp\/v2\/categories?post=392084"},{"taxonomy":"post_tag","embeddable":true,"href":"https:\/\/portaltela.pt\/api\/wp\/v2\/tags?post=392084"}],"curies":[{"name":"wp","href":"https:\/\/api.w.org\/{rel}","templated":true}]}}