{"id":392076,"date":"2026-02-28T09:17:00","date_gmt":"2026-02-28T12:17:00","guid":{"rendered":"https:\/\/portaltela.pt\/noticias\/2026\/02\/28\/operacao-no-aeroporto-da-madeira-decorre-sem-incidentes\/"},"modified":"2026-02-28T09:17:00","modified_gmt":"2026-02-28T12:17:00","slug":"operacao-no-aeroporto-da-madeira-decorre-sem-incidentes","status":"publish","type":"post","link":"https:\/\/portaltela.pt\/noticias\/internacional\/2026\/02\/28\/operacao-no-aeroporto-da-madeira-decorre-sem-incidentes\/","title":{"rendered":"Opera\u00e7\u00e3o no aeroporto da Madeira decorre sem incidentes"},"content":{"rendered":"<p>A opera\u00e7\u00e3o no Aeroporto Internacional da Madeira decorreu, neste s\u00e1bado, com normalidade, ap\u00f3s dois dias de condicionamentos que levaram ao cancelamento de mais de 70 voos. De acordo com o site da ANA &#8211; Aeroportos de Portugal, todas as chegadas previstas entre as 8h00 e as 10h00 aterraram, e apenas uma partida foi cancelada.<\/p>\n<p>A ANA alerta que as previs\u00f5es meteorol\u00f3gicas podem continuar a condicionar a opera\u00e7\u00e3o nos pr\u00f3ximos dias e recomenda aos passageiros que confirmem o estado dos voos antes de se deslocarem ao aeroporto. O historial recente de mau tempo motivou, na regi\u00e3o, v\u00e1rias altera\u00e7\u00f5es nos hor\u00e1rios.<\/p>\n<p>Entre quinta e sexta-feira, o vento forte afetou a zona leste da Madeira, principalmente o concelho de Santa Cruz, onde fica o aeroporto. O IPMA n\u00e3o emitiu avisos de mau tempo para a Madeira nesse per\u00edodo.<\/p>\n<h3>Condi\u00e7\u00f5es e avisos adicionais<\/h3>\n<p>A Capitania do Porto do Funchal manteve, por\u00e9m, um aviso de vento forte para o mar do arquip\u00e9lago at\u00e9 \u00e0s 6h00 deste s\u00e1bado. O pedido \u00e9 para que propriet\u00e1rios e armadores de embarca\u00e7\u00f5es adotem precau\u00e7\u00f5es para assegurar a navegabilidade.<\/p>\n<p>Recomenda-se tamb\u00e9m assegurar condi\u00e7\u00f5es de circula\u00e7\u00e3o em molhes de prote\u00e7\u00e3o dos portos, arribas, praias e zonas rochosas, bem como para a pr\u00e1tica da pesca l\u00fadica em \u00e1reas de fal\u00e9sias. A Capitania sublinha a necessidade de vigil\u00e2ncia constante das condi\u00e7\u00f5es costeiras.<\/p>\n","protected":false},"excerpt":{"rendered":"<ul>\n<li>A opera\u00e7\u00e3o no Aeroporto Internacional da Madeira decorre com normalidade neste s\u00e1bado, ap\u00f3s dois dias de condicionamentos que levaram ao cancelamento de mais de 70 voos.<\/li>\n<li>Segundo a ANA \u2013 Aeroportos de Portugal, todas as chegadas previstas entre as 8h00 e as 10h00 aterraram, e apenas uma partida foi cancelada.<\/li>\n<li>A ANA mant\u00e9m o alerta para previs\u00f5es meteorol\u00f3gicas e alerta que as condi\u00e7\u00f5es adversas podem condicionar a opera\u00e7\u00e3o nos pr\u00f3ximos dias, sugerindo aos passageiros que confirmem o estado do voo.<\/li>\n<li>Entre quinta e sexta-feira o vento forte afetou a zona leste da ilha, especialmente o concelho de Santa Cruz, onde se situa o Aeroporto Cristiano Ronaldo.<\/li>\n<li>A Capitania do Porto do Funchal manteve at\u00e9 \u00e0s 6h de s\u00e1bado um aviso de vento forte para o mar do arquip\u00e9lago; o IPMA n\u00e3o emitiu avisos de mau tempo para a Madeira nesse per\u00edodo.<\/li>\n<\/ul>\n","protected":false},"author":2,"featured_media":392086,"comment_status":"closed","ping_status":"closed","sticky":false,"template":"","format":"standard","meta":{"footnotes":""},"categories":[4,1],"tags":[3302,5159,859,4364,5013,2345],"class_list":["post-392076","post","type-post","status-publish","format-standard","has-post-thumbnail","hentry","category-internacional","category-noticias","tag-aeroportos","tag-aviso-de-mau-tempo","tag-madeira","tag-meteorologia","tag-portos","tag-ventos"],"yoast_head":"<!-- This site is optimized with the Yoast SEO plugin v27.2 - https:\/\/yoast.com\/product\/yoast-seo-wordpress\/ -->\n<title>Opera\u00e7\u00e3o no aeroporto da Madeira decorre sem incidentes - Portal Tela Portugal<\/title>\n<meta name=\"robots\" content=\"index, follow, max-snippet:-1, max-image-preview:large, max-video-preview:-1\" \/>\n<meta property=\"og:locale\" content=\"pt_PT\" \/>\n<meta property=\"og:type\" content=\"article\" \/>\n<meta property=\"og:title\" content=\"Opera\u00e7\u00e3o no aeroporto da Madeira decorre sem incidentes - Portal Tela Portugal\" \/>\n<meta property=\"og:description\" content=\"A opera\u00e7\u00e3o no Aeroporto Internacional da Madeira decorre com normalidade neste s\u00e1bado, ap\u00f3s dois dias de condicionamentos que levaram ao cancelamento de mais de 70 voos. Segundo a ANA \u2013 Aeroportos de Portugal, todas as chegadas previstas entre as 8h00 e as 10h00 aterraram, e apenas uma partida foi cancelada. A ANA mant\u00e9m o alerta para previs\u00f5es meteorol\u00f3gicas e alerta que as condi\u00e7\u00f5es adversas podem condicionar a opera\u00e7\u00e3o nos pr\u00f3ximos dias, sugerindo aos passageiros que confirmem o estado do voo. Entre quinta e sexta-feira o vento forte afetou a zona leste da ilha, especialmente o concelho de Santa Cruz, onde se situa o Aeroporto Cristiano Ronaldo. A Capitania do Porto do Funchal manteve at\u00e9 \u00e0s 6h de s\u00e1bado um aviso de vento forte para o mar do arquip\u00e9lago; o IPMA n\u00e3o emitiu avisos de mau tempo para a Madeira nesse per\u00edodo.\" \/>\n<meta property=\"og:url\" content=\"https:\/\/portaltela.pt\/noticias\/2026\/02\/28\/operacao-no-aeroporto-da-madeira-decorre-sem-incidentes\/\" \/>\n<meta property=\"og:site_name\" content=\"Portal Tela Portugal\" \/>\n<meta property=\"article:published_time\" content=\"2026-02-28T12:17:00+00:00\" \/>\n<meta name=\"author\" content=\"Telinha\" \/>\n<meta name=\"twitter:card\" content=\"summary_large_image\" \/>\n<meta name=\"twitter:label1\" content=\"Escrito por\" \/>\n\t<meta name=\"twitter:data1\" content=\"Telinha\" \/>\n\t<meta name=\"twitter:label2\" content=\"Tempo estimado de leitura\" \/>\n\t<meta name=\"twitter:data2\" content=\"1 minuto\" \/>\n<script type=\"application\/ld+json\" class=\"yoast-schema-graph\">{\"@context\":\"https:\/\/schema.org\",\"@graph\":[{\"@type\":\"Article\",\"@id\":\"https:\/\/portaltela.pt\/noticias\/2026\/02\/28\/operacao-no-aeroporto-da-madeira-decorre-sem-incidentes\/#article\",\"isPartOf\":{\"@id\":\"https:\/\/portaltela.pt\/noticias\/2026\/02\/28\/operacao-no-aeroporto-da-madeira-decorre-sem-incidentes\/\"},\"author\":{\"name\":\"Telinha\",\"@id\":\"https:\/\/portaltela.pt\/#\/schema\/person\/c4278d4a6028830caff9ee44b42d32ed\"},\"headline\":\"Opera\u00e7\u00e3o no aeroporto da Madeira decorre sem incidentes\",\"datePublished\":\"2026-02-28T12:17:00+00:00\",\"mainEntityOfPage\":{\"@id\":\"https:\/\/portaltela.pt\/noticias\/2026\/02\/28\/operacao-no-aeroporto-da-madeira-decorre-sem-incidentes\/\"},\"wordCount\":254,\"image\":{\"@id\":\"https:\/\/portaltela.pt\/noticias\/2026\/02\/28\/operacao-no-aeroporto-da-madeira-decorre-sem-incidentes\/#primaryimage\"},\"thumbnailUrl\":\"https:\/\/portaltela.pt\/s.01k8rhncp4jt1\/2026\/02\/2070607.jpg\",\"keywords\":[\"aeroportos\",\"aviso de mau tempo\",\"Madeira\",\"meteorologia\",\"Portos\",\"ventos\"],\"articleSection\":[\"Internacional\",\"Not\u00edcias\"],\"inLanguage\":\"pt-PT\"},{\"@type\":\"WebPage\",\"@id\":\"https:\/\/portaltela.pt\/noticias\/2026\/02\/28\/operacao-no-aeroporto-da-madeira-decorre-sem-incidentes\/\",\"url\":\"https:\/\/portaltela.pt\/noticias\/2026\/02\/28\/operacao-no-aeroporto-da-madeira-decorre-sem-incidentes\/\",\"name\":\"Opera\u00e7\u00e3o no aeroporto da Madeira decorre sem incidentes - Portal Tela Portugal\",\"isPartOf\":{\"@id\":\"https:\/\/portaltela.pt\/#website\"},\"primaryImageOfPage\":{\"@id\":\"https:\/\/portaltela.pt\/noticias\/2026\/02\/28\/operacao-no-aeroporto-da-madeira-decorre-sem-incidentes\/#primaryimage\"},\"image\":{\"@id\":\"https:\/\/portaltela.pt\/noticias\/2026\/02\/28\/operacao-no-aeroporto-da-madeira-decorre-sem-incidentes\/#primaryimage\"},\"thumbnailUrl\":\"https:\/\/portaltela.pt\/s.01k8rhncp4jt1\/2026\/02\/2070607.jpg\",\"datePublished\":\"2026-02-28T12:17:00+00:00\",\"author\":{\"@id\":\"https:\/\/portaltela.pt\/#\/schema\/person\/c4278d4a6028830caff9ee44b42d32ed\"},\"breadcrumb\":{\"@id\":\"https:\/\/portaltela.pt\/noticias\/2026\/02\/28\/operacao-no-aeroporto-da-madeira-decorre-sem-incidentes\/#breadcrumb\"},\"inLanguage\":\"pt-PT\",\"potentialAction\":[{\"@type\":\"ReadAction\",\"target\":[\"https:\/\/portaltela.pt\/noticias\/2026\/02\/28\/operacao-no-aeroporto-da-madeira-decorre-sem-incidentes\/\"]}]},{\"@type\":\"ImageObject\",\"inLanguage\":\"pt-PT\",\"@id\":\"https:\/\/portaltela.pt\/noticias\/2026\/02\/28\/operacao-no-aeroporto-da-madeira-decorre-sem-incidentes\/#primaryimage\",\"url\":\"https:\/\/portaltela.pt\/s.01k8rhncp4jt1\/2026\/02\/2070607.jpg\",\"contentUrl\":\"https:\/\/portaltela.pt\/s.01k8rhncp4jt1\/2026\/02\/2070607.jpg\",\"width\":796,\"height\":448,\"caption\":\"A opera\u00e7\u00e3o no Aeroporto Internacional da Madeira decorre este s\u00e1bado com normalidade\"},{\"@type\":\"BreadcrumbList\",\"@id\":\"https:\/\/portaltela.pt\/noticias\/2026\/02\/28\/operacao-no-aeroporto-da-madeira-decorre-sem-incidentes\/#breadcrumb\",\"itemListElement\":[{\"@type\":\"ListItem\",\"position\":1,\"name\":\"In\u00edcio\",\"item\":\"https:\/\/portaltela.pt\/\"},{\"@type\":\"ListItem\",\"position\":2,\"name\":\"Opera\u00e7\u00e3o no aeroporto da Madeira decorre sem incidentes\"}]},{\"@type\":\"WebSite\",\"@id\":\"https:\/\/portaltela.pt\/#website\",\"url\":\"https:\/\/portaltela.pt\/\",\"name\":\"Portal Tela Portugal\",\"description\":\"\",\"potentialAction\":[{\"@type\":\"SearchAction\",\"target\":{\"@type\":\"EntryPoint\",\"urlTemplate\":\"https:\/\/portaltela.pt\/?s={search_term_string}\"},\"query-input\":{\"@type\":\"PropertyValueSpecification\",\"valueRequired\":true,\"valueName\":\"search_term_string\"}}],\"inLanguage\":\"pt-PT\"},{\"@type\":\"Person\",\"@id\":\"https:\/\/portaltela.pt\/#\/schema\/person\/c4278d4a6028830caff9ee44b42d32ed\",\"name\":\"Telinha\",\"image\":{\"@type\":\"ImageObject\",\"inLanguage\":\"pt-PT\",\"@id\":\"https:\/\/portaltela.pt\/s.01k8rhncp4jt1\/2025\/11\/talking-bot-125x125.png\",\"url\":\"https:\/\/portaltela.pt\/s.01k8rhncp4jt1\/2025\/11\/talking-bot-125x125.png\",\"contentUrl\":\"https:\/\/portaltela.pt\/s.01k8rhncp4jt1\/2025\/11\/talking-bot-125x125.png\",\"caption\":\"Telinha\"},\"sameAs\":[\"https:\/\/portaltela.pt\/\"],\"url\":\"https:\/\/portaltela.pt\/por\/367410592786\/\"}]}<\/script>\n<!-- \/ Yoast SEO plugin. -->","yoast_head_json":{"title":"Opera\u00e7\u00e3o no aeroporto da Madeira decorre sem incidentes - Portal Tela Portugal","robots":{"index":"index","follow":"follow","max-snippet":"max-snippet:-1","max-image-preview":"max-image-preview:large","max-video-preview":"max-video-preview:-1"},"og_locale":"pt_PT","og_type":"article","og_title":"Opera\u00e7\u00e3o no aeroporto da Madeira decorre sem incidentes - Portal Tela Portugal","og_description":"A opera\u00e7\u00e3o no Aeroporto Internacional da Madeira decorre com normalidade neste s\u00e1bado, ap\u00f3s dois dias de condicionamentos que levaram ao cancelamento de mais de 70 voos. Segundo a ANA \u2013 Aeroportos de Portugal, todas as chegadas previstas entre as 8h00 e as 10h00 aterraram, e apenas uma partida foi cancelada. A ANA mant\u00e9m o alerta para previs\u00f5es meteorol\u00f3gicas e alerta que as condi\u00e7\u00f5es adversas podem condicionar a opera\u00e7\u00e3o nos pr\u00f3ximos dias, sugerindo aos passageiros que confirmem o estado do voo. Entre quinta e sexta-feira o vento forte afetou a zona leste da ilha, especialmente o concelho de Santa Cruz, onde se situa o Aeroporto Cristiano Ronaldo. A Capitania do Porto do Funchal manteve at\u00e9 \u00e0s 6h de s\u00e1bado um aviso de vento forte para o mar do arquip\u00e9lago; o IPMA n\u00e3o emitiu avisos de mau tempo para a Madeira nesse per\u00edodo.","og_url":"https:\/\/portaltela.pt\/noticias\/2026\/02\/28\/operacao-no-aeroporto-da-madeira-decorre-sem-incidentes\/","og_site_name":"Portal Tela Portugal","article_published_time":"2026-02-28T12:17:00+00:00","author":"Telinha","twitter_card":"summary_large_image","twitter_misc":{"Escrito por":"Telinha","Tempo estimado de leitura":"1 minuto"},"schema":{"@context":"https:\/\/schema.org","@graph":[{"@type":"Article","@id":"https:\/\/portaltela.pt\/noticias\/2026\/02\/28\/operacao-no-aeroporto-da-madeira-decorre-sem-incidentes\/#article","isPartOf":{"@id":"https:\/\/portaltela.pt\/noticias\/2026\/02\/28\/operacao-no-aeroporto-da-madeira-decorre-sem-incidentes\/"},"author":{"name":"Telinha","@id":"https:\/\/portaltela.pt\/#\/schema\/person\/c4278d4a6028830caff9ee44b42d32ed"},"headline":"Opera\u00e7\u00e3o no aeroporto da Madeira decorre sem incidentes","datePublished":"2026-02-28T12:17:00+00:00","mainEntityOfPage":{"@id":"https:\/\/portaltela.pt\/noticias\/2026\/02\/28\/operacao-no-aeroporto-da-madeira-decorre-sem-incidentes\/"},"wordCount":254,"image":{"@id":"https:\/\/portaltela.pt\/noticias\/2026\/02\/28\/operacao-no-aeroporto-da-madeira-decorre-sem-incidentes\/#primaryimage"},"thumbnailUrl":"https:\/\/portaltela.pt\/s.01k8rhncp4jt1\/2026\/02\/2070607.jpg","keywords":["aeroportos","aviso de mau tempo","Madeira","meteorologia","Portos","ventos"],"articleSection":["Internacional","Not\u00edcias"],"inLanguage":"pt-PT"},{"@type":"WebPage","@id":"https:\/\/portaltela.pt\/noticias\/2026\/02\/28\/operacao-no-aeroporto-da-madeira-decorre-sem-incidentes\/","url":"https:\/\/portaltela.pt\/noticias\/2026\/02\/28\/operacao-no-aeroporto-da-madeira-decorre-sem-incidentes\/","name":"Opera\u00e7\u00e3o no aeroporto da Madeira decorre sem incidentes - Portal Tela Portugal","isPartOf":{"@id":"https:\/\/portaltela.pt\/#website"},"primaryImageOfPage":{"@id":"https:\/\/portaltela.pt\/noticias\/2026\/02\/28\/operacao-no-aeroporto-da-madeira-decorre-sem-incidentes\/#primaryimage"},"image":{"@id":"https:\/\/portaltela.pt\/noticias\/2026\/02\/28\/operacao-no-aeroporto-da-madeira-decorre-sem-incidentes\/#primaryimage"},"thumbnailUrl":"https:\/\/portaltela.pt\/s.01k8rhncp4jt1\/2026\/02\/2070607.jpg","datePublished":"2026-02-28T12:17:00+00:00","author":{"@id":"https:\/\/portaltela.pt\/#\/schema\/person\/c4278d4a6028830caff9ee44b42d32ed"},"breadcrumb":{"@id":"https:\/\/portaltela.pt\/noticias\/2026\/02\/28\/operacao-no-aeroporto-da-madeira-decorre-sem-incidentes\/#breadcrumb"},"inLanguage":"pt-PT","potentialAction":[{"@type":"ReadAction","target":["https:\/\/portaltela.pt\/noticias\/2026\/02\/28\/operacao-no-aeroporto-da-madeira-decorre-sem-incidentes\/"]}]},{"@type":"ImageObject","inLanguage":"pt-PT","@id":"https:\/\/portaltela.pt\/noticias\/2026\/02\/28\/operacao-no-aeroporto-da-madeira-decorre-sem-incidentes\/#primaryimage","url":"https:\/\/portaltela.pt\/s.01k8rhncp4jt1\/2026\/02\/2070607.jpg","contentUrl":"https:\/\/portaltela.pt\/s.01k8rhncp4jt1\/2026\/02\/2070607.jpg","width":796,"height":448,"caption":"A opera\u00e7\u00e3o no Aeroporto Internacional da Madeira decorre este s\u00e1bado com normalidade"},{"@type":"BreadcrumbList","@id":"https:\/\/portaltela.pt\/noticias\/2026\/02\/28\/operacao-no-aeroporto-da-madeira-decorre-sem-incidentes\/#breadcrumb","itemListElement":[{"@type":"ListItem","position":1,"name":"In\u00edcio","item":"https:\/\/portaltela.pt\/"},{"@type":"ListItem","position":2,"name":"Opera\u00e7\u00e3o no aeroporto da Madeira decorre sem incidentes"}]},{"@type":"WebSite","@id":"https:\/\/portaltela.pt\/#website","url":"https:\/\/portaltela.pt\/","name":"Portal Tela Portugal","description":"","potentialAction":[{"@type":"SearchAction","target":{"@type":"EntryPoint","urlTemplate":"https:\/\/portaltela.pt\/?s={search_term_string}"},"query-input":{"@type":"PropertyValueSpecification","valueRequired":true,"valueName":"search_term_string"}}],"inLanguage":"pt-PT"},{"@type":"Person","@id":"https:\/\/portaltela.pt\/#\/schema\/person\/c4278d4a6028830caff9ee44b42d32ed","name":"Telinha","image":{"@type":"ImageObject","inLanguage":"pt-PT","@id":"https:\/\/portaltela.pt\/s.01k8rhncp4jt1\/2025\/11\/talking-bot-125x125.png","url":"https:\/\/portaltela.pt\/s.01k8rhncp4jt1\/2025\/11\/talking-bot-125x125.png","contentUrl":"https:\/\/portaltela.pt\/s.01k8rhncp4jt1\/2025\/11\/talking-bot-125x125.png","caption":"Telinha"},"sameAs":["https:\/\/portaltela.pt\/"],"url":"https:\/\/portaltela.pt\/por\/367410592786\/"}]}},"_links":{"self":[{"href":"https:\/\/portaltela.pt\/api\/wp\/v2\/posts\/392076","targetHints":{"allow":["GET"]}}],"collection":[{"href":"https:\/\/portaltela.pt\/api\/wp\/v2\/posts"}],"about":[{"href":"https:\/\/portaltela.pt\/api\/wp\/v2\/types\/post"}],"author":[{"embeddable":true,"href":"https:\/\/portaltela.pt\/api\/wp\/v2\/users\/2"}],"replies":[{"embeddable":true,"href":"https:\/\/portaltela.pt\/api\/wp\/v2\/comments?post=392076"}],"version-history":[{"count":0,"href":"https:\/\/portaltela.pt\/api\/wp\/v2\/posts\/392076\/revisions"}],"wp:featuredmedia":[{"embeddable":true,"href":"https:\/\/portaltela.pt\/api\/wp\/v2\/media\/392086"}],"wp:attachment":[{"href":"https:\/\/portaltela.pt\/api\/wp\/v2\/media?parent=392076"}],"wp:term":[{"taxonomy":"category","embeddable":true,"href":"https:\/\/portaltela.pt\/api\/wp\/v2\/categories?post=392076"},{"taxonomy":"post_tag","embeddable":true,"href":"https:\/\/portaltela.pt\/api\/wp\/v2\/tags?post=392076"}],"curies":[{"name":"wp","href":"https:\/\/api.w.org\/{rel}","templated":true}]}}