{"id":392050,"date":"2026-02-28T09:17:00","date_gmt":"2026-02-28T12:17:00","guid":{"rendered":"https:\/\/portaltela.pt\/noticias\/2026\/02\/28\/quinze-paises-teriam-de-se-unir-para-remover-andre-da-linha-de-sucessao-ao-trono\/"},"modified":"2026-02-28T09:17:00","modified_gmt":"2026-02-28T12:17:00","slug":"quinze-paises-teriam-de-se-unir-para-remover-andre-da-linha-de-sucessao-ao-trono","status":"publish","type":"post","link":"https:\/\/portaltela.pt\/noticias\/2026\/02\/28\/quinze-paises-teriam-de-se-unir-para-remover-andre-da-linha-de-sucessao-ao-trono\/","title":{"rendered":"Quinze pa\u00edses teriam de se unir para remover Andr\u00e9 da linha de sucess\u00e3o ao trono"},"content":{"rendered":"<p>Ex-pr\u00edncipe Andr\u00e9 foi detido temporariamente pelas autoridades brit\u00e2nicas, no contexto das investiga\u00e7\u00f5es relacionadas ao multimilion\u00e1rio Jeffrey Epstein. O caso voltou a colocar em discuss\u00e3o a posi\u00e7\u00e3o dele na linha de sucess\u00e3o ao trono.<\/p>\n<p>A deten\u00e7\u00e3o ocorre poucas semanas ap\u00f3s novas informa\u00e7\u00f5es ligarem Andr\u00e9 a Epstein. De acordo com fontes, o ex-pr\u00edncipe permanece entre os oito primeiros na linha de sucess\u00e3o, atr\u00e1s de William e dos seus filhos, e de Harry com os seus, mas o tema ganhou for\u00e7a p\u00fablica.<\/p>\n<p>A not\u00edcia surge numa altura em que cresce o apelo para que ele seja afastado da linha de sucess\u00e3o. Em paralelo, circula a ideia de que quinze pa\u00edses teriam de concordar para efetivar a remo\u00e7\u00e3o do cargo na sucess\u00e3o. O foco permanece nos desdobramentos legais e institucionais no Reino Unido.<\/p>\n<h3>Contexto da linha de sucess\u00e3o e desdobramentos legais<\/h3>\n<p>O caso envolve liga\u00e7\u00f5es entre Andr\u00e9 e Epstein, cuja investiga\u00e7\u00e3o criminal teve grande repercuss\u00e3o. Autoridades brit\u00e2nicas n\u00e3o confirmam pris\u00f5es definitivas, apenas deten\u00e7\u00f5es tempor\u00e1rias, segundo fontes oficiais.<\/p>\n<p>O tema divide opini\u00f5es p\u00fablicas, com pedidos de manter o protocolo institucional e refor\u00e7ar padr\u00f5es de conduta real. As discuss\u00f5es continuam \u00e0 espera de desfechos judiciais e de decis\u00f5es formais sobre a linha de sucess\u00e3o.<\/p>\n<p>As informa\u00e7\u00f5es oficiais reiteram que a linha de sucess\u00e3o \u00e9 definida por normas legais e pela atua\u00e7\u00e3o da Casa Real. N\u00e3o h\u00e1 confirma\u00e7\u00f5es de mudan\u00e7as imediatas no status de Andr\u00e9. O acompanhamento dos pr\u00f3ximos passos \u00e9 essencial.<\/p>\n","protected":false},"excerpt":{"rendered":"<ul>\n<li>O ex-pr\u00edncipe Andr\u00e9 foi detido temporariamente pelas autoridades brit\u00e2nicas no \u00e2mbito do caso envolvendo Jeffrey Epstein.<\/li>\n<li>O epis\u00f3dio est\u00e1 ligado ao multimilion\u00e1rio e criminoso sexual Jeffrey Epstein, que envolve acusa\u00e7\u00f5es na justi\u00e7a.<\/li>\n<li>Cresce o coro que pede o afastamento de Andr\u00e9 da linha de sucess\u00e3o ao trono, onde ocupa o oitavo lugar.<\/li>\n<li>A possibilidade de Andr\u00e9 chegar ao Pal\u00e1cio de Buckingham \u00e9 considerada muito remota, estando \u00e0 frente apenas os filhos de William e, depois, os de Harry.<\/li>\n<li>O tema ganhou for\u00e7a ap\u00f3s a deten\u00e7\u00e3o do irm\u00e3o de Carlos III.<\/li>\n<\/ul>\n","protected":false},"author":2,"featured_media":392064,"comment_status":"closed","ping_status":"closed","sticky":false,"template":"","format":"standard","meta":{"footnotes":""},"categories":[1],"tags":[147,2297,803,5698,2111],"class_list":["post-392050","post","type-post","status-publish","format-standard","has-post-thumbnail","hentry","category-noticias","tag-crime","tag-investigacoes-internacionais","tag-justica","tag-politica-internacional","tag-reino-unido"],"yoast_head":"<!-- This site is optimized with the Yoast SEO plugin v27.2 - https:\/\/yoast.com\/product\/yoast-seo-wordpress\/ -->\n<title>Quinze pa\u00edses teriam de se unir para remover Andr\u00e9 da linha de sucess\u00e3o ao trono - Portal Tela Portugal<\/title>\n<meta name=\"robots\" content=\"index, follow, max-snippet:-1, max-image-preview:large, max-video-preview:-1\" \/>\n<meta property=\"og:locale\" content=\"pt_PT\" \/>\n<meta property=\"og:type\" content=\"article\" \/>\n<meta property=\"og:title\" content=\"Quinze pa\u00edses teriam de se unir para remover Andr\u00e9 da linha de sucess\u00e3o ao trono - Portal Tela Portugal\" \/>\n<meta property=\"og:description\" content=\"O ex-pr\u00edncipe Andr\u00e9 foi detido temporariamente pelas autoridades brit\u00e2nicas no \u00e2mbito do caso envolvendo Jeffrey Epstein. O epis\u00f3dio est\u00e1 ligado ao multimilion\u00e1rio e criminoso sexual Jeffrey Epstein, que envolve acusa\u00e7\u00f5es na justi\u00e7a. Cresce o coro que pede o afastamento de Andr\u00e9 da linha de sucess\u00e3o ao trono, onde ocupa o oitavo lugar. A possibilidade de Andr\u00e9 chegar ao Pal\u00e1cio de Buckingham \u00e9 considerada muito remota, estando \u00e0 frente apenas os filhos de William e, depois, os de Harry. O tema ganhou for\u00e7a ap\u00f3s a deten\u00e7\u00e3o do irm\u00e3o de Carlos III.\" \/>\n<meta property=\"og:url\" content=\"https:\/\/portaltela.pt\/noticias\/2026\/02\/28\/quinze-paises-teriam-de-se-unir-para-remover-andre-da-linha-de-sucessao-ao-trono\/\" \/>\n<meta property=\"og:site_name\" content=\"Portal Tela Portugal\" \/>\n<meta property=\"article:published_time\" content=\"2026-02-28T12:17:00+00:00\" \/>\n<meta name=\"author\" content=\"Telinha\" \/>\n<meta name=\"twitter:card\" content=\"summary_large_image\" \/>\n<meta name=\"twitter:label1\" content=\"Escrito por\" \/>\n\t<meta name=\"twitter:data1\" content=\"Telinha\" \/>\n\t<meta name=\"twitter:label2\" content=\"Tempo estimado de leitura\" \/>\n\t<meta name=\"twitter:data2\" content=\"1 minuto\" \/>\n<script type=\"application\/ld+json\" class=\"yoast-schema-graph\">{\"@context\":\"https:\/\/schema.org\",\"@graph\":[{\"@type\":\"Article\",\"@id\":\"https:\/\/portaltela.pt\/noticias\/2026\/02\/28\/quinze-paises-teriam-de-se-unir-para-remover-andre-da-linha-de-sucessao-ao-trono\/#article\",\"isPartOf\":{\"@id\":\"https:\/\/portaltela.pt\/noticias\/2026\/02\/28\/quinze-paises-teriam-de-se-unir-para-remover-andre-da-linha-de-sucessao-ao-trono\/\"},\"author\":{\"name\":\"Telinha\",\"@id\":\"https:\/\/portaltela.pt\/#\/schema\/person\/c4278d4a6028830caff9ee44b42d32ed\"},\"headline\":\"Quinze pa\u00edses teriam de se unir para remover Andr\u00e9 da linha de sucess\u00e3o ao trono\",\"datePublished\":\"2026-02-28T12:17:00+00:00\",\"mainEntityOfPage\":{\"@id\":\"https:\/\/portaltela.pt\/noticias\/2026\/02\/28\/quinze-paises-teriam-de-se-unir-para-remover-andre-da-linha-de-sucessao-ao-trono\/\"},\"wordCount\":292,\"image\":{\"@id\":\"https:\/\/portaltela.pt\/noticias\/2026\/02\/28\/quinze-paises-teriam-de-se-unir-para-remover-andre-da-linha-de-sucessao-ao-trono\/#primaryimage\"},\"thumbnailUrl\":\"https:\/\/portaltela.pt\/s.01k8rhncp4jt1\/2026\/02\/image-2084.jpg\",\"keywords\":[\"crime\",\"investiga\u00e7\u00f5es internacionais\",\"justi\u00e7a\",\"pol\u00edtica internacional\",\"Reino Unido\"],\"articleSection\":[\"Not\u00edcias\"],\"inLanguage\":\"pt-PT\"},{\"@type\":\"WebPage\",\"@id\":\"https:\/\/portaltela.pt\/noticias\/2026\/02\/28\/quinze-paises-teriam-de-se-unir-para-remover-andre-da-linha-de-sucessao-ao-trono\/\",\"url\":\"https:\/\/portaltela.pt\/noticias\/2026\/02\/28\/quinze-paises-teriam-de-se-unir-para-remover-andre-da-linha-de-sucessao-ao-trono\/\",\"name\":\"Quinze pa\u00edses teriam de se unir para remover Andr\u00e9 da linha de sucess\u00e3o ao trono - Portal Tela Portugal\",\"isPartOf\":{\"@id\":\"https:\/\/portaltela.pt\/#website\"},\"primaryImageOfPage\":{\"@id\":\"https:\/\/portaltela.pt\/noticias\/2026\/02\/28\/quinze-paises-teriam-de-se-unir-para-remover-andre-da-linha-de-sucessao-ao-trono\/#primaryimage\"},\"image\":{\"@id\":\"https:\/\/portaltela.pt\/noticias\/2026\/02\/28\/quinze-paises-teriam-de-se-unir-para-remover-andre-da-linha-de-sucessao-ao-trono\/#primaryimage\"},\"thumbnailUrl\":\"https:\/\/portaltela.pt\/s.01k8rhncp4jt1\/2026\/02\/image-2084.jpg\",\"datePublished\":\"2026-02-28T12:17:00+00:00\",\"author\":{\"@id\":\"https:\/\/portaltela.pt\/#\/schema\/person\/c4278d4a6028830caff9ee44b42d32ed\"},\"breadcrumb\":{\"@id\":\"https:\/\/portaltela.pt\/noticias\/2026\/02\/28\/quinze-paises-teriam-de-se-unir-para-remover-andre-da-linha-de-sucessao-ao-trono\/#breadcrumb\"},\"inLanguage\":\"pt-PT\",\"potentialAction\":[{\"@type\":\"ReadAction\",\"target\":[\"https:\/\/portaltela.pt\/noticias\/2026\/02\/28\/quinze-paises-teriam-de-se-unir-para-remover-andre-da-linha-de-sucessao-ao-trono\/\"]}]},{\"@type\":\"ImageObject\",\"inLanguage\":\"pt-PT\",\"@id\":\"https:\/\/portaltela.pt\/noticias\/2026\/02\/28\/quinze-paises-teriam-de-se-unir-para-remover-andre-da-linha-de-sucessao-ao-trono\/#primaryimage\",\"url\":\"https:\/\/portaltela.pt\/s.01k8rhncp4jt1\/2026\/02\/image-2084.jpg\",\"contentUrl\":\"https:\/\/portaltela.pt\/s.01k8rhncp4jt1\/2026\/02\/image-2084.jpg\",\"width\":796,\"height\":448,\"caption\":\"Ex-pr\u00edncipe Andr\u00e9 foi detido temporariamente pelas autoridades brit\u00e2nicas\"},{\"@type\":\"BreadcrumbList\",\"@id\":\"https:\/\/portaltela.pt\/noticias\/2026\/02\/28\/quinze-paises-teriam-de-se-unir-para-remover-andre-da-linha-de-sucessao-ao-trono\/#breadcrumb\",\"itemListElement\":[{\"@type\":\"ListItem\",\"position\":1,\"name\":\"In\u00edcio\",\"item\":\"https:\/\/portaltela.pt\/\"},{\"@type\":\"ListItem\",\"position\":2,\"name\":\"Quinze pa\u00edses teriam de se unir para remover Andr\u00e9 da linha de sucess\u00e3o ao trono\"}]},{\"@type\":\"WebSite\",\"@id\":\"https:\/\/portaltela.pt\/#website\",\"url\":\"https:\/\/portaltela.pt\/\",\"name\":\"Portal Tela Portugal\",\"description\":\"\",\"potentialAction\":[{\"@type\":\"SearchAction\",\"target\":{\"@type\":\"EntryPoint\",\"urlTemplate\":\"https:\/\/portaltela.pt\/?s={search_term_string}\"},\"query-input\":{\"@type\":\"PropertyValueSpecification\",\"valueRequired\":true,\"valueName\":\"search_term_string\"}}],\"inLanguage\":\"pt-PT\"},{\"@type\":\"Person\",\"@id\":\"https:\/\/portaltela.pt\/#\/schema\/person\/c4278d4a6028830caff9ee44b42d32ed\",\"name\":\"Telinha\",\"image\":{\"@type\":\"ImageObject\",\"inLanguage\":\"pt-PT\",\"@id\":\"https:\/\/portaltela.pt\/s.01k8rhncp4jt1\/2025\/11\/talking-bot-125x125.png\",\"url\":\"https:\/\/portaltela.pt\/s.01k8rhncp4jt1\/2025\/11\/talking-bot-125x125.png\",\"contentUrl\":\"https:\/\/portaltela.pt\/s.01k8rhncp4jt1\/2025\/11\/talking-bot-125x125.png\",\"caption\":\"Telinha\"},\"sameAs\":[\"https:\/\/portaltela.pt\/\"],\"url\":\"https:\/\/portaltela.pt\/por\/367410592786\/\"}]}<\/script>\n<!-- \/ Yoast SEO plugin. -->","yoast_head_json":{"title":"Quinze pa\u00edses teriam de se unir para remover Andr\u00e9 da linha de sucess\u00e3o ao trono - Portal Tela Portugal","robots":{"index":"index","follow":"follow","max-snippet":"max-snippet:-1","max-image-preview":"max-image-preview:large","max-video-preview":"max-video-preview:-1"},"og_locale":"pt_PT","og_type":"article","og_title":"Quinze pa\u00edses teriam de se unir para remover Andr\u00e9 da linha de sucess\u00e3o ao trono - Portal Tela Portugal","og_description":"O ex-pr\u00edncipe Andr\u00e9 foi detido temporariamente pelas autoridades brit\u00e2nicas no \u00e2mbito do caso envolvendo Jeffrey Epstein. O epis\u00f3dio est\u00e1 ligado ao multimilion\u00e1rio e criminoso sexual Jeffrey Epstein, que envolve acusa\u00e7\u00f5es na justi\u00e7a. Cresce o coro que pede o afastamento de Andr\u00e9 da linha de sucess\u00e3o ao trono, onde ocupa o oitavo lugar. A possibilidade de Andr\u00e9 chegar ao Pal\u00e1cio de Buckingham \u00e9 considerada muito remota, estando \u00e0 frente apenas os filhos de William e, depois, os de Harry. O tema ganhou for\u00e7a ap\u00f3s a deten\u00e7\u00e3o do irm\u00e3o de Carlos III.","og_url":"https:\/\/portaltela.pt\/noticias\/2026\/02\/28\/quinze-paises-teriam-de-se-unir-para-remover-andre-da-linha-de-sucessao-ao-trono\/","og_site_name":"Portal Tela Portugal","article_published_time":"2026-02-28T12:17:00+00:00","author":"Telinha","twitter_card":"summary_large_image","twitter_misc":{"Escrito por":"Telinha","Tempo estimado de leitura":"1 minuto"},"schema":{"@context":"https:\/\/schema.org","@graph":[{"@type":"Article","@id":"https:\/\/portaltela.pt\/noticias\/2026\/02\/28\/quinze-paises-teriam-de-se-unir-para-remover-andre-da-linha-de-sucessao-ao-trono\/#article","isPartOf":{"@id":"https:\/\/portaltela.pt\/noticias\/2026\/02\/28\/quinze-paises-teriam-de-se-unir-para-remover-andre-da-linha-de-sucessao-ao-trono\/"},"author":{"name":"Telinha","@id":"https:\/\/portaltela.pt\/#\/schema\/person\/c4278d4a6028830caff9ee44b42d32ed"},"headline":"Quinze pa\u00edses teriam de se unir para remover Andr\u00e9 da linha de sucess\u00e3o ao trono","datePublished":"2026-02-28T12:17:00+00:00","mainEntityOfPage":{"@id":"https:\/\/portaltela.pt\/noticias\/2026\/02\/28\/quinze-paises-teriam-de-se-unir-para-remover-andre-da-linha-de-sucessao-ao-trono\/"},"wordCount":292,"image":{"@id":"https:\/\/portaltela.pt\/noticias\/2026\/02\/28\/quinze-paises-teriam-de-se-unir-para-remover-andre-da-linha-de-sucessao-ao-trono\/#primaryimage"},"thumbnailUrl":"https:\/\/portaltela.pt\/s.01k8rhncp4jt1\/2026\/02\/image-2084.jpg","keywords":["crime","investiga\u00e7\u00f5es internacionais","justi\u00e7a","pol\u00edtica internacional","Reino Unido"],"articleSection":["Not\u00edcias"],"inLanguage":"pt-PT"},{"@type":"WebPage","@id":"https:\/\/portaltela.pt\/noticias\/2026\/02\/28\/quinze-paises-teriam-de-se-unir-para-remover-andre-da-linha-de-sucessao-ao-trono\/","url":"https:\/\/portaltela.pt\/noticias\/2026\/02\/28\/quinze-paises-teriam-de-se-unir-para-remover-andre-da-linha-de-sucessao-ao-trono\/","name":"Quinze pa\u00edses teriam de se unir para remover Andr\u00e9 da linha de sucess\u00e3o ao trono - Portal Tela Portugal","isPartOf":{"@id":"https:\/\/portaltela.pt\/#website"},"primaryImageOfPage":{"@id":"https:\/\/portaltela.pt\/noticias\/2026\/02\/28\/quinze-paises-teriam-de-se-unir-para-remover-andre-da-linha-de-sucessao-ao-trono\/#primaryimage"},"image":{"@id":"https:\/\/portaltela.pt\/noticias\/2026\/02\/28\/quinze-paises-teriam-de-se-unir-para-remover-andre-da-linha-de-sucessao-ao-trono\/#primaryimage"},"thumbnailUrl":"https:\/\/portaltela.pt\/s.01k8rhncp4jt1\/2026\/02\/image-2084.jpg","datePublished":"2026-02-28T12:17:00+00:00","author":{"@id":"https:\/\/portaltela.pt\/#\/schema\/person\/c4278d4a6028830caff9ee44b42d32ed"},"breadcrumb":{"@id":"https:\/\/portaltela.pt\/noticias\/2026\/02\/28\/quinze-paises-teriam-de-se-unir-para-remover-andre-da-linha-de-sucessao-ao-trono\/#breadcrumb"},"inLanguage":"pt-PT","potentialAction":[{"@type":"ReadAction","target":["https:\/\/portaltela.pt\/noticias\/2026\/02\/28\/quinze-paises-teriam-de-se-unir-para-remover-andre-da-linha-de-sucessao-ao-trono\/"]}]},{"@type":"ImageObject","inLanguage":"pt-PT","@id":"https:\/\/portaltela.pt\/noticias\/2026\/02\/28\/quinze-paises-teriam-de-se-unir-para-remover-andre-da-linha-de-sucessao-ao-trono\/#primaryimage","url":"https:\/\/portaltela.pt\/s.01k8rhncp4jt1\/2026\/02\/image-2084.jpg","contentUrl":"https:\/\/portaltela.pt\/s.01k8rhncp4jt1\/2026\/02\/image-2084.jpg","width":796,"height":448,"caption":"Ex-pr\u00edncipe Andr\u00e9 foi detido temporariamente pelas autoridades brit\u00e2nicas"},{"@type":"BreadcrumbList","@id":"https:\/\/portaltela.pt\/noticias\/2026\/02\/28\/quinze-paises-teriam-de-se-unir-para-remover-andre-da-linha-de-sucessao-ao-trono\/#breadcrumb","itemListElement":[{"@type":"ListItem","position":1,"name":"In\u00edcio","item":"https:\/\/portaltela.pt\/"},{"@type":"ListItem","position":2,"name":"Quinze pa\u00edses teriam de se unir para remover Andr\u00e9 da linha de sucess\u00e3o ao trono"}]},{"@type":"WebSite","@id":"https:\/\/portaltela.pt\/#website","url":"https:\/\/portaltela.pt\/","name":"Portal Tela Portugal","description":"","potentialAction":[{"@type":"SearchAction","target":{"@type":"EntryPoint","urlTemplate":"https:\/\/portaltela.pt\/?s={search_term_string}"},"query-input":{"@type":"PropertyValueSpecification","valueRequired":true,"valueName":"search_term_string"}}],"inLanguage":"pt-PT"},{"@type":"Person","@id":"https:\/\/portaltela.pt\/#\/schema\/person\/c4278d4a6028830caff9ee44b42d32ed","name":"Telinha","image":{"@type":"ImageObject","inLanguage":"pt-PT","@id":"https:\/\/portaltela.pt\/s.01k8rhncp4jt1\/2025\/11\/talking-bot-125x125.png","url":"https:\/\/portaltela.pt\/s.01k8rhncp4jt1\/2025\/11\/talking-bot-125x125.png","contentUrl":"https:\/\/portaltela.pt\/s.01k8rhncp4jt1\/2025\/11\/talking-bot-125x125.png","caption":"Telinha"},"sameAs":["https:\/\/portaltela.pt\/"],"url":"https:\/\/portaltela.pt\/por\/367410592786\/"}]}},"_links":{"self":[{"href":"https:\/\/portaltela.pt\/api\/wp\/v2\/posts\/392050","targetHints":{"allow":["GET"]}}],"collection":[{"href":"https:\/\/portaltela.pt\/api\/wp\/v2\/posts"}],"about":[{"href":"https:\/\/portaltela.pt\/api\/wp\/v2\/types\/post"}],"author":[{"embeddable":true,"href":"https:\/\/portaltela.pt\/api\/wp\/v2\/users\/2"}],"replies":[{"embeddable":true,"href":"https:\/\/portaltela.pt\/api\/wp\/v2\/comments?post=392050"}],"version-history":[{"count":0,"href":"https:\/\/portaltela.pt\/api\/wp\/v2\/posts\/392050\/revisions"}],"wp:featuredmedia":[{"embeddable":true,"href":"https:\/\/portaltela.pt\/api\/wp\/v2\/media\/392064"}],"wp:attachment":[{"href":"https:\/\/portaltela.pt\/api\/wp\/v2\/media?parent=392050"}],"wp:term":[{"taxonomy":"category","embeddable":true,"href":"https:\/\/portaltela.pt\/api\/wp\/v2\/categories?post=392050"},{"taxonomy":"post_tag","embeddable":true,"href":"https:\/\/portaltela.pt\/api\/wp\/v2\/tags?post=392050"}],"curies":[{"name":"wp","href":"https:\/\/api.w.org\/{rel}","templated":true}]}}