{"id":392020,"date":"2026-02-28T09:10:47","date_gmt":"2026-02-28T12:10:47","guid":{"rendered":"https:\/\/portaltela.pt\/noticias\/2026\/02\/28\/arguido-por-manter-12-caes-em-condicoes-precarias\/"},"modified":"2026-02-28T09:10:47","modified_gmt":"2026-02-28T12:10:47","slug":"arguido-por-manter-12-caes-em-condicoes-precarias","status":"publish","type":"post","link":"https:\/\/portaltela.pt\/noticias\/2026\/02\/28\/arguido-por-manter-12-caes-em-condicoes-precarias\/","title":{"rendered":"Arguido por manter 12 c\u00e3es em condi\u00e7\u00f5es prec\u00e1rias"},"content":{"rendered":"<p>Um homem de 50 anos foi constitu\u00eddo arguido pelo Servi\u00e7o de Prote\u00e7\u00e3o da Natureza e Ambiente da GNR de Vila Franca de Xira, por crime de maus tratos a animais de companhia. A identifica\u00e7\u00e3o ocorreu durante uma fiscaliza\u00e7\u00e3o ao terreno do suspeito na regi\u00e3o.<\/p>\n<p>Durante a a\u00e7\u00e3o, foram encontrados 12 c\u00e3es, repartidos entre seis adultos e seis crias, em condi\u00e7\u00f5es muito prec\u00e1rias. Um dos c\u00e3es adultos apresentava necessidade evidente de assist\u00eancia veterin\u00e1ria, enquanto os restantes estavam alojados em condi\u00e7\u00f5es inadequadas.<\/p>\n<p>Os 12 c\u00e3es foram apreendidos e encaminhados para um centro de recolha animal da c\u00e2mara municipal local. O homem foi constitu\u00eddo arguido pela pr\u00e1tica do crime de maus tratos a animais de companhia.<\/p>\n","protected":false},"excerpt":{"rendered":"<ul>\n<li>O Servi\u00e7o de Prote\u00e7\u00e3o da Natureza e Ambiente da GNR de Vila Franca de Xira identificou um homem de 50 anos como arguido por maus tratos a animais de companhia.<\/li>\n<li>Durante a fiscaliza\u00e7\u00e3o, foram encontrados 12 c\u00e3es \u2014 seis adultos e seis crias \u2014 em condi\u00e7\u00f5es prec\u00e1rias.<\/li>\n<li>Um dos c\u00e3es adultos apresentava necessidade evidente de assist\u00eancia veterin\u00e1ria.<\/li>\n<li>Os 12 c\u00e3es foram apreendidos e encaminhados para um centro de recolha animal da c\u00e2mara municipal.<\/li>\n<li>O homem foi constitu\u00eddo arguido pelo crime.<\/li>\n<\/ul>\n","protected":false},"author":2,"featured_media":392032,"comment_status":"closed","ping_status":"closed","sticky":false,"template":"","format":"standard","meta":{"footnotes":""},"categories":[1],"tags":[5722,3091,4577,5869,3365],"class_list":["post-392020","post","type-post","status-publish","format-standard","has-post-thumbnail","hentry","category-noticias","tag-abandono-de-animal-de-companhia","tag-animais","tag-animais-de-companhia","tag-maus-tratos","tag-maus-tratos-a-animais-de-companhia"],"yoast_head":"<!-- This site is optimized with the Yoast SEO plugin v27.2 - https:\/\/yoast.com\/product\/yoast-seo-wordpress\/ -->\n<title>Arguido por manter 12 c\u00e3es em condi\u00e7\u00f5es prec\u00e1rias - Portal Tela Portugal<\/title>\n<meta name=\"robots\" content=\"index, follow, max-snippet:-1, max-image-preview:large, max-video-preview:-1\" \/>\n<meta property=\"og:locale\" content=\"pt_PT\" \/>\n<meta property=\"og:type\" content=\"article\" \/>\n<meta property=\"og:title\" content=\"Arguido por manter 12 c\u00e3es em condi\u00e7\u00f5es prec\u00e1rias - Portal Tela Portugal\" \/>\n<meta property=\"og:description\" content=\"O Servi\u00e7o de Prote\u00e7\u00e3o da Natureza e Ambiente da GNR de Vila Franca de Xira identificou um homem de 50 anos como arguido por maus tratos a animais de companhia. Durante a fiscaliza\u00e7\u00e3o, foram encontrados 12 c\u00e3es \u2014 seis adultos e seis crias \u2014 em condi\u00e7\u00f5es prec\u00e1rias. Um dos c\u00e3es adultos apresentava necessidade evidente de assist\u00eancia veterin\u00e1ria. Os 12 c\u00e3es foram apreendidos e encaminhados para um centro de recolha animal da c\u00e2mara municipal. O homem foi constitu\u00eddo arguido pelo crime.\" \/>\n<meta property=\"og:url\" content=\"https:\/\/portaltela.pt\/noticias\/2026\/02\/28\/arguido-por-manter-12-caes-em-condicoes-precarias\/\" \/>\n<meta property=\"og:site_name\" content=\"Portal Tela Portugal\" \/>\n<meta property=\"article:published_time\" content=\"2026-02-28T12:10:47+00:00\" \/>\n<meta name=\"author\" content=\"Telinha\" \/>\n<meta name=\"twitter:card\" content=\"summary_large_image\" \/>\n<meta name=\"twitter:label1\" content=\"Escrito por\" \/>\n\t<meta name=\"twitter:data1\" content=\"Telinha\" \/>\n\t<meta name=\"twitter:label2\" content=\"Tempo estimado de leitura\" \/>\n\t<meta name=\"twitter:data2\" content=\"1 minuto\" \/>\n<script type=\"application\/ld+json\" class=\"yoast-schema-graph\">{\"@context\":\"https:\/\/schema.org\",\"@graph\":[{\"@type\":\"Article\",\"@id\":\"https:\/\/portaltela.pt\/noticias\/2026\/02\/28\/arguido-por-manter-12-caes-em-condicoes-precarias\/#article\",\"isPartOf\":{\"@id\":\"https:\/\/portaltela.pt\/noticias\/2026\/02\/28\/arguido-por-manter-12-caes-em-condicoes-precarias\/\"},\"author\":{\"name\":\"Telinha\",\"@id\":\"https:\/\/portaltela.pt\/#\/schema\/person\/c4278d4a6028830caff9ee44b42d32ed\"},\"headline\":\"Arguido por manter 12 c\u00e3es em condi\u00e7\u00f5es prec\u00e1rias\",\"datePublished\":\"2026-02-28T12:10:47+00:00\",\"mainEntityOfPage\":{\"@id\":\"https:\/\/portaltela.pt\/noticias\/2026\/02\/28\/arguido-por-manter-12-caes-em-condicoes-precarias\/\"},\"wordCount\":138,\"image\":{\"@id\":\"https:\/\/portaltela.pt\/noticias\/2026\/02\/28\/arguido-por-manter-12-caes-em-condicoes-precarias\/#primaryimage\"},\"thumbnailUrl\":\"https:\/\/portaltela.pt\/s.01k8rhncp4jt1\/2026\/02\/img_1280x721uu2026-02-28-11-44-22-2269534.jpg\",\"keywords\":[\"abandono de animal de companhia\",\"animais\",\"animais de companhia\",\"maus-tratos\",\"maus-tratos a animais de companhia\"],\"articleSection\":[\"Not\u00edcias\"],\"inLanguage\":\"pt-PT\"},{\"@type\":\"WebPage\",\"@id\":\"https:\/\/portaltela.pt\/noticias\/2026\/02\/28\/arguido-por-manter-12-caes-em-condicoes-precarias\/\",\"url\":\"https:\/\/portaltela.pt\/noticias\/2026\/02\/28\/arguido-por-manter-12-caes-em-condicoes-precarias\/\",\"name\":\"Arguido por manter 12 c\u00e3es em condi\u00e7\u00f5es prec\u00e1rias - Portal Tela Portugal\",\"isPartOf\":{\"@id\":\"https:\/\/portaltela.pt\/#website\"},\"primaryImageOfPage\":{\"@id\":\"https:\/\/portaltela.pt\/noticias\/2026\/02\/28\/arguido-por-manter-12-caes-em-condicoes-precarias\/#primaryimage\"},\"image\":{\"@id\":\"https:\/\/portaltela.pt\/noticias\/2026\/02\/28\/arguido-por-manter-12-caes-em-condicoes-precarias\/#primaryimage\"},\"thumbnailUrl\":\"https:\/\/portaltela.pt\/s.01k8rhncp4jt1\/2026\/02\/img_1280x721uu2026-02-28-11-44-22-2269534.jpg\",\"datePublished\":\"2026-02-28T12:10:47+00:00\",\"author\":{\"@id\":\"https:\/\/portaltela.pt\/#\/schema\/person\/c4278d4a6028830caff9ee44b42d32ed\"},\"breadcrumb\":{\"@id\":\"https:\/\/portaltela.pt\/noticias\/2026\/02\/28\/arguido-por-manter-12-caes-em-condicoes-precarias\/#breadcrumb\"},\"inLanguage\":\"pt-PT\",\"potentialAction\":[{\"@type\":\"ReadAction\",\"target\":[\"https:\/\/portaltela.pt\/noticias\/2026\/02\/28\/arguido-por-manter-12-caes-em-condicoes-precarias\/\"]}]},{\"@type\":\"ImageObject\",\"inLanguage\":\"pt-PT\",\"@id\":\"https:\/\/portaltela.pt\/noticias\/2026\/02\/28\/arguido-por-manter-12-caes-em-condicoes-precarias\/#primaryimage\",\"url\":\"https:\/\/portaltela.pt\/s.01k8rhncp4jt1\/2026\/02\/img_1280x721uu2026-02-28-11-44-22-2269534.jpg\",\"contentUrl\":\"https:\/\/portaltela.pt\/s.01k8rhncp4jt1\/2026\/02\/img_1280x721uu2026-02-28-11-44-22-2269534.jpg\",\"width\":796,\"height\":448,\"caption\":\"Photo\"},{\"@type\":\"BreadcrumbList\",\"@id\":\"https:\/\/portaltela.pt\/noticias\/2026\/02\/28\/arguido-por-manter-12-caes-em-condicoes-precarias\/#breadcrumb\",\"itemListElement\":[{\"@type\":\"ListItem\",\"position\":1,\"name\":\"In\u00edcio\",\"item\":\"https:\/\/portaltela.pt\/\"},{\"@type\":\"ListItem\",\"position\":2,\"name\":\"Arguido por manter 12 c\u00e3es em condi\u00e7\u00f5es prec\u00e1rias\"}]},{\"@type\":\"WebSite\",\"@id\":\"https:\/\/portaltela.pt\/#website\",\"url\":\"https:\/\/portaltela.pt\/\",\"name\":\"Portal Tela Portugal\",\"description\":\"\",\"potentialAction\":[{\"@type\":\"SearchAction\",\"target\":{\"@type\":\"EntryPoint\",\"urlTemplate\":\"https:\/\/portaltela.pt\/?s={search_term_string}\"},\"query-input\":{\"@type\":\"PropertyValueSpecification\",\"valueRequired\":true,\"valueName\":\"search_term_string\"}}],\"inLanguage\":\"pt-PT\"},{\"@type\":\"Person\",\"@id\":\"https:\/\/portaltela.pt\/#\/schema\/person\/c4278d4a6028830caff9ee44b42d32ed\",\"name\":\"Telinha\",\"image\":{\"@type\":\"ImageObject\",\"inLanguage\":\"pt-PT\",\"@id\":\"https:\/\/portaltela.pt\/s.01k8rhncp4jt1\/2025\/11\/talking-bot-125x125.png\",\"url\":\"https:\/\/portaltela.pt\/s.01k8rhncp4jt1\/2025\/11\/talking-bot-125x125.png\",\"contentUrl\":\"https:\/\/portaltela.pt\/s.01k8rhncp4jt1\/2025\/11\/talking-bot-125x125.png\",\"caption\":\"Telinha\"},\"sameAs\":[\"https:\/\/portaltela.pt\/\"],\"url\":\"https:\/\/portaltela.pt\/por\/367410592786\/\"}]}<\/script>\n<!-- \/ Yoast SEO plugin. -->","yoast_head_json":{"title":"Arguido por manter 12 c\u00e3es em condi\u00e7\u00f5es prec\u00e1rias - Portal Tela Portugal","robots":{"index":"index","follow":"follow","max-snippet":"max-snippet:-1","max-image-preview":"max-image-preview:large","max-video-preview":"max-video-preview:-1"},"og_locale":"pt_PT","og_type":"article","og_title":"Arguido por manter 12 c\u00e3es em condi\u00e7\u00f5es prec\u00e1rias - Portal Tela Portugal","og_description":"O Servi\u00e7o de Prote\u00e7\u00e3o da Natureza e Ambiente da GNR de Vila Franca de Xira identificou um homem de 50 anos como arguido por maus tratos a animais de companhia. Durante a fiscaliza\u00e7\u00e3o, foram encontrados 12 c\u00e3es \u2014 seis adultos e seis crias \u2014 em condi\u00e7\u00f5es prec\u00e1rias. Um dos c\u00e3es adultos apresentava necessidade evidente de assist\u00eancia veterin\u00e1ria. Os 12 c\u00e3es foram apreendidos e encaminhados para um centro de recolha animal da c\u00e2mara municipal. O homem foi constitu\u00eddo arguido pelo crime.","og_url":"https:\/\/portaltela.pt\/noticias\/2026\/02\/28\/arguido-por-manter-12-caes-em-condicoes-precarias\/","og_site_name":"Portal Tela Portugal","article_published_time":"2026-02-28T12:10:47+00:00","author":"Telinha","twitter_card":"summary_large_image","twitter_misc":{"Escrito por":"Telinha","Tempo estimado de leitura":"1 minuto"},"schema":{"@context":"https:\/\/schema.org","@graph":[{"@type":"Article","@id":"https:\/\/portaltela.pt\/noticias\/2026\/02\/28\/arguido-por-manter-12-caes-em-condicoes-precarias\/#article","isPartOf":{"@id":"https:\/\/portaltela.pt\/noticias\/2026\/02\/28\/arguido-por-manter-12-caes-em-condicoes-precarias\/"},"author":{"name":"Telinha","@id":"https:\/\/portaltela.pt\/#\/schema\/person\/c4278d4a6028830caff9ee44b42d32ed"},"headline":"Arguido por manter 12 c\u00e3es em condi\u00e7\u00f5es prec\u00e1rias","datePublished":"2026-02-28T12:10:47+00:00","mainEntityOfPage":{"@id":"https:\/\/portaltela.pt\/noticias\/2026\/02\/28\/arguido-por-manter-12-caes-em-condicoes-precarias\/"},"wordCount":138,"image":{"@id":"https:\/\/portaltela.pt\/noticias\/2026\/02\/28\/arguido-por-manter-12-caes-em-condicoes-precarias\/#primaryimage"},"thumbnailUrl":"https:\/\/portaltela.pt\/s.01k8rhncp4jt1\/2026\/02\/img_1280x721uu2026-02-28-11-44-22-2269534.jpg","keywords":["abandono de animal de companhia","animais","animais de companhia","maus-tratos","maus-tratos a animais de companhia"],"articleSection":["Not\u00edcias"],"inLanguage":"pt-PT"},{"@type":"WebPage","@id":"https:\/\/portaltela.pt\/noticias\/2026\/02\/28\/arguido-por-manter-12-caes-em-condicoes-precarias\/","url":"https:\/\/portaltela.pt\/noticias\/2026\/02\/28\/arguido-por-manter-12-caes-em-condicoes-precarias\/","name":"Arguido por manter 12 c\u00e3es em condi\u00e7\u00f5es prec\u00e1rias - Portal Tela Portugal","isPartOf":{"@id":"https:\/\/portaltela.pt\/#website"},"primaryImageOfPage":{"@id":"https:\/\/portaltela.pt\/noticias\/2026\/02\/28\/arguido-por-manter-12-caes-em-condicoes-precarias\/#primaryimage"},"image":{"@id":"https:\/\/portaltela.pt\/noticias\/2026\/02\/28\/arguido-por-manter-12-caes-em-condicoes-precarias\/#primaryimage"},"thumbnailUrl":"https:\/\/portaltela.pt\/s.01k8rhncp4jt1\/2026\/02\/img_1280x721uu2026-02-28-11-44-22-2269534.jpg","datePublished":"2026-02-28T12:10:47+00:00","author":{"@id":"https:\/\/portaltela.pt\/#\/schema\/person\/c4278d4a6028830caff9ee44b42d32ed"},"breadcrumb":{"@id":"https:\/\/portaltela.pt\/noticias\/2026\/02\/28\/arguido-por-manter-12-caes-em-condicoes-precarias\/#breadcrumb"},"inLanguage":"pt-PT","potentialAction":[{"@type":"ReadAction","target":["https:\/\/portaltela.pt\/noticias\/2026\/02\/28\/arguido-por-manter-12-caes-em-condicoes-precarias\/"]}]},{"@type":"ImageObject","inLanguage":"pt-PT","@id":"https:\/\/portaltela.pt\/noticias\/2026\/02\/28\/arguido-por-manter-12-caes-em-condicoes-precarias\/#primaryimage","url":"https:\/\/portaltela.pt\/s.01k8rhncp4jt1\/2026\/02\/img_1280x721uu2026-02-28-11-44-22-2269534.jpg","contentUrl":"https:\/\/portaltela.pt\/s.01k8rhncp4jt1\/2026\/02\/img_1280x721uu2026-02-28-11-44-22-2269534.jpg","width":796,"height":448,"caption":"Photo"},{"@type":"BreadcrumbList","@id":"https:\/\/portaltela.pt\/noticias\/2026\/02\/28\/arguido-por-manter-12-caes-em-condicoes-precarias\/#breadcrumb","itemListElement":[{"@type":"ListItem","position":1,"name":"In\u00edcio","item":"https:\/\/portaltela.pt\/"},{"@type":"ListItem","position":2,"name":"Arguido por manter 12 c\u00e3es em condi\u00e7\u00f5es prec\u00e1rias"}]},{"@type":"WebSite","@id":"https:\/\/portaltela.pt\/#website","url":"https:\/\/portaltela.pt\/","name":"Portal Tela Portugal","description":"","potentialAction":[{"@type":"SearchAction","target":{"@type":"EntryPoint","urlTemplate":"https:\/\/portaltela.pt\/?s={search_term_string}"},"query-input":{"@type":"PropertyValueSpecification","valueRequired":true,"valueName":"search_term_string"}}],"inLanguage":"pt-PT"},{"@type":"Person","@id":"https:\/\/portaltela.pt\/#\/schema\/person\/c4278d4a6028830caff9ee44b42d32ed","name":"Telinha","image":{"@type":"ImageObject","inLanguage":"pt-PT","@id":"https:\/\/portaltela.pt\/s.01k8rhncp4jt1\/2025\/11\/talking-bot-125x125.png","url":"https:\/\/portaltela.pt\/s.01k8rhncp4jt1\/2025\/11\/talking-bot-125x125.png","contentUrl":"https:\/\/portaltela.pt\/s.01k8rhncp4jt1\/2025\/11\/talking-bot-125x125.png","caption":"Telinha"},"sameAs":["https:\/\/portaltela.pt\/"],"url":"https:\/\/portaltela.pt\/por\/367410592786\/"}]}},"_links":{"self":[{"href":"https:\/\/portaltela.pt\/api\/wp\/v2\/posts\/392020","targetHints":{"allow":["GET"]}}],"collection":[{"href":"https:\/\/portaltela.pt\/api\/wp\/v2\/posts"}],"about":[{"href":"https:\/\/portaltela.pt\/api\/wp\/v2\/types\/post"}],"author":[{"embeddable":true,"href":"https:\/\/portaltela.pt\/api\/wp\/v2\/users\/2"}],"replies":[{"embeddable":true,"href":"https:\/\/portaltela.pt\/api\/wp\/v2\/comments?post=392020"}],"version-history":[{"count":0,"href":"https:\/\/portaltela.pt\/api\/wp\/v2\/posts\/392020\/revisions"}],"wp:featuredmedia":[{"embeddable":true,"href":"https:\/\/portaltela.pt\/api\/wp\/v2\/media\/392032"}],"wp:attachment":[{"href":"https:\/\/portaltela.pt\/api\/wp\/v2\/media?parent=392020"}],"wp:term":[{"taxonomy":"category","embeddable":true,"href":"https:\/\/portaltela.pt\/api\/wp\/v2\/categories?post=392020"},{"taxonomy":"post_tag","embeddable":true,"href":"https:\/\/portaltela.pt\/api\/wp\/v2\/tags?post=392020"}],"curies":[{"name":"wp","href":"https:\/\/api.w.org\/{rel}","templated":true}]}}