{"id":391957,"date":"2026-02-28T08:16:38","date_gmt":"2026-02-28T11:16:38","guid":{"rendered":"https:\/\/portaltela.pt\/noticias\/2026\/02\/28\/lufthansa-e-turkish-airlines-suspendem-voos-para-o-medio-oriente-por-tensoes\/"},"modified":"2026-02-28T08:16:38","modified_gmt":"2026-02-28T11:16:38","slug":"lufthansa-e-turkish-airlines-suspendem-voos-para-o-medio-oriente-por-tensoes","status":"publish","type":"post","link":"https:\/\/portaltela.pt\/noticias\/2026\/02\/28\/lufthansa-e-turkish-airlines-suspendem-voos-para-o-medio-oriente-por-tensoes\/","title":{"rendered":"Lufthansa e Turkish Airlines suspendem voos para o M\u00e9dio Oriente por tens\u00f5es"},"content":{"rendered":"<p>A Lufthansa e a Turkish Airlines anunciaram a suspens\u00e3o tempor\u00e1ria de voos para cidades do M\u00e9dio Oriente, incluindo Telavive, Beirute, Am\u00e3, Erbil e Teer\u00e3o, at\u00e9 7 de mar\u00e7o. A medida deve-se \u00e0s tens\u00f5es entre Estados Unidos, Israel e Ir\u00e3o e \u00e0s condi\u00e7\u00f5es de seguran\u00e7a na regi\u00e3o.<\/p>\n<p>A decis\u00e3o foi tomada pelas duas companhias em resposta \u00e0 instabilidade que afeta opera\u00e7\u00f5es e seguran\u00e7a de passageiros e equipa. O objetivo \u00e9 manter a prote\u00e7\u00e3o de quem viaja e de quem trabalha nas rotas afetadas.<\/p>\n<p>Ambas as empresas destacam que mant\u00eam a monitoriza\u00e7\u00e3o da situa\u00e7\u00e3o e poder\u00e3o ajustar opera\u00e7\u00f5es conforme o evoluir dos acontecimentos. Passageiros s\u00e3o aconselhados a verificar o estado dos voos antes de sair para o aeroporto.<\/p>\n<h3>Impacto na mobilidade e opera\u00e7\u00f5es<\/h3>\n<p>A suspens\u00e3o impacta viagens de neg\u00f3cio e turismo, com atraso de planos de milhares de passageiros. O cancelamento das rotas afeta tamb\u00e9m a conectividade regional e rela\u00e7\u00f5es comerciais.<\/p>\n<h3>Medidas de seguran\u00e7a e acompanhamento<\/h3>\n<p>As companhias refor\u00e7am medidas de seguran\u00e7a e recomendam seguir informa\u00e7\u00f5es oficiais. Autoridades locais e internacionais acompanham a evolu\u00e7\u00e3o para solu\u00e7\u00f5es diplom\u00e1ticas.<\/p>\n","protected":false},"excerpt":{"rendered":"<ul>\n<li>A Lufthansa e a Turkish Airlines suspenderam, at\u00e9 sete de mar\u00e7o, voos de e para Telavive, Beirute, Am\u00e3, Erbil e Teer\u00e3o, devido a tens\u00f5es entre os Estados Unidos, Israel e Ir\u00e3o.<\/li>\n<li>A decis\u00e3o \u00e9 uma medida de seguran\u00e7a na regi\u00e3o e envolve as opera\u00e7\u00f5es das duas companhias.<\/li>\n<li>O impacto recai sobre milhares de passageiros que j\u00e1 planeavam viajar para ou a partir desses destinos, com orienta\u00e7\u00e3o para verificar o status dos voos.<\/li>\n<li>As empresas continuam a monitorizar a situa\u00e7\u00e3o e podem ajustar as opera\u00e7\u00f5es conforme necess\u00e1rio.<\/li>\n<li>Autoridades locais e internacionais acompanham a crise, com foco em solu\u00e7\u00f5es diplom\u00e1ticas para reduzir a instabilidade na regi\u00e3o.<\/li>\n<\/ul>\n","protected":false},"author":2,"featured_media":391961,"comment_status":"closed","ping_status":"closed","sticky":false,"template":"","format":"standard","meta":{"footnotes":""},"categories":[1],"tags":[3399,81,2470,4084,2871,4559],"class_list":["post-391957","post","type-post","status-publish","format-standard","has-post-thumbnail","hentry","category-noticias","tag-erbil","tag-internacionais","tag-irao","tag-teerao","tag-telavive","tag-transporte-internacional"],"yoast_head":"<!-- This site is optimized with the Yoast SEO plugin v27.2 - https:\/\/yoast.com\/product\/yoast-seo-wordpress\/ -->\n<title>Lufthansa e Turkish Airlines suspendem voos para o M\u00e9dio Oriente por tens\u00f5es - Portal Tela Portugal<\/title>\n<meta name=\"robots\" content=\"index, follow, max-snippet:-1, max-image-preview:large, max-video-preview:-1\" \/>\n<meta property=\"og:locale\" content=\"pt_PT\" \/>\n<meta property=\"og:type\" content=\"article\" \/>\n<meta property=\"og:title\" content=\"Lufthansa e Turkish Airlines suspendem voos para o M\u00e9dio Oriente por tens\u00f5es - Portal Tela Portugal\" \/>\n<meta property=\"og:description\" content=\"A Lufthansa e a Turkish Airlines suspenderam, at\u00e9 sete de mar\u00e7o, voos de e para Telavive, Beirute, Am\u00e3, Erbil e Teer\u00e3o, devido a tens\u00f5es entre os Estados Unidos, Israel e Ir\u00e3o. A decis\u00e3o \u00e9 uma medida de seguran\u00e7a na regi\u00e3o e envolve as opera\u00e7\u00f5es das duas companhias. O impacto recai sobre milhares de passageiros que j\u00e1 planeavam viajar para ou a partir desses destinos, com orienta\u00e7\u00e3o para verificar o status dos voos. As empresas continuam a monitorizar a situa\u00e7\u00e3o e podem ajustar as opera\u00e7\u00f5es conforme necess\u00e1rio. Autoridades locais e internacionais acompanham a crise, com foco em solu\u00e7\u00f5es diplom\u00e1ticas para reduzir a instabilidade na regi\u00e3o.\" \/>\n<meta property=\"og:url\" content=\"https:\/\/portaltela.pt\/noticias\/2026\/02\/28\/lufthansa-e-turkish-airlines-suspendem-voos-para-o-medio-oriente-por-tensoes\/\" \/>\n<meta property=\"og:site_name\" content=\"Portal Tela Portugal\" \/>\n<meta property=\"article:published_time\" content=\"2026-02-28T11:16:38+00:00\" \/>\n<meta name=\"author\" content=\"Telinha\" \/>\n<meta name=\"twitter:card\" content=\"summary_large_image\" \/>\n<meta name=\"twitter:label1\" content=\"Escrito por\" \/>\n\t<meta name=\"twitter:data1\" content=\"Telinha\" \/>\n\t<meta name=\"twitter:label2\" content=\"Tempo estimado de leitura\" \/>\n\t<meta name=\"twitter:data2\" content=\"1 minuto\" \/>\n<script type=\"application\/ld+json\" class=\"yoast-schema-graph\">{\"@context\":\"https:\/\/schema.org\",\"@graph\":[{\"@type\":\"Article\",\"@id\":\"https:\/\/portaltela.pt\/noticias\/2026\/02\/28\/lufthansa-e-turkish-airlines-suspendem-voos-para-o-medio-oriente-por-tensoes\/#article\",\"isPartOf\":{\"@id\":\"https:\/\/portaltela.pt\/noticias\/2026\/02\/28\/lufthansa-e-turkish-airlines-suspendem-voos-para-o-medio-oriente-por-tensoes\/\"},\"author\":{\"name\":\"Telinha\",\"@id\":\"https:\/\/portaltela.pt\/#\/schema\/person\/c4278d4a6028830caff9ee44b42d32ed\"},\"headline\":\"Lufthansa e Turkish Airlines suspendem voos para o M\u00e9dio Oriente por tens\u00f5es\",\"datePublished\":\"2026-02-28T11:16:38+00:00\",\"mainEntityOfPage\":{\"@id\":\"https:\/\/portaltela.pt\/noticias\/2026\/02\/28\/lufthansa-e-turkish-airlines-suspendem-voos-para-o-medio-oriente-por-tensoes\/\"},\"wordCount\":218,\"image\":{\"@id\":\"https:\/\/portaltela.pt\/noticias\/2026\/02\/28\/lufthansa-e-turkish-airlines-suspendem-voos-para-o-medio-oriente-por-tensoes\/#primaryimage\"},\"thumbnailUrl\":\"https:\/\/portaltela.pt\/s.01k8rhncp4jt1\/2026\/02\/dn2Fimport2Fdvlrsekjvabvdvos2Fof2ief4qnp5p.jpg\",\"keywords\":[\"Erbil\",\"internacionais\",\"Ir\u00e3o\",\"Teer\u00e3o\",\"Telavive\",\"transporte internacional\"],\"articleSection\":[\"Not\u00edcias\"],\"inLanguage\":\"pt-PT\"},{\"@type\":\"WebPage\",\"@id\":\"https:\/\/portaltela.pt\/noticias\/2026\/02\/28\/lufthansa-e-turkish-airlines-suspendem-voos-para-o-medio-oriente-por-tensoes\/\",\"url\":\"https:\/\/portaltela.pt\/noticias\/2026\/02\/28\/lufthansa-e-turkish-airlines-suspendem-voos-para-o-medio-oriente-por-tensoes\/\",\"name\":\"Lufthansa e Turkish Airlines suspendem voos para o M\u00e9dio Oriente por tens\u00f5es - Portal Tela Portugal\",\"isPartOf\":{\"@id\":\"https:\/\/portaltela.pt\/#website\"},\"primaryImageOfPage\":{\"@id\":\"https:\/\/portaltela.pt\/noticias\/2026\/02\/28\/lufthansa-e-turkish-airlines-suspendem-voos-para-o-medio-oriente-por-tensoes\/#primaryimage\"},\"image\":{\"@id\":\"https:\/\/portaltela.pt\/noticias\/2026\/02\/28\/lufthansa-e-turkish-airlines-suspendem-voos-para-o-medio-oriente-por-tensoes\/#primaryimage\"},\"thumbnailUrl\":\"https:\/\/portaltela.pt\/s.01k8rhncp4jt1\/2026\/02\/dn2Fimport2Fdvlrsekjvabvdvos2Fof2ief4qnp5p.jpg\",\"datePublished\":\"2026-02-28T11:16:38+00:00\",\"author\":{\"@id\":\"https:\/\/portaltela.pt\/#\/schema\/person\/c4278d4a6028830caff9ee44b42d32ed\"},\"breadcrumb\":{\"@id\":\"https:\/\/portaltela.pt\/noticias\/2026\/02\/28\/lufthansa-e-turkish-airlines-suspendem-voos-para-o-medio-oriente-por-tensoes\/#breadcrumb\"},\"inLanguage\":\"pt-PT\",\"potentialAction\":[{\"@type\":\"ReadAction\",\"target\":[\"https:\/\/portaltela.pt\/noticias\/2026\/02\/28\/lufthansa-e-turkish-airlines-suspendem-voos-para-o-medio-oriente-por-tensoes\/\"]}]},{\"@type\":\"ImageObject\",\"inLanguage\":\"pt-PT\",\"@id\":\"https:\/\/portaltela.pt\/noticias\/2026\/02\/28\/lufthansa-e-turkish-airlines-suspendem-voos-para-o-medio-oriente-por-tensoes\/#primaryimage\",\"url\":\"https:\/\/portaltela.pt\/s.01k8rhncp4jt1\/2026\/02\/dn2Fimport2Fdvlrsekjvabvdvos2Fof2ief4qnp5p.jpg\",\"contentUrl\":\"https:\/\/portaltela.pt\/s.01k8rhncp4jt1\/2026\/02\/dn2Fimport2Fdvlrsekjvabvdvos2Fof2ief4qnp5p.jpg\",\"width\":1200,\"height\":630,\"caption\":\"Lufthansa e Turkish Airlines suspendem voos para v\u00e1rios pa\u00edses do M\u00e9dio Oriente\"},{\"@type\":\"BreadcrumbList\",\"@id\":\"https:\/\/portaltela.pt\/noticias\/2026\/02\/28\/lufthansa-e-turkish-airlines-suspendem-voos-para-o-medio-oriente-por-tensoes\/#breadcrumb\",\"itemListElement\":[{\"@type\":\"ListItem\",\"position\":1,\"name\":\"In\u00edcio\",\"item\":\"https:\/\/portaltela.pt\/\"},{\"@type\":\"ListItem\",\"position\":2,\"name\":\"Lufthansa e Turkish Airlines suspendem voos para o M\u00e9dio Oriente por tens\u00f5es\"}]},{\"@type\":\"WebSite\",\"@id\":\"https:\/\/portaltela.pt\/#website\",\"url\":\"https:\/\/portaltela.pt\/\",\"name\":\"Portal Tela Portugal\",\"description\":\"\",\"potentialAction\":[{\"@type\":\"SearchAction\",\"target\":{\"@type\":\"EntryPoint\",\"urlTemplate\":\"https:\/\/portaltela.pt\/?s={search_term_string}\"},\"query-input\":{\"@type\":\"PropertyValueSpecification\",\"valueRequired\":true,\"valueName\":\"search_term_string\"}}],\"inLanguage\":\"pt-PT\"},{\"@type\":\"Person\",\"@id\":\"https:\/\/portaltela.pt\/#\/schema\/person\/c4278d4a6028830caff9ee44b42d32ed\",\"name\":\"Telinha\",\"image\":{\"@type\":\"ImageObject\",\"inLanguage\":\"pt-PT\",\"@id\":\"https:\/\/portaltela.pt\/s.01k8rhncp4jt1\/2025\/11\/talking-bot-125x125.png\",\"url\":\"https:\/\/portaltela.pt\/s.01k8rhncp4jt1\/2025\/11\/talking-bot-125x125.png\",\"contentUrl\":\"https:\/\/portaltela.pt\/s.01k8rhncp4jt1\/2025\/11\/talking-bot-125x125.png\",\"caption\":\"Telinha\"},\"sameAs\":[\"https:\/\/portaltela.pt\/\"],\"url\":\"https:\/\/portaltela.pt\/por\/367410592786\/\"}]}<\/script>\n<!-- \/ Yoast SEO plugin. -->","yoast_head_json":{"title":"Lufthansa e Turkish Airlines suspendem voos para o M\u00e9dio Oriente por tens\u00f5es - Portal Tela Portugal","robots":{"index":"index","follow":"follow","max-snippet":"max-snippet:-1","max-image-preview":"max-image-preview:large","max-video-preview":"max-video-preview:-1"},"og_locale":"pt_PT","og_type":"article","og_title":"Lufthansa e Turkish Airlines suspendem voos para o M\u00e9dio Oriente por tens\u00f5es - Portal Tela Portugal","og_description":"A Lufthansa e a Turkish Airlines suspenderam, at\u00e9 sete de mar\u00e7o, voos de e para Telavive, Beirute, Am\u00e3, Erbil e Teer\u00e3o, devido a tens\u00f5es entre os Estados Unidos, Israel e Ir\u00e3o. A decis\u00e3o \u00e9 uma medida de seguran\u00e7a na regi\u00e3o e envolve as opera\u00e7\u00f5es das duas companhias. O impacto recai sobre milhares de passageiros que j\u00e1 planeavam viajar para ou a partir desses destinos, com orienta\u00e7\u00e3o para verificar o status dos voos. As empresas continuam a monitorizar a situa\u00e7\u00e3o e podem ajustar as opera\u00e7\u00f5es conforme necess\u00e1rio. Autoridades locais e internacionais acompanham a crise, com foco em solu\u00e7\u00f5es diplom\u00e1ticas para reduzir a instabilidade na regi\u00e3o.","og_url":"https:\/\/portaltela.pt\/noticias\/2026\/02\/28\/lufthansa-e-turkish-airlines-suspendem-voos-para-o-medio-oriente-por-tensoes\/","og_site_name":"Portal Tela Portugal","article_published_time":"2026-02-28T11:16:38+00:00","author":"Telinha","twitter_card":"summary_large_image","twitter_misc":{"Escrito por":"Telinha","Tempo estimado de leitura":"1 minuto"},"schema":{"@context":"https:\/\/schema.org","@graph":[{"@type":"Article","@id":"https:\/\/portaltela.pt\/noticias\/2026\/02\/28\/lufthansa-e-turkish-airlines-suspendem-voos-para-o-medio-oriente-por-tensoes\/#article","isPartOf":{"@id":"https:\/\/portaltela.pt\/noticias\/2026\/02\/28\/lufthansa-e-turkish-airlines-suspendem-voos-para-o-medio-oriente-por-tensoes\/"},"author":{"name":"Telinha","@id":"https:\/\/portaltela.pt\/#\/schema\/person\/c4278d4a6028830caff9ee44b42d32ed"},"headline":"Lufthansa e Turkish Airlines suspendem voos para o M\u00e9dio Oriente por tens\u00f5es","datePublished":"2026-02-28T11:16:38+00:00","mainEntityOfPage":{"@id":"https:\/\/portaltela.pt\/noticias\/2026\/02\/28\/lufthansa-e-turkish-airlines-suspendem-voos-para-o-medio-oriente-por-tensoes\/"},"wordCount":218,"image":{"@id":"https:\/\/portaltela.pt\/noticias\/2026\/02\/28\/lufthansa-e-turkish-airlines-suspendem-voos-para-o-medio-oriente-por-tensoes\/#primaryimage"},"thumbnailUrl":"https:\/\/portaltela.pt\/s.01k8rhncp4jt1\/2026\/02\/dn2Fimport2Fdvlrsekjvabvdvos2Fof2ief4qnp5p.jpg","keywords":["Erbil","internacionais","Ir\u00e3o","Teer\u00e3o","Telavive","transporte internacional"],"articleSection":["Not\u00edcias"],"inLanguage":"pt-PT"},{"@type":"WebPage","@id":"https:\/\/portaltela.pt\/noticias\/2026\/02\/28\/lufthansa-e-turkish-airlines-suspendem-voos-para-o-medio-oriente-por-tensoes\/","url":"https:\/\/portaltela.pt\/noticias\/2026\/02\/28\/lufthansa-e-turkish-airlines-suspendem-voos-para-o-medio-oriente-por-tensoes\/","name":"Lufthansa e Turkish Airlines suspendem voos para o M\u00e9dio Oriente por tens\u00f5es - Portal Tela Portugal","isPartOf":{"@id":"https:\/\/portaltela.pt\/#website"},"primaryImageOfPage":{"@id":"https:\/\/portaltela.pt\/noticias\/2026\/02\/28\/lufthansa-e-turkish-airlines-suspendem-voos-para-o-medio-oriente-por-tensoes\/#primaryimage"},"image":{"@id":"https:\/\/portaltela.pt\/noticias\/2026\/02\/28\/lufthansa-e-turkish-airlines-suspendem-voos-para-o-medio-oriente-por-tensoes\/#primaryimage"},"thumbnailUrl":"https:\/\/portaltela.pt\/s.01k8rhncp4jt1\/2026\/02\/dn2Fimport2Fdvlrsekjvabvdvos2Fof2ief4qnp5p.jpg","datePublished":"2026-02-28T11:16:38+00:00","author":{"@id":"https:\/\/portaltela.pt\/#\/schema\/person\/c4278d4a6028830caff9ee44b42d32ed"},"breadcrumb":{"@id":"https:\/\/portaltela.pt\/noticias\/2026\/02\/28\/lufthansa-e-turkish-airlines-suspendem-voos-para-o-medio-oriente-por-tensoes\/#breadcrumb"},"inLanguage":"pt-PT","potentialAction":[{"@type":"ReadAction","target":["https:\/\/portaltela.pt\/noticias\/2026\/02\/28\/lufthansa-e-turkish-airlines-suspendem-voos-para-o-medio-oriente-por-tensoes\/"]}]},{"@type":"ImageObject","inLanguage":"pt-PT","@id":"https:\/\/portaltela.pt\/noticias\/2026\/02\/28\/lufthansa-e-turkish-airlines-suspendem-voos-para-o-medio-oriente-por-tensoes\/#primaryimage","url":"https:\/\/portaltela.pt\/s.01k8rhncp4jt1\/2026\/02\/dn2Fimport2Fdvlrsekjvabvdvos2Fof2ief4qnp5p.jpg","contentUrl":"https:\/\/portaltela.pt\/s.01k8rhncp4jt1\/2026\/02\/dn2Fimport2Fdvlrsekjvabvdvos2Fof2ief4qnp5p.jpg","width":1200,"height":630,"caption":"Lufthansa e Turkish Airlines suspendem voos para v\u00e1rios pa\u00edses do M\u00e9dio Oriente"},{"@type":"BreadcrumbList","@id":"https:\/\/portaltela.pt\/noticias\/2026\/02\/28\/lufthansa-e-turkish-airlines-suspendem-voos-para-o-medio-oriente-por-tensoes\/#breadcrumb","itemListElement":[{"@type":"ListItem","position":1,"name":"In\u00edcio","item":"https:\/\/portaltela.pt\/"},{"@type":"ListItem","position":2,"name":"Lufthansa e Turkish Airlines suspendem voos para o M\u00e9dio Oriente por tens\u00f5es"}]},{"@type":"WebSite","@id":"https:\/\/portaltela.pt\/#website","url":"https:\/\/portaltela.pt\/","name":"Portal Tela Portugal","description":"","potentialAction":[{"@type":"SearchAction","target":{"@type":"EntryPoint","urlTemplate":"https:\/\/portaltela.pt\/?s={search_term_string}"},"query-input":{"@type":"PropertyValueSpecification","valueRequired":true,"valueName":"search_term_string"}}],"inLanguage":"pt-PT"},{"@type":"Person","@id":"https:\/\/portaltela.pt\/#\/schema\/person\/c4278d4a6028830caff9ee44b42d32ed","name":"Telinha","image":{"@type":"ImageObject","inLanguage":"pt-PT","@id":"https:\/\/portaltela.pt\/s.01k8rhncp4jt1\/2025\/11\/talking-bot-125x125.png","url":"https:\/\/portaltela.pt\/s.01k8rhncp4jt1\/2025\/11\/talking-bot-125x125.png","contentUrl":"https:\/\/portaltela.pt\/s.01k8rhncp4jt1\/2025\/11\/talking-bot-125x125.png","caption":"Telinha"},"sameAs":["https:\/\/portaltela.pt\/"],"url":"https:\/\/portaltela.pt\/por\/367410592786\/"}]}},"_links":{"self":[{"href":"https:\/\/portaltela.pt\/api\/wp\/v2\/posts\/391957","targetHints":{"allow":["GET"]}}],"collection":[{"href":"https:\/\/portaltela.pt\/api\/wp\/v2\/posts"}],"about":[{"href":"https:\/\/portaltela.pt\/api\/wp\/v2\/types\/post"}],"author":[{"embeddable":true,"href":"https:\/\/portaltela.pt\/api\/wp\/v2\/users\/2"}],"replies":[{"embeddable":true,"href":"https:\/\/portaltela.pt\/api\/wp\/v2\/comments?post=391957"}],"version-history":[{"count":0,"href":"https:\/\/portaltela.pt\/api\/wp\/v2\/posts\/391957\/revisions"}],"wp:featuredmedia":[{"embeddable":true,"href":"https:\/\/portaltela.pt\/api\/wp\/v2\/media\/391961"}],"wp:attachment":[{"href":"https:\/\/portaltela.pt\/api\/wp\/v2\/media?parent=391957"}],"wp:term":[{"taxonomy":"category","embeddable":true,"href":"https:\/\/portaltela.pt\/api\/wp\/v2\/categories?post=391957"},{"taxonomy":"post_tag","embeddable":true,"href":"https:\/\/portaltela.pt\/api\/wp\/v2\/tags?post=391957"}],"curies":[{"name":"wp","href":"https:\/\/api.w.org\/{rel}","templated":true}]}}