{"id":391942,"date":"2026-02-28T05:01:00","date_gmt":"2026-02-28T08:01:00","guid":{"rendered":"https:\/\/portaltela.pt\/noticias\/2026\/02\/28\/empresarios-cabo-verdianos-dizem-que-recrutamento-em-portugal-ameaca-economia\/"},"modified":"2026-02-28T05:01:00","modified_gmt":"2026-02-28T08:01:00","slug":"empresarios-cabo-verdianos-dizem-que-recrutamento-em-portugal-ameaca-economia","status":"publish","type":"post","link":"https:\/\/portaltela.pt\/noticias\/economia\/2026\/02\/28\/empresarios-cabo-verdianos-dizem-que-recrutamento-em-portugal-ameaca-economia\/","title":{"rendered":"Empres\u00e1rios cabo-verdianos dizem que recrutamento em Portugal amea\u00e7a economia"},"content":{"rendered":"<p>Empres\u00e1rios cabo-verdianos alertam que o recrutamento em Portugal pode representar um risco para a economia do arquip\u00e9lago. A not\u00edcia, que \u00e9 apresentada por um ve\u00edculo de comunica\u00e7\u00e3o, est\u00e1 dispon\u00edvel apenas para assinantes.<\/p>\n<p>Segundo a tese apresentada, o fen\u00f3meno de recrutamento tem impactos diretos em setores cruciais da economia cabo-verdiana, nomeadamente emprego local e fluxos de remessas. A narrativa aponta para poss\u00edveis consequ\u00eancias a curto e m\u00e9dio prazo.<\/p>\n<p>Os empres\u00e1rios citados defendem que h\u00e1 necessidade de medidas estrat\u00e9gicas para mitigar efeitos negativos, incluindo monitoriza\u00e7\u00e3o de fluxos de trabalhadores e coordena\u00e7\u00e3o entre os dois pa\u00edses. O texto n\u00e3o detalha dados oficiais ou estat\u00edsticas que permitam quantificar o impacto atual.<\/p>\n","protected":false},"excerpt":{"rendered":"<ul>\n<li>Empres\u00e1rios cabo-verdianos alertam que o recrutamento para Portugal pode amea\u00e7ar a economia de Cabo Verde.<\/li>\n<li>O conte\u00fado completo est\u00e1 dispon\u00edvel apenas para subscritores.<\/li>\n<li>O tema central envolve a rela\u00e7\u00e3o entre migra\u00e7\u00e3o de m\u00e3o de obra para Portugal e potenciais impactos econ\u00f3micos no pa\u00eds.<\/li>\n<\/ul>\n","protected":false},"author":2,"featured_media":391948,"comment_status":"closed","ping_status":"closed","sticky":false,"template":"","format":"standard","meta":{"footnotes":""},"categories":[2,1],"tags":[6115,2329,1006,1456,1014,3155],"class_list":["post-391942","post","type-post","status-publish","format-standard","has-post-thumbnail","hentry","category-economia","category-noticias","tag-_economia","tag-cabo-verde","tag-emprego","tag-migracao","tag-portugal","tag-remessas"],"yoast_head":"<!-- This site is optimized with the Yoast SEO plugin v27.2 - https:\/\/yoast.com\/product\/yoast-seo-wordpress\/ -->\n<title>Empres\u00e1rios cabo-verdianos dizem que recrutamento em Portugal amea\u00e7a economia - Portal Tela Portugal<\/title>\n<meta name=\"robots\" content=\"index, follow, max-snippet:-1, max-image-preview:large, max-video-preview:-1\" \/>\n<meta property=\"og:locale\" content=\"pt_PT\" \/>\n<meta property=\"og:type\" content=\"article\" \/>\n<meta property=\"og:title\" content=\"Empres\u00e1rios cabo-verdianos dizem que recrutamento em Portugal amea\u00e7a economia - Portal Tela Portugal\" \/>\n<meta property=\"og:description\" content=\"Empres\u00e1rios cabo-verdianos alertam que o recrutamento para Portugal pode amea\u00e7ar a economia de Cabo Verde. O conte\u00fado completo est\u00e1 dispon\u00edvel apenas para subscritores. O tema central envolve a rela\u00e7\u00e3o entre migra\u00e7\u00e3o de m\u00e3o de obra para Portugal e potenciais impactos econ\u00f3micos no pa\u00eds.\" \/>\n<meta property=\"og:url\" content=\"https:\/\/portaltela.pt\/noticias\/2026\/02\/28\/empresarios-cabo-verdianos-dizem-que-recrutamento-em-portugal-ameaca-economia\/\" \/>\n<meta property=\"og:site_name\" content=\"Portal Tela Portugal\" \/>\n<meta property=\"article:published_time\" content=\"2026-02-28T08:01:00+00:00\" \/>\n<meta name=\"author\" content=\"Telinha\" \/>\n<meta name=\"twitter:card\" content=\"summary_large_image\" \/>\n<meta name=\"twitter:label1\" content=\"Escrito por\" \/>\n\t<meta name=\"twitter:data1\" content=\"Telinha\" \/>\n\t<meta name=\"twitter:label2\" content=\"Tempo estimado de leitura\" \/>\n\t<meta name=\"twitter:data2\" content=\"1 minuto\" \/>\n<script type=\"application\/ld+json\" class=\"yoast-schema-graph\">{\"@context\":\"https:\/\/schema.org\",\"@graph\":[{\"@type\":\"Article\",\"@id\":\"https:\/\/portaltela.pt\/noticias\/2026\/02\/28\/empresarios-cabo-verdianos-dizem-que-recrutamento-em-portugal-ameaca-economia\/#article\",\"isPartOf\":{\"@id\":\"https:\/\/portaltela.pt\/noticias\/2026\/02\/28\/empresarios-cabo-verdianos-dizem-que-recrutamento-em-portugal-ameaca-economia\/\"},\"author\":{\"name\":\"Telinha\",\"@id\":\"https:\/\/portaltela.pt\/#\/schema\/person\/c4278d4a6028830caff9ee44b42d32ed\"},\"headline\":\"Empres\u00e1rios cabo-verdianos dizem que recrutamento em Portugal amea\u00e7a economia\",\"datePublished\":\"2026-02-28T08:01:00+00:00\",\"mainEntityOfPage\":{\"@id\":\"https:\/\/portaltela.pt\/noticias\/2026\/02\/28\/empresarios-cabo-verdianos-dizem-que-recrutamento-em-portugal-ameaca-economia\/\"},\"wordCount\":134,\"image\":{\"@id\":\"https:\/\/portaltela.pt\/noticias\/2026\/02\/28\/empresarios-cabo-verdianos-dizem-que-recrutamento-em-portugal-ameaca-economia\/#primaryimage\"},\"thumbnailUrl\":\"https:\/\/portaltela.pt\/s.01k8rhncp4jt1\/2026\/02\/CACHE_780X1200_ANALOG_WATERMARKED_37984691_3024564_14042022110151.jpg\",\"keywords\":[\"_economia\",\"Cabo Verde\",\"emprego\",\"migra\u00e7\u00e3o\",\"Portugal\",\"remessas\"],\"articleSection\":[\"Economia\",\"Not\u00edcias\"],\"inLanguage\":\"pt-PT\"},{\"@type\":\"WebPage\",\"@id\":\"https:\/\/portaltela.pt\/noticias\/2026\/02\/28\/empresarios-cabo-verdianos-dizem-que-recrutamento-em-portugal-ameaca-economia\/\",\"url\":\"https:\/\/portaltela.pt\/noticias\/2026\/02\/28\/empresarios-cabo-verdianos-dizem-que-recrutamento-em-portugal-ameaca-economia\/\",\"name\":\"Empres\u00e1rios cabo-verdianos dizem que recrutamento em Portugal amea\u00e7a economia - Portal Tela Portugal\",\"isPartOf\":{\"@id\":\"https:\/\/portaltela.pt\/#website\"},\"primaryImageOfPage\":{\"@id\":\"https:\/\/portaltela.pt\/noticias\/2026\/02\/28\/empresarios-cabo-verdianos-dizem-que-recrutamento-em-portugal-ameaca-economia\/#primaryimage\"},\"image\":{\"@id\":\"https:\/\/portaltela.pt\/noticias\/2026\/02\/28\/empresarios-cabo-verdianos-dizem-que-recrutamento-em-portugal-ameaca-economia\/#primaryimage\"},\"thumbnailUrl\":\"https:\/\/portaltela.pt\/s.01k8rhncp4jt1\/2026\/02\/CACHE_780X1200_ANALOG_WATERMARKED_37984691_3024564_14042022110151.jpg\",\"datePublished\":\"2026-02-28T08:01:00+00:00\",\"author\":{\"@id\":\"https:\/\/portaltela.pt\/#\/schema\/person\/c4278d4a6028830caff9ee44b42d32ed\"},\"breadcrumb\":{\"@id\":\"https:\/\/portaltela.pt\/noticias\/2026\/02\/28\/empresarios-cabo-verdianos-dizem-que-recrutamento-em-portugal-ameaca-economia\/#breadcrumb\"},\"inLanguage\":\"pt-PT\",\"potentialAction\":[{\"@type\":\"ReadAction\",\"target\":[\"https:\/\/portaltela.pt\/noticias\/2026\/02\/28\/empresarios-cabo-verdianos-dizem-que-recrutamento-em-portugal-ameaca-economia\/\"]}]},{\"@type\":\"ImageObject\",\"inLanguage\":\"pt-PT\",\"@id\":\"https:\/\/portaltela.pt\/noticias\/2026\/02\/28\/empresarios-cabo-verdianos-dizem-que-recrutamento-em-portugal-ameaca-economia\/#primaryimage\",\"url\":\"https:\/\/portaltela.pt\/s.01k8rhncp4jt1\/2026\/02\/CACHE_780X1200_ANALOG_WATERMARKED_37984691_3024564_14042022110151.jpg\",\"contentUrl\":\"https:\/\/portaltela.pt\/s.01k8rhncp4jt1\/2026\/02\/CACHE_780X1200_ANALOG_WATERMARKED_37984691_3024564_14042022110151.jpg\",\"width\":768,\"height\":512,\"caption\":\"Empres\u00e1rios cabo-verdianos alertam que recrutamento de Portugal amea\u00e7a economia\"},{\"@type\":\"BreadcrumbList\",\"@id\":\"https:\/\/portaltela.pt\/noticias\/2026\/02\/28\/empresarios-cabo-verdianos-dizem-que-recrutamento-em-portugal-ameaca-economia\/#breadcrumb\",\"itemListElement\":[{\"@type\":\"ListItem\",\"position\":1,\"name\":\"In\u00edcio\",\"item\":\"https:\/\/portaltela.pt\/\"},{\"@type\":\"ListItem\",\"position\":2,\"name\":\"Empres\u00e1rios cabo-verdianos dizem que recrutamento em Portugal amea\u00e7a economia\"}]},{\"@type\":\"WebSite\",\"@id\":\"https:\/\/portaltela.pt\/#website\",\"url\":\"https:\/\/portaltela.pt\/\",\"name\":\"Portal Tela Portugal\",\"description\":\"\",\"potentialAction\":[{\"@type\":\"SearchAction\",\"target\":{\"@type\":\"EntryPoint\",\"urlTemplate\":\"https:\/\/portaltela.pt\/?s={search_term_string}\"},\"query-input\":{\"@type\":\"PropertyValueSpecification\",\"valueRequired\":true,\"valueName\":\"search_term_string\"}}],\"inLanguage\":\"pt-PT\"},{\"@type\":\"Person\",\"@id\":\"https:\/\/portaltela.pt\/#\/schema\/person\/c4278d4a6028830caff9ee44b42d32ed\",\"name\":\"Telinha\",\"image\":{\"@type\":\"ImageObject\",\"inLanguage\":\"pt-PT\",\"@id\":\"https:\/\/portaltela.pt\/s.01k8rhncp4jt1\/2025\/11\/talking-bot-125x125.png\",\"url\":\"https:\/\/portaltela.pt\/s.01k8rhncp4jt1\/2025\/11\/talking-bot-125x125.png\",\"contentUrl\":\"https:\/\/portaltela.pt\/s.01k8rhncp4jt1\/2025\/11\/talking-bot-125x125.png\",\"caption\":\"Telinha\"},\"sameAs\":[\"https:\/\/portaltela.pt\/\"],\"url\":\"https:\/\/portaltela.pt\/por\/367410592786\/\"}]}<\/script>\n<!-- \/ Yoast SEO plugin. -->","yoast_head_json":{"title":"Empres\u00e1rios cabo-verdianos dizem que recrutamento em Portugal amea\u00e7a economia - Portal Tela Portugal","robots":{"index":"index","follow":"follow","max-snippet":"max-snippet:-1","max-image-preview":"max-image-preview:large","max-video-preview":"max-video-preview:-1"},"og_locale":"pt_PT","og_type":"article","og_title":"Empres\u00e1rios cabo-verdianos dizem que recrutamento em Portugal amea\u00e7a economia - Portal Tela Portugal","og_description":"Empres\u00e1rios cabo-verdianos alertam que o recrutamento para Portugal pode amea\u00e7ar a economia de Cabo Verde. O conte\u00fado completo est\u00e1 dispon\u00edvel apenas para subscritores. O tema central envolve a rela\u00e7\u00e3o entre migra\u00e7\u00e3o de m\u00e3o de obra para Portugal e potenciais impactos econ\u00f3micos no pa\u00eds.","og_url":"https:\/\/portaltela.pt\/noticias\/2026\/02\/28\/empresarios-cabo-verdianos-dizem-que-recrutamento-em-portugal-ameaca-economia\/","og_site_name":"Portal Tela Portugal","article_published_time":"2026-02-28T08:01:00+00:00","author":"Telinha","twitter_card":"summary_large_image","twitter_misc":{"Escrito por":"Telinha","Tempo estimado de leitura":"1 minuto"},"schema":{"@context":"https:\/\/schema.org","@graph":[{"@type":"Article","@id":"https:\/\/portaltela.pt\/noticias\/2026\/02\/28\/empresarios-cabo-verdianos-dizem-que-recrutamento-em-portugal-ameaca-economia\/#article","isPartOf":{"@id":"https:\/\/portaltela.pt\/noticias\/2026\/02\/28\/empresarios-cabo-verdianos-dizem-que-recrutamento-em-portugal-ameaca-economia\/"},"author":{"name":"Telinha","@id":"https:\/\/portaltela.pt\/#\/schema\/person\/c4278d4a6028830caff9ee44b42d32ed"},"headline":"Empres\u00e1rios cabo-verdianos dizem que recrutamento em Portugal amea\u00e7a economia","datePublished":"2026-02-28T08:01:00+00:00","mainEntityOfPage":{"@id":"https:\/\/portaltela.pt\/noticias\/2026\/02\/28\/empresarios-cabo-verdianos-dizem-que-recrutamento-em-portugal-ameaca-economia\/"},"wordCount":134,"image":{"@id":"https:\/\/portaltela.pt\/noticias\/2026\/02\/28\/empresarios-cabo-verdianos-dizem-que-recrutamento-em-portugal-ameaca-economia\/#primaryimage"},"thumbnailUrl":"https:\/\/portaltela.pt\/s.01k8rhncp4jt1\/2026\/02\/CACHE_780X1200_ANALOG_WATERMARKED_37984691_3024564_14042022110151.jpg","keywords":["_economia","Cabo Verde","emprego","migra\u00e7\u00e3o","Portugal","remessas"],"articleSection":["Economia","Not\u00edcias"],"inLanguage":"pt-PT"},{"@type":"WebPage","@id":"https:\/\/portaltela.pt\/noticias\/2026\/02\/28\/empresarios-cabo-verdianos-dizem-que-recrutamento-em-portugal-ameaca-economia\/","url":"https:\/\/portaltela.pt\/noticias\/2026\/02\/28\/empresarios-cabo-verdianos-dizem-que-recrutamento-em-portugal-ameaca-economia\/","name":"Empres\u00e1rios cabo-verdianos dizem que recrutamento em Portugal amea\u00e7a economia - Portal Tela Portugal","isPartOf":{"@id":"https:\/\/portaltela.pt\/#website"},"primaryImageOfPage":{"@id":"https:\/\/portaltela.pt\/noticias\/2026\/02\/28\/empresarios-cabo-verdianos-dizem-que-recrutamento-em-portugal-ameaca-economia\/#primaryimage"},"image":{"@id":"https:\/\/portaltela.pt\/noticias\/2026\/02\/28\/empresarios-cabo-verdianos-dizem-que-recrutamento-em-portugal-ameaca-economia\/#primaryimage"},"thumbnailUrl":"https:\/\/portaltela.pt\/s.01k8rhncp4jt1\/2026\/02\/CACHE_780X1200_ANALOG_WATERMARKED_37984691_3024564_14042022110151.jpg","datePublished":"2026-02-28T08:01:00+00:00","author":{"@id":"https:\/\/portaltela.pt\/#\/schema\/person\/c4278d4a6028830caff9ee44b42d32ed"},"breadcrumb":{"@id":"https:\/\/portaltela.pt\/noticias\/2026\/02\/28\/empresarios-cabo-verdianos-dizem-que-recrutamento-em-portugal-ameaca-economia\/#breadcrumb"},"inLanguage":"pt-PT","potentialAction":[{"@type":"ReadAction","target":["https:\/\/portaltela.pt\/noticias\/2026\/02\/28\/empresarios-cabo-verdianos-dizem-que-recrutamento-em-portugal-ameaca-economia\/"]}]},{"@type":"ImageObject","inLanguage":"pt-PT","@id":"https:\/\/portaltela.pt\/noticias\/2026\/02\/28\/empresarios-cabo-verdianos-dizem-que-recrutamento-em-portugal-ameaca-economia\/#primaryimage","url":"https:\/\/portaltela.pt\/s.01k8rhncp4jt1\/2026\/02\/CACHE_780X1200_ANALOG_WATERMARKED_37984691_3024564_14042022110151.jpg","contentUrl":"https:\/\/portaltela.pt\/s.01k8rhncp4jt1\/2026\/02\/CACHE_780X1200_ANALOG_WATERMARKED_37984691_3024564_14042022110151.jpg","width":768,"height":512,"caption":"Empres\u00e1rios cabo-verdianos alertam que recrutamento de Portugal amea\u00e7a economia"},{"@type":"BreadcrumbList","@id":"https:\/\/portaltela.pt\/noticias\/2026\/02\/28\/empresarios-cabo-verdianos-dizem-que-recrutamento-em-portugal-ameaca-economia\/#breadcrumb","itemListElement":[{"@type":"ListItem","position":1,"name":"In\u00edcio","item":"https:\/\/portaltela.pt\/"},{"@type":"ListItem","position":2,"name":"Empres\u00e1rios cabo-verdianos dizem que recrutamento em Portugal amea\u00e7a economia"}]},{"@type":"WebSite","@id":"https:\/\/portaltela.pt\/#website","url":"https:\/\/portaltela.pt\/","name":"Portal Tela Portugal","description":"","potentialAction":[{"@type":"SearchAction","target":{"@type":"EntryPoint","urlTemplate":"https:\/\/portaltela.pt\/?s={search_term_string}"},"query-input":{"@type":"PropertyValueSpecification","valueRequired":true,"valueName":"search_term_string"}}],"inLanguage":"pt-PT"},{"@type":"Person","@id":"https:\/\/portaltela.pt\/#\/schema\/person\/c4278d4a6028830caff9ee44b42d32ed","name":"Telinha","image":{"@type":"ImageObject","inLanguage":"pt-PT","@id":"https:\/\/portaltela.pt\/s.01k8rhncp4jt1\/2025\/11\/talking-bot-125x125.png","url":"https:\/\/portaltela.pt\/s.01k8rhncp4jt1\/2025\/11\/talking-bot-125x125.png","contentUrl":"https:\/\/portaltela.pt\/s.01k8rhncp4jt1\/2025\/11\/talking-bot-125x125.png","caption":"Telinha"},"sameAs":["https:\/\/portaltela.pt\/"],"url":"https:\/\/portaltela.pt\/por\/367410592786\/"}]}},"_links":{"self":[{"href":"https:\/\/portaltela.pt\/api\/wp\/v2\/posts\/391942","targetHints":{"allow":["GET"]}}],"collection":[{"href":"https:\/\/portaltela.pt\/api\/wp\/v2\/posts"}],"about":[{"href":"https:\/\/portaltela.pt\/api\/wp\/v2\/types\/post"}],"author":[{"embeddable":true,"href":"https:\/\/portaltela.pt\/api\/wp\/v2\/users\/2"}],"replies":[{"embeddable":true,"href":"https:\/\/portaltela.pt\/api\/wp\/v2\/comments?post=391942"}],"version-history":[{"count":0,"href":"https:\/\/portaltela.pt\/api\/wp\/v2\/posts\/391942\/revisions"}],"wp:featuredmedia":[{"embeddable":true,"href":"https:\/\/portaltela.pt\/api\/wp\/v2\/media\/391948"}],"wp:attachment":[{"href":"https:\/\/portaltela.pt\/api\/wp\/v2\/media?parent=391942"}],"wp:term":[{"taxonomy":"category","embeddable":true,"href":"https:\/\/portaltela.pt\/api\/wp\/v2\/categories?post=391942"},{"taxonomy":"post_tag","embeddable":true,"href":"https:\/\/portaltela.pt\/api\/wp\/v2\/tags?post=391942"}],"curies":[{"name":"wp","href":"https:\/\/api.w.org\/{rel}","templated":true}]}}