{"id":391923,"date":"2026-02-28T07:10:00","date_gmt":"2026-02-28T10:10:00","guid":{"rendered":"https:\/\/portaltela.pt\/noticias\/2026\/02\/28\/desperdicio-de-agua-nao-faturada-ultrapassa-75\/"},"modified":"2026-02-28T07:10:00","modified_gmt":"2026-02-28T10:10:00","slug":"desperdicio-de-agua-nao-faturada-ultrapassa-75","status":"publish","type":"post","link":"https:\/\/portaltela.pt\/noticias\/2026\/02\/28\/desperdicio-de-agua-nao-faturada-ultrapassa-75\/","title":{"rendered":"Desperd\u00edcio de \u00e1gua n\u00e3o faturada ultrapassa 75%"},"content":{"rendered":"<p>O volume de \u00e1gua tratada n\u00e3o faturada em Portugal, em 2024, atingiu 224 milh\u00f5es de metros c\u00fabicos nos servi\u00e7os de abastecimento de \u00e1gua em baixa. Destas perdas, cerca de 75% correspondem a perdas reais.<\/p>\n<p>Entre os munic\u00edpios com maior desperd\u00edcio, destacam-se Tabua\u00e7o, Mour\u00e3o e Castelo de Paiva, onde mais de 70% da \u00e1gua foi perdida ao longo do ano. A m\u00e9dia nacional situa-se em 26,5% de \u00e1gua n\u00e3o faturada.<\/p>\n<p>A \u00e1gua n\u00e3o faturada resulta de perdas reais, avarias, fraudes, faturas por pagar e do consumo de \u00e1gua pelo universo municipal. O relat\u00f3rio evidencia que grande parte das perdas ocorreu em redes de distribui\u00e7\u00e3o e em avarias de equipamentos.<\/p>\n<h3>Perspetiva nacional<\/h3>\n<p>Em termos globais, o volume de \u00e1gua tratada n\u00e3o faturada representa uma parcela relevante da \u00e1gua consumida. O estudo detalha que a maior parte das perdas no pa\u00eds decorre de fatores operacionais e de gest\u00e3o da rede de abastecimento.<\/p>\n<h3>An\u00e1lise por regi\u00e3o<\/h3>\n<p>As regi\u00f5es com maior incid\u00eancia de \u00e1gua n\u00e3o faturada n\u00e3o aparecem uniformemente distribu\u00eddas, revelando fusos de desperd\u00edcio vari\u00e1veis entre concelhos. O relat\u00f3rio recomenda a\u00e7\u00f5es de melhoria em redes, manuten\u00e7\u00e3o e controlo t\u00e9cnico para reduzir perdas reais.<\/p>\n","protected":false},"excerpt":{"rendered":"<ul>\n<li>Em 2024, o volume de \u00e1gua tratada n\u00e3o faturada atingiu 224 milh\u00f5es de metros c\u00fabicos nos servi\u00e7os de abastecimento de \u00e1gua em baixa.<\/li>\n<li>Cerca de 75% dessa \u00e1gua n\u00e3o faturada teve origem em perdas reais (desperd\u00edcio efetivo).<\/li>\n<li>Tabua\u00e7o, Mour\u00e3o e Castelo de Paiva aparecem entre os munic\u00edpios com maior desperd\u00edcio, registando mais de 70% de \u00e1gua perdida.<\/li>\n<li>A m\u00e9dia nacional de \u00e1gua n\u00e3o faturada situa-se em 26,5%.<\/li>\n<li>A \u00e1gua n\u00e3o faturada inclui perdas reais, avarias, fraudes, faturas por pagar e \u00e1gua consumida pelo universo municipal.<\/li>\n<\/ul>\n","protected":false},"author":2,"featured_media":391926,"comment_status":"closed","ping_status":"closed","sticky":false,"template":"","format":"standard","meta":{"footnotes":""},"categories":[1],"tags":[1503,1090,5585,2415,1615,1014],"class_list":["post-391923","post","type-post","status-publish","format-standard","has-post-thumbnail","hentry","category-noticias","tag-abastecimento-de-agua","tag-agua","tag-desperdicios","tag-gestao","tag-infraestrutura","tag-portugal"],"yoast_head":"<!-- This site is optimized with the Yoast SEO plugin v27.2 - https:\/\/yoast.com\/product\/yoast-seo-wordpress\/ -->\n<title>Desperd\u00edcio de \u00e1gua n\u00e3o faturada ultrapassa 75% - Portal Tela Portugal<\/title>\n<meta name=\"robots\" content=\"index, follow, max-snippet:-1, max-image-preview:large, max-video-preview:-1\" \/>\n<meta property=\"og:locale\" content=\"pt_PT\" \/>\n<meta property=\"og:type\" content=\"article\" \/>\n<meta property=\"og:title\" content=\"Desperd\u00edcio de \u00e1gua n\u00e3o faturada ultrapassa 75% - Portal Tela Portugal\" \/>\n<meta property=\"og:description\" content=\"Em 2024, o volume de \u00e1gua tratada n\u00e3o faturada atingiu 224 milh\u00f5es de metros c\u00fabicos nos servi\u00e7os de abastecimento de \u00e1gua em baixa. Cerca de 75% dessa \u00e1gua n\u00e3o faturada teve origem em perdas reais (desperd\u00edcio efetivo). Tabua\u00e7o, Mour\u00e3o e Castelo de Paiva aparecem entre os munic\u00edpios com maior desperd\u00edcio, registando mais de 70% de \u00e1gua perdida. A m\u00e9dia nacional de \u00e1gua n\u00e3o faturada situa-se em 26,5%. A \u00e1gua n\u00e3o faturada inclui perdas reais, avarias, fraudes, faturas por pagar e \u00e1gua consumida pelo universo municipal.\" \/>\n<meta property=\"og:url\" content=\"https:\/\/portaltela.pt\/noticias\/2026\/02\/28\/desperdicio-de-agua-nao-faturada-ultrapassa-75\/\" \/>\n<meta property=\"og:site_name\" content=\"Portal Tela Portugal\" \/>\n<meta property=\"article:published_time\" content=\"2026-02-28T10:10:00+00:00\" \/>\n<meta name=\"author\" content=\"Telinha\" \/>\n<meta name=\"twitter:card\" content=\"summary_large_image\" \/>\n<meta name=\"twitter:label1\" content=\"Escrito por\" \/>\n\t<meta name=\"twitter:data1\" content=\"Telinha\" \/>\n\t<meta name=\"twitter:label2\" content=\"Tempo estimado de leitura\" \/>\n\t<meta name=\"twitter:data2\" content=\"1 minuto\" \/>\n<script type=\"application\/ld+json\" class=\"yoast-schema-graph\">{\"@context\":\"https:\/\/schema.org\",\"@graph\":[{\"@type\":\"Article\",\"@id\":\"https:\/\/portaltela.pt\/noticias\/2026\/02\/28\/desperdicio-de-agua-nao-faturada-ultrapassa-75\/#article\",\"isPartOf\":{\"@id\":\"https:\/\/portaltela.pt\/noticias\/2026\/02\/28\/desperdicio-de-agua-nao-faturada-ultrapassa-75\/\"},\"author\":{\"name\":\"Telinha\",\"@id\":\"https:\/\/portaltela.pt\/#\/schema\/person\/c4278d4a6028830caff9ee44b42d32ed\"},\"headline\":\"Desperd\u00edcio de \u00e1gua n\u00e3o faturada ultrapassa 75%\",\"datePublished\":\"2026-02-28T10:10:00+00:00\",\"mainEntityOfPage\":{\"@id\":\"https:\/\/portaltela.pt\/noticias\/2026\/02\/28\/desperdicio-de-agua-nao-faturada-ultrapassa-75\/\"},\"wordCount\":220,\"image\":{\"@id\":\"https:\/\/portaltela.pt\/noticias\/2026\/02\/28\/desperdicio-de-agua-nao-faturada-ultrapassa-75\/#primaryimage\"},\"thumbnailUrl\":\"https:\/\/portaltela.pt\/s.01k8rhncp4jt1\/2026\/02\/image-2075.jpg\",\"keywords\":[\"abastecimento de \u00e1gua\",\"\u00e1gua\",\"desperd\u00edcios\",\"gest\u00e3o\",\"infraestrutura\",\"Portugal\"],\"articleSection\":[\"Not\u00edcias\"],\"inLanguage\":\"pt-PT\"},{\"@type\":\"WebPage\",\"@id\":\"https:\/\/portaltela.pt\/noticias\/2026\/02\/28\/desperdicio-de-agua-nao-faturada-ultrapassa-75\/\",\"url\":\"https:\/\/portaltela.pt\/noticias\/2026\/02\/28\/desperdicio-de-agua-nao-faturada-ultrapassa-75\/\",\"name\":\"Desperd\u00edcio de \u00e1gua n\u00e3o faturada ultrapassa 75% - Portal Tela Portugal\",\"isPartOf\":{\"@id\":\"https:\/\/portaltela.pt\/#website\"},\"primaryImageOfPage\":{\"@id\":\"https:\/\/portaltela.pt\/noticias\/2026\/02\/28\/desperdicio-de-agua-nao-faturada-ultrapassa-75\/#primaryimage\"},\"image\":{\"@id\":\"https:\/\/portaltela.pt\/noticias\/2026\/02\/28\/desperdicio-de-agua-nao-faturada-ultrapassa-75\/#primaryimage\"},\"thumbnailUrl\":\"https:\/\/portaltela.pt\/s.01k8rhncp4jt1\/2026\/02\/image-2075.jpg\",\"datePublished\":\"2026-02-28T10:10:00+00:00\",\"author\":{\"@id\":\"https:\/\/portaltela.pt\/#\/schema\/person\/c4278d4a6028830caff9ee44b42d32ed\"},\"breadcrumb\":{\"@id\":\"https:\/\/portaltela.pt\/noticias\/2026\/02\/28\/desperdicio-de-agua-nao-faturada-ultrapassa-75\/#breadcrumb\"},\"inLanguage\":\"pt-PT\",\"potentialAction\":[{\"@type\":\"ReadAction\",\"target\":[\"https:\/\/portaltela.pt\/noticias\/2026\/02\/28\/desperdicio-de-agua-nao-faturada-ultrapassa-75\/\"]}]},{\"@type\":\"ImageObject\",\"inLanguage\":\"pt-PT\",\"@id\":\"https:\/\/portaltela.pt\/noticias\/2026\/02\/28\/desperdicio-de-agua-nao-faturada-ultrapassa-75\/#primaryimage\",\"url\":\"https:\/\/portaltela.pt\/s.01k8rhncp4jt1\/2026\/02\/image-2075.jpg\",\"contentUrl\":\"https:\/\/portaltela.pt\/s.01k8rhncp4jt1\/2026\/02\/image-2075.jpg\",\"width\":796,\"height\":448,\"caption\":\"A \u00e1gua n\u00e3o faturada inclui perdas reais, perdas por avarias, por fraudes e por faturas por pagar e, ainda, a \u00e1gua usada para consumo pelo universo municipal\"},{\"@type\":\"BreadcrumbList\",\"@id\":\"https:\/\/portaltela.pt\/noticias\/2026\/02\/28\/desperdicio-de-agua-nao-faturada-ultrapassa-75\/#breadcrumb\",\"itemListElement\":[{\"@type\":\"ListItem\",\"position\":1,\"name\":\"In\u00edcio\",\"item\":\"https:\/\/portaltela.pt\/\"},{\"@type\":\"ListItem\",\"position\":2,\"name\":\"Desperd\u00edcio de \u00e1gua n\u00e3o faturada ultrapassa 75%\"}]},{\"@type\":\"WebSite\",\"@id\":\"https:\/\/portaltela.pt\/#website\",\"url\":\"https:\/\/portaltela.pt\/\",\"name\":\"Portal Tela Portugal\",\"description\":\"\",\"potentialAction\":[{\"@type\":\"SearchAction\",\"target\":{\"@type\":\"EntryPoint\",\"urlTemplate\":\"https:\/\/portaltela.pt\/?s={search_term_string}\"},\"query-input\":{\"@type\":\"PropertyValueSpecification\",\"valueRequired\":true,\"valueName\":\"search_term_string\"}}],\"inLanguage\":\"pt-PT\"},{\"@type\":\"Person\",\"@id\":\"https:\/\/portaltela.pt\/#\/schema\/person\/c4278d4a6028830caff9ee44b42d32ed\",\"name\":\"Telinha\",\"image\":{\"@type\":\"ImageObject\",\"inLanguage\":\"pt-PT\",\"@id\":\"https:\/\/portaltela.pt\/s.01k8rhncp4jt1\/2025\/11\/talking-bot-125x125.png\",\"url\":\"https:\/\/portaltela.pt\/s.01k8rhncp4jt1\/2025\/11\/talking-bot-125x125.png\",\"contentUrl\":\"https:\/\/portaltela.pt\/s.01k8rhncp4jt1\/2025\/11\/talking-bot-125x125.png\",\"caption\":\"Telinha\"},\"sameAs\":[\"https:\/\/portaltela.pt\/\"],\"url\":\"https:\/\/portaltela.pt\/por\/367410592786\/\"}]}<\/script>\n<!-- \/ Yoast SEO plugin. -->","yoast_head_json":{"title":"Desperd\u00edcio de \u00e1gua n\u00e3o faturada ultrapassa 75% - Portal Tela Portugal","robots":{"index":"index","follow":"follow","max-snippet":"max-snippet:-1","max-image-preview":"max-image-preview:large","max-video-preview":"max-video-preview:-1"},"og_locale":"pt_PT","og_type":"article","og_title":"Desperd\u00edcio de \u00e1gua n\u00e3o faturada ultrapassa 75% - Portal Tela Portugal","og_description":"Em 2024, o volume de \u00e1gua tratada n\u00e3o faturada atingiu 224 milh\u00f5es de metros c\u00fabicos nos servi\u00e7os de abastecimento de \u00e1gua em baixa. Cerca de 75% dessa \u00e1gua n\u00e3o faturada teve origem em perdas reais (desperd\u00edcio efetivo). Tabua\u00e7o, Mour\u00e3o e Castelo de Paiva aparecem entre os munic\u00edpios com maior desperd\u00edcio, registando mais de 70% de \u00e1gua perdida. A m\u00e9dia nacional de \u00e1gua n\u00e3o faturada situa-se em 26,5%. A \u00e1gua n\u00e3o faturada inclui perdas reais, avarias, fraudes, faturas por pagar e \u00e1gua consumida pelo universo municipal.","og_url":"https:\/\/portaltela.pt\/noticias\/2026\/02\/28\/desperdicio-de-agua-nao-faturada-ultrapassa-75\/","og_site_name":"Portal Tela Portugal","article_published_time":"2026-02-28T10:10:00+00:00","author":"Telinha","twitter_card":"summary_large_image","twitter_misc":{"Escrito por":"Telinha","Tempo estimado de leitura":"1 minuto"},"schema":{"@context":"https:\/\/schema.org","@graph":[{"@type":"Article","@id":"https:\/\/portaltela.pt\/noticias\/2026\/02\/28\/desperdicio-de-agua-nao-faturada-ultrapassa-75\/#article","isPartOf":{"@id":"https:\/\/portaltela.pt\/noticias\/2026\/02\/28\/desperdicio-de-agua-nao-faturada-ultrapassa-75\/"},"author":{"name":"Telinha","@id":"https:\/\/portaltela.pt\/#\/schema\/person\/c4278d4a6028830caff9ee44b42d32ed"},"headline":"Desperd\u00edcio de \u00e1gua n\u00e3o faturada ultrapassa 75%","datePublished":"2026-02-28T10:10:00+00:00","mainEntityOfPage":{"@id":"https:\/\/portaltela.pt\/noticias\/2026\/02\/28\/desperdicio-de-agua-nao-faturada-ultrapassa-75\/"},"wordCount":220,"image":{"@id":"https:\/\/portaltela.pt\/noticias\/2026\/02\/28\/desperdicio-de-agua-nao-faturada-ultrapassa-75\/#primaryimage"},"thumbnailUrl":"https:\/\/portaltela.pt\/s.01k8rhncp4jt1\/2026\/02\/image-2075.jpg","keywords":["abastecimento de \u00e1gua","\u00e1gua","desperd\u00edcios","gest\u00e3o","infraestrutura","Portugal"],"articleSection":["Not\u00edcias"],"inLanguage":"pt-PT"},{"@type":"WebPage","@id":"https:\/\/portaltela.pt\/noticias\/2026\/02\/28\/desperdicio-de-agua-nao-faturada-ultrapassa-75\/","url":"https:\/\/portaltela.pt\/noticias\/2026\/02\/28\/desperdicio-de-agua-nao-faturada-ultrapassa-75\/","name":"Desperd\u00edcio de \u00e1gua n\u00e3o faturada ultrapassa 75% - Portal Tela Portugal","isPartOf":{"@id":"https:\/\/portaltela.pt\/#website"},"primaryImageOfPage":{"@id":"https:\/\/portaltela.pt\/noticias\/2026\/02\/28\/desperdicio-de-agua-nao-faturada-ultrapassa-75\/#primaryimage"},"image":{"@id":"https:\/\/portaltela.pt\/noticias\/2026\/02\/28\/desperdicio-de-agua-nao-faturada-ultrapassa-75\/#primaryimage"},"thumbnailUrl":"https:\/\/portaltela.pt\/s.01k8rhncp4jt1\/2026\/02\/image-2075.jpg","datePublished":"2026-02-28T10:10:00+00:00","author":{"@id":"https:\/\/portaltela.pt\/#\/schema\/person\/c4278d4a6028830caff9ee44b42d32ed"},"breadcrumb":{"@id":"https:\/\/portaltela.pt\/noticias\/2026\/02\/28\/desperdicio-de-agua-nao-faturada-ultrapassa-75\/#breadcrumb"},"inLanguage":"pt-PT","potentialAction":[{"@type":"ReadAction","target":["https:\/\/portaltela.pt\/noticias\/2026\/02\/28\/desperdicio-de-agua-nao-faturada-ultrapassa-75\/"]}]},{"@type":"ImageObject","inLanguage":"pt-PT","@id":"https:\/\/portaltela.pt\/noticias\/2026\/02\/28\/desperdicio-de-agua-nao-faturada-ultrapassa-75\/#primaryimage","url":"https:\/\/portaltela.pt\/s.01k8rhncp4jt1\/2026\/02\/image-2075.jpg","contentUrl":"https:\/\/portaltela.pt\/s.01k8rhncp4jt1\/2026\/02\/image-2075.jpg","width":796,"height":448,"caption":"A \u00e1gua n\u00e3o faturada inclui perdas reais, perdas por avarias, por fraudes e por faturas por pagar e, ainda, a \u00e1gua usada para consumo pelo universo municipal"},{"@type":"BreadcrumbList","@id":"https:\/\/portaltela.pt\/noticias\/2026\/02\/28\/desperdicio-de-agua-nao-faturada-ultrapassa-75\/#breadcrumb","itemListElement":[{"@type":"ListItem","position":1,"name":"In\u00edcio","item":"https:\/\/portaltela.pt\/"},{"@type":"ListItem","position":2,"name":"Desperd\u00edcio de \u00e1gua n\u00e3o faturada ultrapassa 75%"}]},{"@type":"WebSite","@id":"https:\/\/portaltela.pt\/#website","url":"https:\/\/portaltela.pt\/","name":"Portal Tela Portugal","description":"","potentialAction":[{"@type":"SearchAction","target":{"@type":"EntryPoint","urlTemplate":"https:\/\/portaltela.pt\/?s={search_term_string}"},"query-input":{"@type":"PropertyValueSpecification","valueRequired":true,"valueName":"search_term_string"}}],"inLanguage":"pt-PT"},{"@type":"Person","@id":"https:\/\/portaltela.pt\/#\/schema\/person\/c4278d4a6028830caff9ee44b42d32ed","name":"Telinha","image":{"@type":"ImageObject","inLanguage":"pt-PT","@id":"https:\/\/portaltela.pt\/s.01k8rhncp4jt1\/2025\/11\/talking-bot-125x125.png","url":"https:\/\/portaltela.pt\/s.01k8rhncp4jt1\/2025\/11\/talking-bot-125x125.png","contentUrl":"https:\/\/portaltela.pt\/s.01k8rhncp4jt1\/2025\/11\/talking-bot-125x125.png","caption":"Telinha"},"sameAs":["https:\/\/portaltela.pt\/"],"url":"https:\/\/portaltela.pt\/por\/367410592786\/"}]}},"_links":{"self":[{"href":"https:\/\/portaltela.pt\/api\/wp\/v2\/posts\/391923","targetHints":{"allow":["GET"]}}],"collection":[{"href":"https:\/\/portaltela.pt\/api\/wp\/v2\/posts"}],"about":[{"href":"https:\/\/portaltela.pt\/api\/wp\/v2\/types\/post"}],"author":[{"embeddable":true,"href":"https:\/\/portaltela.pt\/api\/wp\/v2\/users\/2"}],"replies":[{"embeddable":true,"href":"https:\/\/portaltela.pt\/api\/wp\/v2\/comments?post=391923"}],"version-history":[{"count":0,"href":"https:\/\/portaltela.pt\/api\/wp\/v2\/posts\/391923\/revisions"}],"wp:featuredmedia":[{"embeddable":true,"href":"https:\/\/portaltela.pt\/api\/wp\/v2\/media\/391926"}],"wp:attachment":[{"href":"https:\/\/portaltela.pt\/api\/wp\/v2\/media?parent=391923"}],"wp:term":[{"taxonomy":"category","embeddable":true,"href":"https:\/\/portaltela.pt\/api\/wp\/v2\/categories?post=391923"},{"taxonomy":"post_tag","embeddable":true,"href":"https:\/\/portaltela.pt\/api\/wp\/v2\/tags?post=391923"}],"curies":[{"name":"wp","href":"https:\/\/api.w.org\/{rel}","templated":true}]}}