{"id":391911,"date":"2026-02-28T06:32:00","date_gmt":"2026-02-28T09:32:00","guid":{"rendered":"https:\/\/portaltela.pt\/noticias\/2026\/02\/28\/guarda-quer-governo-operacionalizar-programa-de-revitalizacao-da-serra-da-estrela\/"},"modified":"2026-02-28T06:32:00","modified_gmt":"2026-02-28T09:32:00","slug":"guarda-quer-governo-operacionalizar-programa-de-revitalizacao-da-serra-da-estrela","status":"publish","type":"post","link":"https:\/\/portaltela.pt\/noticias\/2026\/02\/28\/guarda-quer-governo-operacionalizar-programa-de-revitalizacao-da-serra-da-estrela\/","title":{"rendered":"Guarda quer Governo operacionalizar Programa de Revitaliza\u00e7\u00e3o da Serra da Estrela"},"content":{"rendered":"<p>A Assembleia Municipal da Guarda aprovou uma mo\u00e7\u00e3o que exorta o Governo a operacionalizar as a\u00e7\u00f5es urgentes do Programa de Revitaliza\u00e7\u00e3o do Parque Natural da Serra da Estrela (PNSE). A vota\u00e7\u00e3o ocorreu na sexta-feira, com 63 votos a favor e oito absten\u00e7\u00f5es. A iniciativa partiu de N\u00e9lia Faria, do PS.<\/p>\n<p>A mo\u00e7\u00e3o recorda o inc\u00eandio de grande dimens\u00e3o que afetou o PNSE em agosto de 2022. O fogo atingiu Belmonte, Celorico da Beira, Covilh\u00e3, Gouveia, Guarda e Manteigas, consumindo cerca de 25 mil hectares. O documento descreve danos a vegeta\u00e7\u00e3o, cursos de \u00e1gua, habitats naturais e geoss\u00edtios.<\/p>\n<p>A interven\u00e7\u00e3o aponta a necessidade de ac\u00e7\u00f5es para mitigar riscos e refor\u00e7ar a resili\u00eancia do territ\u00f3rio. Anota que cerca de 16% da \u00e1rea ardida \u00e9 de uso agr\u00edcola, 33% \u00e9 floresta e 20% matos e pastagens, entre outros. A mobiliza\u00e7\u00e3o de fundos \u00e9 essencial para a revitaliza\u00e7\u00e3o.<\/p>\n<h3>Financiamento e estado atual<\/h3>\n<p>A dota\u00e7\u00e3o inicial do programa era de 155 milh\u00f5es de euros, provenientes de fundos nacionais e europeus. No Or\u00e7amento de Estado de 2025, o Governo entrou com apenas 1,5 milh\u00f5es de euros para o programa. Em 2026, a dota\u00e7\u00e3o j\u00e1 n\u00e3o consta.<\/p>\n<p>A mo\u00e7\u00e3o sustenta que o programa continua em vigor, com o Governo a assegurar a implementa\u00e7\u00e3o de projects estruturantes, mas n\u00e3o existe refer\u00eancia or\u00e7amental para 2026. A Guarda exige a operacionaliza\u00e7\u00e3o r\u00e1pida das a\u00e7\u00f5es e a refor\u00e7ar a mitiga\u00e7\u00e3o de riscos de futuros inc\u00eandios.<\/p>\n<h3>Rea\u00e7\u00e3o e encaminhamentos futuros<\/h3>\n<p>Durante o debate, Jos\u00e9 Valbom, deputado do N\u00f3s, Cidad\u00e3os!, afirmou que o Governo deve encarar o pa\u00eds de forma integrada, alertando para o risco de cat\u00e1strofes em diferentes regi\u00f5es. A mo\u00e7\u00e3o ser\u00e1 enviada a todos os grupos parlamentares na Assembleia da Rep\u00fablica para conhecimento.<\/p>\n<p>A mo\u00e7\u00e3o aprovada hoje ser\u00e1 ainda enviada aos senhores primeiros-ministros dos grupos com representa\u00e7\u00e3o parlamentar, com o objetivo de manter o compromisso de execu\u00e7\u00e3o do programa. A C\u00e2mara Municipal n\u00e3o emitiu julgamentos adicionais sobre a gest\u00e3o do tema.<\/p>\n","protected":false},"excerpt":{"rendered":"<ul>\n<li>A Guarda instou o Governo a operacionalizar as a\u00e7\u00f5es urgentes do Programa de Revitaliza\u00e7\u00e3o do Parque Natural da Serra da Estrela, aprovado em mar\u00e7o de 2024, ainda sem sa\u00edda do papel.<\/li>\n<li>A dota\u00e7\u00e3o inicial era de 155 milh\u00f5es de euros; no Or\u00e7amento de Estado de 2025 foram afetados apenas 1,5 milh\u00f5es de euros e, no Or\u00e7amento de 2026, o programa desapareceu.<\/li>\n<li>A mo\u00e7\u00e3o, apresentada por N\u00e9lia Faria (PS), foi aprovada por maioria, com 63 votos a favor e oito absten\u00e7\u00f5es.<\/li>\n<li>Em agosto de 2022, o inc\u00eandio de grandes dimens\u00f5es atingiu o PNSE, afectando cidades como Belmonte, Celorico da Beira, Covilh\u00e3, Gouveia, Guarda e Manteigas, numa \u00e1rea ardida de cerca de 25 mil hectares.<\/li>\n<li>A Assembleia considera que a \u00e1rea ardida tem usos variados (agricultura, \u00e1gua, floresta, matos e pastagens, \u00e1rea urbana e improdutiva) e pede ao Governo para refor\u00e7ar medidas de mitiga\u00e7\u00e3o de novos inc\u00eandios e a resili\u00eancia do territ\u00f3rio.<\/li>\n<\/ul>\n","protected":false},"author":2,"featured_media":391917,"comment_status":"closed","ping_status":"closed","sticky":false,"template":"","format":"standard","meta":{"footnotes":""},"categories":[1],"tags":[1409,755,1113,1438,320,1658],"class_list":["post-391911","post","type-post","status-publish","format-standard","has-post-thumbnail","hentry","category-noticias","tag-desenvolvimento-regional","tag-desenvolvimento-sustentavel","tag-guarda","tag-incendio","tag-protecao-civil","tag-serra-da-estrela"],"yoast_head":"<!-- This site is optimized with the Yoast SEO plugin v27.2 - https:\/\/yoast.com\/product\/yoast-seo-wordpress\/ -->\n<title>Guarda quer Governo operacionalizar Programa de Revitaliza\u00e7\u00e3o da Serra da Estrela - Portal Tela Portugal<\/title>\n<meta name=\"robots\" content=\"index, follow, max-snippet:-1, max-image-preview:large, max-video-preview:-1\" \/>\n<meta property=\"og:locale\" content=\"pt_PT\" \/>\n<meta property=\"og:type\" content=\"article\" \/>\n<meta property=\"og:title\" content=\"Guarda quer Governo operacionalizar Programa de Revitaliza\u00e7\u00e3o da Serra da Estrela - Portal Tela Portugal\" \/>\n<meta property=\"og:description\" content=\"A Guarda instou o Governo a operacionalizar as a\u00e7\u00f5es urgentes do Programa de Revitaliza\u00e7\u00e3o do Parque Natural da Serra da Estrela, aprovado em mar\u00e7o de 2024, ainda sem sa\u00edda do papel. A dota\u00e7\u00e3o inicial era de 155 milh\u00f5es de euros; no Or\u00e7amento de Estado de 2025 foram afetados apenas 1,5 milh\u00f5es de euros e, no Or\u00e7amento de 2026, o programa desapareceu. A mo\u00e7\u00e3o, apresentada por N\u00e9lia Faria (PS), foi aprovada por maioria, com 63 votos a favor e oito absten\u00e7\u00f5es. Em agosto de 2022, o inc\u00eandio de grandes dimens\u00f5es atingiu o PNSE, afectando cidades como Belmonte, Celorico da Beira, Covilh\u00e3, Gouveia, Guarda e Manteigas, numa \u00e1rea ardida de cerca de 25 mil hectares. A Assembleia considera que a \u00e1rea ardida tem usos variados (agricultura, \u00e1gua, floresta, matos e pastagens, \u00e1rea urbana e improdutiva) e pede ao Governo para refor\u00e7ar medidas de mitiga\u00e7\u00e3o de novos inc\u00eandios e a resili\u00eancia do territ\u00f3rio.\" \/>\n<meta property=\"og:url\" content=\"https:\/\/portaltela.pt\/noticias\/2026\/02\/28\/guarda-quer-governo-operacionalizar-programa-de-revitalizacao-da-serra-da-estrela\/\" \/>\n<meta property=\"og:site_name\" content=\"Portal Tela Portugal\" \/>\n<meta property=\"article:published_time\" content=\"2026-02-28T09:32:00+00:00\" \/>\n<meta name=\"author\" content=\"Telinha\" \/>\n<meta name=\"twitter:card\" content=\"summary_large_image\" \/>\n<meta name=\"twitter:label1\" content=\"Escrito por\" \/>\n\t<meta name=\"twitter:data1\" content=\"Telinha\" \/>\n\t<meta name=\"twitter:label2\" content=\"Tempo estimado de leitura\" \/>\n\t<meta name=\"twitter:data2\" content=\"2 minutos\" \/>\n<script type=\"application\/ld+json\" class=\"yoast-schema-graph\">{\"@context\":\"https:\/\/schema.org\",\"@graph\":[{\"@type\":\"Article\",\"@id\":\"https:\/\/portaltela.pt\/noticias\/2026\/02\/28\/guarda-quer-governo-operacionalizar-programa-de-revitalizacao-da-serra-da-estrela\/#article\",\"isPartOf\":{\"@id\":\"https:\/\/portaltela.pt\/noticias\/2026\/02\/28\/guarda-quer-governo-operacionalizar-programa-de-revitalizacao-da-serra-da-estrela\/\"},\"author\":{\"name\":\"Telinha\",\"@id\":\"https:\/\/portaltela.pt\/#\/schema\/person\/c4278d4a6028830caff9ee44b42d32ed\"},\"headline\":\"Guarda quer Governo operacionalizar Programa de Revitaliza\u00e7\u00e3o da Serra da Estrela\",\"datePublished\":\"2026-02-28T09:32:00+00:00\",\"mainEntityOfPage\":{\"@id\":\"https:\/\/portaltela.pt\/noticias\/2026\/02\/28\/guarda-quer-governo-operacionalizar-programa-de-revitalizacao-da-serra-da-estrela\/\"},\"wordCount\":368,\"image\":{\"@id\":\"https:\/\/portaltela.pt\/noticias\/2026\/02\/28\/guarda-quer-governo-operacionalizar-programa-de-revitalizacao-da-serra-da-estrela\/#primaryimage\"},\"thumbnailUrl\":\"https:\/\/portaltela.pt\/s.01k8rhncp4jt1\/2026\/02\/2070488.jpg\",\"keywords\":[\"desenvolvimento regional\",\"desenvolvimento sustent\u00e1vel\",\"Guarda\",\"inc\u00eandio\",\"prote\u00e7\u00e3o civil\",\"Serra da Estrela\"],\"articleSection\":[\"Not\u00edcias\"],\"inLanguage\":\"pt-PT\"},{\"@type\":\"WebPage\",\"@id\":\"https:\/\/portaltela.pt\/noticias\/2026\/02\/28\/guarda-quer-governo-operacionalizar-programa-de-revitalizacao-da-serra-da-estrela\/\",\"url\":\"https:\/\/portaltela.pt\/noticias\/2026\/02\/28\/guarda-quer-governo-operacionalizar-programa-de-revitalizacao-da-serra-da-estrela\/\",\"name\":\"Guarda quer Governo operacionalizar Programa de Revitaliza\u00e7\u00e3o da Serra da Estrela - Portal Tela Portugal\",\"isPartOf\":{\"@id\":\"https:\/\/portaltela.pt\/#website\"},\"primaryImageOfPage\":{\"@id\":\"https:\/\/portaltela.pt\/noticias\/2026\/02\/28\/guarda-quer-governo-operacionalizar-programa-de-revitalizacao-da-serra-da-estrela\/#primaryimage\"},\"image\":{\"@id\":\"https:\/\/portaltela.pt\/noticias\/2026\/02\/28\/guarda-quer-governo-operacionalizar-programa-de-revitalizacao-da-serra-da-estrela\/#primaryimage\"},\"thumbnailUrl\":\"https:\/\/portaltela.pt\/s.01k8rhncp4jt1\/2026\/02\/2070488.jpg\",\"datePublished\":\"2026-02-28T09:32:00+00:00\",\"author\":{\"@id\":\"https:\/\/portaltela.pt\/#\/schema\/person\/c4278d4a6028830caff9ee44b42d32ed\"},\"breadcrumb\":{\"@id\":\"https:\/\/portaltela.pt\/noticias\/2026\/02\/28\/guarda-quer-governo-operacionalizar-programa-de-revitalizacao-da-serra-da-estrela\/#breadcrumb\"},\"inLanguage\":\"pt-PT\",\"potentialAction\":[{\"@type\":\"ReadAction\",\"target\":[\"https:\/\/portaltela.pt\/noticias\/2026\/02\/28\/guarda-quer-governo-operacionalizar-programa-de-revitalizacao-da-serra-da-estrela\/\"]}]},{\"@type\":\"ImageObject\",\"inLanguage\":\"pt-PT\",\"@id\":\"https:\/\/portaltela.pt\/noticias\/2026\/02\/28\/guarda-quer-governo-operacionalizar-programa-de-revitalizacao-da-serra-da-estrela\/#primaryimage\",\"url\":\"https:\/\/portaltela.pt\/s.01k8rhncp4jt1\/2026\/02\/2070488.jpg\",\"contentUrl\":\"https:\/\/portaltela.pt\/s.01k8rhncp4jt1\/2026\/02\/2070488.jpg\",\"width\":796,\"height\":448,\"caption\":\"A paisagem em Manteigas, ap\u00f3s os incendios florestais na Serra da Estrela de 2022\"},{\"@type\":\"BreadcrumbList\",\"@id\":\"https:\/\/portaltela.pt\/noticias\/2026\/02\/28\/guarda-quer-governo-operacionalizar-programa-de-revitalizacao-da-serra-da-estrela\/#breadcrumb\",\"itemListElement\":[{\"@type\":\"ListItem\",\"position\":1,\"name\":\"In\u00edcio\",\"item\":\"https:\/\/portaltela.pt\/\"},{\"@type\":\"ListItem\",\"position\":2,\"name\":\"Guarda quer Governo operacionalizar Programa de Revitaliza\u00e7\u00e3o da Serra da Estrela\"}]},{\"@type\":\"WebSite\",\"@id\":\"https:\/\/portaltela.pt\/#website\",\"url\":\"https:\/\/portaltela.pt\/\",\"name\":\"Portal Tela Portugal\",\"description\":\"\",\"potentialAction\":[{\"@type\":\"SearchAction\",\"target\":{\"@type\":\"EntryPoint\",\"urlTemplate\":\"https:\/\/portaltela.pt\/?s={search_term_string}\"},\"query-input\":{\"@type\":\"PropertyValueSpecification\",\"valueRequired\":true,\"valueName\":\"search_term_string\"}}],\"inLanguage\":\"pt-PT\"},{\"@type\":\"Person\",\"@id\":\"https:\/\/portaltela.pt\/#\/schema\/person\/c4278d4a6028830caff9ee44b42d32ed\",\"name\":\"Telinha\",\"image\":{\"@type\":\"ImageObject\",\"inLanguage\":\"pt-PT\",\"@id\":\"https:\/\/portaltela.pt\/s.01k8rhncp4jt1\/2025\/11\/talking-bot-125x125.png\",\"url\":\"https:\/\/portaltela.pt\/s.01k8rhncp4jt1\/2025\/11\/talking-bot-125x125.png\",\"contentUrl\":\"https:\/\/portaltela.pt\/s.01k8rhncp4jt1\/2025\/11\/talking-bot-125x125.png\",\"caption\":\"Telinha\"},\"sameAs\":[\"https:\/\/portaltela.pt\/\"],\"url\":\"https:\/\/portaltela.pt\/por\/367410592786\/\"}]}<\/script>\n<!-- \/ Yoast SEO plugin. -->","yoast_head_json":{"title":"Guarda quer Governo operacionalizar Programa de Revitaliza\u00e7\u00e3o da Serra da Estrela - Portal Tela Portugal","robots":{"index":"index","follow":"follow","max-snippet":"max-snippet:-1","max-image-preview":"max-image-preview:large","max-video-preview":"max-video-preview:-1"},"og_locale":"pt_PT","og_type":"article","og_title":"Guarda quer Governo operacionalizar Programa de Revitaliza\u00e7\u00e3o da Serra da Estrela - Portal Tela Portugal","og_description":"A Guarda instou o Governo a operacionalizar as a\u00e7\u00f5es urgentes do Programa de Revitaliza\u00e7\u00e3o do Parque Natural da Serra da Estrela, aprovado em mar\u00e7o de 2024, ainda sem sa\u00edda do papel. A dota\u00e7\u00e3o inicial era de 155 milh\u00f5es de euros; no Or\u00e7amento de Estado de 2025 foram afetados apenas 1,5 milh\u00f5es de euros e, no Or\u00e7amento de 2026, o programa desapareceu. A mo\u00e7\u00e3o, apresentada por N\u00e9lia Faria (PS), foi aprovada por maioria, com 63 votos a favor e oito absten\u00e7\u00f5es. Em agosto de 2022, o inc\u00eandio de grandes dimens\u00f5es atingiu o PNSE, afectando cidades como Belmonte, Celorico da Beira, Covilh\u00e3, Gouveia, Guarda e Manteigas, numa \u00e1rea ardida de cerca de 25 mil hectares. A Assembleia considera que a \u00e1rea ardida tem usos variados (agricultura, \u00e1gua, floresta, matos e pastagens, \u00e1rea urbana e improdutiva) e pede ao Governo para refor\u00e7ar medidas de mitiga\u00e7\u00e3o de novos inc\u00eandios e a resili\u00eancia do territ\u00f3rio.","og_url":"https:\/\/portaltela.pt\/noticias\/2026\/02\/28\/guarda-quer-governo-operacionalizar-programa-de-revitalizacao-da-serra-da-estrela\/","og_site_name":"Portal Tela Portugal","article_published_time":"2026-02-28T09:32:00+00:00","author":"Telinha","twitter_card":"summary_large_image","twitter_misc":{"Escrito por":"Telinha","Tempo estimado de leitura":"2 minutos"},"schema":{"@context":"https:\/\/schema.org","@graph":[{"@type":"Article","@id":"https:\/\/portaltela.pt\/noticias\/2026\/02\/28\/guarda-quer-governo-operacionalizar-programa-de-revitalizacao-da-serra-da-estrela\/#article","isPartOf":{"@id":"https:\/\/portaltela.pt\/noticias\/2026\/02\/28\/guarda-quer-governo-operacionalizar-programa-de-revitalizacao-da-serra-da-estrela\/"},"author":{"name":"Telinha","@id":"https:\/\/portaltela.pt\/#\/schema\/person\/c4278d4a6028830caff9ee44b42d32ed"},"headline":"Guarda quer Governo operacionalizar Programa de Revitaliza\u00e7\u00e3o da Serra da Estrela","datePublished":"2026-02-28T09:32:00+00:00","mainEntityOfPage":{"@id":"https:\/\/portaltela.pt\/noticias\/2026\/02\/28\/guarda-quer-governo-operacionalizar-programa-de-revitalizacao-da-serra-da-estrela\/"},"wordCount":368,"image":{"@id":"https:\/\/portaltela.pt\/noticias\/2026\/02\/28\/guarda-quer-governo-operacionalizar-programa-de-revitalizacao-da-serra-da-estrela\/#primaryimage"},"thumbnailUrl":"https:\/\/portaltela.pt\/s.01k8rhncp4jt1\/2026\/02\/2070488.jpg","keywords":["desenvolvimento regional","desenvolvimento sustent\u00e1vel","Guarda","inc\u00eandio","prote\u00e7\u00e3o civil","Serra da Estrela"],"articleSection":["Not\u00edcias"],"inLanguage":"pt-PT"},{"@type":"WebPage","@id":"https:\/\/portaltela.pt\/noticias\/2026\/02\/28\/guarda-quer-governo-operacionalizar-programa-de-revitalizacao-da-serra-da-estrela\/","url":"https:\/\/portaltela.pt\/noticias\/2026\/02\/28\/guarda-quer-governo-operacionalizar-programa-de-revitalizacao-da-serra-da-estrela\/","name":"Guarda quer Governo operacionalizar Programa de Revitaliza\u00e7\u00e3o da Serra da Estrela - Portal Tela Portugal","isPartOf":{"@id":"https:\/\/portaltela.pt\/#website"},"primaryImageOfPage":{"@id":"https:\/\/portaltela.pt\/noticias\/2026\/02\/28\/guarda-quer-governo-operacionalizar-programa-de-revitalizacao-da-serra-da-estrela\/#primaryimage"},"image":{"@id":"https:\/\/portaltela.pt\/noticias\/2026\/02\/28\/guarda-quer-governo-operacionalizar-programa-de-revitalizacao-da-serra-da-estrela\/#primaryimage"},"thumbnailUrl":"https:\/\/portaltela.pt\/s.01k8rhncp4jt1\/2026\/02\/2070488.jpg","datePublished":"2026-02-28T09:32:00+00:00","author":{"@id":"https:\/\/portaltela.pt\/#\/schema\/person\/c4278d4a6028830caff9ee44b42d32ed"},"breadcrumb":{"@id":"https:\/\/portaltela.pt\/noticias\/2026\/02\/28\/guarda-quer-governo-operacionalizar-programa-de-revitalizacao-da-serra-da-estrela\/#breadcrumb"},"inLanguage":"pt-PT","potentialAction":[{"@type":"ReadAction","target":["https:\/\/portaltela.pt\/noticias\/2026\/02\/28\/guarda-quer-governo-operacionalizar-programa-de-revitalizacao-da-serra-da-estrela\/"]}]},{"@type":"ImageObject","inLanguage":"pt-PT","@id":"https:\/\/portaltela.pt\/noticias\/2026\/02\/28\/guarda-quer-governo-operacionalizar-programa-de-revitalizacao-da-serra-da-estrela\/#primaryimage","url":"https:\/\/portaltela.pt\/s.01k8rhncp4jt1\/2026\/02\/2070488.jpg","contentUrl":"https:\/\/portaltela.pt\/s.01k8rhncp4jt1\/2026\/02\/2070488.jpg","width":796,"height":448,"caption":"A paisagem em Manteigas, ap\u00f3s os incendios florestais na Serra da Estrela de 2022"},{"@type":"BreadcrumbList","@id":"https:\/\/portaltela.pt\/noticias\/2026\/02\/28\/guarda-quer-governo-operacionalizar-programa-de-revitalizacao-da-serra-da-estrela\/#breadcrumb","itemListElement":[{"@type":"ListItem","position":1,"name":"In\u00edcio","item":"https:\/\/portaltela.pt\/"},{"@type":"ListItem","position":2,"name":"Guarda quer Governo operacionalizar Programa de Revitaliza\u00e7\u00e3o da Serra da Estrela"}]},{"@type":"WebSite","@id":"https:\/\/portaltela.pt\/#website","url":"https:\/\/portaltela.pt\/","name":"Portal Tela Portugal","description":"","potentialAction":[{"@type":"SearchAction","target":{"@type":"EntryPoint","urlTemplate":"https:\/\/portaltela.pt\/?s={search_term_string}"},"query-input":{"@type":"PropertyValueSpecification","valueRequired":true,"valueName":"search_term_string"}}],"inLanguage":"pt-PT"},{"@type":"Person","@id":"https:\/\/portaltela.pt\/#\/schema\/person\/c4278d4a6028830caff9ee44b42d32ed","name":"Telinha","image":{"@type":"ImageObject","inLanguage":"pt-PT","@id":"https:\/\/portaltela.pt\/s.01k8rhncp4jt1\/2025\/11\/talking-bot-125x125.png","url":"https:\/\/portaltela.pt\/s.01k8rhncp4jt1\/2025\/11\/talking-bot-125x125.png","contentUrl":"https:\/\/portaltela.pt\/s.01k8rhncp4jt1\/2025\/11\/talking-bot-125x125.png","caption":"Telinha"},"sameAs":["https:\/\/portaltela.pt\/"],"url":"https:\/\/portaltela.pt\/por\/367410592786\/"}]}},"_links":{"self":[{"href":"https:\/\/portaltela.pt\/api\/wp\/v2\/posts\/391911","targetHints":{"allow":["GET"]}}],"collection":[{"href":"https:\/\/portaltela.pt\/api\/wp\/v2\/posts"}],"about":[{"href":"https:\/\/portaltela.pt\/api\/wp\/v2\/types\/post"}],"author":[{"embeddable":true,"href":"https:\/\/portaltela.pt\/api\/wp\/v2\/users\/2"}],"replies":[{"embeddable":true,"href":"https:\/\/portaltela.pt\/api\/wp\/v2\/comments?post=391911"}],"version-history":[{"count":0,"href":"https:\/\/portaltela.pt\/api\/wp\/v2\/posts\/391911\/revisions"}],"wp:featuredmedia":[{"embeddable":true,"href":"https:\/\/portaltela.pt\/api\/wp\/v2\/media\/391917"}],"wp:attachment":[{"href":"https:\/\/portaltela.pt\/api\/wp\/v2\/media?parent=391911"}],"wp:term":[{"taxonomy":"category","embeddable":true,"href":"https:\/\/portaltela.pt\/api\/wp\/v2\/categories?post=391911"},{"taxonomy":"post_tag","embeddable":true,"href":"https:\/\/portaltela.pt\/api\/wp\/v2\/tags?post=391911"}],"curies":[{"name":"wp","href":"https:\/\/api.w.org\/{rel}","templated":true}]}}