{"id":391906,"date":"2026-02-28T05:01:00","date_gmt":"2026-02-28T08:01:00","guid":{"rendered":"https:\/\/portaltela.pt\/noticias\/2026\/02\/28\/hospital-de-leiria-continua-a-sentir-os-efeitos-da-tempestade\/"},"modified":"2026-02-28T05:01:00","modified_gmt":"2026-02-28T08:01:00","slug":"hospital-de-leiria-continua-a-sentir-os-efeitos-da-tempestade","status":"publish","type":"post","link":"https:\/\/portaltela.pt\/noticias\/2026\/02\/28\/hospital-de-leiria-continua-a-sentir-os-efeitos-da-tempestade\/","title":{"rendered":"Hospital de Leiria continua a sentir os efeitos da tempestade"},"content":{"rendered":"<p>Depois do caos dos primeiros dias, o Hospital de Leiria ainda sente os efeitos da tempestade e da interrup\u00e7\u00e3o de servi\u00e7os. As consequ\u00eancias continuam a afetar o funcionamento di\u00e1rio.<\/p>\n<p>A institui\u00e7\u00e3o relata atrasos no atendimento, reprograma\u00e7\u00e3o de consultas e limita\u00e7\u00f5es de recursos humanos e materiais. Os impactos variam consoante \u00e1reas e disponibilidades.<\/p>\n<p>Autoridades hospitalares n\u00e3o detalham n\u00fameros, mas indicam que a normaliza\u00e7\u00e3o \u00e9 gradual. O ritmo depende do restabelecimento de stocks, condi\u00e7\u00f5es de acesso \u00e0s instala\u00e7\u00f5es e refor\u00e7o de pessoal.<\/p>\n<p>O conte\u00fado completo sobre o tema est\u00e1 dispon\u00edvel apenas para subscritores.<\/p>\n","protected":false},"excerpt":{"rendered":"<ul>\n<li>O Hospital de Leiria continua a sentir os efeitos da tempestade, ap\u00f3s o caos registado nos primeiros dias.<\/li>\n<li>O conte\u00fado completo da not\u00edcia est\u00e1 dispon\u00edvel apenas para subscritores.<\/li>\n<li>Acesso ao texto mediante login\/assinatura, conforme indicado pela plataforma.<\/li>\n<li>O tema central destaca consequ\u00eancias persistentes da tempestade no hospital.<\/li>\n<li>A reportagem n\u00e3o apresenta detalhes adicionais sem a autoriza\u00e7\u00e3o de acesso.<\/li>\n<\/ul>\n","protected":false},"author":2,"featured_media":391912,"comment_status":"closed","ping_status":"closed","sticky":false,"template":"","format":"standard","meta":{"footnotes":""},"categories":[1],"tags":[5596,5700,2581,1385,5577,5761],"class_list":["post-391906","post","type-post","status-publish","format-standard","has-post-thumbnail","hentry","category-noticias","tag-atrasos","tag-consultas-externas","tag-hospitais","tag-leiria","tag-recursos","tag-servicos-de-saude"],"yoast_head":"<!-- This site is optimized with the Yoast SEO plugin v27.2 - https:\/\/yoast.com\/product\/yoast-seo-wordpress\/ -->\n<title>Hospital de Leiria continua a sentir os efeitos da tempestade - Portal Tela Portugal<\/title>\n<meta name=\"robots\" content=\"index, follow, max-snippet:-1, max-image-preview:large, max-video-preview:-1\" \/>\n<meta property=\"og:locale\" content=\"pt_PT\" \/>\n<meta property=\"og:type\" content=\"article\" \/>\n<meta property=\"og:title\" content=\"Hospital de Leiria continua a sentir os efeitos da tempestade - Portal Tela Portugal\" \/>\n<meta property=\"og:description\" content=\"O Hospital de Leiria continua a sentir os efeitos da tempestade, ap\u00f3s o caos registado nos primeiros dias. O conte\u00fado completo da not\u00edcia est\u00e1 dispon\u00edvel apenas para subscritores. Acesso ao texto mediante login\/assinatura, conforme indicado pela plataforma. O tema central destaca consequ\u00eancias persistentes da tempestade no hospital. A reportagem n\u00e3o apresenta detalhes adicionais sem a autoriza\u00e7\u00e3o de acesso.\" \/>\n<meta property=\"og:url\" content=\"https:\/\/portaltela.pt\/noticias\/2026\/02\/28\/hospital-de-leiria-continua-a-sentir-os-efeitos-da-tempestade\/\" \/>\n<meta property=\"og:site_name\" content=\"Portal Tela Portugal\" \/>\n<meta property=\"article:published_time\" content=\"2026-02-28T08:01:00+00:00\" \/>\n<meta name=\"author\" content=\"Telinha\" \/>\n<meta name=\"twitter:card\" content=\"summary_large_image\" \/>\n<meta name=\"twitter:label1\" content=\"Escrito por\" \/>\n\t<meta name=\"twitter:data1\" content=\"Telinha\" \/>\n\t<meta name=\"twitter:label2\" content=\"Tempo estimado de leitura\" \/>\n\t<meta name=\"twitter:data2\" content=\"1 minuto\" \/>\n<script type=\"application\/ld+json\" class=\"yoast-schema-graph\">{\"@context\":\"https:\/\/schema.org\",\"@graph\":[{\"@type\":\"Article\",\"@id\":\"https:\/\/portaltela.pt\/noticias\/2026\/02\/28\/hospital-de-leiria-continua-a-sentir-os-efeitos-da-tempestade\/#article\",\"isPartOf\":{\"@id\":\"https:\/\/portaltela.pt\/noticias\/2026\/02\/28\/hospital-de-leiria-continua-a-sentir-os-efeitos-da-tempestade\/\"},\"author\":{\"name\":\"Telinha\",\"@id\":\"https:\/\/portaltela.pt\/#\/schema\/person\/c4278d4a6028830caff9ee44b42d32ed\"},\"headline\":\"Hospital de Leiria continua a sentir os efeitos da tempestade\",\"datePublished\":\"2026-02-28T08:01:00+00:00\",\"mainEntityOfPage\":{\"@id\":\"https:\/\/portaltela.pt\/noticias\/2026\/02\/28\/hospital-de-leiria-continua-a-sentir-os-efeitos-da-tempestade\/\"},\"wordCount\":115,\"image\":{\"@id\":\"https:\/\/portaltela.pt\/noticias\/2026\/02\/28\/hospital-de-leiria-continua-a-sentir-os-efeitos-da-tempestade\/#primaryimage\"},\"thumbnailUrl\":\"https:\/\/portaltela.pt\/s.01k8rhncp4jt1\/2026\/02\/CACHE_780X1200_ANALOG_WATERMARKED_46643327_3034402_27022026054407.jpg\",\"keywords\":[\"atrasos\",\"consultas externas\",\"hospitais\",\"Leiria\",\"recursos\",\"servi\u00e7os de sa\u00fade\"],\"articleSection\":[\"Not\u00edcias\"],\"inLanguage\":\"pt-PT\"},{\"@type\":\"WebPage\",\"@id\":\"https:\/\/portaltela.pt\/noticias\/2026\/02\/28\/hospital-de-leiria-continua-a-sentir-os-efeitos-da-tempestade\/\",\"url\":\"https:\/\/portaltela.pt\/noticias\/2026\/02\/28\/hospital-de-leiria-continua-a-sentir-os-efeitos-da-tempestade\/\",\"name\":\"Hospital de Leiria continua a sentir os efeitos da tempestade - Portal Tela Portugal\",\"isPartOf\":{\"@id\":\"https:\/\/portaltela.pt\/#website\"},\"primaryImageOfPage\":{\"@id\":\"https:\/\/portaltela.pt\/noticias\/2026\/02\/28\/hospital-de-leiria-continua-a-sentir-os-efeitos-da-tempestade\/#primaryimage\"},\"image\":{\"@id\":\"https:\/\/portaltela.pt\/noticias\/2026\/02\/28\/hospital-de-leiria-continua-a-sentir-os-efeitos-da-tempestade\/#primaryimage\"},\"thumbnailUrl\":\"https:\/\/portaltela.pt\/s.01k8rhncp4jt1\/2026\/02\/CACHE_780X1200_ANALOG_WATERMARKED_46643327_3034402_27022026054407.jpg\",\"datePublished\":\"2026-02-28T08:01:00+00:00\",\"author\":{\"@id\":\"https:\/\/portaltela.pt\/#\/schema\/person\/c4278d4a6028830caff9ee44b42d32ed\"},\"breadcrumb\":{\"@id\":\"https:\/\/portaltela.pt\/noticias\/2026\/02\/28\/hospital-de-leiria-continua-a-sentir-os-efeitos-da-tempestade\/#breadcrumb\"},\"inLanguage\":\"pt-PT\",\"potentialAction\":[{\"@type\":\"ReadAction\",\"target\":[\"https:\/\/portaltela.pt\/noticias\/2026\/02\/28\/hospital-de-leiria-continua-a-sentir-os-efeitos-da-tempestade\/\"]}]},{\"@type\":\"ImageObject\",\"inLanguage\":\"pt-PT\",\"@id\":\"https:\/\/portaltela.pt\/noticias\/2026\/02\/28\/hospital-de-leiria-continua-a-sentir-os-efeitos-da-tempestade\/#primaryimage\",\"url\":\"https:\/\/portaltela.pt\/s.01k8rhncp4jt1\/2026\/02\/CACHE_780X1200_ANALOG_WATERMARKED_46643327_3034402_27022026054407.jpg\",\"contentUrl\":\"https:\/\/portaltela.pt\/s.01k8rhncp4jt1\/2026\/02\/CACHE_780X1200_ANALOG_WATERMARKED_46643327_3034402_27022026054407.jpg\",\"width\":768,\"height\":512,\"caption\":\"Depois do caos dos primeiros dias, Hospital de Leiria ainda sente efeitos da tempestade\"},{\"@type\":\"BreadcrumbList\",\"@id\":\"https:\/\/portaltela.pt\/noticias\/2026\/02\/28\/hospital-de-leiria-continua-a-sentir-os-efeitos-da-tempestade\/#breadcrumb\",\"itemListElement\":[{\"@type\":\"ListItem\",\"position\":1,\"name\":\"In\u00edcio\",\"item\":\"https:\/\/portaltela.pt\/\"},{\"@type\":\"ListItem\",\"position\":2,\"name\":\"Hospital de Leiria continua a sentir os efeitos da tempestade\"}]},{\"@type\":\"WebSite\",\"@id\":\"https:\/\/portaltela.pt\/#website\",\"url\":\"https:\/\/portaltela.pt\/\",\"name\":\"Portal Tela Portugal\",\"description\":\"\",\"potentialAction\":[{\"@type\":\"SearchAction\",\"target\":{\"@type\":\"EntryPoint\",\"urlTemplate\":\"https:\/\/portaltela.pt\/?s={search_term_string}\"},\"query-input\":{\"@type\":\"PropertyValueSpecification\",\"valueRequired\":true,\"valueName\":\"search_term_string\"}}],\"inLanguage\":\"pt-PT\"},{\"@type\":\"Person\",\"@id\":\"https:\/\/portaltela.pt\/#\/schema\/person\/c4278d4a6028830caff9ee44b42d32ed\",\"name\":\"Telinha\",\"image\":{\"@type\":\"ImageObject\",\"inLanguage\":\"pt-PT\",\"@id\":\"https:\/\/portaltela.pt\/s.01k8rhncp4jt1\/2025\/11\/talking-bot-125x125.png\",\"url\":\"https:\/\/portaltela.pt\/s.01k8rhncp4jt1\/2025\/11\/talking-bot-125x125.png\",\"contentUrl\":\"https:\/\/portaltela.pt\/s.01k8rhncp4jt1\/2025\/11\/talking-bot-125x125.png\",\"caption\":\"Telinha\"},\"sameAs\":[\"https:\/\/portaltela.pt\/\"],\"url\":\"https:\/\/portaltela.pt\/por\/367410592786\/\"}]}<\/script>\n<!-- \/ Yoast SEO plugin. -->","yoast_head_json":{"title":"Hospital de Leiria continua a sentir os efeitos da tempestade - Portal Tela Portugal","robots":{"index":"index","follow":"follow","max-snippet":"max-snippet:-1","max-image-preview":"max-image-preview:large","max-video-preview":"max-video-preview:-1"},"og_locale":"pt_PT","og_type":"article","og_title":"Hospital de Leiria continua a sentir os efeitos da tempestade - Portal Tela Portugal","og_description":"O Hospital de Leiria continua a sentir os efeitos da tempestade, ap\u00f3s o caos registado nos primeiros dias. O conte\u00fado completo da not\u00edcia est\u00e1 dispon\u00edvel apenas para subscritores. Acesso ao texto mediante login\/assinatura, conforme indicado pela plataforma. O tema central destaca consequ\u00eancias persistentes da tempestade no hospital. A reportagem n\u00e3o apresenta detalhes adicionais sem a autoriza\u00e7\u00e3o de acesso.","og_url":"https:\/\/portaltela.pt\/noticias\/2026\/02\/28\/hospital-de-leiria-continua-a-sentir-os-efeitos-da-tempestade\/","og_site_name":"Portal Tela Portugal","article_published_time":"2026-02-28T08:01:00+00:00","author":"Telinha","twitter_card":"summary_large_image","twitter_misc":{"Escrito por":"Telinha","Tempo estimado de leitura":"1 minuto"},"schema":{"@context":"https:\/\/schema.org","@graph":[{"@type":"Article","@id":"https:\/\/portaltela.pt\/noticias\/2026\/02\/28\/hospital-de-leiria-continua-a-sentir-os-efeitos-da-tempestade\/#article","isPartOf":{"@id":"https:\/\/portaltela.pt\/noticias\/2026\/02\/28\/hospital-de-leiria-continua-a-sentir-os-efeitos-da-tempestade\/"},"author":{"name":"Telinha","@id":"https:\/\/portaltela.pt\/#\/schema\/person\/c4278d4a6028830caff9ee44b42d32ed"},"headline":"Hospital de Leiria continua a sentir os efeitos da tempestade","datePublished":"2026-02-28T08:01:00+00:00","mainEntityOfPage":{"@id":"https:\/\/portaltela.pt\/noticias\/2026\/02\/28\/hospital-de-leiria-continua-a-sentir-os-efeitos-da-tempestade\/"},"wordCount":115,"image":{"@id":"https:\/\/portaltela.pt\/noticias\/2026\/02\/28\/hospital-de-leiria-continua-a-sentir-os-efeitos-da-tempestade\/#primaryimage"},"thumbnailUrl":"https:\/\/portaltela.pt\/s.01k8rhncp4jt1\/2026\/02\/CACHE_780X1200_ANALOG_WATERMARKED_46643327_3034402_27022026054407.jpg","keywords":["atrasos","consultas externas","hospitais","Leiria","recursos","servi\u00e7os de sa\u00fade"],"articleSection":["Not\u00edcias"],"inLanguage":"pt-PT"},{"@type":"WebPage","@id":"https:\/\/portaltela.pt\/noticias\/2026\/02\/28\/hospital-de-leiria-continua-a-sentir-os-efeitos-da-tempestade\/","url":"https:\/\/portaltela.pt\/noticias\/2026\/02\/28\/hospital-de-leiria-continua-a-sentir-os-efeitos-da-tempestade\/","name":"Hospital de Leiria continua a sentir os efeitos da tempestade - Portal Tela Portugal","isPartOf":{"@id":"https:\/\/portaltela.pt\/#website"},"primaryImageOfPage":{"@id":"https:\/\/portaltela.pt\/noticias\/2026\/02\/28\/hospital-de-leiria-continua-a-sentir-os-efeitos-da-tempestade\/#primaryimage"},"image":{"@id":"https:\/\/portaltela.pt\/noticias\/2026\/02\/28\/hospital-de-leiria-continua-a-sentir-os-efeitos-da-tempestade\/#primaryimage"},"thumbnailUrl":"https:\/\/portaltela.pt\/s.01k8rhncp4jt1\/2026\/02\/CACHE_780X1200_ANALOG_WATERMARKED_46643327_3034402_27022026054407.jpg","datePublished":"2026-02-28T08:01:00+00:00","author":{"@id":"https:\/\/portaltela.pt\/#\/schema\/person\/c4278d4a6028830caff9ee44b42d32ed"},"breadcrumb":{"@id":"https:\/\/portaltela.pt\/noticias\/2026\/02\/28\/hospital-de-leiria-continua-a-sentir-os-efeitos-da-tempestade\/#breadcrumb"},"inLanguage":"pt-PT","potentialAction":[{"@type":"ReadAction","target":["https:\/\/portaltela.pt\/noticias\/2026\/02\/28\/hospital-de-leiria-continua-a-sentir-os-efeitos-da-tempestade\/"]}]},{"@type":"ImageObject","inLanguage":"pt-PT","@id":"https:\/\/portaltela.pt\/noticias\/2026\/02\/28\/hospital-de-leiria-continua-a-sentir-os-efeitos-da-tempestade\/#primaryimage","url":"https:\/\/portaltela.pt\/s.01k8rhncp4jt1\/2026\/02\/CACHE_780X1200_ANALOG_WATERMARKED_46643327_3034402_27022026054407.jpg","contentUrl":"https:\/\/portaltela.pt\/s.01k8rhncp4jt1\/2026\/02\/CACHE_780X1200_ANALOG_WATERMARKED_46643327_3034402_27022026054407.jpg","width":768,"height":512,"caption":"Depois do caos dos primeiros dias, Hospital de Leiria ainda sente efeitos da tempestade"},{"@type":"BreadcrumbList","@id":"https:\/\/portaltela.pt\/noticias\/2026\/02\/28\/hospital-de-leiria-continua-a-sentir-os-efeitos-da-tempestade\/#breadcrumb","itemListElement":[{"@type":"ListItem","position":1,"name":"In\u00edcio","item":"https:\/\/portaltela.pt\/"},{"@type":"ListItem","position":2,"name":"Hospital de Leiria continua a sentir os efeitos da tempestade"}]},{"@type":"WebSite","@id":"https:\/\/portaltela.pt\/#website","url":"https:\/\/portaltela.pt\/","name":"Portal Tela Portugal","description":"","potentialAction":[{"@type":"SearchAction","target":{"@type":"EntryPoint","urlTemplate":"https:\/\/portaltela.pt\/?s={search_term_string}"},"query-input":{"@type":"PropertyValueSpecification","valueRequired":true,"valueName":"search_term_string"}}],"inLanguage":"pt-PT"},{"@type":"Person","@id":"https:\/\/portaltela.pt\/#\/schema\/person\/c4278d4a6028830caff9ee44b42d32ed","name":"Telinha","image":{"@type":"ImageObject","inLanguage":"pt-PT","@id":"https:\/\/portaltela.pt\/s.01k8rhncp4jt1\/2025\/11\/talking-bot-125x125.png","url":"https:\/\/portaltela.pt\/s.01k8rhncp4jt1\/2025\/11\/talking-bot-125x125.png","contentUrl":"https:\/\/portaltela.pt\/s.01k8rhncp4jt1\/2025\/11\/talking-bot-125x125.png","caption":"Telinha"},"sameAs":["https:\/\/portaltela.pt\/"],"url":"https:\/\/portaltela.pt\/por\/367410592786\/"}]}},"_links":{"self":[{"href":"https:\/\/portaltela.pt\/api\/wp\/v2\/posts\/391906","targetHints":{"allow":["GET"]}}],"collection":[{"href":"https:\/\/portaltela.pt\/api\/wp\/v2\/posts"}],"about":[{"href":"https:\/\/portaltela.pt\/api\/wp\/v2\/types\/post"}],"author":[{"embeddable":true,"href":"https:\/\/portaltela.pt\/api\/wp\/v2\/users\/2"}],"replies":[{"embeddable":true,"href":"https:\/\/portaltela.pt\/api\/wp\/v2\/comments?post=391906"}],"version-history":[{"count":0,"href":"https:\/\/portaltela.pt\/api\/wp\/v2\/posts\/391906\/revisions"}],"wp:featuredmedia":[{"embeddable":true,"href":"https:\/\/portaltela.pt\/api\/wp\/v2\/media\/391912"}],"wp:attachment":[{"href":"https:\/\/portaltela.pt\/api\/wp\/v2\/media?parent=391906"}],"wp:term":[{"taxonomy":"category","embeddable":true,"href":"https:\/\/portaltela.pt\/api\/wp\/v2\/categories?post=391906"},{"taxonomy":"post_tag","embeddable":true,"href":"https:\/\/portaltela.pt\/api\/wp\/v2\/tags?post=391906"}],"curies":[{"name":"wp","href":"https:\/\/api.w.org\/{rel}","templated":true}]}}