{"id":391901,"date":"2026-02-28T06:30:00","date_gmt":"2026-02-28T09:30:00","guid":{"rendered":"https:\/\/portaltela.pt\/noticias\/2026\/02\/28\/casas-da-nossa-vida-como-o-habitat-molda-o-dia-a-dia\/"},"modified":"2026-02-28T06:30:00","modified_gmt":"2026-02-28T09:30:00","slug":"casas-da-nossa-vida-como-o-habitat-molda-o-dia-a-dia","status":"publish","type":"post","link":"https:\/\/portaltela.pt\/noticias\/2026\/02\/28\/casas-da-nossa-vida-como-o-habitat-molda-o-dia-a-dia\/","title":{"rendered":"Casas da nossa vida: como o habitat molda o dia a dia"},"content":{"rendered":"<p>Desde a barriga da m\u00e3e at\u00e9 \u00e0 casa aut\u00f3noma, uma curadoria liter\u00e1ria explora a evolu\u00e7\u00e3o do conceito de lar ao longo da vida. A proposta re\u00fane obras que ajudam a entender diferentes perspetivas sobre onde viver, em termos simples e acess\u00edveis \u00e0s crian\u00e7as.<\/p>\n<p>A escolha textual e visual destaca a ideia de casa como espa\u00e7o vivo, que acompanha o crescimento e as mudan\u00e7as do indiv\u00edduo. A curadoria aponta que a casa pode ser vista como continente de mem\u00f3rias, conforto e identidade.<\/p>\n<p>Diversas obras apresentam a casa em variados cen\u00e1rios e estilos. Aurore Petit descreve o conceito de \u201coceano-casa\u201d desde o in\u00edcio da vida, enquanto Carson Ellis sugere propostas gr\u00e1ficas para o futuro lar.<\/p>\n<p>Entre os t\u00edtulos em evid\u00eancia est\u00e3o Uma casa no campo, e Casas arrumadas. Cada obra oferece mundos visuais e narrativos que estimulam a imagina\u00e7\u00e3o sobre onde, como e porqu\u00ea habitar.<\/p>\n<p>A sec\u00e7\u00e3o presenta ainda obras com interven\u00e7\u00f5es art\u00edsticas, como ilustra\u00e7\u00f5es de Yara Kono e textos de Tomi Ungerer, ampliando a variedade de formatos e perspetivas sobre o lar.<\/p>\n<p>A lista inclui relatos que acompanham o leitor desde A Casa Azul, com refer\u00eancias a uma casa junto a um abeto, at\u00e9 A Casa Invis\u00edvel, que indica presen\u00e7a mesmo sem visibilidade.<\/p>\n<p>A sele\u00e7\u00e3o contempla ainda obras com linguagem po\u00e9tica e l\u00fadica, como Como \u00c9 Que Um Caracol Foge de Casa, de Capicua, e uma p\u00e1gina dupla de Allumette, de Tomi Ungerer, que exploram a rela\u00e7\u00e3o entre espa\u00e7o e identidade.<\/p>\n","protected":false},"excerpt":{"rendered":"<ul>\n<li>O texto apresenta livros infantis que exploram diferentes vis\u00f5es de casa ao longo da vida, desde a gesta\u00e7\u00e3o at\u00e9 alcan\u00e7ar uma casa aut\u00f3noma, com mensagens de esperan\u00e7a.<\/li>\n<li>Inclui conceitos como a \u201coceano-casa\u201d na barriga da m\u00e3e, e a ideia de futuros lares ilustrados por artistas como Carson Ellis.<\/li>\n<li>T\u00edtulos-chave mencionados: Uma casa no campo (Carson Ellis), Casas arrumadas. Casas desalinhadas (Carson Ellis), A Casa Azul (Phoeb Wahl), A Casa Invis\u00edvel (Francisca Camelo) e Beb\u00e9 Barriga (Aurore Petit).<\/li>\n<li>Outras obras referenciadas na lista de imagens: Allumette (Tomi Ungerer), Como \u00c9 Que Um Caracol Foge de Casa? (Capicua) e As Casas das Coisas (texto de Jo\u00e3o Pedro M\u00e8sseder, ilustra\u00e7\u00e3o de Rachel Caiano).<\/li>\n<li>A sele\u00e7\u00e3o \u00e9 acompanhada por imagens de divulga\u00e7\u00e3o, incluindo refer\u00eancias a edi\u00e7\u00f5es da Trienal de Arquitectura de Lisboa.<\/li>\n<\/ul>\n","protected":false},"author":2,"featured_media":391902,"comment_status":"closed","ping_status":"closed","sticky":false,"template":"","format":"standard","meta":{"footnotes":""},"categories":[1],"tags":[6393,2743,145,1698,106,130],"class_list":["post-391901","post","type-post","status-publish","format-standard","has-post-thumbnail","hentry","category-noticias","tag-a-casa","tag-casas","tag-cultura","tag-infantil","tag-literatura","tag-livros"],"yoast_head":"<!-- This site is optimized with the Yoast SEO plugin v27.2 - https:\/\/yoast.com\/product\/yoast-seo-wordpress\/ -->\n<title>Casas da nossa vida: como o habitat molda o dia a dia - Portal Tela Portugal<\/title>\n<meta name=\"robots\" content=\"index, follow, max-snippet:-1, max-image-preview:large, max-video-preview:-1\" \/>\n<meta property=\"og:locale\" content=\"pt_PT\" \/>\n<meta property=\"og:type\" content=\"article\" \/>\n<meta property=\"og:title\" content=\"Casas da nossa vida: como o habitat molda o dia a dia - Portal Tela Portugal\" \/>\n<meta property=\"og:description\" content=\"O texto apresenta livros infantis que exploram diferentes vis\u00f5es de casa ao longo da vida, desde a gesta\u00e7\u00e3o at\u00e9 alcan\u00e7ar uma casa aut\u00f3noma, com mensagens de esperan\u00e7a. Inclui conceitos como a \u201coceano-casa\u201d na barriga da m\u00e3e, e a ideia de futuros lares ilustrados por artistas como Carson Ellis. T\u00edtulos-chave mencionados: Uma casa no campo (Carson Ellis), Casas arrumadas. Casas desalinhadas (Carson Ellis), A Casa Azul (Phoeb Wahl), A Casa Invis\u00edvel (Francisca Camelo) e Beb\u00e9 Barriga (Aurore Petit). Outras obras referenciadas na lista de imagens: Allumette (Tomi Ungerer), Como \u00c9 Que Um Caracol Foge de Casa? (Capicua) e As Casas das Coisas (texto de Jo\u00e3o Pedro M\u00e8sseder, ilustra\u00e7\u00e3o de Rachel Caiano). A sele\u00e7\u00e3o \u00e9 acompanhada por imagens de divulga\u00e7\u00e3o, incluindo refer\u00eancias a edi\u00e7\u00f5es da Trienal de Arquitectura de Lisboa.\" \/>\n<meta property=\"og:url\" content=\"https:\/\/portaltela.pt\/noticias\/2026\/02\/28\/casas-da-nossa-vida-como-o-habitat-molda-o-dia-a-dia\/\" \/>\n<meta property=\"og:site_name\" content=\"Portal Tela Portugal\" \/>\n<meta property=\"article:published_time\" content=\"2026-02-28T09:30:00+00:00\" \/>\n<meta name=\"author\" content=\"Telinha\" \/>\n<meta name=\"twitter:card\" content=\"summary_large_image\" \/>\n<meta name=\"twitter:label1\" content=\"Escrito por\" \/>\n\t<meta name=\"twitter:data1\" content=\"Telinha\" \/>\n\t<meta name=\"twitter:label2\" content=\"Tempo estimado de leitura\" \/>\n\t<meta name=\"twitter:data2\" content=\"1 minuto\" \/>\n<script type=\"application\/ld+json\" class=\"yoast-schema-graph\">{\"@context\":\"https:\/\/schema.org\",\"@graph\":[{\"@type\":\"Article\",\"@id\":\"https:\/\/portaltela.pt\/noticias\/2026\/02\/28\/casas-da-nossa-vida-como-o-habitat-molda-o-dia-a-dia\/#article\",\"isPartOf\":{\"@id\":\"https:\/\/portaltela.pt\/noticias\/2026\/02\/28\/casas-da-nossa-vida-como-o-habitat-molda-o-dia-a-dia\/\"},\"author\":{\"name\":\"Telinha\",\"@id\":\"https:\/\/portaltela.pt\/#\/schema\/person\/c4278d4a6028830caff9ee44b42d32ed\"},\"headline\":\"Casas da nossa vida: como o habitat molda o dia a dia\",\"datePublished\":\"2026-02-28T09:30:00+00:00\",\"mainEntityOfPage\":{\"@id\":\"https:\/\/portaltela.pt\/noticias\/2026\/02\/28\/casas-da-nossa-vida-como-o-habitat-molda-o-dia-a-dia\/\"},\"wordCount\":281,\"image\":{\"@id\":\"https:\/\/portaltela.pt\/noticias\/2026\/02\/28\/casas-da-nossa-vida-como-o-habitat-molda-o-dia-a-dia\/#primaryimage\"},\"thumbnailUrl\":\"https:\/\/portaltela.pt\/s.01k8rhncp4jt1\/2026\/02\/2070407.jpg\",\"keywords\":[\"a casa\",\"casas\",\"cultura\",\"infantil\",\"literatura\",\"livros\"],\"articleSection\":[\"Not\u00edcias\"],\"inLanguage\":\"pt-PT\"},{\"@type\":\"WebPage\",\"@id\":\"https:\/\/portaltela.pt\/noticias\/2026\/02\/28\/casas-da-nossa-vida-como-o-habitat-molda-o-dia-a-dia\/\",\"url\":\"https:\/\/portaltela.pt\/noticias\/2026\/02\/28\/casas-da-nossa-vida-como-o-habitat-molda-o-dia-a-dia\/\",\"name\":\"Casas da nossa vida: como o habitat molda o dia a dia - Portal Tela Portugal\",\"isPartOf\":{\"@id\":\"https:\/\/portaltela.pt\/#website\"},\"primaryImageOfPage\":{\"@id\":\"https:\/\/portaltela.pt\/noticias\/2026\/02\/28\/casas-da-nossa-vida-como-o-habitat-molda-o-dia-a-dia\/#primaryimage\"},\"image\":{\"@id\":\"https:\/\/portaltela.pt\/noticias\/2026\/02\/28\/casas-da-nossa-vida-como-o-habitat-molda-o-dia-a-dia\/#primaryimage\"},\"thumbnailUrl\":\"https:\/\/portaltela.pt\/s.01k8rhncp4jt1\/2026\/02\/2070407.jpg\",\"datePublished\":\"2026-02-28T09:30:00+00:00\",\"author\":{\"@id\":\"https:\/\/portaltela.pt\/#\/schema\/person\/c4278d4a6028830caff9ee44b42d32ed\"},\"breadcrumb\":{\"@id\":\"https:\/\/portaltela.pt\/noticias\/2026\/02\/28\/casas-da-nossa-vida-como-o-habitat-molda-o-dia-a-dia\/#breadcrumb\"},\"inLanguage\":\"pt-PT\",\"potentialAction\":[{\"@type\":\"ReadAction\",\"target\":[\"https:\/\/portaltela.pt\/noticias\/2026\/02\/28\/casas-da-nossa-vida-como-o-habitat-molda-o-dia-a-dia\/\"]}]},{\"@type\":\"ImageObject\",\"inLanguage\":\"pt-PT\",\"@id\":\"https:\/\/portaltela.pt\/noticias\/2026\/02\/28\/casas-da-nossa-vida-como-o-habitat-molda-o-dia-a-dia\/#primaryimage\",\"url\":\"https:\/\/portaltela.pt\/s.01k8rhncp4jt1\/2026\/02\/2070407.jpg\",\"contentUrl\":\"https:\/\/portaltela.pt\/s.01k8rhncp4jt1\/2026\/02\/2070407.jpg\",\"width\":796,\"height\":448,\"caption\":\"impar,letra-pequena,literatura-infantil,capicua,criancas,livros,\"},{\"@type\":\"BreadcrumbList\",\"@id\":\"https:\/\/portaltela.pt\/noticias\/2026\/02\/28\/casas-da-nossa-vida-como-o-habitat-molda-o-dia-a-dia\/#breadcrumb\",\"itemListElement\":[{\"@type\":\"ListItem\",\"position\":1,\"name\":\"In\u00edcio\",\"item\":\"https:\/\/portaltela.pt\/\"},{\"@type\":\"ListItem\",\"position\":2,\"name\":\"Casas da nossa vida: como o habitat molda o dia a dia\"}]},{\"@type\":\"WebSite\",\"@id\":\"https:\/\/portaltela.pt\/#website\",\"url\":\"https:\/\/portaltela.pt\/\",\"name\":\"Portal Tela Portugal\",\"description\":\"\",\"potentialAction\":[{\"@type\":\"SearchAction\",\"target\":{\"@type\":\"EntryPoint\",\"urlTemplate\":\"https:\/\/portaltela.pt\/?s={search_term_string}\"},\"query-input\":{\"@type\":\"PropertyValueSpecification\",\"valueRequired\":true,\"valueName\":\"search_term_string\"}}],\"inLanguage\":\"pt-PT\"},{\"@type\":\"Person\",\"@id\":\"https:\/\/portaltela.pt\/#\/schema\/person\/c4278d4a6028830caff9ee44b42d32ed\",\"name\":\"Telinha\",\"image\":{\"@type\":\"ImageObject\",\"inLanguage\":\"pt-PT\",\"@id\":\"https:\/\/portaltela.pt\/s.01k8rhncp4jt1\/2025\/11\/talking-bot-125x125.png\",\"url\":\"https:\/\/portaltela.pt\/s.01k8rhncp4jt1\/2025\/11\/talking-bot-125x125.png\",\"contentUrl\":\"https:\/\/portaltela.pt\/s.01k8rhncp4jt1\/2025\/11\/talking-bot-125x125.png\",\"caption\":\"Telinha\"},\"sameAs\":[\"https:\/\/portaltela.pt\/\"],\"url\":\"https:\/\/portaltela.pt\/por\/367410592786\/\"}]}<\/script>\n<!-- \/ Yoast SEO plugin. -->","yoast_head_json":{"title":"Casas da nossa vida: como o habitat molda o dia a dia - Portal Tela Portugal","robots":{"index":"index","follow":"follow","max-snippet":"max-snippet:-1","max-image-preview":"max-image-preview:large","max-video-preview":"max-video-preview:-1"},"og_locale":"pt_PT","og_type":"article","og_title":"Casas da nossa vida: como o habitat molda o dia a dia - Portal Tela Portugal","og_description":"O texto apresenta livros infantis que exploram diferentes vis\u00f5es de casa ao longo da vida, desde a gesta\u00e7\u00e3o at\u00e9 alcan\u00e7ar uma casa aut\u00f3noma, com mensagens de esperan\u00e7a. Inclui conceitos como a \u201coceano-casa\u201d na barriga da m\u00e3e, e a ideia de futuros lares ilustrados por artistas como Carson Ellis. T\u00edtulos-chave mencionados: Uma casa no campo (Carson Ellis), Casas arrumadas. Casas desalinhadas (Carson Ellis), A Casa Azul (Phoeb Wahl), A Casa Invis\u00edvel (Francisca Camelo) e Beb\u00e9 Barriga (Aurore Petit). Outras obras referenciadas na lista de imagens: Allumette (Tomi Ungerer), Como \u00c9 Que Um Caracol Foge de Casa? (Capicua) e As Casas das Coisas (texto de Jo\u00e3o Pedro M\u00e8sseder, ilustra\u00e7\u00e3o de Rachel Caiano). A sele\u00e7\u00e3o \u00e9 acompanhada por imagens de divulga\u00e7\u00e3o, incluindo refer\u00eancias a edi\u00e7\u00f5es da Trienal de Arquitectura de Lisboa.","og_url":"https:\/\/portaltela.pt\/noticias\/2026\/02\/28\/casas-da-nossa-vida-como-o-habitat-molda-o-dia-a-dia\/","og_site_name":"Portal Tela Portugal","article_published_time":"2026-02-28T09:30:00+00:00","author":"Telinha","twitter_card":"summary_large_image","twitter_misc":{"Escrito por":"Telinha","Tempo estimado de leitura":"1 minuto"},"schema":{"@context":"https:\/\/schema.org","@graph":[{"@type":"Article","@id":"https:\/\/portaltela.pt\/noticias\/2026\/02\/28\/casas-da-nossa-vida-como-o-habitat-molda-o-dia-a-dia\/#article","isPartOf":{"@id":"https:\/\/portaltela.pt\/noticias\/2026\/02\/28\/casas-da-nossa-vida-como-o-habitat-molda-o-dia-a-dia\/"},"author":{"name":"Telinha","@id":"https:\/\/portaltela.pt\/#\/schema\/person\/c4278d4a6028830caff9ee44b42d32ed"},"headline":"Casas da nossa vida: como o habitat molda o dia a dia","datePublished":"2026-02-28T09:30:00+00:00","mainEntityOfPage":{"@id":"https:\/\/portaltela.pt\/noticias\/2026\/02\/28\/casas-da-nossa-vida-como-o-habitat-molda-o-dia-a-dia\/"},"wordCount":281,"image":{"@id":"https:\/\/portaltela.pt\/noticias\/2026\/02\/28\/casas-da-nossa-vida-como-o-habitat-molda-o-dia-a-dia\/#primaryimage"},"thumbnailUrl":"https:\/\/portaltela.pt\/s.01k8rhncp4jt1\/2026\/02\/2070407.jpg","keywords":["a casa","casas","cultura","infantil","literatura","livros"],"articleSection":["Not\u00edcias"],"inLanguage":"pt-PT"},{"@type":"WebPage","@id":"https:\/\/portaltela.pt\/noticias\/2026\/02\/28\/casas-da-nossa-vida-como-o-habitat-molda-o-dia-a-dia\/","url":"https:\/\/portaltela.pt\/noticias\/2026\/02\/28\/casas-da-nossa-vida-como-o-habitat-molda-o-dia-a-dia\/","name":"Casas da nossa vida: como o habitat molda o dia a dia - Portal Tela Portugal","isPartOf":{"@id":"https:\/\/portaltela.pt\/#website"},"primaryImageOfPage":{"@id":"https:\/\/portaltela.pt\/noticias\/2026\/02\/28\/casas-da-nossa-vida-como-o-habitat-molda-o-dia-a-dia\/#primaryimage"},"image":{"@id":"https:\/\/portaltela.pt\/noticias\/2026\/02\/28\/casas-da-nossa-vida-como-o-habitat-molda-o-dia-a-dia\/#primaryimage"},"thumbnailUrl":"https:\/\/portaltela.pt\/s.01k8rhncp4jt1\/2026\/02\/2070407.jpg","datePublished":"2026-02-28T09:30:00+00:00","author":{"@id":"https:\/\/portaltela.pt\/#\/schema\/person\/c4278d4a6028830caff9ee44b42d32ed"},"breadcrumb":{"@id":"https:\/\/portaltela.pt\/noticias\/2026\/02\/28\/casas-da-nossa-vida-como-o-habitat-molda-o-dia-a-dia\/#breadcrumb"},"inLanguage":"pt-PT","potentialAction":[{"@type":"ReadAction","target":["https:\/\/portaltela.pt\/noticias\/2026\/02\/28\/casas-da-nossa-vida-como-o-habitat-molda-o-dia-a-dia\/"]}]},{"@type":"ImageObject","inLanguage":"pt-PT","@id":"https:\/\/portaltela.pt\/noticias\/2026\/02\/28\/casas-da-nossa-vida-como-o-habitat-molda-o-dia-a-dia\/#primaryimage","url":"https:\/\/portaltela.pt\/s.01k8rhncp4jt1\/2026\/02\/2070407.jpg","contentUrl":"https:\/\/portaltela.pt\/s.01k8rhncp4jt1\/2026\/02\/2070407.jpg","width":796,"height":448,"caption":"impar,letra-pequena,literatura-infantil,capicua,criancas,livros,"},{"@type":"BreadcrumbList","@id":"https:\/\/portaltela.pt\/noticias\/2026\/02\/28\/casas-da-nossa-vida-como-o-habitat-molda-o-dia-a-dia\/#breadcrumb","itemListElement":[{"@type":"ListItem","position":1,"name":"In\u00edcio","item":"https:\/\/portaltela.pt\/"},{"@type":"ListItem","position":2,"name":"Casas da nossa vida: como o habitat molda o dia a dia"}]},{"@type":"WebSite","@id":"https:\/\/portaltela.pt\/#website","url":"https:\/\/portaltela.pt\/","name":"Portal Tela Portugal","description":"","potentialAction":[{"@type":"SearchAction","target":{"@type":"EntryPoint","urlTemplate":"https:\/\/portaltela.pt\/?s={search_term_string}"},"query-input":{"@type":"PropertyValueSpecification","valueRequired":true,"valueName":"search_term_string"}}],"inLanguage":"pt-PT"},{"@type":"Person","@id":"https:\/\/portaltela.pt\/#\/schema\/person\/c4278d4a6028830caff9ee44b42d32ed","name":"Telinha","image":{"@type":"ImageObject","inLanguage":"pt-PT","@id":"https:\/\/portaltela.pt\/s.01k8rhncp4jt1\/2025\/11\/talking-bot-125x125.png","url":"https:\/\/portaltela.pt\/s.01k8rhncp4jt1\/2025\/11\/talking-bot-125x125.png","contentUrl":"https:\/\/portaltela.pt\/s.01k8rhncp4jt1\/2025\/11\/talking-bot-125x125.png","caption":"Telinha"},"sameAs":["https:\/\/portaltela.pt\/"],"url":"https:\/\/portaltela.pt\/por\/367410592786\/"}]}},"_links":{"self":[{"href":"https:\/\/portaltela.pt\/api\/wp\/v2\/posts\/391901","targetHints":{"allow":["GET"]}}],"collection":[{"href":"https:\/\/portaltela.pt\/api\/wp\/v2\/posts"}],"about":[{"href":"https:\/\/portaltela.pt\/api\/wp\/v2\/types\/post"}],"author":[{"embeddable":true,"href":"https:\/\/portaltela.pt\/api\/wp\/v2\/users\/2"}],"replies":[{"embeddable":true,"href":"https:\/\/portaltela.pt\/api\/wp\/v2\/comments?post=391901"}],"version-history":[{"count":0,"href":"https:\/\/portaltela.pt\/api\/wp\/v2\/posts\/391901\/revisions"}],"wp:featuredmedia":[{"embeddable":true,"href":"https:\/\/portaltela.pt\/api\/wp\/v2\/media\/391902"}],"wp:attachment":[{"href":"https:\/\/portaltela.pt\/api\/wp\/v2\/media?parent=391901"}],"wp:term":[{"taxonomy":"category","embeddable":true,"href":"https:\/\/portaltela.pt\/api\/wp\/v2\/categories?post=391901"},{"taxonomy":"post_tag","embeddable":true,"href":"https:\/\/portaltela.pt\/api\/wp\/v2\/tags?post=391901"}],"curies":[{"name":"wp","href":"https:\/\/api.w.org\/{rel}","templated":true}]}}