{"id":391882,"date":"2026-02-28T05:36:00","date_gmt":"2026-02-28T08:36:00","guid":{"rendered":"https:\/\/portaltela.pt\/noticias\/2026\/02\/28\/ti-chitas-opera-para-salvar-uma-voz\/"},"modified":"2026-02-28T05:36:00","modified_gmt":"2026-02-28T08:36:00","slug":"ti-chitas-opera-para-salvar-uma-voz","status":"publish","type":"post","link":"https:\/\/portaltela.pt\/noticias\/2026\/02\/28\/ti-chitas-opera-para-salvar-uma-voz\/","title":{"rendered":"Ti Chitas, \u00f3pera para salvar uma voz"},"content":{"rendered":"<p>Ti Chitas, A voz que \u00e9 uma montanha \u00e9 uma \u00f3pera apresentada no Centro Cultural de Bel\u00e9m. A produ\u00e7\u00e3o junta m\u00fasica, mem\u00f3ria e reinvento, em torno da figura da adufeira Catarina Sargenta. A encena\u00e7\u00e3o aborda a voz como elemento central da narrativa.<\/p>\n<p>Catarina Sargenta (1913-2003) ficou conhecida como Ti Chitas. Natural de Penha Garcia, Idanha-a-Nova, foi pastor, agricultora, padeira, costureira e tecedeira. Ao longo da vida, a sua voz e o seu adufe ganharam reconhecimento na etnomusicologia.<\/p>\n<p>Patr\u00edcia Modesto, soprano, e Ant\u00f3nio Louren\u00e7o Menezes, contratenor, lideram o espet\u00e1culo. A dupla d\u00e1 corpo \u00e0 ideia de que a voz de Sargenta \u00e9 o eixo da obra, numa explora\u00e7\u00e3o que cruza mem\u00f3ria regional e pr\u00e1tica vocal contempor\u00e2nea.<\/p>\n<p>A produ\u00e7\u00e3o assume uma leitura ensa\u00edstica sobre a voz, ao mesmo tempo em que celebra a heran\u00e7a musical de uma mulher que marcou a cultura local. A encena\u00e7\u00e3o combina tradi\u00e7\u00e3o e abordagem contempor\u00e2nea para revelar a singularidade vocal.<\/p>\n<p>O Centro Cultural de Bel\u00e9m \u00e9 o palco escolhido para este projeto, que mistura arquivo sonoro, interpreta\u00e7\u00e3o ao vivo e direc\u00e7\u00e3o art\u00edstica. A pe\u00e7a prop\u00f5e uma reflex\u00e3o sobre identidade e recupera\u00e7\u00e3o cultural atrav\u00e9s da voz.<\/p>\n","protected":false},"excerpt":{"rendered":"<ul>\n<li>Ti Chitas, A voz que \u00e9 uma montanha, est\u00e1 em cena no Centro Cultural de Bel\u00e9m, apresentando uma leitura multifacetada sobre Catarina Sargenta, conhecida como Ti Chitas.<\/li>\n<li>Catarina Sargenta (1913-2003) nasceu em Penha Garcia, Idanha-a-Nova, e foi pastora, agricultora, padeira, costureira e tecedeira; \u00e9 figura importante na etnomusicologia pela sua voz e pelo adufe.<\/li>\n<li>O espet\u00e1culo questiona se \u00e9 uma homenagem \u00e0 adufeira, um ensaio sobre a voz, um resgate ou tudo ao mesmo tempo, explorando a singularidade da sua voz.<\/li>\n<li>A apresenta\u00e7\u00e3o \u00e9 protagonizada pela soprano Patr\u00edcia Modesto e pelo contratenor Ant\u00f3nio Louren\u00e7o Menezes, com a voz como elemento central.<\/li>\n<li>O projeto destaca a rela\u00e7\u00e3o entre a voz de Ti Chitas e a tradi\u00e7\u00e3o musical, trazendo \u00e0 tona uma figura ainda pouco conhecida do panorama cultural.<\/li>\n<\/ul>\n","protected":false},"author":2,"featured_media":391890,"comment_status":"closed","ping_status":"closed","sticky":false,"template":"","format":"standard","meta":{"footnotes":""},"categories":[1],"tags":[1975,145,6489,2923,122,1014],"class_list":["post-391882","post","type-post","status-publish","format-standard","has-post-thumbnail","hentry","category-noticias","tag-arte-teatro-concertos","tag-cultura","tag-etnomusicologia","tag-galerias-arquivos","tag-musica","tag-portugal"],"yoast_head":"<!-- This site is optimized with the Yoast SEO plugin v27.2 - https:\/\/yoast.com\/product\/yoast-seo-wordpress\/ -->\n<title>Ti Chitas, \u00f3pera para salvar uma voz - Portal Tela Portugal<\/title>\n<meta name=\"robots\" content=\"index, follow, max-snippet:-1, max-image-preview:large, max-video-preview:-1\" \/>\n<meta property=\"og:locale\" content=\"pt_PT\" \/>\n<meta property=\"og:type\" content=\"article\" \/>\n<meta property=\"og:title\" content=\"Ti Chitas, \u00f3pera para salvar uma voz - Portal Tela Portugal\" \/>\n<meta property=\"og:description\" content=\"Ti Chitas, A voz que \u00e9 uma montanha, est\u00e1 em cena no Centro Cultural de Bel\u00e9m, apresentando uma leitura multifacetada sobre Catarina Sargenta, conhecida como Ti Chitas. Catarina Sargenta (1913-2003) nasceu em Penha Garcia, Idanha-a-Nova, e foi pastora, agricultora, padeira, costureira e tecedeira; \u00e9 figura importante na etnomusicologia pela sua voz e pelo adufe. O espet\u00e1culo questiona se \u00e9 uma homenagem \u00e0 adufeira, um ensaio sobre a voz, um resgate ou tudo ao mesmo tempo, explorando a singularidade da sua voz. A apresenta\u00e7\u00e3o \u00e9 protagonizada pela soprano Patr\u00edcia Modesto e pelo contratenor Ant\u00f3nio Louren\u00e7o Menezes, com a voz como elemento central. O projeto destaca a rela\u00e7\u00e3o entre a voz de Ti Chitas e a tradi\u00e7\u00e3o musical, trazendo \u00e0 tona uma figura ainda pouco conhecida do panorama cultural.\" \/>\n<meta property=\"og:url\" content=\"https:\/\/portaltela.pt\/noticias\/2026\/02\/28\/ti-chitas-opera-para-salvar-uma-voz\/\" \/>\n<meta property=\"og:site_name\" content=\"Portal Tela Portugal\" \/>\n<meta property=\"article:published_time\" content=\"2026-02-28T08:36:00+00:00\" \/>\n<meta name=\"author\" content=\"Telinha\" \/>\n<meta name=\"twitter:card\" content=\"summary_large_image\" \/>\n<meta name=\"twitter:label1\" content=\"Escrito por\" \/>\n\t<meta name=\"twitter:data1\" content=\"Telinha\" \/>\n\t<meta name=\"twitter:label2\" content=\"Tempo estimado de leitura\" \/>\n\t<meta name=\"twitter:data2\" content=\"1 minuto\" \/>\n<script type=\"application\/ld+json\" class=\"yoast-schema-graph\">{\"@context\":\"https:\/\/schema.org\",\"@graph\":[{\"@type\":\"Article\",\"@id\":\"https:\/\/portaltela.pt\/noticias\/2026\/02\/28\/ti-chitas-opera-para-salvar-uma-voz\/#article\",\"isPartOf\":{\"@id\":\"https:\/\/portaltela.pt\/noticias\/2026\/02\/28\/ti-chitas-opera-para-salvar-uma-voz\/\"},\"author\":{\"name\":\"Telinha\",\"@id\":\"https:\/\/portaltela.pt\/#\/schema\/person\/c4278d4a6028830caff9ee44b42d32ed\"},\"headline\":\"Ti Chitas, \u00f3pera para salvar uma voz\",\"datePublished\":\"2026-02-28T08:36:00+00:00\",\"mainEntityOfPage\":{\"@id\":\"https:\/\/portaltela.pt\/noticias\/2026\/02\/28\/ti-chitas-opera-para-salvar-uma-voz\/\"},\"wordCount\":218,\"image\":{\"@id\":\"https:\/\/portaltela.pt\/noticias\/2026\/02\/28\/ti-chitas-opera-para-salvar-uma-voz\/#primaryimage\"},\"thumbnailUrl\":\"https:\/\/portaltela.pt\/s.01k8rhncp4jt1\/2026\/02\/2070477.jpg\",\"keywords\":[\"arte\/teatro\/concertos\",\"cultura\",\"etnomusicologia\",\"galerias\/arquivos\",\"m\u00fasica\",\"Portugal\"],\"articleSection\":[\"Not\u00edcias\"],\"inLanguage\":\"pt-PT\"},{\"@type\":\"WebPage\",\"@id\":\"https:\/\/portaltela.pt\/noticias\/2026\/02\/28\/ti-chitas-opera-para-salvar-uma-voz\/\",\"url\":\"https:\/\/portaltela.pt\/noticias\/2026\/02\/28\/ti-chitas-opera-para-salvar-uma-voz\/\",\"name\":\"Ti Chitas, \u00f3pera para salvar uma voz - Portal Tela Portugal\",\"isPartOf\":{\"@id\":\"https:\/\/portaltela.pt\/#website\"},\"primaryImageOfPage\":{\"@id\":\"https:\/\/portaltela.pt\/noticias\/2026\/02\/28\/ti-chitas-opera-para-salvar-uma-voz\/#primaryimage\"},\"image\":{\"@id\":\"https:\/\/portaltela.pt\/noticias\/2026\/02\/28\/ti-chitas-opera-para-salvar-uma-voz\/#primaryimage\"},\"thumbnailUrl\":\"https:\/\/portaltela.pt\/s.01k8rhncp4jt1\/2026\/02\/2070477.jpg\",\"datePublished\":\"2026-02-28T08:36:00+00:00\",\"author\":{\"@id\":\"https:\/\/portaltela.pt\/#\/schema\/person\/c4278d4a6028830caff9ee44b42d32ed\"},\"breadcrumb\":{\"@id\":\"https:\/\/portaltela.pt\/noticias\/2026\/02\/28\/ti-chitas-opera-para-salvar-uma-voz\/#breadcrumb\"},\"inLanguage\":\"pt-PT\",\"potentialAction\":[{\"@type\":\"ReadAction\",\"target\":[\"https:\/\/portaltela.pt\/noticias\/2026\/02\/28\/ti-chitas-opera-para-salvar-uma-voz\/\"]}]},{\"@type\":\"ImageObject\",\"inLanguage\":\"pt-PT\",\"@id\":\"https:\/\/portaltela.pt\/noticias\/2026\/02\/28\/ti-chitas-opera-para-salvar-uma-voz\/#primaryimage\",\"url\":\"https:\/\/portaltela.pt\/s.01k8rhncp4jt1\/2026\/02\/2070477.jpg\",\"contentUrl\":\"https:\/\/portaltela.pt\/s.01k8rhncp4jt1\/2026\/02\/2070477.jpg\",\"width\":796,\"height\":448,\"caption\":\"Patr\u00edcia Modesto, soprano, e Ant\u00f3nio Louren\u00e7o Menezes, contratenor, assumem a dianteira deste espect\u00e1culo em que a a voz, uma voz singular, \u00e9 protagonista\"},{\"@type\":\"BreadcrumbList\",\"@id\":\"https:\/\/portaltela.pt\/noticias\/2026\/02\/28\/ti-chitas-opera-para-salvar-uma-voz\/#breadcrumb\",\"itemListElement\":[{\"@type\":\"ListItem\",\"position\":1,\"name\":\"In\u00edcio\",\"item\":\"https:\/\/portaltela.pt\/\"},{\"@type\":\"ListItem\",\"position\":2,\"name\":\"Ti Chitas, \u00f3pera para salvar uma voz\"}]},{\"@type\":\"WebSite\",\"@id\":\"https:\/\/portaltela.pt\/#website\",\"url\":\"https:\/\/portaltela.pt\/\",\"name\":\"Portal Tela Portugal\",\"description\":\"\",\"potentialAction\":[{\"@type\":\"SearchAction\",\"target\":{\"@type\":\"EntryPoint\",\"urlTemplate\":\"https:\/\/portaltela.pt\/?s={search_term_string}\"},\"query-input\":{\"@type\":\"PropertyValueSpecification\",\"valueRequired\":true,\"valueName\":\"search_term_string\"}}],\"inLanguage\":\"pt-PT\"},{\"@type\":\"Person\",\"@id\":\"https:\/\/portaltela.pt\/#\/schema\/person\/c4278d4a6028830caff9ee44b42d32ed\",\"name\":\"Telinha\",\"image\":{\"@type\":\"ImageObject\",\"inLanguage\":\"pt-PT\",\"@id\":\"https:\/\/portaltela.pt\/s.01k8rhncp4jt1\/2025\/11\/talking-bot-125x125.png\",\"url\":\"https:\/\/portaltela.pt\/s.01k8rhncp4jt1\/2025\/11\/talking-bot-125x125.png\",\"contentUrl\":\"https:\/\/portaltela.pt\/s.01k8rhncp4jt1\/2025\/11\/talking-bot-125x125.png\",\"caption\":\"Telinha\"},\"sameAs\":[\"https:\/\/portaltela.pt\/\"],\"url\":\"https:\/\/portaltela.pt\/por\/367410592786\/\"}]}<\/script>\n<!-- \/ Yoast SEO plugin. -->","yoast_head_json":{"title":"Ti Chitas, \u00f3pera para salvar uma voz - Portal Tela Portugal","robots":{"index":"index","follow":"follow","max-snippet":"max-snippet:-1","max-image-preview":"max-image-preview:large","max-video-preview":"max-video-preview:-1"},"og_locale":"pt_PT","og_type":"article","og_title":"Ti Chitas, \u00f3pera para salvar uma voz - Portal Tela Portugal","og_description":"Ti Chitas, A voz que \u00e9 uma montanha, est\u00e1 em cena no Centro Cultural de Bel\u00e9m, apresentando uma leitura multifacetada sobre Catarina Sargenta, conhecida como Ti Chitas. Catarina Sargenta (1913-2003) nasceu em Penha Garcia, Idanha-a-Nova, e foi pastora, agricultora, padeira, costureira e tecedeira; \u00e9 figura importante na etnomusicologia pela sua voz e pelo adufe. O espet\u00e1culo questiona se \u00e9 uma homenagem \u00e0 adufeira, um ensaio sobre a voz, um resgate ou tudo ao mesmo tempo, explorando a singularidade da sua voz. A apresenta\u00e7\u00e3o \u00e9 protagonizada pela soprano Patr\u00edcia Modesto e pelo contratenor Ant\u00f3nio Louren\u00e7o Menezes, com a voz como elemento central. O projeto destaca a rela\u00e7\u00e3o entre a voz de Ti Chitas e a tradi\u00e7\u00e3o musical, trazendo \u00e0 tona uma figura ainda pouco conhecida do panorama cultural.","og_url":"https:\/\/portaltela.pt\/noticias\/2026\/02\/28\/ti-chitas-opera-para-salvar-uma-voz\/","og_site_name":"Portal Tela Portugal","article_published_time":"2026-02-28T08:36:00+00:00","author":"Telinha","twitter_card":"summary_large_image","twitter_misc":{"Escrito por":"Telinha","Tempo estimado de leitura":"1 minuto"},"schema":{"@context":"https:\/\/schema.org","@graph":[{"@type":"Article","@id":"https:\/\/portaltela.pt\/noticias\/2026\/02\/28\/ti-chitas-opera-para-salvar-uma-voz\/#article","isPartOf":{"@id":"https:\/\/portaltela.pt\/noticias\/2026\/02\/28\/ti-chitas-opera-para-salvar-uma-voz\/"},"author":{"name":"Telinha","@id":"https:\/\/portaltela.pt\/#\/schema\/person\/c4278d4a6028830caff9ee44b42d32ed"},"headline":"Ti Chitas, \u00f3pera para salvar uma voz","datePublished":"2026-02-28T08:36:00+00:00","mainEntityOfPage":{"@id":"https:\/\/portaltela.pt\/noticias\/2026\/02\/28\/ti-chitas-opera-para-salvar-uma-voz\/"},"wordCount":218,"image":{"@id":"https:\/\/portaltela.pt\/noticias\/2026\/02\/28\/ti-chitas-opera-para-salvar-uma-voz\/#primaryimage"},"thumbnailUrl":"https:\/\/portaltela.pt\/s.01k8rhncp4jt1\/2026\/02\/2070477.jpg","keywords":["arte\/teatro\/concertos","cultura","etnomusicologia","galerias\/arquivos","m\u00fasica","Portugal"],"articleSection":["Not\u00edcias"],"inLanguage":"pt-PT"},{"@type":"WebPage","@id":"https:\/\/portaltela.pt\/noticias\/2026\/02\/28\/ti-chitas-opera-para-salvar-uma-voz\/","url":"https:\/\/portaltela.pt\/noticias\/2026\/02\/28\/ti-chitas-opera-para-salvar-uma-voz\/","name":"Ti Chitas, \u00f3pera para salvar uma voz - Portal Tela Portugal","isPartOf":{"@id":"https:\/\/portaltela.pt\/#website"},"primaryImageOfPage":{"@id":"https:\/\/portaltela.pt\/noticias\/2026\/02\/28\/ti-chitas-opera-para-salvar-uma-voz\/#primaryimage"},"image":{"@id":"https:\/\/portaltela.pt\/noticias\/2026\/02\/28\/ti-chitas-opera-para-salvar-uma-voz\/#primaryimage"},"thumbnailUrl":"https:\/\/portaltela.pt\/s.01k8rhncp4jt1\/2026\/02\/2070477.jpg","datePublished":"2026-02-28T08:36:00+00:00","author":{"@id":"https:\/\/portaltela.pt\/#\/schema\/person\/c4278d4a6028830caff9ee44b42d32ed"},"breadcrumb":{"@id":"https:\/\/portaltela.pt\/noticias\/2026\/02\/28\/ti-chitas-opera-para-salvar-uma-voz\/#breadcrumb"},"inLanguage":"pt-PT","potentialAction":[{"@type":"ReadAction","target":["https:\/\/portaltela.pt\/noticias\/2026\/02\/28\/ti-chitas-opera-para-salvar-uma-voz\/"]}]},{"@type":"ImageObject","inLanguage":"pt-PT","@id":"https:\/\/portaltela.pt\/noticias\/2026\/02\/28\/ti-chitas-opera-para-salvar-uma-voz\/#primaryimage","url":"https:\/\/portaltela.pt\/s.01k8rhncp4jt1\/2026\/02\/2070477.jpg","contentUrl":"https:\/\/portaltela.pt\/s.01k8rhncp4jt1\/2026\/02\/2070477.jpg","width":796,"height":448,"caption":"Patr\u00edcia Modesto, soprano, e Ant\u00f3nio Louren\u00e7o Menezes, contratenor, assumem a dianteira deste espect\u00e1culo em que a a voz, uma voz singular, \u00e9 protagonista"},{"@type":"BreadcrumbList","@id":"https:\/\/portaltela.pt\/noticias\/2026\/02\/28\/ti-chitas-opera-para-salvar-uma-voz\/#breadcrumb","itemListElement":[{"@type":"ListItem","position":1,"name":"In\u00edcio","item":"https:\/\/portaltela.pt\/"},{"@type":"ListItem","position":2,"name":"Ti Chitas, \u00f3pera para salvar uma voz"}]},{"@type":"WebSite","@id":"https:\/\/portaltela.pt\/#website","url":"https:\/\/portaltela.pt\/","name":"Portal Tela Portugal","description":"","potentialAction":[{"@type":"SearchAction","target":{"@type":"EntryPoint","urlTemplate":"https:\/\/portaltela.pt\/?s={search_term_string}"},"query-input":{"@type":"PropertyValueSpecification","valueRequired":true,"valueName":"search_term_string"}}],"inLanguage":"pt-PT"},{"@type":"Person","@id":"https:\/\/portaltela.pt\/#\/schema\/person\/c4278d4a6028830caff9ee44b42d32ed","name":"Telinha","image":{"@type":"ImageObject","inLanguage":"pt-PT","@id":"https:\/\/portaltela.pt\/s.01k8rhncp4jt1\/2025\/11\/talking-bot-125x125.png","url":"https:\/\/portaltela.pt\/s.01k8rhncp4jt1\/2025\/11\/talking-bot-125x125.png","contentUrl":"https:\/\/portaltela.pt\/s.01k8rhncp4jt1\/2025\/11\/talking-bot-125x125.png","caption":"Telinha"},"sameAs":["https:\/\/portaltela.pt\/"],"url":"https:\/\/portaltela.pt\/por\/367410592786\/"}]}},"_links":{"self":[{"href":"https:\/\/portaltela.pt\/api\/wp\/v2\/posts\/391882","targetHints":{"allow":["GET"]}}],"collection":[{"href":"https:\/\/portaltela.pt\/api\/wp\/v2\/posts"}],"about":[{"href":"https:\/\/portaltela.pt\/api\/wp\/v2\/types\/post"}],"author":[{"embeddable":true,"href":"https:\/\/portaltela.pt\/api\/wp\/v2\/users\/2"}],"replies":[{"embeddable":true,"href":"https:\/\/portaltela.pt\/api\/wp\/v2\/comments?post=391882"}],"version-history":[{"count":0,"href":"https:\/\/portaltela.pt\/api\/wp\/v2\/posts\/391882\/revisions"}],"wp:featuredmedia":[{"embeddable":true,"href":"https:\/\/portaltela.pt\/api\/wp\/v2\/media\/391890"}],"wp:attachment":[{"href":"https:\/\/portaltela.pt\/api\/wp\/v2\/media?parent=391882"}],"wp:term":[{"taxonomy":"category","embeddable":true,"href":"https:\/\/portaltela.pt\/api\/wp\/v2\/categories?post=391882"},{"taxonomy":"post_tag","embeddable":true,"href":"https:\/\/portaltela.pt\/api\/wp\/v2\/tags?post=391882"}],"curies":[{"name":"wp","href":"https:\/\/api.w.org\/{rel}","templated":true}]}}