{"id":391785,"date":"2026-02-28T04:12:00","date_gmt":"2026-02-28T07:12:00","guid":{"rendered":"https:\/\/portaltela.pt\/noticias\/2026\/02\/28\/dragao-parou-aos-17-minutos-com-borja-sainz-em-campo\/"},"modified":"2026-02-28T04:12:00","modified_gmt":"2026-02-28T07:12:00","slug":"dragao-parou-aos-17-minutos-com-borja-sainz-em-campo","status":"publish","type":"post","link":"https:\/\/portaltela.pt\/desporto\/futebol\/2026\/02\/28\/dragao-parou-aos-17-minutos-com-borja-sainz-em-campo\/","title":{"rendered":"Drag\u00e3o parou aos 17 minutos com Borja Sainz em campo"},"content":{"rendered":"<p>Borja Sainz n\u00e3o p\u00f4de alinhar pelo FC Porto neste encontro devido ao falecimento da m\u00e3e, ocorrido em Espanha. A confirma\u00e7\u00e3o da sua aus\u00eancia veio a p\u00fablico antes da partida e a equipa decidiu jogar de forma solid\u00e1ria com o extremo.<\/p>\n<p>Os adeptos mostraram apoio ao espanhol desde o in\u00edcio, mantendo a lembran\u00e7a presente durante o jogo. Assim que o golo de Oskar Pietuszewski foi confirmado, o plantel celebrou de forma coletiva, com destaque para a camisola com o n\u00famero 17 que surgiu no nosso est\u00e1dio.<\/p>\n<p>No final da partida, os colegas refor\u00e7aram o prestador de apoio a Borja Sainz. O l\u00edder da equipa pessoalmente enviou uma mensagem de solidariedade, e ficou apontado que o jogador poder\u00e1 integrar o treino agendado para amanh\u00e3, abrindo caminho para o regresso \u00e0 Academia de Alvalade.<\/p>\n","protected":false},"excerpt":{"rendered":"<ul>\n<li>Borja Sainz n\u00e3o p\u00f4de jogar, por se encontrar em Espanha ap\u00f3s o falecimento da m\u00e3e, mas foi lembrado pela equipa e pela massa associativa do FC Porto.<\/li>\n<li>Quando Oskar Pietuszewski abriu o marcador, exibiu uma camisola com o n\u00famero 17 de Borja Sainz, recebendo uma grande ova\u00e7\u00e3o.<\/li>\n<li>As palmas para o espanhol repetiram-se ao minuto 17, mantendo-o presente durante o jogo no Drag\u00e3o.<\/li>\n<li>No final, William Gomes e Diogo Costa homenagearam o colega, desejando for\u00e7a a Borja e revelando que jogaram para ele.<\/li>\n<li>Tudo aponta para que Borja integre o treino de amanh\u00e3, arrancando assim a prepara\u00e7\u00e3o para a miss\u00e3o em Alvalade.<\/li>\n<\/ul>\n","protected":false},"author":2,"featured_media":391793,"comment_status":"closed","ping_status":"closed","sticky":false,"template":"","format":"standard","meta":{"footnotes":""},"categories":[21,24],"tags":[5180,2189,32,3338,982],"class_list":["post-391785","post","type-post","status-publish","format-standard","has-post-thumbnail","hentry","category-desporto","category-futebol","tag-borja-sainz","tag-espana","tag-futebol","tag-futebol-internacional","tag-porto"],"yoast_head":"<!-- This site is optimized with the Yoast SEO plugin v27.2 - https:\/\/yoast.com\/product\/yoast-seo-wordpress\/ -->\n<title>Drag\u00e3o parou aos 17 minutos com Borja Sainz em campo - Portal Tela Portugal<\/title>\n<meta name=\"robots\" content=\"index, follow, max-snippet:-1, max-image-preview:large, max-video-preview:-1\" \/>\n<meta property=\"og:locale\" content=\"pt_PT\" \/>\n<meta property=\"og:type\" content=\"article\" \/>\n<meta property=\"og:title\" content=\"Drag\u00e3o parou aos 17 minutos com Borja Sainz em campo - Portal Tela Portugal\" \/>\n<meta property=\"og:description\" content=\"Borja Sainz n\u00e3o p\u00f4de jogar, por se encontrar em Espanha ap\u00f3s o falecimento da m\u00e3e, mas foi lembrado pela equipa e pela massa associativa do FC Porto. Quando Oskar Pietuszewski abriu o marcador, exibiu uma camisola com o n\u00famero 17 de Borja Sainz, recebendo uma grande ova\u00e7\u00e3o. As palmas para o espanhol repetiram-se ao minuto 17, mantendo-o presente durante o jogo no Drag\u00e3o. No final, William Gomes e Diogo Costa homenagearam o colega, desejando for\u00e7a a Borja e revelando que jogaram para ele. Tudo aponta para que Borja integre o treino de amanh\u00e3, arrancando assim a prepara\u00e7\u00e3o para a miss\u00e3o em Alvalade.\" \/>\n<meta property=\"og:url\" content=\"https:\/\/portaltela.pt\/noticias\/2026\/02\/28\/dragao-parou-aos-17-minutos-com-borja-sainz-em-campo\/\" \/>\n<meta property=\"og:site_name\" content=\"Portal Tela Portugal\" \/>\n<meta property=\"article:published_time\" content=\"2026-02-28T07:12:00+00:00\" \/>\n<meta name=\"author\" content=\"Telinha\" \/>\n<meta name=\"twitter:card\" content=\"summary_large_image\" \/>\n<meta name=\"twitter:label1\" content=\"Escrito por\" \/>\n\t<meta name=\"twitter:data1\" content=\"Telinha\" \/>\n\t<meta name=\"twitter:label2\" content=\"Tempo estimado de leitura\" \/>\n\t<meta name=\"twitter:data2\" content=\"1 minuto\" \/>\n<script type=\"application\/ld+json\" class=\"yoast-schema-graph\">{\"@context\":\"https:\/\/schema.org\",\"@graph\":[{\"@type\":\"Article\",\"@id\":\"https:\/\/portaltela.pt\/noticias\/2026\/02\/28\/dragao-parou-aos-17-minutos-com-borja-sainz-em-campo\/#article\",\"isPartOf\":{\"@id\":\"https:\/\/portaltela.pt\/noticias\/2026\/02\/28\/dragao-parou-aos-17-minutos-com-borja-sainz-em-campo\/\"},\"author\":{\"name\":\"Telinha\",\"@id\":\"https:\/\/portaltela.pt\/#\/schema\/person\/c4278d4a6028830caff9ee44b42d32ed\"},\"headline\":\"Drag\u00e3o parou aos 17 minutos com Borja Sainz em campo\",\"datePublished\":\"2026-02-28T07:12:00+00:00\",\"mainEntityOfPage\":{\"@id\":\"https:\/\/portaltela.pt\/noticias\/2026\/02\/28\/dragao-parou-aos-17-minutos-com-borja-sainz-em-campo\/\"},\"wordCount\":152,\"image\":{\"@id\":\"https:\/\/portaltela.pt\/noticias\/2026\/02\/28\/dragao-parou-aos-17-minutos-com-borja-sainz-em-campo\/#primaryimage\"},\"thumbnailUrl\":\"https:\/\/portaltela.pt\/s.01k8rhncp4jt1\/2026\/02\/img_920x518uu2026-02-28-00-37-20-2424080.jpg\",\"keywords\":[\"Borja Sainz\",\"Espa\u00f1a\",\"futebol\",\"futebol internacional\",\"Porto\"],\"articleSection\":[\"Desporto\",\"Futebol\"],\"inLanguage\":\"pt-PT\"},{\"@type\":\"WebPage\",\"@id\":\"https:\/\/portaltela.pt\/noticias\/2026\/02\/28\/dragao-parou-aos-17-minutos-com-borja-sainz-em-campo\/\",\"url\":\"https:\/\/portaltela.pt\/noticias\/2026\/02\/28\/dragao-parou-aos-17-minutos-com-borja-sainz-em-campo\/\",\"name\":\"Drag\u00e3o parou aos 17 minutos com Borja Sainz em campo - Portal Tela Portugal\",\"isPartOf\":{\"@id\":\"https:\/\/portaltela.pt\/#website\"},\"primaryImageOfPage\":{\"@id\":\"https:\/\/portaltela.pt\/noticias\/2026\/02\/28\/dragao-parou-aos-17-minutos-com-borja-sainz-em-campo\/#primaryimage\"},\"image\":{\"@id\":\"https:\/\/portaltela.pt\/noticias\/2026\/02\/28\/dragao-parou-aos-17-minutos-com-borja-sainz-em-campo\/#primaryimage\"},\"thumbnailUrl\":\"https:\/\/portaltela.pt\/s.01k8rhncp4jt1\/2026\/02\/img_920x518uu2026-02-28-00-37-20-2424080.jpg\",\"datePublished\":\"2026-02-28T07:12:00+00:00\",\"author\":{\"@id\":\"https:\/\/portaltela.pt\/#\/schema\/person\/c4278d4a6028830caff9ee44b42d32ed\"},\"breadcrumb\":{\"@id\":\"https:\/\/portaltela.pt\/noticias\/2026\/02\/28\/dragao-parou-aos-17-minutos-com-borja-sainz-em-campo\/#breadcrumb\"},\"inLanguage\":\"pt-PT\",\"potentialAction\":[{\"@type\":\"ReadAction\",\"target\":[\"https:\/\/portaltela.pt\/noticias\/2026\/02\/28\/dragao-parou-aos-17-minutos-com-borja-sainz-em-campo\/\"]}]},{\"@type\":\"ImageObject\",\"inLanguage\":\"pt-PT\",\"@id\":\"https:\/\/portaltela.pt\/noticias\/2026\/02\/28\/dragao-parou-aos-17-minutos-com-borja-sainz-em-campo\/#primaryimage\",\"url\":\"https:\/\/portaltela.pt\/s.01k8rhncp4jt1\/2026\/02\/img_920x518uu2026-02-28-00-37-20-2424080.jpg\",\"contentUrl\":\"https:\/\/portaltela.pt\/s.01k8rhncp4jt1\/2026\/02\/img_920x518uu2026-02-28-00-37-20-2424080.jpg\",\"width\":920,\"height\":518,\"caption\":\"DEDICAT\u00d3RIA. Borja foi lembrado por Pietuszewski ap\u00f3s o golo\"},{\"@type\":\"BreadcrumbList\",\"@id\":\"https:\/\/portaltela.pt\/noticias\/2026\/02\/28\/dragao-parou-aos-17-minutos-com-borja-sainz-em-campo\/#breadcrumb\",\"itemListElement\":[{\"@type\":\"ListItem\",\"position\":1,\"name\":\"In\u00edcio\",\"item\":\"https:\/\/portaltela.pt\/\"},{\"@type\":\"ListItem\",\"position\":2,\"name\":\"Drag\u00e3o parou aos 17 minutos com Borja Sainz em campo\"}]},{\"@type\":\"WebSite\",\"@id\":\"https:\/\/portaltela.pt\/#website\",\"url\":\"https:\/\/portaltela.pt\/\",\"name\":\"Portal Tela Portugal\",\"description\":\"\",\"potentialAction\":[{\"@type\":\"SearchAction\",\"target\":{\"@type\":\"EntryPoint\",\"urlTemplate\":\"https:\/\/portaltela.pt\/?s={search_term_string}\"},\"query-input\":{\"@type\":\"PropertyValueSpecification\",\"valueRequired\":true,\"valueName\":\"search_term_string\"}}],\"inLanguage\":\"pt-PT\"},{\"@type\":\"Person\",\"@id\":\"https:\/\/portaltela.pt\/#\/schema\/person\/c4278d4a6028830caff9ee44b42d32ed\",\"name\":\"Telinha\",\"image\":{\"@type\":\"ImageObject\",\"inLanguage\":\"pt-PT\",\"@id\":\"https:\/\/portaltela.pt\/s.01k8rhncp4jt1\/2025\/11\/talking-bot-125x125.png\",\"url\":\"https:\/\/portaltela.pt\/s.01k8rhncp4jt1\/2025\/11\/talking-bot-125x125.png\",\"contentUrl\":\"https:\/\/portaltela.pt\/s.01k8rhncp4jt1\/2025\/11\/talking-bot-125x125.png\",\"caption\":\"Telinha\"},\"sameAs\":[\"https:\/\/portaltela.pt\/\"],\"url\":\"https:\/\/portaltela.pt\/por\/367410592786\/\"}]}<\/script>\n<!-- \/ Yoast SEO plugin. -->","yoast_head_json":{"title":"Drag\u00e3o parou aos 17 minutos com Borja Sainz em campo - Portal Tela Portugal","robots":{"index":"index","follow":"follow","max-snippet":"max-snippet:-1","max-image-preview":"max-image-preview:large","max-video-preview":"max-video-preview:-1"},"og_locale":"pt_PT","og_type":"article","og_title":"Drag\u00e3o parou aos 17 minutos com Borja Sainz em campo - Portal Tela Portugal","og_description":"Borja Sainz n\u00e3o p\u00f4de jogar, por se encontrar em Espanha ap\u00f3s o falecimento da m\u00e3e, mas foi lembrado pela equipa e pela massa associativa do FC Porto. Quando Oskar Pietuszewski abriu o marcador, exibiu uma camisola com o n\u00famero 17 de Borja Sainz, recebendo uma grande ova\u00e7\u00e3o. As palmas para o espanhol repetiram-se ao minuto 17, mantendo-o presente durante o jogo no Drag\u00e3o. No final, William Gomes e Diogo Costa homenagearam o colega, desejando for\u00e7a a Borja e revelando que jogaram para ele. Tudo aponta para que Borja integre o treino de amanh\u00e3, arrancando assim a prepara\u00e7\u00e3o para a miss\u00e3o em Alvalade.","og_url":"https:\/\/portaltela.pt\/noticias\/2026\/02\/28\/dragao-parou-aos-17-minutos-com-borja-sainz-em-campo\/","og_site_name":"Portal Tela Portugal","article_published_time":"2026-02-28T07:12:00+00:00","author":"Telinha","twitter_card":"summary_large_image","twitter_misc":{"Escrito por":"Telinha","Tempo estimado de leitura":"1 minuto"},"schema":{"@context":"https:\/\/schema.org","@graph":[{"@type":"Article","@id":"https:\/\/portaltela.pt\/noticias\/2026\/02\/28\/dragao-parou-aos-17-minutos-com-borja-sainz-em-campo\/#article","isPartOf":{"@id":"https:\/\/portaltela.pt\/noticias\/2026\/02\/28\/dragao-parou-aos-17-minutos-com-borja-sainz-em-campo\/"},"author":{"name":"Telinha","@id":"https:\/\/portaltela.pt\/#\/schema\/person\/c4278d4a6028830caff9ee44b42d32ed"},"headline":"Drag\u00e3o parou aos 17 minutos com Borja Sainz em campo","datePublished":"2026-02-28T07:12:00+00:00","mainEntityOfPage":{"@id":"https:\/\/portaltela.pt\/noticias\/2026\/02\/28\/dragao-parou-aos-17-minutos-com-borja-sainz-em-campo\/"},"wordCount":152,"image":{"@id":"https:\/\/portaltela.pt\/noticias\/2026\/02\/28\/dragao-parou-aos-17-minutos-com-borja-sainz-em-campo\/#primaryimage"},"thumbnailUrl":"https:\/\/portaltela.pt\/s.01k8rhncp4jt1\/2026\/02\/img_920x518uu2026-02-28-00-37-20-2424080.jpg","keywords":["Borja Sainz","Espa\u00f1a","futebol","futebol internacional","Porto"],"articleSection":["Desporto","Futebol"],"inLanguage":"pt-PT"},{"@type":"WebPage","@id":"https:\/\/portaltela.pt\/noticias\/2026\/02\/28\/dragao-parou-aos-17-minutos-com-borja-sainz-em-campo\/","url":"https:\/\/portaltela.pt\/noticias\/2026\/02\/28\/dragao-parou-aos-17-minutos-com-borja-sainz-em-campo\/","name":"Drag\u00e3o parou aos 17 minutos com Borja Sainz em campo - Portal Tela Portugal","isPartOf":{"@id":"https:\/\/portaltela.pt\/#website"},"primaryImageOfPage":{"@id":"https:\/\/portaltela.pt\/noticias\/2026\/02\/28\/dragao-parou-aos-17-minutos-com-borja-sainz-em-campo\/#primaryimage"},"image":{"@id":"https:\/\/portaltela.pt\/noticias\/2026\/02\/28\/dragao-parou-aos-17-minutos-com-borja-sainz-em-campo\/#primaryimage"},"thumbnailUrl":"https:\/\/portaltela.pt\/s.01k8rhncp4jt1\/2026\/02\/img_920x518uu2026-02-28-00-37-20-2424080.jpg","datePublished":"2026-02-28T07:12:00+00:00","author":{"@id":"https:\/\/portaltela.pt\/#\/schema\/person\/c4278d4a6028830caff9ee44b42d32ed"},"breadcrumb":{"@id":"https:\/\/portaltela.pt\/noticias\/2026\/02\/28\/dragao-parou-aos-17-minutos-com-borja-sainz-em-campo\/#breadcrumb"},"inLanguage":"pt-PT","potentialAction":[{"@type":"ReadAction","target":["https:\/\/portaltela.pt\/noticias\/2026\/02\/28\/dragao-parou-aos-17-minutos-com-borja-sainz-em-campo\/"]}]},{"@type":"ImageObject","inLanguage":"pt-PT","@id":"https:\/\/portaltela.pt\/noticias\/2026\/02\/28\/dragao-parou-aos-17-minutos-com-borja-sainz-em-campo\/#primaryimage","url":"https:\/\/portaltela.pt\/s.01k8rhncp4jt1\/2026\/02\/img_920x518uu2026-02-28-00-37-20-2424080.jpg","contentUrl":"https:\/\/portaltela.pt\/s.01k8rhncp4jt1\/2026\/02\/img_920x518uu2026-02-28-00-37-20-2424080.jpg","width":920,"height":518,"caption":"DEDICAT\u00d3RIA. Borja foi lembrado por Pietuszewski ap\u00f3s o golo"},{"@type":"BreadcrumbList","@id":"https:\/\/portaltela.pt\/noticias\/2026\/02\/28\/dragao-parou-aos-17-minutos-com-borja-sainz-em-campo\/#breadcrumb","itemListElement":[{"@type":"ListItem","position":1,"name":"In\u00edcio","item":"https:\/\/portaltela.pt\/"},{"@type":"ListItem","position":2,"name":"Drag\u00e3o parou aos 17 minutos com Borja Sainz em campo"}]},{"@type":"WebSite","@id":"https:\/\/portaltela.pt\/#website","url":"https:\/\/portaltela.pt\/","name":"Portal Tela Portugal","description":"","potentialAction":[{"@type":"SearchAction","target":{"@type":"EntryPoint","urlTemplate":"https:\/\/portaltela.pt\/?s={search_term_string}"},"query-input":{"@type":"PropertyValueSpecification","valueRequired":true,"valueName":"search_term_string"}}],"inLanguage":"pt-PT"},{"@type":"Person","@id":"https:\/\/portaltela.pt\/#\/schema\/person\/c4278d4a6028830caff9ee44b42d32ed","name":"Telinha","image":{"@type":"ImageObject","inLanguage":"pt-PT","@id":"https:\/\/portaltela.pt\/s.01k8rhncp4jt1\/2025\/11\/talking-bot-125x125.png","url":"https:\/\/portaltela.pt\/s.01k8rhncp4jt1\/2025\/11\/talking-bot-125x125.png","contentUrl":"https:\/\/portaltela.pt\/s.01k8rhncp4jt1\/2025\/11\/talking-bot-125x125.png","caption":"Telinha"},"sameAs":["https:\/\/portaltela.pt\/"],"url":"https:\/\/portaltela.pt\/por\/367410592786\/"}]}},"_links":{"self":[{"href":"https:\/\/portaltela.pt\/api\/wp\/v2\/posts\/391785","targetHints":{"allow":["GET"]}}],"collection":[{"href":"https:\/\/portaltela.pt\/api\/wp\/v2\/posts"}],"about":[{"href":"https:\/\/portaltela.pt\/api\/wp\/v2\/types\/post"}],"author":[{"embeddable":true,"href":"https:\/\/portaltela.pt\/api\/wp\/v2\/users\/2"}],"replies":[{"embeddable":true,"href":"https:\/\/portaltela.pt\/api\/wp\/v2\/comments?post=391785"}],"version-history":[{"count":0,"href":"https:\/\/portaltela.pt\/api\/wp\/v2\/posts\/391785\/revisions"}],"wp:featuredmedia":[{"embeddable":true,"href":"https:\/\/portaltela.pt\/api\/wp\/v2\/media\/391793"}],"wp:attachment":[{"href":"https:\/\/portaltela.pt\/api\/wp\/v2\/media?parent=391785"}],"wp:term":[{"taxonomy":"category","embeddable":true,"href":"https:\/\/portaltela.pt\/api\/wp\/v2\/categories?post=391785"},{"taxonomy":"post_tag","embeddable":true,"href":"https:\/\/portaltela.pt\/api\/wp\/v2\/tags?post=391785"}],"curies":[{"name":"wp","href":"https:\/\/api.w.org\/{rel}","templated":true}]}}