{"id":391777,"date":"2026-02-28T03:41:00","date_gmt":"2026-02-28T06:41:00","guid":{"rendered":"https:\/\/portaltela.pt\/noticias\/2026\/02\/28\/por-que-o-chega-fica-em-silencio-sobre-policias-conhecidos-por-mas-condutas\/"},"modified":"2026-02-28T03:41:00","modified_gmt":"2026-02-28T06:41:00","slug":"por-que-o-chega-fica-em-silencio-sobre-policias-conhecidos-por-mas-condutas","status":"publish","type":"post","link":"https:\/\/portaltela.pt\/noticias\/politica\/2026\/02\/28\/por-que-o-chega-fica-em-silencio-sobre-policias-conhecidos-por-mas-condutas\/","title":{"rendered":"Por que o Chega fica em sil\u00eancio sobre pol\u00edcias conhecidos por m\u00e1s condutas"},"content":{"rendered":"<p>O artigo em an\u00e1lise critica o sil\u00eancio de Andr\u00e9 Ventura, l\u00edder do Chega, sobre acusa\u00e7\u00f5es contra pol\u00edcias envolvidas em tortura e viola\u00e7\u00e3o, contrapondo com a mobiliza\u00e7\u00e3o nas redes sociais centrada em criminalidade.<\/p>\n<p>Segundo o texto, as mensagens nas redes do Chega destacam delinquentes de pele escura, sem registar posi\u00e7\u00f5es sobre os pol\u00edcias implicados. A pe\u00e7a sustenta que esse sil\u00eancio \u00e9 recorrente.<\/p>\n<p>Em janeiro, j\u00e1 tinha sido alvo de coment\u00e1rio p\u00fablico o sil\u00eancio de Ventura face aos neonazis do grupo 1143. O artigo reitera a exist\u00eancia de v\u00e1rias oportunidades nos \u00faltimos sete meses para abordar o tema.<\/p>\n","protected":false},"excerpt":{"rendered":"<ul>\n<li>O l\u00edder do Chega, Andr\u00e9 Ventura, tem centenas de mensagens sobre crime nas redes sociais, segundo o texto.<\/li>\n<li>Segundo o artigo, n\u00e3o h\u00e1 refer\u00eancias a pol\u00edcias acusados de tortura e viola\u00e7\u00e3o nem aos seus 70 amigos.<\/li>\n<li>O texto recorda que, em janeiro, j\u00e1 foi abordado o sil\u00eancio de Ventura sobre os neonazis do grupo 1143.<\/li>\n<li>O autor sugere que houve v\u00e1rias oportunidades nos \u00faltimos sete meses para comentar o tema, mas isso n\u00e3o aconteceu.<\/li>\n<li>A pe\u00e7a analisa a diferen\u00e7a entre o que \u00e9 referido publicamente sobre crime em geral e o que n\u00e3o \u00e9 discutido quando envolve pol\u00edcias.<\/li>\n<\/ul>\n","protected":false},"author":2,"featured_media":391786,"comment_status":"closed","ping_status":"closed","sticky":false,"template":"","format":"standard","meta":{"footnotes":""},"categories":[1,5],"tags":[6441,2453,2142,3450,2832,3535],"class_list":["post-391777","post","type-post","status-publish","format-standard","has-post-thumbnail","hentry","category-noticias","category-politica","tag-acusacoes","tag-andre-ventura","tag-chega","tag-delinquencia","tag-politica","tag-tortura"],"yoast_head":"<!-- This site is optimized with the Yoast SEO plugin v27.2 - https:\/\/yoast.com\/product\/yoast-seo-wordpress\/ -->\n<title>Por que o Chega fica em sil\u00eancio sobre pol\u00edcias conhecidos por m\u00e1s condutas - Portal Tela Portugal<\/title>\n<meta name=\"robots\" content=\"index, follow, max-snippet:-1, max-image-preview:large, max-video-preview:-1\" \/>\n<meta property=\"og:locale\" content=\"pt_PT\" \/>\n<meta property=\"og:type\" content=\"article\" \/>\n<meta property=\"og:title\" content=\"Por que o Chega fica em sil\u00eancio sobre pol\u00edcias conhecidos por m\u00e1s condutas - Portal Tela Portugal\" \/>\n<meta property=\"og:description\" content=\"O l\u00edder do Chega, Andr\u00e9 Ventura, tem centenas de mensagens sobre crime nas redes sociais, segundo o texto. Segundo o artigo, n\u00e3o h\u00e1 refer\u00eancias a pol\u00edcias acusados de tortura e viola\u00e7\u00e3o nem aos seus 70 amigos. O texto recorda que, em janeiro, j\u00e1 foi abordado o sil\u00eancio de Ventura sobre os neonazis do grupo 1143. O autor sugere que houve v\u00e1rias oportunidades nos \u00faltimos sete meses para comentar o tema, mas isso n\u00e3o aconteceu. A pe\u00e7a analisa a diferen\u00e7a entre o que \u00e9 referido publicamente sobre crime em geral e o que n\u00e3o \u00e9 discutido quando envolve pol\u00edcias.\" \/>\n<meta property=\"og:url\" content=\"https:\/\/portaltela.pt\/noticias\/2026\/02\/28\/por-que-o-chega-fica-em-silencio-sobre-policias-conhecidos-por-mas-condutas\/\" \/>\n<meta property=\"og:site_name\" content=\"Portal Tela Portugal\" \/>\n<meta property=\"article:published_time\" content=\"2026-02-28T06:41:00+00:00\" \/>\n<meta name=\"author\" content=\"Telinha\" \/>\n<meta name=\"twitter:card\" content=\"summary_large_image\" \/>\n<meta name=\"twitter:label1\" content=\"Escrito por\" \/>\n\t<meta name=\"twitter:data1\" content=\"Telinha\" \/>\n\t<meta name=\"twitter:label2\" content=\"Tempo estimado de leitura\" \/>\n\t<meta name=\"twitter:data2\" content=\"1 minuto\" \/>\n<script type=\"application\/ld+json\" class=\"yoast-schema-graph\">{\"@context\":\"https:\/\/schema.org\",\"@graph\":[{\"@type\":\"Article\",\"@id\":\"https:\/\/portaltela.pt\/noticias\/2026\/02\/28\/por-que-o-chega-fica-em-silencio-sobre-policias-conhecidos-por-mas-condutas\/#article\",\"isPartOf\":{\"@id\":\"https:\/\/portaltela.pt\/noticias\/2026\/02\/28\/por-que-o-chega-fica-em-silencio-sobre-policias-conhecidos-por-mas-condutas\/\"},\"author\":{\"name\":\"Telinha\",\"@id\":\"https:\/\/portaltela.pt\/#\/schema\/person\/c4278d4a6028830caff9ee44b42d32ed\"},\"headline\":\"Por que o Chega fica em sil\u00eancio sobre pol\u00edcias conhecidos por m\u00e1s condutas\",\"datePublished\":\"2026-02-28T06:41:00+00:00\",\"mainEntityOfPage\":{\"@id\":\"https:\/\/portaltela.pt\/noticias\/2026\/02\/28\/por-que-o-chega-fica-em-silencio-sobre-policias-conhecidos-por-mas-condutas\/\"},\"wordCount\":126,\"image\":{\"@id\":\"https:\/\/portaltela.pt\/noticias\/2026\/02\/28\/por-que-o-chega-fica-em-silencio-sobre-policias-conhecidos-por-mas-condutas\/#primaryimage\"},\"thumbnailUrl\":\"https:\/\/portaltela.pt\/s.01k8rhncp4jt1\/2026\/02\/1739850-3.jpg\",\"keywords\":[\"acusa\u00e7\u00f5es\",\"Andr\u00e9 Ventura\",\"CHEGA\",\"delinqu\u00eancia\",\"pol\u00edtica\",\"tortura\"],\"articleSection\":[\"Not\u00edcias\",\"Pol\u00edtica\"],\"inLanguage\":\"pt-PT\"},{\"@type\":\"WebPage\",\"@id\":\"https:\/\/portaltela.pt\/noticias\/2026\/02\/28\/por-que-o-chega-fica-em-silencio-sobre-policias-conhecidos-por-mas-condutas\/\",\"url\":\"https:\/\/portaltela.pt\/noticias\/2026\/02\/28\/por-que-o-chega-fica-em-silencio-sobre-policias-conhecidos-por-mas-condutas\/\",\"name\":\"Por que o Chega fica em sil\u00eancio sobre pol\u00edcias conhecidos por m\u00e1s condutas - Portal Tela Portugal\",\"isPartOf\":{\"@id\":\"https:\/\/portaltela.pt\/#website\"},\"primaryImageOfPage\":{\"@id\":\"https:\/\/portaltela.pt\/noticias\/2026\/02\/28\/por-que-o-chega-fica-em-silencio-sobre-policias-conhecidos-por-mas-condutas\/#primaryimage\"},\"image\":{\"@id\":\"https:\/\/portaltela.pt\/noticias\/2026\/02\/28\/por-que-o-chega-fica-em-silencio-sobre-policias-conhecidos-por-mas-condutas\/#primaryimage\"},\"thumbnailUrl\":\"https:\/\/portaltela.pt\/s.01k8rhncp4jt1\/2026\/02\/1739850-3.jpg\",\"datePublished\":\"2026-02-28T06:41:00+00:00\",\"author\":{\"@id\":\"https:\/\/portaltela.pt\/#\/schema\/person\/c4278d4a6028830caff9ee44b42d32ed\"},\"breadcrumb\":{\"@id\":\"https:\/\/portaltela.pt\/noticias\/2026\/02\/28\/por-que-o-chega-fica-em-silencio-sobre-policias-conhecidos-por-mas-condutas\/#breadcrumb\"},\"inLanguage\":\"pt-PT\",\"potentialAction\":[{\"@type\":\"ReadAction\",\"target\":[\"https:\/\/portaltela.pt\/noticias\/2026\/02\/28\/por-que-o-chega-fica-em-silencio-sobre-policias-conhecidos-por-mas-condutas\/\"]}]},{\"@type\":\"ImageObject\",\"inLanguage\":\"pt-PT\",\"@id\":\"https:\/\/portaltela.pt\/noticias\/2026\/02\/28\/por-que-o-chega-fica-em-silencio-sobre-policias-conhecidos-por-mas-condutas\/#primaryimage\",\"url\":\"https:\/\/portaltela.pt\/s.01k8rhncp4jt1\/2026\/02\/1739850-3.jpg\",\"contentUrl\":\"https:\/\/portaltela.pt\/s.01k8rhncp4jt1\/2026\/02\/1739850-3.jpg\",\"width\":796,\"height\":448,\"caption\":\"Photo\"},{\"@type\":\"BreadcrumbList\",\"@id\":\"https:\/\/portaltela.pt\/noticias\/2026\/02\/28\/por-que-o-chega-fica-em-silencio-sobre-policias-conhecidos-por-mas-condutas\/#breadcrumb\",\"itemListElement\":[{\"@type\":\"ListItem\",\"position\":1,\"name\":\"In\u00edcio\",\"item\":\"https:\/\/portaltela.pt\/\"},{\"@type\":\"ListItem\",\"position\":2,\"name\":\"Por que o Chega fica em sil\u00eancio sobre pol\u00edcias conhecidos por m\u00e1s condutas\"}]},{\"@type\":\"WebSite\",\"@id\":\"https:\/\/portaltela.pt\/#website\",\"url\":\"https:\/\/portaltela.pt\/\",\"name\":\"Portal Tela Portugal\",\"description\":\"\",\"potentialAction\":[{\"@type\":\"SearchAction\",\"target\":{\"@type\":\"EntryPoint\",\"urlTemplate\":\"https:\/\/portaltela.pt\/?s={search_term_string}\"},\"query-input\":{\"@type\":\"PropertyValueSpecification\",\"valueRequired\":true,\"valueName\":\"search_term_string\"}}],\"inLanguage\":\"pt-PT\"},{\"@type\":\"Person\",\"@id\":\"https:\/\/portaltela.pt\/#\/schema\/person\/c4278d4a6028830caff9ee44b42d32ed\",\"name\":\"Telinha\",\"image\":{\"@type\":\"ImageObject\",\"inLanguage\":\"pt-PT\",\"@id\":\"https:\/\/portaltela.pt\/s.01k8rhncp4jt1\/2025\/11\/talking-bot-125x125.png\",\"url\":\"https:\/\/portaltela.pt\/s.01k8rhncp4jt1\/2025\/11\/talking-bot-125x125.png\",\"contentUrl\":\"https:\/\/portaltela.pt\/s.01k8rhncp4jt1\/2025\/11\/talking-bot-125x125.png\",\"caption\":\"Telinha\"},\"sameAs\":[\"https:\/\/portaltela.pt\/\"],\"url\":\"https:\/\/portaltela.pt\/por\/367410592786\/\"}]}<\/script>\n<!-- \/ Yoast SEO plugin. -->","yoast_head_json":{"title":"Por que o Chega fica em sil\u00eancio sobre pol\u00edcias conhecidos por m\u00e1s condutas - Portal Tela Portugal","robots":{"index":"index","follow":"follow","max-snippet":"max-snippet:-1","max-image-preview":"max-image-preview:large","max-video-preview":"max-video-preview:-1"},"og_locale":"pt_PT","og_type":"article","og_title":"Por que o Chega fica em sil\u00eancio sobre pol\u00edcias conhecidos por m\u00e1s condutas - Portal Tela Portugal","og_description":"O l\u00edder do Chega, Andr\u00e9 Ventura, tem centenas de mensagens sobre crime nas redes sociais, segundo o texto. Segundo o artigo, n\u00e3o h\u00e1 refer\u00eancias a pol\u00edcias acusados de tortura e viola\u00e7\u00e3o nem aos seus 70 amigos. O texto recorda que, em janeiro, j\u00e1 foi abordado o sil\u00eancio de Ventura sobre os neonazis do grupo 1143. O autor sugere que houve v\u00e1rias oportunidades nos \u00faltimos sete meses para comentar o tema, mas isso n\u00e3o aconteceu. A pe\u00e7a analisa a diferen\u00e7a entre o que \u00e9 referido publicamente sobre crime em geral e o que n\u00e3o \u00e9 discutido quando envolve pol\u00edcias.","og_url":"https:\/\/portaltela.pt\/noticias\/2026\/02\/28\/por-que-o-chega-fica-em-silencio-sobre-policias-conhecidos-por-mas-condutas\/","og_site_name":"Portal Tela Portugal","article_published_time":"2026-02-28T06:41:00+00:00","author":"Telinha","twitter_card":"summary_large_image","twitter_misc":{"Escrito por":"Telinha","Tempo estimado de leitura":"1 minuto"},"schema":{"@context":"https:\/\/schema.org","@graph":[{"@type":"Article","@id":"https:\/\/portaltela.pt\/noticias\/2026\/02\/28\/por-que-o-chega-fica-em-silencio-sobre-policias-conhecidos-por-mas-condutas\/#article","isPartOf":{"@id":"https:\/\/portaltela.pt\/noticias\/2026\/02\/28\/por-que-o-chega-fica-em-silencio-sobre-policias-conhecidos-por-mas-condutas\/"},"author":{"name":"Telinha","@id":"https:\/\/portaltela.pt\/#\/schema\/person\/c4278d4a6028830caff9ee44b42d32ed"},"headline":"Por que o Chega fica em sil\u00eancio sobre pol\u00edcias conhecidos por m\u00e1s condutas","datePublished":"2026-02-28T06:41:00+00:00","mainEntityOfPage":{"@id":"https:\/\/portaltela.pt\/noticias\/2026\/02\/28\/por-que-o-chega-fica-em-silencio-sobre-policias-conhecidos-por-mas-condutas\/"},"wordCount":126,"image":{"@id":"https:\/\/portaltela.pt\/noticias\/2026\/02\/28\/por-que-o-chega-fica-em-silencio-sobre-policias-conhecidos-por-mas-condutas\/#primaryimage"},"thumbnailUrl":"https:\/\/portaltela.pt\/s.01k8rhncp4jt1\/2026\/02\/1739850-3.jpg","keywords":["acusa\u00e7\u00f5es","Andr\u00e9 Ventura","CHEGA","delinqu\u00eancia","pol\u00edtica","tortura"],"articleSection":["Not\u00edcias","Pol\u00edtica"],"inLanguage":"pt-PT"},{"@type":"WebPage","@id":"https:\/\/portaltela.pt\/noticias\/2026\/02\/28\/por-que-o-chega-fica-em-silencio-sobre-policias-conhecidos-por-mas-condutas\/","url":"https:\/\/portaltela.pt\/noticias\/2026\/02\/28\/por-que-o-chega-fica-em-silencio-sobre-policias-conhecidos-por-mas-condutas\/","name":"Por que o Chega fica em sil\u00eancio sobre pol\u00edcias conhecidos por m\u00e1s condutas - Portal Tela Portugal","isPartOf":{"@id":"https:\/\/portaltela.pt\/#website"},"primaryImageOfPage":{"@id":"https:\/\/portaltela.pt\/noticias\/2026\/02\/28\/por-que-o-chega-fica-em-silencio-sobre-policias-conhecidos-por-mas-condutas\/#primaryimage"},"image":{"@id":"https:\/\/portaltela.pt\/noticias\/2026\/02\/28\/por-que-o-chega-fica-em-silencio-sobre-policias-conhecidos-por-mas-condutas\/#primaryimage"},"thumbnailUrl":"https:\/\/portaltela.pt\/s.01k8rhncp4jt1\/2026\/02\/1739850-3.jpg","datePublished":"2026-02-28T06:41:00+00:00","author":{"@id":"https:\/\/portaltela.pt\/#\/schema\/person\/c4278d4a6028830caff9ee44b42d32ed"},"breadcrumb":{"@id":"https:\/\/portaltela.pt\/noticias\/2026\/02\/28\/por-que-o-chega-fica-em-silencio-sobre-policias-conhecidos-por-mas-condutas\/#breadcrumb"},"inLanguage":"pt-PT","potentialAction":[{"@type":"ReadAction","target":["https:\/\/portaltela.pt\/noticias\/2026\/02\/28\/por-que-o-chega-fica-em-silencio-sobre-policias-conhecidos-por-mas-condutas\/"]}]},{"@type":"ImageObject","inLanguage":"pt-PT","@id":"https:\/\/portaltela.pt\/noticias\/2026\/02\/28\/por-que-o-chega-fica-em-silencio-sobre-policias-conhecidos-por-mas-condutas\/#primaryimage","url":"https:\/\/portaltela.pt\/s.01k8rhncp4jt1\/2026\/02\/1739850-3.jpg","contentUrl":"https:\/\/portaltela.pt\/s.01k8rhncp4jt1\/2026\/02\/1739850-3.jpg","width":796,"height":448,"caption":"Photo"},{"@type":"BreadcrumbList","@id":"https:\/\/portaltela.pt\/noticias\/2026\/02\/28\/por-que-o-chega-fica-em-silencio-sobre-policias-conhecidos-por-mas-condutas\/#breadcrumb","itemListElement":[{"@type":"ListItem","position":1,"name":"In\u00edcio","item":"https:\/\/portaltela.pt\/"},{"@type":"ListItem","position":2,"name":"Por que o Chega fica em sil\u00eancio sobre pol\u00edcias conhecidos por m\u00e1s condutas"}]},{"@type":"WebSite","@id":"https:\/\/portaltela.pt\/#website","url":"https:\/\/portaltela.pt\/","name":"Portal Tela Portugal","description":"","potentialAction":[{"@type":"SearchAction","target":{"@type":"EntryPoint","urlTemplate":"https:\/\/portaltela.pt\/?s={search_term_string}"},"query-input":{"@type":"PropertyValueSpecification","valueRequired":true,"valueName":"search_term_string"}}],"inLanguage":"pt-PT"},{"@type":"Person","@id":"https:\/\/portaltela.pt\/#\/schema\/person\/c4278d4a6028830caff9ee44b42d32ed","name":"Telinha","image":{"@type":"ImageObject","inLanguage":"pt-PT","@id":"https:\/\/portaltela.pt\/s.01k8rhncp4jt1\/2025\/11\/talking-bot-125x125.png","url":"https:\/\/portaltela.pt\/s.01k8rhncp4jt1\/2025\/11\/talking-bot-125x125.png","contentUrl":"https:\/\/portaltela.pt\/s.01k8rhncp4jt1\/2025\/11\/talking-bot-125x125.png","caption":"Telinha"},"sameAs":["https:\/\/portaltela.pt\/"],"url":"https:\/\/portaltela.pt\/por\/367410592786\/"}]}},"_links":{"self":[{"href":"https:\/\/portaltela.pt\/api\/wp\/v2\/posts\/391777","targetHints":{"allow":["GET"]}}],"collection":[{"href":"https:\/\/portaltela.pt\/api\/wp\/v2\/posts"}],"about":[{"href":"https:\/\/portaltela.pt\/api\/wp\/v2\/types\/post"}],"author":[{"embeddable":true,"href":"https:\/\/portaltela.pt\/api\/wp\/v2\/users\/2"}],"replies":[{"embeddable":true,"href":"https:\/\/portaltela.pt\/api\/wp\/v2\/comments?post=391777"}],"version-history":[{"count":0,"href":"https:\/\/portaltela.pt\/api\/wp\/v2\/posts\/391777\/revisions"}],"wp:featuredmedia":[{"embeddable":true,"href":"https:\/\/portaltela.pt\/api\/wp\/v2\/media\/391786"}],"wp:attachment":[{"href":"https:\/\/portaltela.pt\/api\/wp\/v2\/media?parent=391777"}],"wp:term":[{"taxonomy":"category","embeddable":true,"href":"https:\/\/portaltela.pt\/api\/wp\/v2\/categories?post=391777"},{"taxonomy":"post_tag","embeddable":true,"href":"https:\/\/portaltela.pt\/api\/wp\/v2\/tags?post=391777"}],"curies":[{"name":"wp","href":"https:\/\/api.w.org\/{rel}","templated":true}]}}