{"id":391767,"date":"2026-02-28T03:46:45","date_gmt":"2026-02-28T06:46:45","guid":{"rendered":"https:\/\/portaltela.pt\/noticias\/2026\/02\/28\/video-divulgado-intensifica-debate-publico\/"},"modified":"2026-02-28T03:46:45","modified_gmt":"2026-02-28T06:46:45","slug":"video-divulgado-intensifica-debate-publico","status":"publish","type":"post","link":"https:\/\/portaltela.pt\/noticias\/internacional\/2026\/02\/28\/video-divulgado-intensifica-debate-publico\/","title":{"rendered":"V\u00eddeo divulgado intensifica debate p\u00fablico"},"content":{"rendered":"<p>Nesta edi\u00e7\u00e3o de Not\u00edcias do dia, 28 de fevereiro de 2026, destacam-se atualiza\u00e7\u00f5es sobre defesa, conflitos regionais e desenvolvimento urbano. A cobertura \u00e9 objetiva, com foco em fatos verific\u00e1veis e sem opini\u00e3o.<\/p>\n<p>Emmanuel Macron vai atualizar a doutrina de dissuas\u00e3o nuclear de Fran\u00e7a. O an\u00fancio indica a revis\u00e3o de diretrizes estrat\u00e9gicas para o equil\u00edbrio entre resposta nuclear e dissuas\u00e3o convencional. Detalhes sobre o conte\u00fado da atualiza\u00e7\u00e3o ainda n\u00e3o foram divulgados.<\/p>\n<p>Paquist\u00e3o e Afeganist\u00e3o intensificam confrontos na fronteira, civis apanhados no fogo cruzado. A escalada envolveu zonas de Bajaur e outras \u00e1reas fronteiri\u00e7as, com relatos de danos a habita\u00e7\u00f5es e servi\u00e7os b\u00e1sicos. Autoridades locais j\u00e1 apelam \u00e0 conten\u00e7\u00e3o e \u00e0 prote\u00e7\u00e3o civil.<\/p>\n<p>Cria\u00e7\u00e3o de povoa\u00e7\u00f5es resilientes em Karabakh. Projetos urbanos est\u00e3o a transformar \u00e1reas afetadas, com foco em recupera\u00e7\u00e3o r\u00e1pida, infraestrutura sustent\u00e1vel e participa\u00e7\u00e3o da comunidade. A iniciativa envolve parceria com o World Urban Forum.<\/p>\n<p>Se Putin parasse a guerra da R\u00fassia na Ucr\u00e2nia, cairia, diz primeiro-ministro da Est\u00f3nia. O chefe de Governo salientou, em entrevista \u00e0 Euronews, que a continuidade do conflito mant\u00e9m a estabilidade regional sob press\u00e3o. O gabinete est\u00f3nio n\u00e3o apresentou nova posi\u00e7\u00e3o oficial sobre negocia\u00e7\u00f5es.<\/p>\n<p>Verifica\u00e7\u00e3o dos factos: UE contornou o veto da Hungria ao empr\u00e9stimo de 90 mil milh\u00f5es de euros \u00e0 Ucr\u00e2nia? A checagem de dados aponta para ajustes no processo de aprova\u00e7\u00e3o, com o objetivo de manter apoio financeiro \u00e0 Ucr\u00e2nia, dentro do quadro financeiro da Uni\u00e3o.<\/p>\n<p>Rumo ao M\u00e9dio Oriente: porta-avi\u00f5es dos EUA j\u00e1 abandonou a ilha grega de Creta. A opera\u00e7\u00e3o do grupo naval norte-americano segue para \u00e1guas do M\u00e9dio Oriente, segundo fontes oficiais, sem indica\u00e7\u00e3o de incidentes.<\/p>\n<p>Jovens que se identificam como animais re\u00fanem-se em Buenos Aires. A tend\u00eancia viral envolve manifesta\u00e7\u00f5es culturais e identit\u00e1rias entre jovens, com ocorr\u00eancias p\u00fablicas em parques da capital argentina. Autoridades locais chamam \u00e0 calma e ao respeito.<\/p>\n<p>Tr\u00eas anos ap\u00f3s a trag\u00e9dia de Tempe, qu\u00e3o seguros s\u00e3o hoje os comboios na Gr\u00e9cia? A imprensa regional analisa medidas de seguran\u00e7a ferrovi\u00e1ria, com foco em padr\u00f5es operacionais, inspe\u00e7\u00f5es e resposta a incidentes em esteiras de risco.<\/p>\n<p>Europe Today: primeiros-ministros da Est\u00f3nia e da Litu\u00e2nia falam em exclusivo \u00e0 Euronews. As entrevistas destacam perspetivas de coopera\u00e7\u00e3o regional e respostas a quest\u00f5es de seguran\u00e7a e energia. As declara\u00e7\u00f5es refletem posicionamentos nacionais sem compromisso de alian\u00e7as espec\u00edficas.<\/p>\n<p>Brasil intensifica procura por sobreviventes ap\u00f3s cheias mortais em Minas Gerais. As autoridades disputam o balan\u00e7o de v\u00edtimas e o trabalho de busca em zonas afectadas, com previs\u00e3o de continuidade de opera\u00e7\u00f5es de resgate e avalia\u00e7\u00e3o de danos.<\/p>\n<p>Netflix perde a Warner Bros Discovery para a Paramount ap\u00f3s meses de negocia\u00e7\u00f5es. O desfecho afeta acordos de distribui\u00e7\u00e3o e conte\u00fados, com impactos ainda a definir em mercados de streaming. As empresas n\u00e3o divulgaram declara\u00e7\u00f5es adicionais.<\/p>\n<p>Qual \u00e9 o verdadeiro impacto ambiental e financeiro da neve artificial? Especialistas debatem custos energ\u00e9ticos, emiss\u00f5es e benef\u00edcios na indu\u00e7\u00e3o de condi\u00e7\u00f5es clim\u00e1ticas para fins agr\u00edcolas e de eventos p\u00fablicos. O tema permanece em estudo.<\/p>\n<p>Gaza assinala Ramad\u00e3o de luto sob cessar-fogo. O cessar-fogo vigente permite rituais religiosos, mas milh\u00f5es enfrentam desafios humanit\u00e1rios. Observadores pedem monitoriza\u00e7\u00e3o cont\u00ednua e apoio internacional.<\/p>\n","protected":false},"excerpt":{"rendered":"<ul>\n<li>O presidente franc\u00eas, Emmanuel Macron, vai atualizar a doutrina de dissuas\u00e3o nuclear de Fran\u00e7a.<\/li>\n<li>Paquist\u00e3o e Afeganist\u00e3o intensificam confrontos na fronteira, com civis apanhados no fogo cruzado.<\/li>\n<li>Em Karabakh, est\u00e3o a ser criadas povoa\u00e7\u00f5es resilientes, numa parceria com o World Urban Forum.<\/li>\n<li>O primeiro-ministro da Est\u00f3nia afirma que, se Putin parasse a guerra na Ucr\u00e2nia, o regime russo cairia.<\/li>\n<li>O porta-avi\u00f5es dos Estados Unidos j\u00e1 abandonou a ilha de Creta, a caminho do M\u00e9dio Oriente.<\/li>\n<\/ul>\n","protected":false},"author":2,"featured_media":391768,"comment_status":"closed","ping_status":"closed","sticky":false,"template":"","format":"standard","meta":{"footnotes":""},"categories":[4,1],"tags":[4104,3486,3651,3630,2921,2134],"class_list":["post-391767","post","type-post","status-publish","format-standard","has-post-thumbnail","hentry","category-internacional","category-noticias","tag-afeganistao","tag-estonia","tag-gaza","tag-lituania","tag-netflix","tag-ucrania"],"yoast_head":"<!-- This site is optimized with the Yoast SEO plugin v27.2 - https:\/\/yoast.com\/product\/yoast-seo-wordpress\/ -->\n<title>V\u00eddeo divulgado intensifica debate p\u00fablico - Portal Tela Portugal<\/title>\n<meta name=\"robots\" content=\"index, follow, max-snippet:-1, max-image-preview:large, max-video-preview:-1\" \/>\n<meta property=\"og:locale\" content=\"pt_PT\" \/>\n<meta property=\"og:type\" content=\"article\" \/>\n<meta property=\"og:title\" content=\"V\u00eddeo divulgado intensifica debate p\u00fablico - Portal Tela Portugal\" \/>\n<meta property=\"og:description\" content=\"O presidente franc\u00eas, Emmanuel Macron, vai atualizar a doutrina de dissuas\u00e3o nuclear de Fran\u00e7a. Paquist\u00e3o e Afeganist\u00e3o intensificam confrontos na fronteira, com civis apanhados no fogo cruzado. Em Karabakh, est\u00e3o a ser criadas povoa\u00e7\u00f5es resilientes, numa parceria com o World Urban Forum. O primeiro-ministro da Est\u00f3nia afirma que, se Putin parasse a guerra na Ucr\u00e2nia, o regime russo cairia. O porta-avi\u00f5es dos Estados Unidos j\u00e1 abandonou a ilha de Creta, a caminho do M\u00e9dio Oriente.\" \/>\n<meta property=\"og:url\" content=\"https:\/\/portaltela.pt\/noticias\/2026\/02\/28\/video-divulgado-intensifica-debate-publico\/\" \/>\n<meta property=\"og:site_name\" content=\"Portal Tela Portugal\" \/>\n<meta property=\"article:published_time\" content=\"2026-02-28T06:46:45+00:00\" \/>\n<meta name=\"author\" content=\"Telinha\" \/>\n<meta name=\"twitter:card\" content=\"summary_large_image\" \/>\n<meta name=\"twitter:label1\" content=\"Escrito por\" \/>\n\t<meta name=\"twitter:data1\" content=\"Telinha\" \/>\n\t<meta name=\"twitter:label2\" content=\"Tempo estimado de leitura\" \/>\n\t<meta name=\"twitter:data2\" content=\"3 minutos\" \/>\n<script type=\"application\/ld+json\" class=\"yoast-schema-graph\">{\"@context\":\"https:\/\/schema.org\",\"@graph\":[{\"@type\":\"Article\",\"@id\":\"https:\/\/portaltela.pt\/noticias\/2026\/02\/28\/video-divulgado-intensifica-debate-publico\/#article\",\"isPartOf\":{\"@id\":\"https:\/\/portaltela.pt\/noticias\/2026\/02\/28\/video-divulgado-intensifica-debate-publico\/\"},\"author\":{\"name\":\"Telinha\",\"@id\":\"https:\/\/portaltela.pt\/#\/schema\/person\/c4278d4a6028830caff9ee44b42d32ed\"},\"headline\":\"V\u00eddeo divulgado intensifica debate p\u00fablico\",\"datePublished\":\"2026-02-28T06:46:45+00:00\",\"mainEntityOfPage\":{\"@id\":\"https:\/\/portaltela.pt\/noticias\/2026\/02\/28\/video-divulgado-intensifica-debate-publico\/\"},\"wordCount\":606,\"image\":{\"@id\":\"https:\/\/portaltela.pt\/noticias\/2026\/02\/28\/video-divulgado-intensifica-debate-publico\/#primaryimage\"},\"thumbnailUrl\":\"https:\/\/portaltela.pt\/s.01k8rhncp4jt1\/2026\/02\/1536x864_cmsv2_08e17b16-ae47-5a57-adc9-4acaef7e55e6-9669184.jpg\",\"keywords\":[\"Afeganist\u00e3o\",\"Est\u00f3nia\",\"Gaza\",\"Litu\u00e2nia\",\"Netflix\",\"Ucr\u00e2nia\"],\"articleSection\":[\"Internacional\",\"Not\u00edcias\"],\"inLanguage\":\"pt-PT\"},{\"@type\":\"WebPage\",\"@id\":\"https:\/\/portaltela.pt\/noticias\/2026\/02\/28\/video-divulgado-intensifica-debate-publico\/\",\"url\":\"https:\/\/portaltela.pt\/noticias\/2026\/02\/28\/video-divulgado-intensifica-debate-publico\/\",\"name\":\"V\u00eddeo divulgado intensifica debate p\u00fablico - Portal Tela Portugal\",\"isPartOf\":{\"@id\":\"https:\/\/portaltela.pt\/#website\"},\"primaryImageOfPage\":{\"@id\":\"https:\/\/portaltela.pt\/noticias\/2026\/02\/28\/video-divulgado-intensifica-debate-publico\/#primaryimage\"},\"image\":{\"@id\":\"https:\/\/portaltela.pt\/noticias\/2026\/02\/28\/video-divulgado-intensifica-debate-publico\/#primaryimage\"},\"thumbnailUrl\":\"https:\/\/portaltela.pt\/s.01k8rhncp4jt1\/2026\/02\/1536x864_cmsv2_08e17b16-ae47-5a57-adc9-4acaef7e55e6-9669184.jpg\",\"datePublished\":\"2026-02-28T06:46:45+00:00\",\"author\":{\"@id\":\"https:\/\/portaltela.pt\/#\/schema\/person\/c4278d4a6028830caff9ee44b42d32ed\"},\"breadcrumb\":{\"@id\":\"https:\/\/portaltela.pt\/noticias\/2026\/02\/28\/video-divulgado-intensifica-debate-publico\/#breadcrumb\"},\"inLanguage\":\"pt-PT\",\"potentialAction\":[{\"@type\":\"ReadAction\",\"target\":[\"https:\/\/portaltela.pt\/noticias\/2026\/02\/28\/video-divulgado-intensifica-debate-publico\/\"]}]},{\"@type\":\"ImageObject\",\"inLanguage\":\"pt-PT\",\"@id\":\"https:\/\/portaltela.pt\/noticias\/2026\/02\/28\/video-divulgado-intensifica-debate-publico\/#primaryimage\",\"url\":\"https:\/\/portaltela.pt\/s.01k8rhncp4jt1\/2026\/02\/1536x864_cmsv2_08e17b16-ae47-5a57-adc9-4acaef7e55e6-9669184.jpg\",\"contentUrl\":\"https:\/\/portaltela.pt\/s.01k8rhncp4jt1\/2026\/02\/1536x864_cmsv2_08e17b16-ae47-5a57-adc9-4acaef7e55e6-9669184.jpg\",\"width\":1536,\"height\":864,\"caption\":\"Not\u00edcias do dia | 28 de fevereiro 2026 - Manh\u00e3\"},{\"@type\":\"BreadcrumbList\",\"@id\":\"https:\/\/portaltela.pt\/noticias\/2026\/02\/28\/video-divulgado-intensifica-debate-publico\/#breadcrumb\",\"itemListElement\":[{\"@type\":\"ListItem\",\"position\":1,\"name\":\"In\u00edcio\",\"item\":\"https:\/\/portaltela.pt\/\"},{\"@type\":\"ListItem\",\"position\":2,\"name\":\"V\u00eddeo divulgado intensifica debate p\u00fablico\"}]},{\"@type\":\"WebSite\",\"@id\":\"https:\/\/portaltela.pt\/#website\",\"url\":\"https:\/\/portaltela.pt\/\",\"name\":\"Portal Tela Portugal\",\"description\":\"\",\"potentialAction\":[{\"@type\":\"SearchAction\",\"target\":{\"@type\":\"EntryPoint\",\"urlTemplate\":\"https:\/\/portaltela.pt\/?s={search_term_string}\"},\"query-input\":{\"@type\":\"PropertyValueSpecification\",\"valueRequired\":true,\"valueName\":\"search_term_string\"}}],\"inLanguage\":\"pt-PT\"},{\"@type\":\"Person\",\"@id\":\"https:\/\/portaltela.pt\/#\/schema\/person\/c4278d4a6028830caff9ee44b42d32ed\",\"name\":\"Telinha\",\"image\":{\"@type\":\"ImageObject\",\"inLanguage\":\"pt-PT\",\"@id\":\"https:\/\/portaltela.pt\/s.01k8rhncp4jt1\/2025\/11\/talking-bot-125x125.png\",\"url\":\"https:\/\/portaltela.pt\/s.01k8rhncp4jt1\/2025\/11\/talking-bot-125x125.png\",\"contentUrl\":\"https:\/\/portaltela.pt\/s.01k8rhncp4jt1\/2025\/11\/talking-bot-125x125.png\",\"caption\":\"Telinha\"},\"sameAs\":[\"https:\/\/portaltela.pt\/\"],\"url\":\"https:\/\/portaltela.pt\/por\/367410592786\/\"}]}<\/script>\n<!-- \/ Yoast SEO plugin. -->","yoast_head_json":{"title":"V\u00eddeo divulgado intensifica debate p\u00fablico - Portal Tela Portugal","robots":{"index":"index","follow":"follow","max-snippet":"max-snippet:-1","max-image-preview":"max-image-preview:large","max-video-preview":"max-video-preview:-1"},"og_locale":"pt_PT","og_type":"article","og_title":"V\u00eddeo divulgado intensifica debate p\u00fablico - Portal Tela Portugal","og_description":"O presidente franc\u00eas, Emmanuel Macron, vai atualizar a doutrina de dissuas\u00e3o nuclear de Fran\u00e7a. Paquist\u00e3o e Afeganist\u00e3o intensificam confrontos na fronteira, com civis apanhados no fogo cruzado. Em Karabakh, est\u00e3o a ser criadas povoa\u00e7\u00f5es resilientes, numa parceria com o World Urban Forum. O primeiro-ministro da Est\u00f3nia afirma que, se Putin parasse a guerra na Ucr\u00e2nia, o regime russo cairia. O porta-avi\u00f5es dos Estados Unidos j\u00e1 abandonou a ilha de Creta, a caminho do M\u00e9dio Oriente.","og_url":"https:\/\/portaltela.pt\/noticias\/2026\/02\/28\/video-divulgado-intensifica-debate-publico\/","og_site_name":"Portal Tela Portugal","article_published_time":"2026-02-28T06:46:45+00:00","author":"Telinha","twitter_card":"summary_large_image","twitter_misc":{"Escrito por":"Telinha","Tempo estimado de leitura":"3 minutos"},"schema":{"@context":"https:\/\/schema.org","@graph":[{"@type":"Article","@id":"https:\/\/portaltela.pt\/noticias\/2026\/02\/28\/video-divulgado-intensifica-debate-publico\/#article","isPartOf":{"@id":"https:\/\/portaltela.pt\/noticias\/2026\/02\/28\/video-divulgado-intensifica-debate-publico\/"},"author":{"name":"Telinha","@id":"https:\/\/portaltela.pt\/#\/schema\/person\/c4278d4a6028830caff9ee44b42d32ed"},"headline":"V\u00eddeo divulgado intensifica debate p\u00fablico","datePublished":"2026-02-28T06:46:45+00:00","mainEntityOfPage":{"@id":"https:\/\/portaltela.pt\/noticias\/2026\/02\/28\/video-divulgado-intensifica-debate-publico\/"},"wordCount":606,"image":{"@id":"https:\/\/portaltela.pt\/noticias\/2026\/02\/28\/video-divulgado-intensifica-debate-publico\/#primaryimage"},"thumbnailUrl":"https:\/\/portaltela.pt\/s.01k8rhncp4jt1\/2026\/02\/1536x864_cmsv2_08e17b16-ae47-5a57-adc9-4acaef7e55e6-9669184.jpg","keywords":["Afeganist\u00e3o","Est\u00f3nia","Gaza","Litu\u00e2nia","Netflix","Ucr\u00e2nia"],"articleSection":["Internacional","Not\u00edcias"],"inLanguage":"pt-PT"},{"@type":"WebPage","@id":"https:\/\/portaltela.pt\/noticias\/2026\/02\/28\/video-divulgado-intensifica-debate-publico\/","url":"https:\/\/portaltela.pt\/noticias\/2026\/02\/28\/video-divulgado-intensifica-debate-publico\/","name":"V\u00eddeo divulgado intensifica debate p\u00fablico - Portal Tela Portugal","isPartOf":{"@id":"https:\/\/portaltela.pt\/#website"},"primaryImageOfPage":{"@id":"https:\/\/portaltela.pt\/noticias\/2026\/02\/28\/video-divulgado-intensifica-debate-publico\/#primaryimage"},"image":{"@id":"https:\/\/portaltela.pt\/noticias\/2026\/02\/28\/video-divulgado-intensifica-debate-publico\/#primaryimage"},"thumbnailUrl":"https:\/\/portaltela.pt\/s.01k8rhncp4jt1\/2026\/02\/1536x864_cmsv2_08e17b16-ae47-5a57-adc9-4acaef7e55e6-9669184.jpg","datePublished":"2026-02-28T06:46:45+00:00","author":{"@id":"https:\/\/portaltela.pt\/#\/schema\/person\/c4278d4a6028830caff9ee44b42d32ed"},"breadcrumb":{"@id":"https:\/\/portaltela.pt\/noticias\/2026\/02\/28\/video-divulgado-intensifica-debate-publico\/#breadcrumb"},"inLanguage":"pt-PT","potentialAction":[{"@type":"ReadAction","target":["https:\/\/portaltela.pt\/noticias\/2026\/02\/28\/video-divulgado-intensifica-debate-publico\/"]}]},{"@type":"ImageObject","inLanguage":"pt-PT","@id":"https:\/\/portaltela.pt\/noticias\/2026\/02\/28\/video-divulgado-intensifica-debate-publico\/#primaryimage","url":"https:\/\/portaltela.pt\/s.01k8rhncp4jt1\/2026\/02\/1536x864_cmsv2_08e17b16-ae47-5a57-adc9-4acaef7e55e6-9669184.jpg","contentUrl":"https:\/\/portaltela.pt\/s.01k8rhncp4jt1\/2026\/02\/1536x864_cmsv2_08e17b16-ae47-5a57-adc9-4acaef7e55e6-9669184.jpg","width":1536,"height":864,"caption":"Not\u00edcias do dia | 28 de fevereiro 2026 - Manh\u00e3"},{"@type":"BreadcrumbList","@id":"https:\/\/portaltela.pt\/noticias\/2026\/02\/28\/video-divulgado-intensifica-debate-publico\/#breadcrumb","itemListElement":[{"@type":"ListItem","position":1,"name":"In\u00edcio","item":"https:\/\/portaltela.pt\/"},{"@type":"ListItem","position":2,"name":"V\u00eddeo divulgado intensifica debate p\u00fablico"}]},{"@type":"WebSite","@id":"https:\/\/portaltela.pt\/#website","url":"https:\/\/portaltela.pt\/","name":"Portal Tela Portugal","description":"","potentialAction":[{"@type":"SearchAction","target":{"@type":"EntryPoint","urlTemplate":"https:\/\/portaltela.pt\/?s={search_term_string}"},"query-input":{"@type":"PropertyValueSpecification","valueRequired":true,"valueName":"search_term_string"}}],"inLanguage":"pt-PT"},{"@type":"Person","@id":"https:\/\/portaltela.pt\/#\/schema\/person\/c4278d4a6028830caff9ee44b42d32ed","name":"Telinha","image":{"@type":"ImageObject","inLanguage":"pt-PT","@id":"https:\/\/portaltela.pt\/s.01k8rhncp4jt1\/2025\/11\/talking-bot-125x125.png","url":"https:\/\/portaltela.pt\/s.01k8rhncp4jt1\/2025\/11\/talking-bot-125x125.png","contentUrl":"https:\/\/portaltela.pt\/s.01k8rhncp4jt1\/2025\/11\/talking-bot-125x125.png","caption":"Telinha"},"sameAs":["https:\/\/portaltela.pt\/"],"url":"https:\/\/portaltela.pt\/por\/367410592786\/"}]}},"_links":{"self":[{"href":"https:\/\/portaltela.pt\/api\/wp\/v2\/posts\/391767","targetHints":{"allow":["GET"]}}],"collection":[{"href":"https:\/\/portaltela.pt\/api\/wp\/v2\/posts"}],"about":[{"href":"https:\/\/portaltela.pt\/api\/wp\/v2\/types\/post"}],"author":[{"embeddable":true,"href":"https:\/\/portaltela.pt\/api\/wp\/v2\/users\/2"}],"replies":[{"embeddable":true,"href":"https:\/\/portaltela.pt\/api\/wp\/v2\/comments?post=391767"}],"version-history":[{"count":0,"href":"https:\/\/portaltela.pt\/api\/wp\/v2\/posts\/391767\/revisions"}],"wp:featuredmedia":[{"embeddable":true,"href":"https:\/\/portaltela.pt\/api\/wp\/v2\/media\/391768"}],"wp:attachment":[{"href":"https:\/\/portaltela.pt\/api\/wp\/v2\/media?parent=391767"}],"wp:term":[{"taxonomy":"category","embeddable":true,"href":"https:\/\/portaltela.pt\/api\/wp\/v2\/categories?post=391767"},{"taxonomy":"post_tag","embeddable":true,"href":"https:\/\/portaltela.pt\/api\/wp\/v2\/tags?post=391767"}],"curies":[{"name":"wp","href":"https:\/\/api.w.org\/{rel}","templated":true}]}}