{"id":391753,"date":"2026-02-28T02:01:00","date_gmt":"2026-02-28T05:01:00","guid":{"rendered":"https:\/\/portaltela.pt\/noticias\/2026\/02\/28\/guadiana-segue-ate-a-foz-sem-identificar-danos-causados-por-inundacoes\/"},"modified":"2026-02-28T02:01:00","modified_gmt":"2026-02-28T05:01:00","slug":"guadiana-segue-ate-a-foz-sem-identificar-danos-causados-por-inundacoes","status":"publish","type":"post","link":"https:\/\/portaltela.pt\/noticias\/2026\/02\/28\/guadiana-segue-ate-a-foz-sem-identificar-danos-causados-por-inundacoes\/","title":{"rendered":"Guadiana segue at\u00e9 \u00e0 foz sem identificar danos causados por inunda\u00e7\u00f5es"},"content":{"rendered":"<p>O Guadiana continua a descer at\u00e9 \u00e0 foz, sem que se observem de imediato danos vis\u00edveis. A observa\u00e7\u00e3o \u00e9 feita um m\u00eas depois da passagem da depress\u00e3o Kristin.<\/p>\n<p>O relato foca-se em Alcoutim, onde o rio parece estar em conten\u00e7\u00e3o, mas confirma-se que houve destrui\u00e7\u00e3o em equipamentos que dinamizam o tecido econ\u00f3mico local durante as cheias.<\/p>\n<p>Quem interv\u00e9m n\u00e3o \u00e9 identificado no texto dispon\u00edvel, mas a refer\u00eancia \u00e9 feita \u00e0 popula\u00e7\u00e3o da regi\u00e3o e \u00e0s consequ\u00eancias econ\u00f3micas associadas.<\/p>\n<p>Quando: um m\u00eas ap\u00f3s Kristin. Onde: Alcoutim, desde o curso do Guadiana at\u00e9 \u00e0 foz. Porqu\u00ea: danos provocados pelas inunda\u00e7\u00f5es aos equipamentos que suportam a atividade econ\u00f3mica local.<\/p>\n<p>Conte\u00fado completo dispon\u00edvel apenas para assinantes, segundo a publica\u00e7\u00e3o.<\/p>\n","protected":false},"excerpt":{"rendered":"<ul>\n<li>Um m\u00eas ap\u00f3s a passagem da depress\u00e3o Kristin, quem chega a Alcoutim observa o Guadiana a descer em dire\u00e7\u00e3o \u00e0 foz de forma calma.<\/li>\n<li>A vista n\u00e3o revela facilmente a destrui\u00e7\u00e3o causada pelas inunda\u00e7\u00f5es em equipamentos dinamizadores do tecido econ\u00f3mico local.<\/li>\n<li>Os danos apontados s\u00e3o ligados a infraestruturas que impulsionam a economia da regi\u00e3o.<\/li>\n<li>O artigo original encontra\u2011se atr\u00e1s de subscri\u00e7\u00e3o, com o conte\u00fado completo apenas para leitores registados.<\/li>\n<\/ul>\n","protected":false},"author":2,"featured_media":391754,"comment_status":"closed","ping_status":"closed","sticky":false,"template":"","format":"standard","meta":{"footnotes":""},"categories":[1],"tags":[3812,6350,5277,28,2409,2293],"class_list":["post-391753","post","type-post","status-publish","format-standard","has-post-thumbnail","hentry","category-noticias","tag-alagamentos","tag-alcoutim","tag-danos","tag-economia","tag-guadiana","tag-inundacoes"],"yoast_head":"<!-- This site is optimized with the Yoast SEO plugin v27.2 - https:\/\/yoast.com\/product\/yoast-seo-wordpress\/ -->\n<title>Guadiana segue at\u00e9 \u00e0 foz sem identificar danos causados por inunda\u00e7\u00f5es - Portal Tela Portugal<\/title>\n<meta name=\"robots\" content=\"index, follow, max-snippet:-1, max-image-preview:large, max-video-preview:-1\" \/>\n<meta property=\"og:locale\" content=\"pt_PT\" \/>\n<meta property=\"og:type\" content=\"article\" \/>\n<meta property=\"og:title\" content=\"Guadiana segue at\u00e9 \u00e0 foz sem identificar danos causados por inunda\u00e7\u00f5es - Portal Tela Portugal\" \/>\n<meta property=\"og:description\" content=\"Um m\u00eas ap\u00f3s a passagem da depress\u00e3o Kristin, quem chega a Alcoutim observa o Guadiana a descer em dire\u00e7\u00e3o \u00e0 foz de forma calma. A vista n\u00e3o revela facilmente a destrui\u00e7\u00e3o causada pelas inunda\u00e7\u00f5es em equipamentos dinamizadores do tecido econ\u00f3mico local. Os danos apontados s\u00e3o ligados a infraestruturas que impulsionam a economia da regi\u00e3o. O artigo original encontra\u2011se atr\u00e1s de subscri\u00e7\u00e3o, com o conte\u00fado completo apenas para leitores registados.\" \/>\n<meta property=\"og:url\" content=\"https:\/\/portaltela.pt\/noticias\/2026\/02\/28\/guadiana-segue-ate-a-foz-sem-identificar-danos-causados-por-inundacoes\/\" \/>\n<meta property=\"og:site_name\" content=\"Portal Tela Portugal\" \/>\n<meta property=\"article:published_time\" content=\"2026-02-28T05:01:00+00:00\" \/>\n<meta name=\"author\" content=\"Telinha\" \/>\n<meta name=\"twitter:card\" content=\"summary_large_image\" \/>\n<meta name=\"twitter:label1\" content=\"Escrito por\" \/>\n\t<meta name=\"twitter:data1\" content=\"Telinha\" \/>\n\t<meta name=\"twitter:label2\" content=\"Tempo estimado de leitura\" \/>\n\t<meta name=\"twitter:data2\" content=\"1 minuto\" \/>\n<script type=\"application\/ld+json\" class=\"yoast-schema-graph\">{\"@context\":\"https:\/\/schema.org\",\"@graph\":[{\"@type\":\"Article\",\"@id\":\"https:\/\/portaltela.pt\/noticias\/2026\/02\/28\/guadiana-segue-ate-a-foz-sem-identificar-danos-causados-por-inundacoes\/#article\",\"isPartOf\":{\"@id\":\"https:\/\/portaltela.pt\/noticias\/2026\/02\/28\/guadiana-segue-ate-a-foz-sem-identificar-danos-causados-por-inundacoes\/\"},\"author\":{\"name\":\"Telinha\",\"@id\":\"https:\/\/portaltela.pt\/#\/schema\/person\/c4278d4a6028830caff9ee44b42d32ed\"},\"headline\":\"Guadiana segue at\u00e9 \u00e0 foz sem identificar danos causados por inunda\u00e7\u00f5es\",\"datePublished\":\"2026-02-28T05:01:00+00:00\",\"mainEntityOfPage\":{\"@id\":\"https:\/\/portaltela.pt\/noticias\/2026\/02\/28\/guadiana-segue-ate-a-foz-sem-identificar-danos-causados-por-inundacoes\/\"},\"wordCount\":142,\"image\":{\"@id\":\"https:\/\/portaltela.pt\/noticias\/2026\/02\/28\/guadiana-segue-ate-a-foz-sem-identificar-danos-causados-por-inundacoes\/#primaryimage\"},\"thumbnailUrl\":\"https:\/\/portaltela.pt\/s.01k8rhncp4jt1\/2026\/02\/CACHE_780X1200_ANALOG_WATERMARKED_46639907_2698442_27022026040221.jpg\",\"keywords\":[\"alagamentos\",\"Alcoutim\",\"danos\",\"economia\",\"Guadiana\",\"inunda\u00e7\u00f5es\"],\"articleSection\":[\"Not\u00edcias\"],\"inLanguage\":\"pt-PT\"},{\"@type\":\"WebPage\",\"@id\":\"https:\/\/portaltela.pt\/noticias\/2026\/02\/28\/guadiana-segue-ate-a-foz-sem-identificar-danos-causados-por-inundacoes\/\",\"url\":\"https:\/\/portaltela.pt\/noticias\/2026\/02\/28\/guadiana-segue-ate-a-foz-sem-identificar-danos-causados-por-inundacoes\/\",\"name\":\"Guadiana segue at\u00e9 \u00e0 foz sem identificar danos causados por inunda\u00e7\u00f5es - Portal Tela Portugal\",\"isPartOf\":{\"@id\":\"https:\/\/portaltela.pt\/#website\"},\"primaryImageOfPage\":{\"@id\":\"https:\/\/portaltela.pt\/noticias\/2026\/02\/28\/guadiana-segue-ate-a-foz-sem-identificar-danos-causados-por-inundacoes\/#primaryimage\"},\"image\":{\"@id\":\"https:\/\/portaltela.pt\/noticias\/2026\/02\/28\/guadiana-segue-ate-a-foz-sem-identificar-danos-causados-por-inundacoes\/#primaryimage\"},\"thumbnailUrl\":\"https:\/\/portaltela.pt\/s.01k8rhncp4jt1\/2026\/02\/CACHE_780X1200_ANALOG_WATERMARKED_46639907_2698442_27022026040221.jpg\",\"datePublished\":\"2026-02-28T05:01:00+00:00\",\"author\":{\"@id\":\"https:\/\/portaltela.pt\/#\/schema\/person\/c4278d4a6028830caff9ee44b42d32ed\"},\"breadcrumb\":{\"@id\":\"https:\/\/portaltela.pt\/noticias\/2026\/02\/28\/guadiana-segue-ate-a-foz-sem-identificar-danos-causados-por-inundacoes\/#breadcrumb\"},\"inLanguage\":\"pt-PT\",\"potentialAction\":[{\"@type\":\"ReadAction\",\"target\":[\"https:\/\/portaltela.pt\/noticias\/2026\/02\/28\/guadiana-segue-ate-a-foz-sem-identificar-danos-causados-por-inundacoes\/\"]}]},{\"@type\":\"ImageObject\",\"inLanguage\":\"pt-PT\",\"@id\":\"https:\/\/portaltela.pt\/noticias\/2026\/02\/28\/guadiana-segue-ate-a-foz-sem-identificar-danos-causados-por-inundacoes\/#primaryimage\",\"url\":\"https:\/\/portaltela.pt\/s.01k8rhncp4jt1\/2026\/02\/CACHE_780X1200_ANALOG_WATERMARKED_46639907_2698442_27022026040221.jpg\",\"contentUrl\":\"https:\/\/portaltela.pt\/s.01k8rhncp4jt1\/2026\/02\/CACHE_780X1200_ANALOG_WATERMARKED_46639907_2698442_27022026040221.jpg\",\"width\":796,\"height\":448,\"caption\":\"Guadiana segue at\u00e9 foz sem se perceber danos causados por inunda\u00e7\u00f5es\"},{\"@type\":\"BreadcrumbList\",\"@id\":\"https:\/\/portaltela.pt\/noticias\/2026\/02\/28\/guadiana-segue-ate-a-foz-sem-identificar-danos-causados-por-inundacoes\/#breadcrumb\",\"itemListElement\":[{\"@type\":\"ListItem\",\"position\":1,\"name\":\"In\u00edcio\",\"item\":\"https:\/\/portaltela.pt\/\"},{\"@type\":\"ListItem\",\"position\":2,\"name\":\"Guadiana segue at\u00e9 \u00e0 foz sem identificar danos causados por inunda\u00e7\u00f5es\"}]},{\"@type\":\"WebSite\",\"@id\":\"https:\/\/portaltela.pt\/#website\",\"url\":\"https:\/\/portaltela.pt\/\",\"name\":\"Portal Tela Portugal\",\"description\":\"\",\"potentialAction\":[{\"@type\":\"SearchAction\",\"target\":{\"@type\":\"EntryPoint\",\"urlTemplate\":\"https:\/\/portaltela.pt\/?s={search_term_string}\"},\"query-input\":{\"@type\":\"PropertyValueSpecification\",\"valueRequired\":true,\"valueName\":\"search_term_string\"}}],\"inLanguage\":\"pt-PT\"},{\"@type\":\"Person\",\"@id\":\"https:\/\/portaltela.pt\/#\/schema\/person\/c4278d4a6028830caff9ee44b42d32ed\",\"name\":\"Telinha\",\"image\":{\"@type\":\"ImageObject\",\"inLanguage\":\"pt-PT\",\"@id\":\"https:\/\/portaltela.pt\/s.01k8rhncp4jt1\/2025\/11\/talking-bot-125x125.png\",\"url\":\"https:\/\/portaltela.pt\/s.01k8rhncp4jt1\/2025\/11\/talking-bot-125x125.png\",\"contentUrl\":\"https:\/\/portaltela.pt\/s.01k8rhncp4jt1\/2025\/11\/talking-bot-125x125.png\",\"caption\":\"Telinha\"},\"sameAs\":[\"https:\/\/portaltela.pt\/\"],\"url\":\"https:\/\/portaltela.pt\/por\/367410592786\/\"}]}<\/script>\n<!-- \/ Yoast SEO plugin. -->","yoast_head_json":{"title":"Guadiana segue at\u00e9 \u00e0 foz sem identificar danos causados por inunda\u00e7\u00f5es - Portal Tela Portugal","robots":{"index":"index","follow":"follow","max-snippet":"max-snippet:-1","max-image-preview":"max-image-preview:large","max-video-preview":"max-video-preview:-1"},"og_locale":"pt_PT","og_type":"article","og_title":"Guadiana segue at\u00e9 \u00e0 foz sem identificar danos causados por inunda\u00e7\u00f5es - Portal Tela Portugal","og_description":"Um m\u00eas ap\u00f3s a passagem da depress\u00e3o Kristin, quem chega a Alcoutim observa o Guadiana a descer em dire\u00e7\u00e3o \u00e0 foz de forma calma. A vista n\u00e3o revela facilmente a destrui\u00e7\u00e3o causada pelas inunda\u00e7\u00f5es em equipamentos dinamizadores do tecido econ\u00f3mico local. Os danos apontados s\u00e3o ligados a infraestruturas que impulsionam a economia da regi\u00e3o. O artigo original encontra\u2011se atr\u00e1s de subscri\u00e7\u00e3o, com o conte\u00fado completo apenas para leitores registados.","og_url":"https:\/\/portaltela.pt\/noticias\/2026\/02\/28\/guadiana-segue-ate-a-foz-sem-identificar-danos-causados-por-inundacoes\/","og_site_name":"Portal Tela Portugal","article_published_time":"2026-02-28T05:01:00+00:00","author":"Telinha","twitter_card":"summary_large_image","twitter_misc":{"Escrito por":"Telinha","Tempo estimado de leitura":"1 minuto"},"schema":{"@context":"https:\/\/schema.org","@graph":[{"@type":"Article","@id":"https:\/\/portaltela.pt\/noticias\/2026\/02\/28\/guadiana-segue-ate-a-foz-sem-identificar-danos-causados-por-inundacoes\/#article","isPartOf":{"@id":"https:\/\/portaltela.pt\/noticias\/2026\/02\/28\/guadiana-segue-ate-a-foz-sem-identificar-danos-causados-por-inundacoes\/"},"author":{"name":"Telinha","@id":"https:\/\/portaltela.pt\/#\/schema\/person\/c4278d4a6028830caff9ee44b42d32ed"},"headline":"Guadiana segue at\u00e9 \u00e0 foz sem identificar danos causados por inunda\u00e7\u00f5es","datePublished":"2026-02-28T05:01:00+00:00","mainEntityOfPage":{"@id":"https:\/\/portaltela.pt\/noticias\/2026\/02\/28\/guadiana-segue-ate-a-foz-sem-identificar-danos-causados-por-inundacoes\/"},"wordCount":142,"image":{"@id":"https:\/\/portaltela.pt\/noticias\/2026\/02\/28\/guadiana-segue-ate-a-foz-sem-identificar-danos-causados-por-inundacoes\/#primaryimage"},"thumbnailUrl":"https:\/\/portaltela.pt\/s.01k8rhncp4jt1\/2026\/02\/CACHE_780X1200_ANALOG_WATERMARKED_46639907_2698442_27022026040221.jpg","keywords":["alagamentos","Alcoutim","danos","economia","Guadiana","inunda\u00e7\u00f5es"],"articleSection":["Not\u00edcias"],"inLanguage":"pt-PT"},{"@type":"WebPage","@id":"https:\/\/portaltela.pt\/noticias\/2026\/02\/28\/guadiana-segue-ate-a-foz-sem-identificar-danos-causados-por-inundacoes\/","url":"https:\/\/portaltela.pt\/noticias\/2026\/02\/28\/guadiana-segue-ate-a-foz-sem-identificar-danos-causados-por-inundacoes\/","name":"Guadiana segue at\u00e9 \u00e0 foz sem identificar danos causados por inunda\u00e7\u00f5es - Portal Tela Portugal","isPartOf":{"@id":"https:\/\/portaltela.pt\/#website"},"primaryImageOfPage":{"@id":"https:\/\/portaltela.pt\/noticias\/2026\/02\/28\/guadiana-segue-ate-a-foz-sem-identificar-danos-causados-por-inundacoes\/#primaryimage"},"image":{"@id":"https:\/\/portaltela.pt\/noticias\/2026\/02\/28\/guadiana-segue-ate-a-foz-sem-identificar-danos-causados-por-inundacoes\/#primaryimage"},"thumbnailUrl":"https:\/\/portaltela.pt\/s.01k8rhncp4jt1\/2026\/02\/CACHE_780X1200_ANALOG_WATERMARKED_46639907_2698442_27022026040221.jpg","datePublished":"2026-02-28T05:01:00+00:00","author":{"@id":"https:\/\/portaltela.pt\/#\/schema\/person\/c4278d4a6028830caff9ee44b42d32ed"},"breadcrumb":{"@id":"https:\/\/portaltela.pt\/noticias\/2026\/02\/28\/guadiana-segue-ate-a-foz-sem-identificar-danos-causados-por-inundacoes\/#breadcrumb"},"inLanguage":"pt-PT","potentialAction":[{"@type":"ReadAction","target":["https:\/\/portaltela.pt\/noticias\/2026\/02\/28\/guadiana-segue-ate-a-foz-sem-identificar-danos-causados-por-inundacoes\/"]}]},{"@type":"ImageObject","inLanguage":"pt-PT","@id":"https:\/\/portaltela.pt\/noticias\/2026\/02\/28\/guadiana-segue-ate-a-foz-sem-identificar-danos-causados-por-inundacoes\/#primaryimage","url":"https:\/\/portaltela.pt\/s.01k8rhncp4jt1\/2026\/02\/CACHE_780X1200_ANALOG_WATERMARKED_46639907_2698442_27022026040221.jpg","contentUrl":"https:\/\/portaltela.pt\/s.01k8rhncp4jt1\/2026\/02\/CACHE_780X1200_ANALOG_WATERMARKED_46639907_2698442_27022026040221.jpg","width":796,"height":448,"caption":"Guadiana segue at\u00e9 foz sem se perceber danos causados por inunda\u00e7\u00f5es"},{"@type":"BreadcrumbList","@id":"https:\/\/portaltela.pt\/noticias\/2026\/02\/28\/guadiana-segue-ate-a-foz-sem-identificar-danos-causados-por-inundacoes\/#breadcrumb","itemListElement":[{"@type":"ListItem","position":1,"name":"In\u00edcio","item":"https:\/\/portaltela.pt\/"},{"@type":"ListItem","position":2,"name":"Guadiana segue at\u00e9 \u00e0 foz sem identificar danos causados por inunda\u00e7\u00f5es"}]},{"@type":"WebSite","@id":"https:\/\/portaltela.pt\/#website","url":"https:\/\/portaltela.pt\/","name":"Portal Tela Portugal","description":"","potentialAction":[{"@type":"SearchAction","target":{"@type":"EntryPoint","urlTemplate":"https:\/\/portaltela.pt\/?s={search_term_string}"},"query-input":{"@type":"PropertyValueSpecification","valueRequired":true,"valueName":"search_term_string"}}],"inLanguage":"pt-PT"},{"@type":"Person","@id":"https:\/\/portaltela.pt\/#\/schema\/person\/c4278d4a6028830caff9ee44b42d32ed","name":"Telinha","image":{"@type":"ImageObject","inLanguage":"pt-PT","@id":"https:\/\/portaltela.pt\/s.01k8rhncp4jt1\/2025\/11\/talking-bot-125x125.png","url":"https:\/\/portaltela.pt\/s.01k8rhncp4jt1\/2025\/11\/talking-bot-125x125.png","contentUrl":"https:\/\/portaltela.pt\/s.01k8rhncp4jt1\/2025\/11\/talking-bot-125x125.png","caption":"Telinha"},"sameAs":["https:\/\/portaltela.pt\/"],"url":"https:\/\/portaltela.pt\/por\/367410592786\/"}]}},"_links":{"self":[{"href":"https:\/\/portaltela.pt\/api\/wp\/v2\/posts\/391753","targetHints":{"allow":["GET"]}}],"collection":[{"href":"https:\/\/portaltela.pt\/api\/wp\/v2\/posts"}],"about":[{"href":"https:\/\/portaltela.pt\/api\/wp\/v2\/types\/post"}],"author":[{"embeddable":true,"href":"https:\/\/portaltela.pt\/api\/wp\/v2\/users\/2"}],"replies":[{"embeddable":true,"href":"https:\/\/portaltela.pt\/api\/wp\/v2\/comments?post=391753"}],"version-history":[{"count":0,"href":"https:\/\/portaltela.pt\/api\/wp\/v2\/posts\/391753\/revisions"}],"wp:featuredmedia":[{"embeddable":true,"href":"https:\/\/portaltela.pt\/api\/wp\/v2\/media\/391754"}],"wp:attachment":[{"href":"https:\/\/portaltela.pt\/api\/wp\/v2\/media?parent=391753"}],"wp:term":[{"taxonomy":"category","embeddable":true,"href":"https:\/\/portaltela.pt\/api\/wp\/v2\/categories?post=391753"},{"taxonomy":"post_tag","embeddable":true,"href":"https:\/\/portaltela.pt\/api\/wp\/v2\/tags?post=391753"}],"curies":[{"name":"wp","href":"https:\/\/api.w.org\/{rel}","templated":true}]}}