{"id":391721,"date":"2026-02-27T22:30:00","date_gmt":"2026-02-28T01:30:00","guid":{"rendered":"https:\/\/portaltela.pt\/noticias\/2026\/02\/27\/pais-perde-26-da-agua-antes-de-chegar-aos-consumidores\/"},"modified":"2026-02-27T22:30:00","modified_gmt":"2026-02-28T01:30:00","slug":"pais-perde-26-da-agua-antes-de-chegar-aos-consumidores","status":"publish","type":"post","link":"https:\/\/portaltela.pt\/noticias\/2026\/02\/27\/pais-perde-26-da-agua-antes-de-chegar-aos-consumidores\/","title":{"rendered":"Pa\u00eds perde 26% da \u00e1gua antes de chegar aos consumidores"},"content":{"rendered":"<p>A \u00e1gua desperdi\u00e7ada em Portugal corresponde a 26,5% do total at\u00e9 chegar \u00e0s torneiras dos consumidores, segundo o relat\u00f3rio de 2024 da Entidade Reguladora dos Servi\u00e7os de \u00c1gua e Res\u00edduos (ERSAR). O desperd\u00edcio ocorre por ruturas, fugas e avarias nas redes de distribui\u00e7\u00e3o.<\/p>\n<p>Em 2023, as perdas situaram-se em 26,9%. O valor atual sinaliza uma ligeira melhoria, mas mant\u00e9m o desafio de reduzir o desperd\u00edcio no setor. A \u00e1gua desperdi\u00e7ada seria suficiente para abastecer 2,8 milh\u00f5es de pessoas durante um ano.<\/p>\n<p>Ainda, o estudo aponta que o desperd\u00edcio poderia traduzir-se numa poupan\u00e7a de cerca de 158 milh\u00f5es de euros. Entre as 214 entidades distribuidoras, 60 registaram perdas muito elevadas, 46 apresentaram um n\u00edvel m\u00e9dio e 87 tiveram um desempenho considerado bom. Santo Tirso e Trofa registaram as menores perdas, 7,6% em cada concelho, um recorde absoluto.<\/p>\n<h3>Perdas por entidade e perspetivas<\/h3>\n<p>As \u00e1reas urbanas apresentam, em conjunto, maior incid\u00eancia de fugas, enquanto zonas rurais mant\u00eam desafios semelhantes aos anteriores ciclos de avalia\u00e7\u00e3o. A ERSAR indica necessidade de refor\u00e7ar redes, monitoriza\u00e7\u00e3o e investimento em infraestruturas para reduzir perdas e melhorar a efici\u00eancia h\u00eddrica a m\u00e9dio prazo. A entidade mant\u00e9m o acompanhamento das metas regionais para 2025.<\/p>\n","protected":false},"excerpt":{"rendered":"<ul>\n<li>Portugal perde 26,5% da \u00e1gua antes de chegar \u00e0s torneiras, devido a ruturas, fugas ou avarias.<\/li>\n<li>Em 2023, as perdas foram de 26,9%.<\/li>\n<li>A \u00e1gua desperdi\u00e7ada permitiria abastecer cerca de 2,8 milh\u00f5es de habitantes por ano e poupar cerca de \u20ac 158 milh\u00f5es.<\/li>\n<li>Das 214 entidades distribuidoras, 60 apresentam perdas muito elevadas, 46 n\u00edvel m\u00e9dio e 87 bom desempenho.<\/li>\n<li>Santo Tirso e Trofa registaram as perdas mais baixas, em 7,6% cada, um recorde absoluto.<\/li>\n<\/ul>\n","protected":false},"author":2,"featured_media":391731,"comment_status":"closed","ping_status":"closed","sticky":false,"template":"","format":"standard","meta":{"footnotes":""},"categories":[1],"tags":[1503,1090,167,5585,1146,3164],"class_list":["post-391721","post","type-post","status-publish","format-standard","has-post-thumbnail","hentry","category-noticias","tag-abastecimento-de-agua","tag-agua","tag-ambiente","tag-desperdicios","tag-santo-tirso","tag-trofa"],"yoast_head":"<!-- This site is optimized with the Yoast SEO plugin v27.2 - https:\/\/yoast.com\/product\/yoast-seo-wordpress\/ -->\n<title>Pa\u00eds perde 26% da \u00e1gua antes de chegar aos consumidores - Portal Tela Portugal<\/title>\n<meta name=\"robots\" content=\"index, follow, max-snippet:-1, max-image-preview:large, max-video-preview:-1\" \/>\n<meta property=\"og:locale\" content=\"pt_PT\" \/>\n<meta property=\"og:type\" content=\"article\" \/>\n<meta property=\"og:title\" content=\"Pa\u00eds perde 26% da \u00e1gua antes de chegar aos consumidores - Portal Tela Portugal\" \/>\n<meta property=\"og:description\" content=\"Portugal perde 26,5% da \u00e1gua antes de chegar \u00e0s torneiras, devido a ruturas, fugas ou avarias. Em 2023, as perdas foram de 26,9%. A \u00e1gua desperdi\u00e7ada permitiria abastecer cerca de 2,8 milh\u00f5es de habitantes por ano e poupar cerca de \u20ac 158 milh\u00f5es. Das 214 entidades distribuidoras, 60 apresentam perdas muito elevadas, 46 n\u00edvel m\u00e9dio e 87 bom desempenho. Santo Tirso e Trofa registaram as perdas mais baixas, em 7,6% cada, um recorde absoluto.\" \/>\n<meta property=\"og:url\" content=\"https:\/\/portaltela.pt\/noticias\/2026\/02\/27\/pais-perde-26-da-agua-antes-de-chegar-aos-consumidores\/\" \/>\n<meta property=\"og:site_name\" content=\"Portal Tela Portugal\" \/>\n<meta property=\"article:published_time\" content=\"2026-02-28T01:30:00+00:00\" \/>\n<meta name=\"author\" content=\"Telinha\" \/>\n<meta name=\"twitter:card\" content=\"summary_large_image\" \/>\n<meta name=\"twitter:label1\" content=\"Escrito por\" \/>\n\t<meta name=\"twitter:data1\" content=\"Telinha\" \/>\n\t<meta name=\"twitter:label2\" content=\"Tempo estimado de leitura\" \/>\n\t<meta name=\"twitter:data2\" content=\"1 minuto\" \/>\n<script type=\"application\/ld+json\" class=\"yoast-schema-graph\">{\"@context\":\"https:\/\/schema.org\",\"@graph\":[{\"@type\":\"Article\",\"@id\":\"https:\/\/portaltela.pt\/noticias\/2026\/02\/27\/pais-perde-26-da-agua-antes-de-chegar-aos-consumidores\/#article\",\"isPartOf\":{\"@id\":\"https:\/\/portaltela.pt\/noticias\/2026\/02\/27\/pais-perde-26-da-agua-antes-de-chegar-aos-consumidores\/\"},\"author\":{\"name\":\"Telinha\",\"@id\":\"https:\/\/portaltela.pt\/#\/schema\/person\/c4278d4a6028830caff9ee44b42d32ed\"},\"headline\":\"Pa\u00eds perde 26% da \u00e1gua antes de chegar aos consumidores\",\"datePublished\":\"2026-02-28T01:30:00+00:00\",\"mainEntityOfPage\":{\"@id\":\"https:\/\/portaltela.pt\/noticias\/2026\/02\/27\/pais-perde-26-da-agua-antes-de-chegar-aos-consumidores\/\"},\"wordCount\":217,\"image\":{\"@id\":\"https:\/\/portaltela.pt\/noticias\/2026\/02\/27\/pais-perde-26-da-agua-antes-de-chegar-aos-consumidores\/#primaryimage\"},\"thumbnailUrl\":\"https:\/\/portaltela.pt\/s.01k8rhncp4jt1\/2026\/02\/img_1500x1000uu2020-12-04-18-14-30-995820-4.jpg\",\"keywords\":[\"abastecimento de \u00e1gua\",\"\u00e1gua\",\"ambiente\",\"desperd\u00edcios\",\"Santo Tirso\",\"Trofa\"],\"articleSection\":[\"Not\u00edcias\"],\"inLanguage\":\"pt-PT\"},{\"@type\":\"WebPage\",\"@id\":\"https:\/\/portaltela.pt\/noticias\/2026\/02\/27\/pais-perde-26-da-agua-antes-de-chegar-aos-consumidores\/\",\"url\":\"https:\/\/portaltela.pt\/noticias\/2026\/02\/27\/pais-perde-26-da-agua-antes-de-chegar-aos-consumidores\/\",\"name\":\"Pa\u00eds perde 26% da \u00e1gua antes de chegar aos consumidores - Portal Tela Portugal\",\"isPartOf\":{\"@id\":\"https:\/\/portaltela.pt\/#website\"},\"primaryImageOfPage\":{\"@id\":\"https:\/\/portaltela.pt\/noticias\/2026\/02\/27\/pais-perde-26-da-agua-antes-de-chegar-aos-consumidores\/#primaryimage\"},\"image\":{\"@id\":\"https:\/\/portaltela.pt\/noticias\/2026\/02\/27\/pais-perde-26-da-agua-antes-de-chegar-aos-consumidores\/#primaryimage\"},\"thumbnailUrl\":\"https:\/\/portaltela.pt\/s.01k8rhncp4jt1\/2026\/02\/img_1500x1000uu2020-12-04-18-14-30-995820-4.jpg\",\"datePublished\":\"2026-02-28T01:30:00+00:00\",\"author\":{\"@id\":\"https:\/\/portaltela.pt\/#\/schema\/person\/c4278d4a6028830caff9ee44b42d32ed\"},\"breadcrumb\":{\"@id\":\"https:\/\/portaltela.pt\/noticias\/2026\/02\/27\/pais-perde-26-da-agua-antes-de-chegar-aos-consumidores\/#breadcrumb\"},\"inLanguage\":\"pt-PT\",\"potentialAction\":[{\"@type\":\"ReadAction\",\"target\":[\"https:\/\/portaltela.pt\/noticias\/2026\/02\/27\/pais-perde-26-da-agua-antes-de-chegar-aos-consumidores\/\"]}]},{\"@type\":\"ImageObject\",\"inLanguage\":\"pt-PT\",\"@id\":\"https:\/\/portaltela.pt\/noticias\/2026\/02\/27\/pais-perde-26-da-agua-antes-de-chegar-aos-consumidores\/#primaryimage\",\"url\":\"https:\/\/portaltela.pt\/s.01k8rhncp4jt1\/2026\/02\/img_1500x1000uu2020-12-04-18-14-30-995820-4.jpg\",\"contentUrl\":\"https:\/\/portaltela.pt\/s.01k8rhncp4jt1\/2026\/02\/img_1500x1000uu2020-12-04-18-14-30-995820-4.jpg\",\"width\":796,\"height\":448,\"caption\":\"\u00c1gua da torneira\"},{\"@type\":\"BreadcrumbList\",\"@id\":\"https:\/\/portaltela.pt\/noticias\/2026\/02\/27\/pais-perde-26-da-agua-antes-de-chegar-aos-consumidores\/#breadcrumb\",\"itemListElement\":[{\"@type\":\"ListItem\",\"position\":1,\"name\":\"In\u00edcio\",\"item\":\"https:\/\/portaltela.pt\/\"},{\"@type\":\"ListItem\",\"position\":2,\"name\":\"Pa\u00eds perde 26% da \u00e1gua antes de chegar aos consumidores\"}]},{\"@type\":\"WebSite\",\"@id\":\"https:\/\/portaltela.pt\/#website\",\"url\":\"https:\/\/portaltela.pt\/\",\"name\":\"Portal Tela Portugal\",\"description\":\"\",\"potentialAction\":[{\"@type\":\"SearchAction\",\"target\":{\"@type\":\"EntryPoint\",\"urlTemplate\":\"https:\/\/portaltela.pt\/?s={search_term_string}\"},\"query-input\":{\"@type\":\"PropertyValueSpecification\",\"valueRequired\":true,\"valueName\":\"search_term_string\"}}],\"inLanguage\":\"pt-PT\"},{\"@type\":\"Person\",\"@id\":\"https:\/\/portaltela.pt\/#\/schema\/person\/c4278d4a6028830caff9ee44b42d32ed\",\"name\":\"Telinha\",\"image\":{\"@type\":\"ImageObject\",\"inLanguage\":\"pt-PT\",\"@id\":\"https:\/\/portaltela.pt\/s.01k8rhncp4jt1\/2025\/11\/talking-bot-125x125.png\",\"url\":\"https:\/\/portaltela.pt\/s.01k8rhncp4jt1\/2025\/11\/talking-bot-125x125.png\",\"contentUrl\":\"https:\/\/portaltela.pt\/s.01k8rhncp4jt1\/2025\/11\/talking-bot-125x125.png\",\"caption\":\"Telinha\"},\"sameAs\":[\"https:\/\/portaltela.pt\/\"],\"url\":\"https:\/\/portaltela.pt\/por\/367410592786\/\"}]}<\/script>\n<!-- \/ Yoast SEO plugin. -->","yoast_head_json":{"title":"Pa\u00eds perde 26% da \u00e1gua antes de chegar aos consumidores - Portal Tela Portugal","robots":{"index":"index","follow":"follow","max-snippet":"max-snippet:-1","max-image-preview":"max-image-preview:large","max-video-preview":"max-video-preview:-1"},"og_locale":"pt_PT","og_type":"article","og_title":"Pa\u00eds perde 26% da \u00e1gua antes de chegar aos consumidores - Portal Tela Portugal","og_description":"Portugal perde 26,5% da \u00e1gua antes de chegar \u00e0s torneiras, devido a ruturas, fugas ou avarias. Em 2023, as perdas foram de 26,9%. A \u00e1gua desperdi\u00e7ada permitiria abastecer cerca de 2,8 milh\u00f5es de habitantes por ano e poupar cerca de \u20ac 158 milh\u00f5es. Das 214 entidades distribuidoras, 60 apresentam perdas muito elevadas, 46 n\u00edvel m\u00e9dio e 87 bom desempenho. Santo Tirso e Trofa registaram as perdas mais baixas, em 7,6% cada, um recorde absoluto.","og_url":"https:\/\/portaltela.pt\/noticias\/2026\/02\/27\/pais-perde-26-da-agua-antes-de-chegar-aos-consumidores\/","og_site_name":"Portal Tela Portugal","article_published_time":"2026-02-28T01:30:00+00:00","author":"Telinha","twitter_card":"summary_large_image","twitter_misc":{"Escrito por":"Telinha","Tempo estimado de leitura":"1 minuto"},"schema":{"@context":"https:\/\/schema.org","@graph":[{"@type":"Article","@id":"https:\/\/portaltela.pt\/noticias\/2026\/02\/27\/pais-perde-26-da-agua-antes-de-chegar-aos-consumidores\/#article","isPartOf":{"@id":"https:\/\/portaltela.pt\/noticias\/2026\/02\/27\/pais-perde-26-da-agua-antes-de-chegar-aos-consumidores\/"},"author":{"name":"Telinha","@id":"https:\/\/portaltela.pt\/#\/schema\/person\/c4278d4a6028830caff9ee44b42d32ed"},"headline":"Pa\u00eds perde 26% da \u00e1gua antes de chegar aos consumidores","datePublished":"2026-02-28T01:30:00+00:00","mainEntityOfPage":{"@id":"https:\/\/portaltela.pt\/noticias\/2026\/02\/27\/pais-perde-26-da-agua-antes-de-chegar-aos-consumidores\/"},"wordCount":217,"image":{"@id":"https:\/\/portaltela.pt\/noticias\/2026\/02\/27\/pais-perde-26-da-agua-antes-de-chegar-aos-consumidores\/#primaryimage"},"thumbnailUrl":"https:\/\/portaltela.pt\/s.01k8rhncp4jt1\/2026\/02\/img_1500x1000uu2020-12-04-18-14-30-995820-4.jpg","keywords":["abastecimento de \u00e1gua","\u00e1gua","ambiente","desperd\u00edcios","Santo Tirso","Trofa"],"articleSection":["Not\u00edcias"],"inLanguage":"pt-PT"},{"@type":"WebPage","@id":"https:\/\/portaltela.pt\/noticias\/2026\/02\/27\/pais-perde-26-da-agua-antes-de-chegar-aos-consumidores\/","url":"https:\/\/portaltela.pt\/noticias\/2026\/02\/27\/pais-perde-26-da-agua-antes-de-chegar-aos-consumidores\/","name":"Pa\u00eds perde 26% da \u00e1gua antes de chegar aos consumidores - Portal Tela Portugal","isPartOf":{"@id":"https:\/\/portaltela.pt\/#website"},"primaryImageOfPage":{"@id":"https:\/\/portaltela.pt\/noticias\/2026\/02\/27\/pais-perde-26-da-agua-antes-de-chegar-aos-consumidores\/#primaryimage"},"image":{"@id":"https:\/\/portaltela.pt\/noticias\/2026\/02\/27\/pais-perde-26-da-agua-antes-de-chegar-aos-consumidores\/#primaryimage"},"thumbnailUrl":"https:\/\/portaltela.pt\/s.01k8rhncp4jt1\/2026\/02\/img_1500x1000uu2020-12-04-18-14-30-995820-4.jpg","datePublished":"2026-02-28T01:30:00+00:00","author":{"@id":"https:\/\/portaltela.pt\/#\/schema\/person\/c4278d4a6028830caff9ee44b42d32ed"},"breadcrumb":{"@id":"https:\/\/portaltela.pt\/noticias\/2026\/02\/27\/pais-perde-26-da-agua-antes-de-chegar-aos-consumidores\/#breadcrumb"},"inLanguage":"pt-PT","potentialAction":[{"@type":"ReadAction","target":["https:\/\/portaltela.pt\/noticias\/2026\/02\/27\/pais-perde-26-da-agua-antes-de-chegar-aos-consumidores\/"]}]},{"@type":"ImageObject","inLanguage":"pt-PT","@id":"https:\/\/portaltela.pt\/noticias\/2026\/02\/27\/pais-perde-26-da-agua-antes-de-chegar-aos-consumidores\/#primaryimage","url":"https:\/\/portaltela.pt\/s.01k8rhncp4jt1\/2026\/02\/img_1500x1000uu2020-12-04-18-14-30-995820-4.jpg","contentUrl":"https:\/\/portaltela.pt\/s.01k8rhncp4jt1\/2026\/02\/img_1500x1000uu2020-12-04-18-14-30-995820-4.jpg","width":796,"height":448,"caption":"\u00c1gua da torneira"},{"@type":"BreadcrumbList","@id":"https:\/\/portaltela.pt\/noticias\/2026\/02\/27\/pais-perde-26-da-agua-antes-de-chegar-aos-consumidores\/#breadcrumb","itemListElement":[{"@type":"ListItem","position":1,"name":"In\u00edcio","item":"https:\/\/portaltela.pt\/"},{"@type":"ListItem","position":2,"name":"Pa\u00eds perde 26% da \u00e1gua antes de chegar aos consumidores"}]},{"@type":"WebSite","@id":"https:\/\/portaltela.pt\/#website","url":"https:\/\/portaltela.pt\/","name":"Portal Tela Portugal","description":"","potentialAction":[{"@type":"SearchAction","target":{"@type":"EntryPoint","urlTemplate":"https:\/\/portaltela.pt\/?s={search_term_string}"},"query-input":{"@type":"PropertyValueSpecification","valueRequired":true,"valueName":"search_term_string"}}],"inLanguage":"pt-PT"},{"@type":"Person","@id":"https:\/\/portaltela.pt\/#\/schema\/person\/c4278d4a6028830caff9ee44b42d32ed","name":"Telinha","image":{"@type":"ImageObject","inLanguage":"pt-PT","@id":"https:\/\/portaltela.pt\/s.01k8rhncp4jt1\/2025\/11\/talking-bot-125x125.png","url":"https:\/\/portaltela.pt\/s.01k8rhncp4jt1\/2025\/11\/talking-bot-125x125.png","contentUrl":"https:\/\/portaltela.pt\/s.01k8rhncp4jt1\/2025\/11\/talking-bot-125x125.png","caption":"Telinha"},"sameAs":["https:\/\/portaltela.pt\/"],"url":"https:\/\/portaltela.pt\/por\/367410592786\/"}]}},"_links":{"self":[{"href":"https:\/\/portaltela.pt\/api\/wp\/v2\/posts\/391721","targetHints":{"allow":["GET"]}}],"collection":[{"href":"https:\/\/portaltela.pt\/api\/wp\/v2\/posts"}],"about":[{"href":"https:\/\/portaltela.pt\/api\/wp\/v2\/types\/post"}],"author":[{"embeddable":true,"href":"https:\/\/portaltela.pt\/api\/wp\/v2\/users\/2"}],"replies":[{"embeddable":true,"href":"https:\/\/portaltela.pt\/api\/wp\/v2\/comments?post=391721"}],"version-history":[{"count":0,"href":"https:\/\/portaltela.pt\/api\/wp\/v2\/posts\/391721\/revisions"}],"wp:featuredmedia":[{"embeddable":true,"href":"https:\/\/portaltela.pt\/api\/wp\/v2\/media\/391731"}],"wp:attachment":[{"href":"https:\/\/portaltela.pt\/api\/wp\/v2\/media?parent=391721"}],"wp:term":[{"taxonomy":"category","embeddable":true,"href":"https:\/\/portaltela.pt\/api\/wp\/v2\/categories?post=391721"},{"taxonomy":"post_tag","embeddable":true,"href":"https:\/\/portaltela.pt\/api\/wp\/v2\/tags?post=391721"}],"curies":[{"name":"wp","href":"https:\/\/api.w.org\/{rel}","templated":true}]}}