{"id":391700,"date":"2026-02-27T21:08:00","date_gmt":"2026-02-28T00:08:00","guid":{"rendered":"https:\/\/portaltela.pt\/noticias\/2026\/02\/27\/morreu-o-cantor-e-compositor-neil-sedaka\/"},"modified":"2026-02-27T21:08:00","modified_gmt":"2026-02-28T00:08:00","slug":"morreu-o-cantor-e-compositor-neil-sedaka","status":"publish","type":"post","link":"https:\/\/portaltela.pt\/noticias\/2026\/02\/27\/morreu-o-cantor-e-compositor-neil-sedaka\/","title":{"rendered":"Morreu o cantor e compositor Neil Sedaka"},"content":{"rendered":"<p>Neil Sedaka morreu na sexta-feira, 27 de Fevereiro, aos 86 anos. O m\u00fasico nasceu a 13 de Mar\u00e7o de 1939, em Brooklyn, Nova Iorque. A fam\u00edlia confirmou o falecimento e descreveu-o como uma refer\u00eancia do rock\u2019n\u2019roll e um av\u00f4 carinhoso.<\/p>\n<p>Figura central do Brill Building, Sedaka escreveu temas que marcaram os fins dos anos 1950 e in\u00edcio dos 1960, em parceria com Howard Greenfield. Entre os \u00eaxitos est\u00e3o Happy Birthday Sweet Sixteen, Calendar Girl e Oh! Carol.<\/p>\n<p>Ap\u00f3s um per\u00edodo de menor visibilidade, o artista voltou aos holofotes com Laughter in the Rain e Bad Blood. Love Will Keep Us Together, da Captain &amp; Tennille, alcan\u00e7ou o topo em 1975, dando nova popularidade a Sedaka.<\/p>\n<h3>Carreira e Legado<\/h3>\n<p>Sedaka formou-se na Juilliard e iniciou a carreira na adolesc\u00eancia, mantendo uma agenda intensa ao longo de d\u00e9cadas. Faleceu com uma voz que atravessou v\u00e1rias d\u00e9cadas, mantendo-se ativa ap\u00f3s os 70 anos.<\/p>\n<p>As can\u00e7\u00f5es de Sedaka venderam milh\u00f5es de c\u00f3pias e foram interpretadas por nomes como Elvis Presley e Frank Sinatra. A sua produ\u00e7\u00e3o ajudou a lan\u00e7ar carreiras, incluindo a de Connie Francis com Stupid Cupid.<\/p>\n","protected":false},"excerpt":{"rendered":"<ul>\n<li>Neil Sedaka, cantor e compositor de \u00eaxitos que marcaram o in\u00edcio do rock&#8217;n&#8217;roll, morreu na sexta-feira, 27 de Fevereiro, aos 86 anos.<\/li>\n<li>Nascido em Brooklyn a 13 de Mar\u00e7o de 1939, Sedaka formou-se na Juilliard e iniciou a carreira ainda na adolesc\u00eancia.<\/li>\n<li>Foi pe\u00e7a-chave do Brill Building, colaborando com Howard Greenfield em temas como Happy Birthday Sweet Sixteen, Calendar Girl e Oh! Carol.<\/li>\n<li>Teve um ressurgimento nos anos setenta com Laughter in the Rain e Bad Blood, e Love Will Keep Us Together atingiu o topo das tabelas em 1975.<\/li>\n<li>A fam\u00edlia emitiu um comunicado expressando devasta\u00e7\u00e3o e lembrando-o como uma lenda do rock&#8217;n&#8217;roll e um ser humano incr\u00edvel.<\/li>\n<\/ul>\n","protected":false},"author":2,"featured_media":391706,"comment_status":"closed","ping_status":"closed","sticky":false,"template":"","format":"standard","meta":{"footnotes":""},"categories":[12,1],"tags":[5064,6163,593,122,3039],"class_list":["post-391700","post","type-post","status-publish","format-standard","has-post-thumbnail","hentry","category-entretenimento","category-noticias","tag-artistas-internacionais","tag-cantores","tag-concertos","tag-musica","tag-musica-teatro-concertos"],"yoast_head":"<!-- This site is optimized with the Yoast SEO plugin v27.2 - https:\/\/yoast.com\/product\/yoast-seo-wordpress\/ -->\n<title>Morreu o cantor e compositor Neil Sedaka - Portal Tela Portugal<\/title>\n<meta name=\"robots\" content=\"index, follow, max-snippet:-1, max-image-preview:large, max-video-preview:-1\" \/>\n<meta property=\"og:locale\" content=\"pt_PT\" \/>\n<meta property=\"og:type\" content=\"article\" \/>\n<meta property=\"og:title\" content=\"Morreu o cantor e compositor Neil Sedaka - Portal Tela Portugal\" \/>\n<meta property=\"og:description\" content=\"Neil Sedaka, cantor e compositor de \u00eaxitos que marcaram o in\u00edcio do rock&#039;n&#039;roll, morreu na sexta-feira, 27 de Fevereiro, aos 86 anos. Nascido em Brooklyn a 13 de Mar\u00e7o de 1939, Sedaka formou-se na Juilliard e iniciou a carreira ainda na adolesc\u00eancia. Foi pe\u00e7a-chave do Brill Building, colaborando com Howard Greenfield em temas como Happy Birthday Sweet Sixteen, Calendar Girl e Oh! Carol. Teve um ressurgimento nos anos setenta com Laughter in the Rain e Bad Blood, e Love Will Keep Us Together atingiu o topo das tabelas em 1975. A fam\u00edlia emitiu um comunicado expressando devasta\u00e7\u00e3o e lembrando-o como uma lenda do rock&#039;n&#039;roll e um ser humano incr\u00edvel.\" \/>\n<meta property=\"og:url\" content=\"https:\/\/portaltela.pt\/noticias\/2026\/02\/27\/morreu-o-cantor-e-compositor-neil-sedaka\/\" \/>\n<meta property=\"og:site_name\" content=\"Portal Tela Portugal\" \/>\n<meta property=\"article:published_time\" content=\"2026-02-28T00:08:00+00:00\" \/>\n<meta name=\"author\" content=\"Telinha\" \/>\n<meta name=\"twitter:card\" content=\"summary_large_image\" \/>\n<meta name=\"twitter:label1\" content=\"Escrito por\" \/>\n\t<meta name=\"twitter:data1\" content=\"Telinha\" \/>\n\t<meta name=\"twitter:label2\" content=\"Tempo estimado de leitura\" \/>\n\t<meta name=\"twitter:data2\" content=\"1 minuto\" \/>\n<script type=\"application\/ld+json\" class=\"yoast-schema-graph\">{\"@context\":\"https:\/\/schema.org\",\"@graph\":[{\"@type\":\"Article\",\"@id\":\"https:\/\/portaltela.pt\/noticias\/2026\/02\/27\/morreu-o-cantor-e-compositor-neil-sedaka\/#article\",\"isPartOf\":{\"@id\":\"https:\/\/portaltela.pt\/noticias\/2026\/02\/27\/morreu-o-cantor-e-compositor-neil-sedaka\/\"},\"author\":{\"name\":\"Telinha\",\"@id\":\"https:\/\/portaltela.pt\/#\/schema\/person\/c4278d4a6028830caff9ee44b42d32ed\"},\"headline\":\"Morreu o cantor e compositor Neil Sedaka\",\"datePublished\":\"2026-02-28T00:08:00+00:00\",\"mainEntityOfPage\":{\"@id\":\"https:\/\/portaltela.pt\/noticias\/2026\/02\/27\/morreu-o-cantor-e-compositor-neil-sedaka\/\"},\"wordCount\":204,\"image\":{\"@id\":\"https:\/\/portaltela.pt\/noticias\/2026\/02\/27\/morreu-o-cantor-e-compositor-neil-sedaka\/#primaryimage\"},\"thumbnailUrl\":\"https:\/\/portaltela.pt\/s.01k8rhncp4jt1\/2026\/02\/tpUHdbIMAGENStypeJPGshare1oBarraFacebook_Ipsilon-3.jpg\",\"keywords\":[\"artistas internacionais\",\"cantores\",\"concertos\",\"m\u00fasica\",\"m\u00fasica\/teatro\/concertos\"],\"articleSection\":[\"Entretenimento\",\"Not\u00edcias\"],\"inLanguage\":\"pt-PT\"},{\"@type\":\"WebPage\",\"@id\":\"https:\/\/portaltela.pt\/noticias\/2026\/02\/27\/morreu-o-cantor-e-compositor-neil-sedaka\/\",\"url\":\"https:\/\/portaltela.pt\/noticias\/2026\/02\/27\/morreu-o-cantor-e-compositor-neil-sedaka\/\",\"name\":\"Morreu o cantor e compositor Neil Sedaka - Portal Tela Portugal\",\"isPartOf\":{\"@id\":\"https:\/\/portaltela.pt\/#website\"},\"primaryImageOfPage\":{\"@id\":\"https:\/\/portaltela.pt\/noticias\/2026\/02\/27\/morreu-o-cantor-e-compositor-neil-sedaka\/#primaryimage\"},\"image\":{\"@id\":\"https:\/\/portaltela.pt\/noticias\/2026\/02\/27\/morreu-o-cantor-e-compositor-neil-sedaka\/#primaryimage\"},\"thumbnailUrl\":\"https:\/\/portaltela.pt\/s.01k8rhncp4jt1\/2026\/02\/tpUHdbIMAGENStypeJPGshare1oBarraFacebook_Ipsilon-3.jpg\",\"datePublished\":\"2026-02-28T00:08:00+00:00\",\"author\":{\"@id\":\"https:\/\/portaltela.pt\/#\/schema\/person\/c4278d4a6028830caff9ee44b42d32ed\"},\"breadcrumb\":{\"@id\":\"https:\/\/portaltela.pt\/noticias\/2026\/02\/27\/morreu-o-cantor-e-compositor-neil-sedaka\/#breadcrumb\"},\"inLanguage\":\"pt-PT\",\"potentialAction\":[{\"@type\":\"ReadAction\",\"target\":[\"https:\/\/portaltela.pt\/noticias\/2026\/02\/27\/morreu-o-cantor-e-compositor-neil-sedaka\/\"]}]},{\"@type\":\"ImageObject\",\"inLanguage\":\"pt-PT\",\"@id\":\"https:\/\/portaltela.pt\/noticias\/2026\/02\/27\/morreu-o-cantor-e-compositor-neil-sedaka\/#primaryimage\",\"url\":\"https:\/\/portaltela.pt\/s.01k8rhncp4jt1\/2026\/02\/tpUHdbIMAGENStypeJPGshare1oBarraFacebook_Ipsilon-3.jpg\",\"contentUrl\":\"https:\/\/portaltela.pt\/s.01k8rhncp4jt1\/2026\/02\/tpUHdbIMAGENStypeJPGshare1oBarraFacebook_Ipsilon-3.jpg\",\"width\":1200,\"height\":630,\"caption\":\"Neil Sedaka em 1960\"},{\"@type\":\"BreadcrumbList\",\"@id\":\"https:\/\/portaltela.pt\/noticias\/2026\/02\/27\/morreu-o-cantor-e-compositor-neil-sedaka\/#breadcrumb\",\"itemListElement\":[{\"@type\":\"ListItem\",\"position\":1,\"name\":\"In\u00edcio\",\"item\":\"https:\/\/portaltela.pt\/\"},{\"@type\":\"ListItem\",\"position\":2,\"name\":\"Morreu o cantor e compositor Neil Sedaka\"}]},{\"@type\":\"WebSite\",\"@id\":\"https:\/\/portaltela.pt\/#website\",\"url\":\"https:\/\/portaltela.pt\/\",\"name\":\"Portal Tela Portugal\",\"description\":\"\",\"potentialAction\":[{\"@type\":\"SearchAction\",\"target\":{\"@type\":\"EntryPoint\",\"urlTemplate\":\"https:\/\/portaltela.pt\/?s={search_term_string}\"},\"query-input\":{\"@type\":\"PropertyValueSpecification\",\"valueRequired\":true,\"valueName\":\"search_term_string\"}}],\"inLanguage\":\"pt-PT\"},{\"@type\":\"Person\",\"@id\":\"https:\/\/portaltela.pt\/#\/schema\/person\/c4278d4a6028830caff9ee44b42d32ed\",\"name\":\"Telinha\",\"image\":{\"@type\":\"ImageObject\",\"inLanguage\":\"pt-PT\",\"@id\":\"https:\/\/portaltela.pt\/s.01k8rhncp4jt1\/2025\/11\/talking-bot-125x125.png\",\"url\":\"https:\/\/portaltela.pt\/s.01k8rhncp4jt1\/2025\/11\/talking-bot-125x125.png\",\"contentUrl\":\"https:\/\/portaltela.pt\/s.01k8rhncp4jt1\/2025\/11\/talking-bot-125x125.png\",\"caption\":\"Telinha\"},\"sameAs\":[\"https:\/\/portaltela.pt\/\"],\"url\":\"https:\/\/portaltela.pt\/por\/367410592786\/\"}]}<\/script>\n<!-- \/ Yoast SEO plugin. -->","yoast_head_json":{"title":"Morreu o cantor e compositor Neil Sedaka - Portal Tela Portugal","robots":{"index":"index","follow":"follow","max-snippet":"max-snippet:-1","max-image-preview":"max-image-preview:large","max-video-preview":"max-video-preview:-1"},"og_locale":"pt_PT","og_type":"article","og_title":"Morreu o cantor e compositor Neil Sedaka - Portal Tela Portugal","og_description":"Neil Sedaka, cantor e compositor de \u00eaxitos que marcaram o in\u00edcio do rock'n'roll, morreu na sexta-feira, 27 de Fevereiro, aos 86 anos. Nascido em Brooklyn a 13 de Mar\u00e7o de 1939, Sedaka formou-se na Juilliard e iniciou a carreira ainda na adolesc\u00eancia. Foi pe\u00e7a-chave do Brill Building, colaborando com Howard Greenfield em temas como Happy Birthday Sweet Sixteen, Calendar Girl e Oh! Carol. Teve um ressurgimento nos anos setenta com Laughter in the Rain e Bad Blood, e Love Will Keep Us Together atingiu o topo das tabelas em 1975. A fam\u00edlia emitiu um comunicado expressando devasta\u00e7\u00e3o e lembrando-o como uma lenda do rock'n'roll e um ser humano incr\u00edvel.","og_url":"https:\/\/portaltela.pt\/noticias\/2026\/02\/27\/morreu-o-cantor-e-compositor-neil-sedaka\/","og_site_name":"Portal Tela Portugal","article_published_time":"2026-02-28T00:08:00+00:00","author":"Telinha","twitter_card":"summary_large_image","twitter_misc":{"Escrito por":"Telinha","Tempo estimado de leitura":"1 minuto"},"schema":{"@context":"https:\/\/schema.org","@graph":[{"@type":"Article","@id":"https:\/\/portaltela.pt\/noticias\/2026\/02\/27\/morreu-o-cantor-e-compositor-neil-sedaka\/#article","isPartOf":{"@id":"https:\/\/portaltela.pt\/noticias\/2026\/02\/27\/morreu-o-cantor-e-compositor-neil-sedaka\/"},"author":{"name":"Telinha","@id":"https:\/\/portaltela.pt\/#\/schema\/person\/c4278d4a6028830caff9ee44b42d32ed"},"headline":"Morreu o cantor e compositor Neil Sedaka","datePublished":"2026-02-28T00:08:00+00:00","mainEntityOfPage":{"@id":"https:\/\/portaltela.pt\/noticias\/2026\/02\/27\/morreu-o-cantor-e-compositor-neil-sedaka\/"},"wordCount":204,"image":{"@id":"https:\/\/portaltela.pt\/noticias\/2026\/02\/27\/morreu-o-cantor-e-compositor-neil-sedaka\/#primaryimage"},"thumbnailUrl":"https:\/\/portaltela.pt\/s.01k8rhncp4jt1\/2026\/02\/tpUHdbIMAGENStypeJPGshare1oBarraFacebook_Ipsilon-3.jpg","keywords":["artistas internacionais","cantores","concertos","m\u00fasica","m\u00fasica\/teatro\/concertos"],"articleSection":["Entretenimento","Not\u00edcias"],"inLanguage":"pt-PT"},{"@type":"WebPage","@id":"https:\/\/portaltela.pt\/noticias\/2026\/02\/27\/morreu-o-cantor-e-compositor-neil-sedaka\/","url":"https:\/\/portaltela.pt\/noticias\/2026\/02\/27\/morreu-o-cantor-e-compositor-neil-sedaka\/","name":"Morreu o cantor e compositor Neil Sedaka - Portal Tela Portugal","isPartOf":{"@id":"https:\/\/portaltela.pt\/#website"},"primaryImageOfPage":{"@id":"https:\/\/portaltela.pt\/noticias\/2026\/02\/27\/morreu-o-cantor-e-compositor-neil-sedaka\/#primaryimage"},"image":{"@id":"https:\/\/portaltela.pt\/noticias\/2026\/02\/27\/morreu-o-cantor-e-compositor-neil-sedaka\/#primaryimage"},"thumbnailUrl":"https:\/\/portaltela.pt\/s.01k8rhncp4jt1\/2026\/02\/tpUHdbIMAGENStypeJPGshare1oBarraFacebook_Ipsilon-3.jpg","datePublished":"2026-02-28T00:08:00+00:00","author":{"@id":"https:\/\/portaltela.pt\/#\/schema\/person\/c4278d4a6028830caff9ee44b42d32ed"},"breadcrumb":{"@id":"https:\/\/portaltela.pt\/noticias\/2026\/02\/27\/morreu-o-cantor-e-compositor-neil-sedaka\/#breadcrumb"},"inLanguage":"pt-PT","potentialAction":[{"@type":"ReadAction","target":["https:\/\/portaltela.pt\/noticias\/2026\/02\/27\/morreu-o-cantor-e-compositor-neil-sedaka\/"]}]},{"@type":"ImageObject","inLanguage":"pt-PT","@id":"https:\/\/portaltela.pt\/noticias\/2026\/02\/27\/morreu-o-cantor-e-compositor-neil-sedaka\/#primaryimage","url":"https:\/\/portaltela.pt\/s.01k8rhncp4jt1\/2026\/02\/tpUHdbIMAGENStypeJPGshare1oBarraFacebook_Ipsilon-3.jpg","contentUrl":"https:\/\/portaltela.pt\/s.01k8rhncp4jt1\/2026\/02\/tpUHdbIMAGENStypeJPGshare1oBarraFacebook_Ipsilon-3.jpg","width":1200,"height":630,"caption":"Neil Sedaka em 1960"},{"@type":"BreadcrumbList","@id":"https:\/\/portaltela.pt\/noticias\/2026\/02\/27\/morreu-o-cantor-e-compositor-neil-sedaka\/#breadcrumb","itemListElement":[{"@type":"ListItem","position":1,"name":"In\u00edcio","item":"https:\/\/portaltela.pt\/"},{"@type":"ListItem","position":2,"name":"Morreu o cantor e compositor Neil Sedaka"}]},{"@type":"WebSite","@id":"https:\/\/portaltela.pt\/#website","url":"https:\/\/portaltela.pt\/","name":"Portal Tela Portugal","description":"","potentialAction":[{"@type":"SearchAction","target":{"@type":"EntryPoint","urlTemplate":"https:\/\/portaltela.pt\/?s={search_term_string}"},"query-input":{"@type":"PropertyValueSpecification","valueRequired":true,"valueName":"search_term_string"}}],"inLanguage":"pt-PT"},{"@type":"Person","@id":"https:\/\/portaltela.pt\/#\/schema\/person\/c4278d4a6028830caff9ee44b42d32ed","name":"Telinha","image":{"@type":"ImageObject","inLanguage":"pt-PT","@id":"https:\/\/portaltela.pt\/s.01k8rhncp4jt1\/2025\/11\/talking-bot-125x125.png","url":"https:\/\/portaltela.pt\/s.01k8rhncp4jt1\/2025\/11\/talking-bot-125x125.png","contentUrl":"https:\/\/portaltela.pt\/s.01k8rhncp4jt1\/2025\/11\/talking-bot-125x125.png","caption":"Telinha"},"sameAs":["https:\/\/portaltela.pt\/"],"url":"https:\/\/portaltela.pt\/por\/367410592786\/"}]}},"_links":{"self":[{"href":"https:\/\/portaltela.pt\/api\/wp\/v2\/posts\/391700","targetHints":{"allow":["GET"]}}],"collection":[{"href":"https:\/\/portaltela.pt\/api\/wp\/v2\/posts"}],"about":[{"href":"https:\/\/portaltela.pt\/api\/wp\/v2\/types\/post"}],"author":[{"embeddable":true,"href":"https:\/\/portaltela.pt\/api\/wp\/v2\/users\/2"}],"replies":[{"embeddable":true,"href":"https:\/\/portaltela.pt\/api\/wp\/v2\/comments?post=391700"}],"version-history":[{"count":0,"href":"https:\/\/portaltela.pt\/api\/wp\/v2\/posts\/391700\/revisions"}],"wp:featuredmedia":[{"embeddable":true,"href":"https:\/\/portaltela.pt\/api\/wp\/v2\/media\/391706"}],"wp:attachment":[{"href":"https:\/\/portaltela.pt\/api\/wp\/v2\/media?parent=391700"}],"wp:term":[{"taxonomy":"category","embeddable":true,"href":"https:\/\/portaltela.pt\/api\/wp\/v2\/categories?post=391700"},{"taxonomy":"post_tag","embeddable":true,"href":"https:\/\/portaltela.pt\/api\/wp\/v2\/tags?post=391700"}],"curies":[{"name":"wp","href":"https:\/\/api.w.org\/{rel}","templated":true}]}}