{"id":391663,"date":"2026-02-27T21:08:58","date_gmt":"2026-02-28T00:08:58","guid":{"rendered":"https:\/\/portaltela.pt\/noticias\/2026\/02\/27\/principais-causas-de-morte-em-2024-e-2023\/"},"modified":"2026-02-27T21:08:58","modified_gmt":"2026-02-28T00:08:58","slug":"principais-causas-de-morte-em-2024-e-2023","status":"publish","type":"post","link":"https:\/\/portaltela.pt\/noticias\/2026\/02\/27\/principais-causas-de-morte-em-2024-e-2023\/","title":{"rendered":"Principais causas de morte em 2024 e 2023"},"content":{"rendered":"<p>Os acidentes vasculares cerebrais (AVC) estiveram na origem de 9.007 \u00f3bitos entre residentes no pa\u00eds, representando 7,6% do total. Esta posi\u00e7\u00e3o coloca o AVC entre as primeiras causas de mortalidade observadas no \u00faltimo ano.<\/p>\n<p>As doen\u00e7as do aparelho circulat\u00f3rio somaram 36.607 falecimentos, equivalentes a 30,8% do total nacional. Segu\u00edram-se as doen\u00e7as do aparelho respirat\u00f3rio, com 8.607 \u00f3bitos (7,2%), e as doen\u00e7as do aparelho digestivo, com 4.607 (3,9%).<\/p>\n<p>Outras causas relevantes incluem doen\u00e7as do aparelho geniturin\u00e1rio e do sistema nervoso, tamb\u00e9m com 4.607 \u00f3bitos cada uma (3,9%). O c\u00e2ncer registou 23.607 \u00f3bitos (19,8%), enquanto as doen\u00e7as infecciosas e parasit\u00e1rias aparecem com 1.607 (1,3%). No conjunto, outras causas somam 16.607 \u00f3bitos (13,9%).<\/p>\n<h3>Principais causas de morte em 2024 e 2023<\/h3>\n<p>| Causas de morte | N\u00famero de \u00f3bitos | Percentagem |<\/p>\n<p>|&#8212;&#8212;&#8212;&#8212;&#8212;&#8211;|&#8212;&#8212;&#8212;&#8212;&#8212;&#8212;|&#8212;&#8212;&#8212;&#8212;-|<\/p>\n<p>| Acidentes vasculares cerebrais (AVC) | 9.007 | 7,6% |<\/p>\n<p>| Doen\u00e7as do aparelho circulat\u00f3rio | 36.607 | 30,8% |<\/p>\n<p>| Doen\u00e7as do aparelho respirat\u00f3rio | 8.607 | 7,2% |<\/p>\n<p>| Doen\u00e7as do aparelho digestivo | 4.607 | 3,9% |<\/p>\n<p>| Doen\u00e7as do aparelho geniturin\u00e1rio | 4,607 | 3,9% |<\/p>\n<p>| Doen\u00e7as do sistema nervoso | 4.607 | 3,9% |<\/p>\n<p>| C\u00e2ncer | 23.607 | 19,8% |<\/p>\n<p>| Doen\u00e7as infecciosas e parasit\u00e1rias | 1.607 | 1,3% |<\/p>\n<p>| Outras causas | 16.607 | 13,9% |<\/p>\n","protected":false},"excerpt":{"rendered":"<ul>\n<li>Acidentes vasculares cerebrais (AVC): 9.007 \u00f3bitos, representando 7,6% do total.<\/li>\n<li>Doen\u00e7as do aparelho circulat\u00f3rio: 36.607 \u00f3bitos, correspondendo a 30,8% do total.<\/li>\n<li>C\u00e2ncer: 23.607 \u00f3bitos, equivalente a 19,8% do total.<\/li>\n<li>Doen\u00e7as do aparelho respirat\u00f3rio: 8.607 \u00f3bitos, ou 7,2% do total.<\/li>\n<li>Outras causas: 16.607 \u00f3bitos, totalizando 13,9% do total.<\/li>\n<\/ul>\n","protected":false},"author":2,"featured_media":391671,"comment_status":"closed","ping_status":"closed","sticky":false,"template":"","format":"standard","meta":{"footnotes":""},"categories":[1],"tags":[1874,6479,6481,6480,6482,6483],"class_list":["post-391663","post","type-post","status-publish","format-standard","has-post-thumbnail","hentry","category-noticias","tag-cancer","tag-doencas-do-aparelho-circulatorio","tag-doencas-do-aparelho-digestivo","tag-doencas-do-aparelho-respiratorio","tag-doencas-do-sistema-nervoso","tag-doencas-infecciosas-e-parasitarias"],"yoast_head":"<!-- This site is optimized with the Yoast SEO plugin v27.2 - https:\/\/yoast.com\/product\/yoast-seo-wordpress\/ -->\n<title>Principais causas de morte em 2024 e 2023 - Portal Tela Portugal<\/title>\n<meta name=\"robots\" content=\"index, follow, max-snippet:-1, max-image-preview:large, max-video-preview:-1\" \/>\n<meta property=\"og:locale\" content=\"pt_PT\" \/>\n<meta property=\"og:type\" content=\"article\" \/>\n<meta property=\"og:title\" content=\"Principais causas de morte em 2024 e 2023 - Portal Tela Portugal\" \/>\n<meta property=\"og:description\" content=\"Acidentes vasculares cerebrais (AVC): 9.007 \u00f3bitos, representando 7,6% do total. Doen\u00e7as do aparelho circulat\u00f3rio: 36.607 \u00f3bitos, correspondendo a 30,8% do total. C\u00e2ncer: 23.607 \u00f3bitos, equivalente a 19,8% do total. Doen\u00e7as do aparelho respirat\u00f3rio: 8.607 \u00f3bitos, ou 7,2% do total. Outras causas: 16.607 \u00f3bitos, totalizando 13,9% do total.\" \/>\n<meta property=\"og:url\" content=\"https:\/\/portaltela.pt\/noticias\/2026\/02\/27\/principais-causas-de-morte-em-2024-e-2023\/\" \/>\n<meta property=\"og:site_name\" content=\"Portal Tela Portugal\" \/>\n<meta property=\"article:published_time\" content=\"2026-02-28T00:08:58+00:00\" \/>\n<meta name=\"author\" content=\"Telinha\" \/>\n<meta name=\"twitter:card\" content=\"summary_large_image\" \/>\n<meta name=\"twitter:label1\" content=\"Escrito por\" \/>\n\t<meta name=\"twitter:data1\" content=\"Telinha\" \/>\n\t<meta name=\"twitter:label2\" content=\"Tempo estimado de leitura\" \/>\n\t<meta name=\"twitter:data2\" content=\"1 minuto\" \/>\n<script type=\"application\/ld+json\" class=\"yoast-schema-graph\">{\"@context\":\"https:\/\/schema.org\",\"@graph\":[{\"@type\":\"Article\",\"@id\":\"https:\/\/portaltela.pt\/noticias\/2026\/02\/27\/principais-causas-de-morte-em-2024-e-2023\/#article\",\"isPartOf\":{\"@id\":\"https:\/\/portaltela.pt\/noticias\/2026\/02\/27\/principais-causas-de-morte-em-2024-e-2023\/\"},\"author\":{\"name\":\"Telinha\",\"@id\":\"https:\/\/portaltela.pt\/#\/schema\/person\/c4278d4a6028830caff9ee44b42d32ed\"},\"headline\":\"Principais causas de morte em 2024 e 2023\",\"datePublished\":\"2026-02-28T00:08:58+00:00\",\"mainEntityOfPage\":{\"@id\":\"https:\/\/portaltela.pt\/noticias\/2026\/02\/27\/principais-causas-de-morte-em-2024-e-2023\/\"},\"wordCount\":173,\"image\":{\"@id\":\"https:\/\/portaltela.pt\/noticias\/2026\/02\/27\/principais-causas-de-morte-em-2024-e-2023\/#primaryimage\"},\"thumbnailUrl\":\"https:\/\/portaltela.pt\/s.01k8rhncp4jt1\/2026\/02\/img_932x621uu2026-02-28-00-08-30-2269519.jpg\",\"keywords\":[\"C\u00e2ncer\",\"Doen\u00e7as do aparelho circulat\u00f3rio\",\"Doen\u00e7as do aparelho digestivo\",\"Doen\u00e7as do aparelho respirat\u00f3rio\",\"Doen\u00e7as do sistema nervoso\",\"Doen\u00e7as infecciosas e parasit\u00e1rias\"],\"articleSection\":[\"Not\u00edcias\"],\"inLanguage\":\"pt-PT\"},{\"@type\":\"WebPage\",\"@id\":\"https:\/\/portaltela.pt\/noticias\/2026\/02\/27\/principais-causas-de-morte-em-2024-e-2023\/\",\"url\":\"https:\/\/portaltela.pt\/noticias\/2026\/02\/27\/principais-causas-de-morte-em-2024-e-2023\/\",\"name\":\"Principais causas de morte em 2024 e 2023 - Portal Tela Portugal\",\"isPartOf\":{\"@id\":\"https:\/\/portaltela.pt\/#website\"},\"primaryImageOfPage\":{\"@id\":\"https:\/\/portaltela.pt\/noticias\/2026\/02\/27\/principais-causas-de-morte-em-2024-e-2023\/#primaryimage\"},\"image\":{\"@id\":\"https:\/\/portaltela.pt\/noticias\/2026\/02\/27\/principais-causas-de-morte-em-2024-e-2023\/#primaryimage\"},\"thumbnailUrl\":\"https:\/\/portaltela.pt\/s.01k8rhncp4jt1\/2026\/02\/img_932x621uu2026-02-28-00-08-30-2269519.jpg\",\"datePublished\":\"2026-02-28T00:08:58+00:00\",\"author\":{\"@id\":\"https:\/\/portaltela.pt\/#\/schema\/person\/c4278d4a6028830caff9ee44b42d32ed\"},\"breadcrumb\":{\"@id\":\"https:\/\/portaltela.pt\/noticias\/2026\/02\/27\/principais-causas-de-morte-em-2024-e-2023\/#breadcrumb\"},\"inLanguage\":\"pt-PT\",\"potentialAction\":[{\"@type\":\"ReadAction\",\"target\":[\"https:\/\/portaltela.pt\/noticias\/2026\/02\/27\/principais-causas-de-morte-em-2024-e-2023\/\"]}]},{\"@type\":\"ImageObject\",\"inLanguage\":\"pt-PT\",\"@id\":\"https:\/\/portaltela.pt\/noticias\/2026\/02\/27\/principais-causas-de-morte-em-2024-e-2023\/#primaryimage\",\"url\":\"https:\/\/portaltela.pt\/s.01k8rhncp4jt1\/2026\/02\/img_932x621uu2026-02-28-00-08-30-2269519.jpg\",\"contentUrl\":\"https:\/\/portaltela.pt\/s.01k8rhncp4jt1\/2026\/02\/img_932x621uu2026-02-28-00-08-30-2269519.jpg\",\"width\":796,\"height\":448,\"caption\":\"Principais causas de morte em 2024 e 2023\"},{\"@type\":\"BreadcrumbList\",\"@id\":\"https:\/\/portaltela.pt\/noticias\/2026\/02\/27\/principais-causas-de-morte-em-2024-e-2023\/#breadcrumb\",\"itemListElement\":[{\"@type\":\"ListItem\",\"position\":1,\"name\":\"In\u00edcio\",\"item\":\"https:\/\/portaltela.pt\/\"},{\"@type\":\"ListItem\",\"position\":2,\"name\":\"Principais causas de morte em 2024 e 2023\"}]},{\"@type\":\"WebSite\",\"@id\":\"https:\/\/portaltela.pt\/#website\",\"url\":\"https:\/\/portaltela.pt\/\",\"name\":\"Portal Tela Portugal\",\"description\":\"\",\"potentialAction\":[{\"@type\":\"SearchAction\",\"target\":{\"@type\":\"EntryPoint\",\"urlTemplate\":\"https:\/\/portaltela.pt\/?s={search_term_string}\"},\"query-input\":{\"@type\":\"PropertyValueSpecification\",\"valueRequired\":true,\"valueName\":\"search_term_string\"}}],\"inLanguage\":\"pt-PT\"},{\"@type\":\"Person\",\"@id\":\"https:\/\/portaltela.pt\/#\/schema\/person\/c4278d4a6028830caff9ee44b42d32ed\",\"name\":\"Telinha\",\"image\":{\"@type\":\"ImageObject\",\"inLanguage\":\"pt-PT\",\"@id\":\"https:\/\/portaltela.pt\/s.01k8rhncp4jt1\/2025\/11\/talking-bot-125x125.png\",\"url\":\"https:\/\/portaltela.pt\/s.01k8rhncp4jt1\/2025\/11\/talking-bot-125x125.png\",\"contentUrl\":\"https:\/\/portaltela.pt\/s.01k8rhncp4jt1\/2025\/11\/talking-bot-125x125.png\",\"caption\":\"Telinha\"},\"sameAs\":[\"https:\/\/portaltela.pt\/\"],\"url\":\"https:\/\/portaltela.pt\/por\/367410592786\/\"}]}<\/script>\n<!-- \/ Yoast SEO plugin. -->","yoast_head_json":{"title":"Principais causas de morte em 2024 e 2023 - Portal Tela Portugal","robots":{"index":"index","follow":"follow","max-snippet":"max-snippet:-1","max-image-preview":"max-image-preview:large","max-video-preview":"max-video-preview:-1"},"og_locale":"pt_PT","og_type":"article","og_title":"Principais causas de morte em 2024 e 2023 - Portal Tela Portugal","og_description":"Acidentes vasculares cerebrais (AVC): 9.007 \u00f3bitos, representando 7,6% do total. Doen\u00e7as do aparelho circulat\u00f3rio: 36.607 \u00f3bitos, correspondendo a 30,8% do total. C\u00e2ncer: 23.607 \u00f3bitos, equivalente a 19,8% do total. Doen\u00e7as do aparelho respirat\u00f3rio: 8.607 \u00f3bitos, ou 7,2% do total. Outras causas: 16.607 \u00f3bitos, totalizando 13,9% do total.","og_url":"https:\/\/portaltela.pt\/noticias\/2026\/02\/27\/principais-causas-de-morte-em-2024-e-2023\/","og_site_name":"Portal Tela Portugal","article_published_time":"2026-02-28T00:08:58+00:00","author":"Telinha","twitter_card":"summary_large_image","twitter_misc":{"Escrito por":"Telinha","Tempo estimado de leitura":"1 minuto"},"schema":{"@context":"https:\/\/schema.org","@graph":[{"@type":"Article","@id":"https:\/\/portaltela.pt\/noticias\/2026\/02\/27\/principais-causas-de-morte-em-2024-e-2023\/#article","isPartOf":{"@id":"https:\/\/portaltela.pt\/noticias\/2026\/02\/27\/principais-causas-de-morte-em-2024-e-2023\/"},"author":{"name":"Telinha","@id":"https:\/\/portaltela.pt\/#\/schema\/person\/c4278d4a6028830caff9ee44b42d32ed"},"headline":"Principais causas de morte em 2024 e 2023","datePublished":"2026-02-28T00:08:58+00:00","mainEntityOfPage":{"@id":"https:\/\/portaltela.pt\/noticias\/2026\/02\/27\/principais-causas-de-morte-em-2024-e-2023\/"},"wordCount":173,"image":{"@id":"https:\/\/portaltela.pt\/noticias\/2026\/02\/27\/principais-causas-de-morte-em-2024-e-2023\/#primaryimage"},"thumbnailUrl":"https:\/\/portaltela.pt\/s.01k8rhncp4jt1\/2026\/02\/img_932x621uu2026-02-28-00-08-30-2269519.jpg","keywords":["C\u00e2ncer","Doen\u00e7as do aparelho circulat\u00f3rio","Doen\u00e7as do aparelho digestivo","Doen\u00e7as do aparelho respirat\u00f3rio","Doen\u00e7as do sistema nervoso","Doen\u00e7as infecciosas e parasit\u00e1rias"],"articleSection":["Not\u00edcias"],"inLanguage":"pt-PT"},{"@type":"WebPage","@id":"https:\/\/portaltela.pt\/noticias\/2026\/02\/27\/principais-causas-de-morte-em-2024-e-2023\/","url":"https:\/\/portaltela.pt\/noticias\/2026\/02\/27\/principais-causas-de-morte-em-2024-e-2023\/","name":"Principais causas de morte em 2024 e 2023 - Portal Tela Portugal","isPartOf":{"@id":"https:\/\/portaltela.pt\/#website"},"primaryImageOfPage":{"@id":"https:\/\/portaltela.pt\/noticias\/2026\/02\/27\/principais-causas-de-morte-em-2024-e-2023\/#primaryimage"},"image":{"@id":"https:\/\/portaltela.pt\/noticias\/2026\/02\/27\/principais-causas-de-morte-em-2024-e-2023\/#primaryimage"},"thumbnailUrl":"https:\/\/portaltela.pt\/s.01k8rhncp4jt1\/2026\/02\/img_932x621uu2026-02-28-00-08-30-2269519.jpg","datePublished":"2026-02-28T00:08:58+00:00","author":{"@id":"https:\/\/portaltela.pt\/#\/schema\/person\/c4278d4a6028830caff9ee44b42d32ed"},"breadcrumb":{"@id":"https:\/\/portaltela.pt\/noticias\/2026\/02\/27\/principais-causas-de-morte-em-2024-e-2023\/#breadcrumb"},"inLanguage":"pt-PT","potentialAction":[{"@type":"ReadAction","target":["https:\/\/portaltela.pt\/noticias\/2026\/02\/27\/principais-causas-de-morte-em-2024-e-2023\/"]}]},{"@type":"ImageObject","inLanguage":"pt-PT","@id":"https:\/\/portaltela.pt\/noticias\/2026\/02\/27\/principais-causas-de-morte-em-2024-e-2023\/#primaryimage","url":"https:\/\/portaltela.pt\/s.01k8rhncp4jt1\/2026\/02\/img_932x621uu2026-02-28-00-08-30-2269519.jpg","contentUrl":"https:\/\/portaltela.pt\/s.01k8rhncp4jt1\/2026\/02\/img_932x621uu2026-02-28-00-08-30-2269519.jpg","width":796,"height":448,"caption":"Principais causas de morte em 2024 e 2023"},{"@type":"BreadcrumbList","@id":"https:\/\/portaltela.pt\/noticias\/2026\/02\/27\/principais-causas-de-morte-em-2024-e-2023\/#breadcrumb","itemListElement":[{"@type":"ListItem","position":1,"name":"In\u00edcio","item":"https:\/\/portaltela.pt\/"},{"@type":"ListItem","position":2,"name":"Principais causas de morte em 2024 e 2023"}]},{"@type":"WebSite","@id":"https:\/\/portaltela.pt\/#website","url":"https:\/\/portaltela.pt\/","name":"Portal Tela Portugal","description":"","potentialAction":[{"@type":"SearchAction","target":{"@type":"EntryPoint","urlTemplate":"https:\/\/portaltela.pt\/?s={search_term_string}"},"query-input":{"@type":"PropertyValueSpecification","valueRequired":true,"valueName":"search_term_string"}}],"inLanguage":"pt-PT"},{"@type":"Person","@id":"https:\/\/portaltela.pt\/#\/schema\/person\/c4278d4a6028830caff9ee44b42d32ed","name":"Telinha","image":{"@type":"ImageObject","inLanguage":"pt-PT","@id":"https:\/\/portaltela.pt\/s.01k8rhncp4jt1\/2025\/11\/talking-bot-125x125.png","url":"https:\/\/portaltela.pt\/s.01k8rhncp4jt1\/2025\/11\/talking-bot-125x125.png","contentUrl":"https:\/\/portaltela.pt\/s.01k8rhncp4jt1\/2025\/11\/talking-bot-125x125.png","caption":"Telinha"},"sameAs":["https:\/\/portaltela.pt\/"],"url":"https:\/\/portaltela.pt\/por\/367410592786\/"}]}},"_links":{"self":[{"href":"https:\/\/portaltela.pt\/api\/wp\/v2\/posts\/391663","targetHints":{"allow":["GET"]}}],"collection":[{"href":"https:\/\/portaltela.pt\/api\/wp\/v2\/posts"}],"about":[{"href":"https:\/\/portaltela.pt\/api\/wp\/v2\/types\/post"}],"author":[{"embeddable":true,"href":"https:\/\/portaltela.pt\/api\/wp\/v2\/users\/2"}],"replies":[{"embeddable":true,"href":"https:\/\/portaltela.pt\/api\/wp\/v2\/comments?post=391663"}],"version-history":[{"count":0,"href":"https:\/\/portaltela.pt\/api\/wp\/v2\/posts\/391663\/revisions"}],"wp:featuredmedia":[{"embeddable":true,"href":"https:\/\/portaltela.pt\/api\/wp\/v2\/media\/391671"}],"wp:attachment":[{"href":"https:\/\/portaltela.pt\/api\/wp\/v2\/media?parent=391663"}],"wp:term":[{"taxonomy":"category","embeddable":true,"href":"https:\/\/portaltela.pt\/api\/wp\/v2\/categories?post=391663"},{"taxonomy":"post_tag","embeddable":true,"href":"https:\/\/portaltela.pt\/api\/wp\/v2\/tags?post=391663"}],"curies":[{"name":"wp","href":"https:\/\/api.w.org\/{rel}","templated":true}]}}