{"id":391624,"date":"2026-02-27T20:24:00","date_gmt":"2026-02-27T23:24:00","guid":{"rendered":"https:\/\/portaltela.pt\/noticias\/2026\/02\/27\/fuga-de-gas-encerra-rua-da-restacao-no-porto\/"},"modified":"2026-02-27T20:24:00","modified_gmt":"2026-02-27T23:24:00","slug":"fuga-de-gas-encerra-rua-da-restacao-no-porto","status":"publish","type":"post","link":"https:\/\/portaltela.pt\/noticias\/2026\/02\/27\/fuga-de-gas-encerra-rua-da-restacao-no-porto\/","title":{"rendered":"Fuga de g\u00e1s encerra Rua da Resta\u00e7\u00e3o, no Porto"},"content":{"rendered":"<p>Uma fuga de g\u00e1s ocorreu na Rua da Restaura\u00e7\u00e3o, no Porto, envolvendo equipas dos Bombeiros Sapadores do Porto, da E-Redes e da Portg\u00e1s. A interven\u00e7\u00e3o est\u00e1 em curso e n\u00e3o est\u00e1 apurada a origem da fuga.<\/p>\n<p>Foi ainda anunciada a participa\u00e7\u00e3o de uma equipa da STCP para verificar as instala\u00e7\u00f5es do El\u00e9trico, no local. O objetivo \u00e9 avaliar potenciais impactos na rede de transporte e seguran\u00e7a.<\/p>\n<p>A via permanece cortada ao tr\u00e2nsito at\u00e9 new avisos oficiais. N\u00e3o foram divulgadas informa\u00e7\u00f5es sobre feridos ou sobre a extens\u00e3o da fuga.<\/p>\n","protected":false},"excerpt":{"rendered":"<ul>\n<li>Fuga de g\u00e1s na Rua da Restaura\u00e7\u00e3o, no Porto, mobilizou os Bombeiros Sapadores do Porto, E-Redes e Portg\u00e1s.<\/li>\n<li>A origem da fuga ainda n\u00e3o \u00e9 conhecida.<\/li>\n<li>Uma equipa da STCP foi acionada para verificar as instala\u00e7\u00f5es do El\u00e9trico.<\/li>\n<li>A rua est\u00e1 cortada ao tr\u00e2nsito.<\/li>\n<\/ul>\n","protected":false},"author":2,"featured_media":391630,"comment_status":"closed","ping_status":"closed","sticky":false,"template":"","format":"standard","meta":{"footnotes":""},"categories":[1],"tags":[971,4405,6250,982,250,2891],"class_list":["post-391624","post","type-post","status-publish","format-standard","has-post-thumbnail","hentry","category-noticias","tag-bombeiros","tag-eletrico","tag-fugas","tag-porto","tag-seguranca-publica","tag-via-publica"],"yoast_head":"<!-- This site is optimized with the Yoast SEO plugin v27.2 - https:\/\/yoast.com\/product\/yoast-seo-wordpress\/ -->\n<title>Fuga de g\u00e1s encerra Rua da Resta\u00e7\u00e3o, no Porto - Portal Tela Portugal<\/title>\n<meta name=\"robots\" content=\"index, follow, max-snippet:-1, max-image-preview:large, max-video-preview:-1\" \/>\n<meta property=\"og:locale\" content=\"pt_PT\" \/>\n<meta property=\"og:type\" content=\"article\" \/>\n<meta property=\"og:title\" content=\"Fuga de g\u00e1s encerra Rua da Resta\u00e7\u00e3o, no Porto - Portal Tela Portugal\" \/>\n<meta property=\"og:description\" content=\"Fuga de g\u00e1s na Rua da Restaura\u00e7\u00e3o, no Porto, mobilizou os Bombeiros Sapadores do Porto, E-Redes e Portg\u00e1s. A origem da fuga ainda n\u00e3o \u00e9 conhecida. Uma equipa da STCP foi acionada para verificar as instala\u00e7\u00f5es do El\u00e9trico. A rua est\u00e1 cortada ao tr\u00e2nsito.\" \/>\n<meta property=\"og:url\" content=\"https:\/\/portaltela.pt\/noticias\/2026\/02\/27\/fuga-de-gas-encerra-rua-da-restacao-no-porto\/\" \/>\n<meta property=\"og:site_name\" content=\"Portal Tela Portugal\" \/>\n<meta property=\"article:published_time\" content=\"2026-02-27T23:24:00+00:00\" \/>\n<meta name=\"author\" content=\"Telinha\" \/>\n<meta name=\"twitter:card\" content=\"summary_large_image\" \/>\n<meta name=\"twitter:label1\" content=\"Escrito por\" \/>\n\t<meta name=\"twitter:data1\" content=\"Telinha\" \/>\n\t<meta name=\"twitter:label2\" content=\"Tempo estimado de leitura\" \/>\n\t<meta name=\"twitter:data2\" content=\"1 minuto\" \/>\n<script type=\"application\/ld+json\" class=\"yoast-schema-graph\">{\"@context\":\"https:\/\/schema.org\",\"@graph\":[{\"@type\":\"Article\",\"@id\":\"https:\/\/portaltela.pt\/noticias\/2026\/02\/27\/fuga-de-gas-encerra-rua-da-restacao-no-porto\/#article\",\"isPartOf\":{\"@id\":\"https:\/\/portaltela.pt\/noticias\/2026\/02\/27\/fuga-de-gas-encerra-rua-da-restacao-no-porto\/\"},\"author\":{\"name\":\"Telinha\",\"@id\":\"https:\/\/portaltela.pt\/#\/schema\/person\/c4278d4a6028830caff9ee44b42d32ed\"},\"headline\":\"Fuga de g\u00e1s encerra Rua da Resta\u00e7\u00e3o, no Porto\",\"datePublished\":\"2026-02-27T23:24:00+00:00\",\"mainEntityOfPage\":{\"@id\":\"https:\/\/portaltela.pt\/noticias\/2026\/02\/27\/fuga-de-gas-encerra-rua-da-restacao-no-porto\/\"},\"wordCount\":111,\"image\":{\"@id\":\"https:\/\/portaltela.pt\/noticias\/2026\/02\/27\/fuga-de-gas-encerra-rua-da-restacao-no-porto\/#primaryimage\"},\"thumbnailUrl\":\"https:\/\/portaltela.pt\/s.01k8rhncp4jt1\/2026\/02\/img_1500x1000uu2022-04-05-20-21-55-1137391-im-638996675600353270-5.jpg\",\"keywords\":[\"bombeiros\",\"El\u00e9trico\",\"fugas\",\"Porto\",\"seguran\u00e7a p\u00fablica\",\"via p\u00fablica\"],\"articleSection\":[\"Not\u00edcias\"],\"inLanguage\":\"pt-PT\"},{\"@type\":\"WebPage\",\"@id\":\"https:\/\/portaltela.pt\/noticias\/2026\/02\/27\/fuga-de-gas-encerra-rua-da-restacao-no-porto\/\",\"url\":\"https:\/\/portaltela.pt\/noticias\/2026\/02\/27\/fuga-de-gas-encerra-rua-da-restacao-no-porto\/\",\"name\":\"Fuga de g\u00e1s encerra Rua da Resta\u00e7\u00e3o, no Porto - Portal Tela Portugal\",\"isPartOf\":{\"@id\":\"https:\/\/portaltela.pt\/#website\"},\"primaryImageOfPage\":{\"@id\":\"https:\/\/portaltela.pt\/noticias\/2026\/02\/27\/fuga-de-gas-encerra-rua-da-restacao-no-porto\/#primaryimage\"},\"image\":{\"@id\":\"https:\/\/portaltela.pt\/noticias\/2026\/02\/27\/fuga-de-gas-encerra-rua-da-restacao-no-porto\/#primaryimage\"},\"thumbnailUrl\":\"https:\/\/portaltela.pt\/s.01k8rhncp4jt1\/2026\/02\/img_1500x1000uu2022-04-05-20-21-55-1137391-im-638996675600353270-5.jpg\",\"datePublished\":\"2026-02-27T23:24:00+00:00\",\"author\":{\"@id\":\"https:\/\/portaltela.pt\/#\/schema\/person\/c4278d4a6028830caff9ee44b42d32ed\"},\"breadcrumb\":{\"@id\":\"https:\/\/portaltela.pt\/noticias\/2026\/02\/27\/fuga-de-gas-encerra-rua-da-restacao-no-porto\/#breadcrumb\"},\"inLanguage\":\"pt-PT\",\"potentialAction\":[{\"@type\":\"ReadAction\",\"target\":[\"https:\/\/portaltela.pt\/noticias\/2026\/02\/27\/fuga-de-gas-encerra-rua-da-restacao-no-porto\/\"]}]},{\"@type\":\"ImageObject\",\"inLanguage\":\"pt-PT\",\"@id\":\"https:\/\/portaltela.pt\/noticias\/2026\/02\/27\/fuga-de-gas-encerra-rua-da-restacao-no-porto\/#primaryimage\",\"url\":\"https:\/\/portaltela.pt\/s.01k8rhncp4jt1\/2026\/02\/img_1500x1000uu2022-04-05-20-21-55-1137391-im-638996675600353270-5.jpg\",\"contentUrl\":\"https:\/\/portaltela.pt\/s.01k8rhncp4jt1\/2026\/02\/img_1500x1000uu2022-04-05-20-21-55-1137391-im-638996675600353270-5.jpg\",\"width\":796,\"height\":448,\"caption\":\"Bombeiros\"},{\"@type\":\"BreadcrumbList\",\"@id\":\"https:\/\/portaltela.pt\/noticias\/2026\/02\/27\/fuga-de-gas-encerra-rua-da-restacao-no-porto\/#breadcrumb\",\"itemListElement\":[{\"@type\":\"ListItem\",\"position\":1,\"name\":\"In\u00edcio\",\"item\":\"https:\/\/portaltela.pt\/\"},{\"@type\":\"ListItem\",\"position\":2,\"name\":\"Fuga de g\u00e1s encerra Rua da Resta\u00e7\u00e3o, no Porto\"}]},{\"@type\":\"WebSite\",\"@id\":\"https:\/\/portaltela.pt\/#website\",\"url\":\"https:\/\/portaltela.pt\/\",\"name\":\"Portal Tela Portugal\",\"description\":\"\",\"potentialAction\":[{\"@type\":\"SearchAction\",\"target\":{\"@type\":\"EntryPoint\",\"urlTemplate\":\"https:\/\/portaltela.pt\/?s={search_term_string}\"},\"query-input\":{\"@type\":\"PropertyValueSpecification\",\"valueRequired\":true,\"valueName\":\"search_term_string\"}}],\"inLanguage\":\"pt-PT\"},{\"@type\":\"Person\",\"@id\":\"https:\/\/portaltela.pt\/#\/schema\/person\/c4278d4a6028830caff9ee44b42d32ed\",\"name\":\"Telinha\",\"image\":{\"@type\":\"ImageObject\",\"inLanguage\":\"pt-PT\",\"@id\":\"https:\/\/portaltela.pt\/s.01k8rhncp4jt1\/2025\/11\/talking-bot-125x125.png\",\"url\":\"https:\/\/portaltela.pt\/s.01k8rhncp4jt1\/2025\/11\/talking-bot-125x125.png\",\"contentUrl\":\"https:\/\/portaltela.pt\/s.01k8rhncp4jt1\/2025\/11\/talking-bot-125x125.png\",\"caption\":\"Telinha\"},\"sameAs\":[\"https:\/\/portaltela.pt\/\"],\"url\":\"https:\/\/portaltela.pt\/por\/367410592786\/\"}]}<\/script>\n<!-- \/ Yoast SEO plugin. -->","yoast_head_json":{"title":"Fuga de g\u00e1s encerra Rua da Resta\u00e7\u00e3o, no Porto - Portal Tela Portugal","robots":{"index":"index","follow":"follow","max-snippet":"max-snippet:-1","max-image-preview":"max-image-preview:large","max-video-preview":"max-video-preview:-1"},"og_locale":"pt_PT","og_type":"article","og_title":"Fuga de g\u00e1s encerra Rua da Resta\u00e7\u00e3o, no Porto - Portal Tela Portugal","og_description":"Fuga de g\u00e1s na Rua da Restaura\u00e7\u00e3o, no Porto, mobilizou os Bombeiros Sapadores do Porto, E-Redes e Portg\u00e1s. A origem da fuga ainda n\u00e3o \u00e9 conhecida. Uma equipa da STCP foi acionada para verificar as instala\u00e7\u00f5es do El\u00e9trico. A rua est\u00e1 cortada ao tr\u00e2nsito.","og_url":"https:\/\/portaltela.pt\/noticias\/2026\/02\/27\/fuga-de-gas-encerra-rua-da-restacao-no-porto\/","og_site_name":"Portal Tela Portugal","article_published_time":"2026-02-27T23:24:00+00:00","author":"Telinha","twitter_card":"summary_large_image","twitter_misc":{"Escrito por":"Telinha","Tempo estimado de leitura":"1 minuto"},"schema":{"@context":"https:\/\/schema.org","@graph":[{"@type":"Article","@id":"https:\/\/portaltela.pt\/noticias\/2026\/02\/27\/fuga-de-gas-encerra-rua-da-restacao-no-porto\/#article","isPartOf":{"@id":"https:\/\/portaltela.pt\/noticias\/2026\/02\/27\/fuga-de-gas-encerra-rua-da-restacao-no-porto\/"},"author":{"name":"Telinha","@id":"https:\/\/portaltela.pt\/#\/schema\/person\/c4278d4a6028830caff9ee44b42d32ed"},"headline":"Fuga de g\u00e1s encerra Rua da Resta\u00e7\u00e3o, no Porto","datePublished":"2026-02-27T23:24:00+00:00","mainEntityOfPage":{"@id":"https:\/\/portaltela.pt\/noticias\/2026\/02\/27\/fuga-de-gas-encerra-rua-da-restacao-no-porto\/"},"wordCount":111,"image":{"@id":"https:\/\/portaltela.pt\/noticias\/2026\/02\/27\/fuga-de-gas-encerra-rua-da-restacao-no-porto\/#primaryimage"},"thumbnailUrl":"https:\/\/portaltela.pt\/s.01k8rhncp4jt1\/2026\/02\/img_1500x1000uu2022-04-05-20-21-55-1137391-im-638996675600353270-5.jpg","keywords":["bombeiros","El\u00e9trico","fugas","Porto","seguran\u00e7a p\u00fablica","via p\u00fablica"],"articleSection":["Not\u00edcias"],"inLanguage":"pt-PT"},{"@type":"WebPage","@id":"https:\/\/portaltela.pt\/noticias\/2026\/02\/27\/fuga-de-gas-encerra-rua-da-restacao-no-porto\/","url":"https:\/\/portaltela.pt\/noticias\/2026\/02\/27\/fuga-de-gas-encerra-rua-da-restacao-no-porto\/","name":"Fuga de g\u00e1s encerra Rua da Resta\u00e7\u00e3o, no Porto - Portal Tela Portugal","isPartOf":{"@id":"https:\/\/portaltela.pt\/#website"},"primaryImageOfPage":{"@id":"https:\/\/portaltela.pt\/noticias\/2026\/02\/27\/fuga-de-gas-encerra-rua-da-restacao-no-porto\/#primaryimage"},"image":{"@id":"https:\/\/portaltela.pt\/noticias\/2026\/02\/27\/fuga-de-gas-encerra-rua-da-restacao-no-porto\/#primaryimage"},"thumbnailUrl":"https:\/\/portaltela.pt\/s.01k8rhncp4jt1\/2026\/02\/img_1500x1000uu2022-04-05-20-21-55-1137391-im-638996675600353270-5.jpg","datePublished":"2026-02-27T23:24:00+00:00","author":{"@id":"https:\/\/portaltela.pt\/#\/schema\/person\/c4278d4a6028830caff9ee44b42d32ed"},"breadcrumb":{"@id":"https:\/\/portaltela.pt\/noticias\/2026\/02\/27\/fuga-de-gas-encerra-rua-da-restacao-no-porto\/#breadcrumb"},"inLanguage":"pt-PT","potentialAction":[{"@type":"ReadAction","target":["https:\/\/portaltela.pt\/noticias\/2026\/02\/27\/fuga-de-gas-encerra-rua-da-restacao-no-porto\/"]}]},{"@type":"ImageObject","inLanguage":"pt-PT","@id":"https:\/\/portaltela.pt\/noticias\/2026\/02\/27\/fuga-de-gas-encerra-rua-da-restacao-no-porto\/#primaryimage","url":"https:\/\/portaltela.pt\/s.01k8rhncp4jt1\/2026\/02\/img_1500x1000uu2022-04-05-20-21-55-1137391-im-638996675600353270-5.jpg","contentUrl":"https:\/\/portaltela.pt\/s.01k8rhncp4jt1\/2026\/02\/img_1500x1000uu2022-04-05-20-21-55-1137391-im-638996675600353270-5.jpg","width":796,"height":448,"caption":"Bombeiros"},{"@type":"BreadcrumbList","@id":"https:\/\/portaltela.pt\/noticias\/2026\/02\/27\/fuga-de-gas-encerra-rua-da-restacao-no-porto\/#breadcrumb","itemListElement":[{"@type":"ListItem","position":1,"name":"In\u00edcio","item":"https:\/\/portaltela.pt\/"},{"@type":"ListItem","position":2,"name":"Fuga de g\u00e1s encerra Rua da Resta\u00e7\u00e3o, no Porto"}]},{"@type":"WebSite","@id":"https:\/\/portaltela.pt\/#website","url":"https:\/\/portaltela.pt\/","name":"Portal Tela Portugal","description":"","potentialAction":[{"@type":"SearchAction","target":{"@type":"EntryPoint","urlTemplate":"https:\/\/portaltela.pt\/?s={search_term_string}"},"query-input":{"@type":"PropertyValueSpecification","valueRequired":true,"valueName":"search_term_string"}}],"inLanguage":"pt-PT"},{"@type":"Person","@id":"https:\/\/portaltela.pt\/#\/schema\/person\/c4278d4a6028830caff9ee44b42d32ed","name":"Telinha","image":{"@type":"ImageObject","inLanguage":"pt-PT","@id":"https:\/\/portaltela.pt\/s.01k8rhncp4jt1\/2025\/11\/talking-bot-125x125.png","url":"https:\/\/portaltela.pt\/s.01k8rhncp4jt1\/2025\/11\/talking-bot-125x125.png","contentUrl":"https:\/\/portaltela.pt\/s.01k8rhncp4jt1\/2025\/11\/talking-bot-125x125.png","caption":"Telinha"},"sameAs":["https:\/\/portaltela.pt\/"],"url":"https:\/\/portaltela.pt\/por\/367410592786\/"}]}},"_links":{"self":[{"href":"https:\/\/portaltela.pt\/api\/wp\/v2\/posts\/391624","targetHints":{"allow":["GET"]}}],"collection":[{"href":"https:\/\/portaltela.pt\/api\/wp\/v2\/posts"}],"about":[{"href":"https:\/\/portaltela.pt\/api\/wp\/v2\/types\/post"}],"author":[{"embeddable":true,"href":"https:\/\/portaltela.pt\/api\/wp\/v2\/users\/2"}],"replies":[{"embeddable":true,"href":"https:\/\/portaltela.pt\/api\/wp\/v2\/comments?post=391624"}],"version-history":[{"count":0,"href":"https:\/\/portaltela.pt\/api\/wp\/v2\/posts\/391624\/revisions"}],"wp:featuredmedia":[{"embeddable":true,"href":"https:\/\/portaltela.pt\/api\/wp\/v2\/media\/391630"}],"wp:attachment":[{"href":"https:\/\/portaltela.pt\/api\/wp\/v2\/media?parent=391624"}],"wp:term":[{"taxonomy":"category","embeddable":true,"href":"https:\/\/portaltela.pt\/api\/wp\/v2\/categories?post=391624"},{"taxonomy":"post_tag","embeddable":true,"href":"https:\/\/portaltela.pt\/api\/wp\/v2\/tags?post=391624"}],"curies":[{"name":"wp","href":"https:\/\/api.w.org\/{rel}","templated":true}]}}