{"id":391580,"date":"2026-02-27T19:55:36","date_gmt":"2026-02-27T22:55:36","guid":{"rendered":"https:\/\/portaltela.pt\/noticias\/2026\/02\/27\/voos-de-istambul-para-teerao-cancelados\/"},"modified":"2026-02-27T19:55:36","modified_gmt":"2026-02-27T22:55:36","slug":"voos-de-istambul-para-teerao-cancelados","status":"publish","type":"post","link":"https:\/\/portaltela.pt\/noticias\/2026\/02\/27\/voos-de-istambul-para-teerao-cancelados\/","title":{"rendered":"Voos de Istambul para Teer\u00e3o cancelados"},"content":{"rendered":"<p>Voos para Teer\u00e3o a partir de Istambul foram cancelados na noite de sexta-feira, ap\u00f3s amea\u00e7as de ataques dos EUA ao Ir\u00e3o. A Turkish Airlines, j\u00e1 acompanhada por duas companhias iranianas, interrompeu as liga\u00e7\u00f5es para Teer\u00e3o.<\/p>\n<p>Segundo o site do aeroporto de Istambul, alguns voos foram suspensos devido \u00e0 situa\u00e7\u00e3o de seguran\u00e7a. Quatro voos adicionais para s\u00e1bado, incluindo dois da Turkish Airlines, tamb\u00e9m ficaram cancelados, mantendo-se, por\u00e9m, outros seis voos.<\/p>\n<p>Um voo da Turkish Airlines com destino a Tabriz, no noroeste do Ir\u00e3o, estava programado para as 01h45 de s\u00e1bado (22h45 GMT) e foi cancelado, de acordo com o quadro de partidas.<\/p>\n<p>As autoridades turcas n\u00e3o emitiram coment\u00e1rios sobre a situa\u00e7\u00e3o no Ir\u00e3o nesta sexta-feira, nem indicaram orienta\u00e7\u00f5es espec\u00edficas para viajantes turcos com destino ao pa\u00eds. A Turquia partilha uma fronteira de cerca de 550 quil\u00f4metros com o Ir\u00e3o, com tr\u00eas pontos de passagem terrestre.<\/p>\n","protected":false},"excerpt":{"rendered":"<ul>\n<li>Voos da Turkish Airlines e de duas companhias iranianas para Teer\u00e3o a partir de Istambul foram cancelados na sexta \u00e0 noite, devido a amea\u00e7as de ataques americanos ao Ir\u00e3o.<\/li>\n<li>Quatro voos planeados para s\u00e1bado, incluindo dois operados pela Turkish Airlines, tamb\u00e9m foram cancelados; outros seis mant\u00eam-se.<\/li>\n<li>Um voo da Turkish Airlines com destino a Tabriz, no noroeste do Ir\u00e3o, programado para as 01h45 de s\u00e1bado (22h45 GMT) foi cancelado.<\/li>\n<li>Autoridades turcas n\u00e3o comentaram publicamente sobre a situa\u00e7\u00e3o no Ir\u00e3o nem deram indica\u00e7\u00f5es aos viajantes turcos que planeiam deslocar-se para o pa\u00eds.<\/li>\n<li>A Turquia partilha uma fronteira de cerca de quinhentos e cinquenta quil\u00f4metros com o Ir\u00e3o, com tr\u00eas pontos de passagem terrestre.<\/li>\n<\/ul>\n","protected":false},"author":2,"featured_media":391593,"comment_status":"closed","ping_status":"closed","sticky":false,"template":"","format":"standard","meta":{"footnotes":""},"categories":[1],"tags":[4728,3153,4536,4084,192,2126],"class_list":["post-391580","post","type-post","status-publish","format-standard","has-post-thumbnail","hentry","category-noticias","tag-ameaca","tag-ira","tag-seguranca","tag-teerao","tag-transporte","tag-turquia"],"yoast_head":"<!-- This site is optimized with the Yoast SEO plugin v27.2 - https:\/\/yoast.com\/product\/yoast-seo-wordpress\/ -->\n<title>Voos de Istambul para Teer\u00e3o cancelados - Portal Tela Portugal<\/title>\n<meta name=\"robots\" content=\"index, follow, max-snippet:-1, max-image-preview:large, max-video-preview:-1\" \/>\n<meta property=\"og:locale\" content=\"pt_PT\" \/>\n<meta property=\"og:type\" content=\"article\" \/>\n<meta property=\"og:title\" content=\"Voos de Istambul para Teer\u00e3o cancelados - Portal Tela Portugal\" \/>\n<meta property=\"og:description\" content=\"Voos da Turkish Airlines e de duas companhias iranianas para Teer\u00e3o a partir de Istambul foram cancelados na sexta \u00e0 noite, devido a amea\u00e7as de ataques americanos ao Ir\u00e3o. Quatro voos planeados para s\u00e1bado, incluindo dois operados pela Turkish Airlines, tamb\u00e9m foram cancelados; outros seis mant\u00eam-se. Um voo da Turkish Airlines com destino a Tabriz, no noroeste do Ir\u00e3o, programado para as 01h45 de s\u00e1bado (22h45 GMT) foi cancelado. Autoridades turcas n\u00e3o comentaram publicamente sobre a situa\u00e7\u00e3o no Ir\u00e3o nem deram indica\u00e7\u00f5es aos viajantes turcos que planeiam deslocar-se para o pa\u00eds. A Turquia partilha uma fronteira de cerca de quinhentos e cinquenta quil\u00f4metros com o Ir\u00e3o, com tr\u00eas pontos de passagem terrestre.\" \/>\n<meta property=\"og:url\" content=\"https:\/\/portaltela.pt\/noticias\/2026\/02\/27\/voos-de-istambul-para-teerao-cancelados\/\" \/>\n<meta property=\"og:site_name\" content=\"Portal Tela Portugal\" \/>\n<meta property=\"article:published_time\" content=\"2026-02-27T22:55:36+00:00\" \/>\n<meta name=\"author\" content=\"Telinha\" \/>\n<meta name=\"twitter:card\" content=\"summary_large_image\" \/>\n<meta name=\"twitter:label1\" content=\"Escrito por\" \/>\n\t<meta name=\"twitter:data1\" content=\"Telinha\" \/>\n\t<meta name=\"twitter:label2\" content=\"Tempo estimado de leitura\" \/>\n\t<meta name=\"twitter:data2\" content=\"1 minuto\" \/>\n<script type=\"application\/ld+json\" class=\"yoast-schema-graph\">{\"@context\":\"https:\/\/schema.org\",\"@graph\":[{\"@type\":\"Article\",\"@id\":\"https:\/\/portaltela.pt\/noticias\/2026\/02\/27\/voos-de-istambul-para-teerao-cancelados\/#article\",\"isPartOf\":{\"@id\":\"https:\/\/portaltela.pt\/noticias\/2026\/02\/27\/voos-de-istambul-para-teerao-cancelados\/\"},\"author\":{\"name\":\"Telinha\",\"@id\":\"https:\/\/portaltela.pt\/#\/schema\/person\/c4278d4a6028830caff9ee44b42d32ed\"},\"headline\":\"Voos de Istambul para Teer\u00e3o cancelados\",\"datePublished\":\"2026-02-27T22:55:36+00:00\",\"mainEntityOfPage\":{\"@id\":\"https:\/\/portaltela.pt\/noticias\/2026\/02\/27\/voos-de-istambul-para-teerao-cancelados\/\"},\"wordCount\":172,\"image\":{\"@id\":\"https:\/\/portaltela.pt\/noticias\/2026\/02\/27\/voos-de-istambul-para-teerao-cancelados\/#primaryimage\"},\"thumbnailUrl\":\"https:\/\/portaltela.pt\/s.01k8rhncp4jt1\/2026\/02\/img_1280x721uu2022-05-10-18-30-21-1148241.jpg\",\"keywords\":[\"amea\u00e7a\",\"Ir\u00e3\",\"seguran\u00e7a\",\"Teer\u00e3o\",\"transporte\",\"Turquia\"],\"articleSection\":[\"Not\u00edcias\"],\"inLanguage\":\"pt-PT\"},{\"@type\":\"WebPage\",\"@id\":\"https:\/\/portaltela.pt\/noticias\/2026\/02\/27\/voos-de-istambul-para-teerao-cancelados\/\",\"url\":\"https:\/\/portaltela.pt\/noticias\/2026\/02\/27\/voos-de-istambul-para-teerao-cancelados\/\",\"name\":\"Voos de Istambul para Teer\u00e3o cancelados - Portal Tela Portugal\",\"isPartOf\":{\"@id\":\"https:\/\/portaltela.pt\/#website\"},\"primaryImageOfPage\":{\"@id\":\"https:\/\/portaltela.pt\/noticias\/2026\/02\/27\/voos-de-istambul-para-teerao-cancelados\/#primaryimage\"},\"image\":{\"@id\":\"https:\/\/portaltela.pt\/noticias\/2026\/02\/27\/voos-de-istambul-para-teerao-cancelados\/#primaryimage\"},\"thumbnailUrl\":\"https:\/\/portaltela.pt\/s.01k8rhncp4jt1\/2026\/02\/img_1280x721uu2022-05-10-18-30-21-1148241.jpg\",\"datePublished\":\"2026-02-27T22:55:36+00:00\",\"author\":{\"@id\":\"https:\/\/portaltela.pt\/#\/schema\/person\/c4278d4a6028830caff9ee44b42d32ed\"},\"breadcrumb\":{\"@id\":\"https:\/\/portaltela.pt\/noticias\/2026\/02\/27\/voos-de-istambul-para-teerao-cancelados\/#breadcrumb\"},\"inLanguage\":\"pt-PT\",\"potentialAction\":[{\"@type\":\"ReadAction\",\"target\":[\"https:\/\/portaltela.pt\/noticias\/2026\/02\/27\/voos-de-istambul-para-teerao-cancelados\/\"]}]},{\"@type\":\"ImageObject\",\"inLanguage\":\"pt-PT\",\"@id\":\"https:\/\/portaltela.pt\/noticias\/2026\/02\/27\/voos-de-istambul-para-teerao-cancelados\/#primaryimage\",\"url\":\"https:\/\/portaltela.pt\/s.01k8rhncp4jt1\/2026\/02\/img_1280x721uu2022-05-10-18-30-21-1148241.jpg\",\"contentUrl\":\"https:\/\/portaltela.pt\/s.01k8rhncp4jt1\/2026\/02\/img_1280x721uu2022-05-10-18-30-21-1148241.jpg\",\"width\":796,\"height\":448,\"caption\":\"Turkish Airlines\"},{\"@type\":\"BreadcrumbList\",\"@id\":\"https:\/\/portaltela.pt\/noticias\/2026\/02\/27\/voos-de-istambul-para-teerao-cancelados\/#breadcrumb\",\"itemListElement\":[{\"@type\":\"ListItem\",\"position\":1,\"name\":\"In\u00edcio\",\"item\":\"https:\/\/portaltela.pt\/\"},{\"@type\":\"ListItem\",\"position\":2,\"name\":\"Voos de Istambul para Teer\u00e3o cancelados\"}]},{\"@type\":\"WebSite\",\"@id\":\"https:\/\/portaltela.pt\/#website\",\"url\":\"https:\/\/portaltela.pt\/\",\"name\":\"Portal Tela Portugal\",\"description\":\"\",\"potentialAction\":[{\"@type\":\"SearchAction\",\"target\":{\"@type\":\"EntryPoint\",\"urlTemplate\":\"https:\/\/portaltela.pt\/?s={search_term_string}\"},\"query-input\":{\"@type\":\"PropertyValueSpecification\",\"valueRequired\":true,\"valueName\":\"search_term_string\"}}],\"inLanguage\":\"pt-PT\"},{\"@type\":\"Person\",\"@id\":\"https:\/\/portaltela.pt\/#\/schema\/person\/c4278d4a6028830caff9ee44b42d32ed\",\"name\":\"Telinha\",\"image\":{\"@type\":\"ImageObject\",\"inLanguage\":\"pt-PT\",\"@id\":\"https:\/\/portaltela.pt\/s.01k8rhncp4jt1\/2025\/11\/talking-bot-125x125.png\",\"url\":\"https:\/\/portaltela.pt\/s.01k8rhncp4jt1\/2025\/11\/talking-bot-125x125.png\",\"contentUrl\":\"https:\/\/portaltela.pt\/s.01k8rhncp4jt1\/2025\/11\/talking-bot-125x125.png\",\"caption\":\"Telinha\"},\"sameAs\":[\"https:\/\/portaltela.pt\/\"],\"url\":\"https:\/\/portaltela.pt\/por\/367410592786\/\"}]}<\/script>\n<!-- \/ Yoast SEO plugin. -->","yoast_head_json":{"title":"Voos de Istambul para Teer\u00e3o cancelados - Portal Tela Portugal","robots":{"index":"index","follow":"follow","max-snippet":"max-snippet:-1","max-image-preview":"max-image-preview:large","max-video-preview":"max-video-preview:-1"},"og_locale":"pt_PT","og_type":"article","og_title":"Voos de Istambul para Teer\u00e3o cancelados - Portal Tela Portugal","og_description":"Voos da Turkish Airlines e de duas companhias iranianas para Teer\u00e3o a partir de Istambul foram cancelados na sexta \u00e0 noite, devido a amea\u00e7as de ataques americanos ao Ir\u00e3o. Quatro voos planeados para s\u00e1bado, incluindo dois operados pela Turkish Airlines, tamb\u00e9m foram cancelados; outros seis mant\u00eam-se. Um voo da Turkish Airlines com destino a Tabriz, no noroeste do Ir\u00e3o, programado para as 01h45 de s\u00e1bado (22h45 GMT) foi cancelado. Autoridades turcas n\u00e3o comentaram publicamente sobre a situa\u00e7\u00e3o no Ir\u00e3o nem deram indica\u00e7\u00f5es aos viajantes turcos que planeiam deslocar-se para o pa\u00eds. A Turquia partilha uma fronteira de cerca de quinhentos e cinquenta quil\u00f4metros com o Ir\u00e3o, com tr\u00eas pontos de passagem terrestre.","og_url":"https:\/\/portaltela.pt\/noticias\/2026\/02\/27\/voos-de-istambul-para-teerao-cancelados\/","og_site_name":"Portal Tela Portugal","article_published_time":"2026-02-27T22:55:36+00:00","author":"Telinha","twitter_card":"summary_large_image","twitter_misc":{"Escrito por":"Telinha","Tempo estimado de leitura":"1 minuto"},"schema":{"@context":"https:\/\/schema.org","@graph":[{"@type":"Article","@id":"https:\/\/portaltela.pt\/noticias\/2026\/02\/27\/voos-de-istambul-para-teerao-cancelados\/#article","isPartOf":{"@id":"https:\/\/portaltela.pt\/noticias\/2026\/02\/27\/voos-de-istambul-para-teerao-cancelados\/"},"author":{"name":"Telinha","@id":"https:\/\/portaltela.pt\/#\/schema\/person\/c4278d4a6028830caff9ee44b42d32ed"},"headline":"Voos de Istambul para Teer\u00e3o cancelados","datePublished":"2026-02-27T22:55:36+00:00","mainEntityOfPage":{"@id":"https:\/\/portaltela.pt\/noticias\/2026\/02\/27\/voos-de-istambul-para-teerao-cancelados\/"},"wordCount":172,"image":{"@id":"https:\/\/portaltela.pt\/noticias\/2026\/02\/27\/voos-de-istambul-para-teerao-cancelados\/#primaryimage"},"thumbnailUrl":"https:\/\/portaltela.pt\/s.01k8rhncp4jt1\/2026\/02\/img_1280x721uu2022-05-10-18-30-21-1148241.jpg","keywords":["amea\u00e7a","Ir\u00e3","seguran\u00e7a","Teer\u00e3o","transporte","Turquia"],"articleSection":["Not\u00edcias"],"inLanguage":"pt-PT"},{"@type":"WebPage","@id":"https:\/\/portaltela.pt\/noticias\/2026\/02\/27\/voos-de-istambul-para-teerao-cancelados\/","url":"https:\/\/portaltela.pt\/noticias\/2026\/02\/27\/voos-de-istambul-para-teerao-cancelados\/","name":"Voos de Istambul para Teer\u00e3o cancelados - Portal Tela Portugal","isPartOf":{"@id":"https:\/\/portaltela.pt\/#website"},"primaryImageOfPage":{"@id":"https:\/\/portaltela.pt\/noticias\/2026\/02\/27\/voos-de-istambul-para-teerao-cancelados\/#primaryimage"},"image":{"@id":"https:\/\/portaltela.pt\/noticias\/2026\/02\/27\/voos-de-istambul-para-teerao-cancelados\/#primaryimage"},"thumbnailUrl":"https:\/\/portaltela.pt\/s.01k8rhncp4jt1\/2026\/02\/img_1280x721uu2022-05-10-18-30-21-1148241.jpg","datePublished":"2026-02-27T22:55:36+00:00","author":{"@id":"https:\/\/portaltela.pt\/#\/schema\/person\/c4278d4a6028830caff9ee44b42d32ed"},"breadcrumb":{"@id":"https:\/\/portaltela.pt\/noticias\/2026\/02\/27\/voos-de-istambul-para-teerao-cancelados\/#breadcrumb"},"inLanguage":"pt-PT","potentialAction":[{"@type":"ReadAction","target":["https:\/\/portaltela.pt\/noticias\/2026\/02\/27\/voos-de-istambul-para-teerao-cancelados\/"]}]},{"@type":"ImageObject","inLanguage":"pt-PT","@id":"https:\/\/portaltela.pt\/noticias\/2026\/02\/27\/voos-de-istambul-para-teerao-cancelados\/#primaryimage","url":"https:\/\/portaltela.pt\/s.01k8rhncp4jt1\/2026\/02\/img_1280x721uu2022-05-10-18-30-21-1148241.jpg","contentUrl":"https:\/\/portaltela.pt\/s.01k8rhncp4jt1\/2026\/02\/img_1280x721uu2022-05-10-18-30-21-1148241.jpg","width":796,"height":448,"caption":"Turkish Airlines"},{"@type":"BreadcrumbList","@id":"https:\/\/portaltela.pt\/noticias\/2026\/02\/27\/voos-de-istambul-para-teerao-cancelados\/#breadcrumb","itemListElement":[{"@type":"ListItem","position":1,"name":"In\u00edcio","item":"https:\/\/portaltela.pt\/"},{"@type":"ListItem","position":2,"name":"Voos de Istambul para Teer\u00e3o cancelados"}]},{"@type":"WebSite","@id":"https:\/\/portaltela.pt\/#website","url":"https:\/\/portaltela.pt\/","name":"Portal Tela Portugal","description":"","potentialAction":[{"@type":"SearchAction","target":{"@type":"EntryPoint","urlTemplate":"https:\/\/portaltela.pt\/?s={search_term_string}"},"query-input":{"@type":"PropertyValueSpecification","valueRequired":true,"valueName":"search_term_string"}}],"inLanguage":"pt-PT"},{"@type":"Person","@id":"https:\/\/portaltela.pt\/#\/schema\/person\/c4278d4a6028830caff9ee44b42d32ed","name":"Telinha","image":{"@type":"ImageObject","inLanguage":"pt-PT","@id":"https:\/\/portaltela.pt\/s.01k8rhncp4jt1\/2025\/11\/talking-bot-125x125.png","url":"https:\/\/portaltela.pt\/s.01k8rhncp4jt1\/2025\/11\/talking-bot-125x125.png","contentUrl":"https:\/\/portaltela.pt\/s.01k8rhncp4jt1\/2025\/11\/talking-bot-125x125.png","caption":"Telinha"},"sameAs":["https:\/\/portaltela.pt\/"],"url":"https:\/\/portaltela.pt\/por\/367410592786\/"}]}},"_links":{"self":[{"href":"https:\/\/portaltela.pt\/api\/wp\/v2\/posts\/391580","targetHints":{"allow":["GET"]}}],"collection":[{"href":"https:\/\/portaltela.pt\/api\/wp\/v2\/posts"}],"about":[{"href":"https:\/\/portaltela.pt\/api\/wp\/v2\/types\/post"}],"author":[{"embeddable":true,"href":"https:\/\/portaltela.pt\/api\/wp\/v2\/users\/2"}],"replies":[{"embeddable":true,"href":"https:\/\/portaltela.pt\/api\/wp\/v2\/comments?post=391580"}],"version-history":[{"count":0,"href":"https:\/\/portaltela.pt\/api\/wp\/v2\/posts\/391580\/revisions"}],"wp:featuredmedia":[{"embeddable":true,"href":"https:\/\/portaltela.pt\/api\/wp\/v2\/media\/391593"}],"wp:attachment":[{"href":"https:\/\/portaltela.pt\/api\/wp\/v2\/media?parent=391580"}],"wp:term":[{"taxonomy":"category","embeddable":true,"href":"https:\/\/portaltela.pt\/api\/wp\/v2\/categories?post=391580"},{"taxonomy":"post_tag","embeddable":true,"href":"https:\/\/portaltela.pt\/api\/wp\/v2\/tags?post=391580"}],"curies":[{"name":"wp","href":"https:\/\/api.w.org\/{rel}","templated":true}]}}