{"id":391526,"date":"2026-02-27T18:32:00","date_gmt":"2026-02-27T21:32:00","guid":{"rendered":"https:\/\/portaltela.pt\/noticias\/2026\/02\/27\/noticias-ilimitadas-e-fundacao-aip-assinam-protocolo-com-btl-e-smart-cities\/"},"modified":"2026-02-27T18:32:00","modified_gmt":"2026-02-27T21:32:00","slug":"noticias-ilimitadas-e-fundacao-aip-assinam-protocolo-com-btl-e-smart-cities","status":"publish","type":"post","link":"https:\/\/portaltela.pt\/noticias\/2026\/02\/27\/noticias-ilimitadas-e-fundacao-aip-assinam-protocolo-com-btl-e-smart-cities\/","title":{"rendered":"Not\u00edcias Ilimitadas e Funda\u00e7\u00e3o AIP assinam protocolo com BTL e Smart Cities"},"content":{"rendered":"<p>A Not\u00edcias Ilimitadas, que integra o grupo do Jornal de Not\u00edcias, TSF, O Jogo e da revista Volta ao Mundo, assinou hoje um protocolo com a Funda\u00e7\u00e3o AIP. O acordo visa apoiar, divulgar e promover a Better Tourism Lisbon Travel Market (BTL) e a Portugal Smart Cities Summit.<\/p>\n<p>A parceria envolve igualmente a Funda\u00e7\u00e3o AIP e a BTL, com a TSF a ser apontada como ve\u00edculo-chave de divulga\u00e7\u00e3o. O objetivo \u00e9 ampliar a proje\u00e7\u00e3o medi\u00e1tica dos conte\u00fados desenvolvidos pelo grupo na promo\u00e7\u00e3o de turismo, cidades e inova\u00e7\u00e3o.<\/p>\n<p>Segundo o representante da Not\u00edcias Ilimitadas, Domingos de Andrade, o protocolo ressalta o ADN jornal\u00edstico do grupo, que cobre territ\u00f3rios diversos. Pela Funda\u00e7\u00e3o AIP, o diretor-geral, Pedro Costa Braga, destaca a import\u00e2ncia de parceiros de refer\u00eancia para levar conte\u00fados ao pa\u00eds.<\/p>\n<h3>Parcerias estrat\u00e9gicas para promo\u00e7\u00e3o de eventos<\/h3>\n<p>A FIL, por seu lado, refere que a colabora\u00e7\u00e3o com a Funda\u00e7\u00e3o AIP e a BTL fortalece a divulga\u00e7\u00e3o medi\u00e1tica. A expectativa \u00e9 ampliar o alcance dos conte\u00fados apresentados e o impacto nacional das iniciativas. A TSF \u00e9 apontada como instrumento eficaz para chegar \u00e0 audi\u00eancia.<\/p>\n","protected":false},"excerpt":{"rendered":"<ul>\n<li>Not\u00edcias Ilimitadas e Funda\u00e7\u00e3o AIP assinam um protocolo com a Better Tourism Lisbon Travel Market (BTL) e a Portugal Smart Cities Summit para apoio, divulga\u00e7\u00e3o e promo\u00e7\u00e3o dos eventos.<\/li>\n<li>O acordo visa promover a BTL e a Portugal Smart Cities Summit, ampliando a proje\u00e7\u00e3o medi\u00e1tica dos conte\u00fados produzidos pelo grupo.<\/li>\n<li>Ant\u00f3nio Palma Ramalho, vice-presidente da dire\u00e7\u00e3o da AIP, afirma que a iniciativa refor\u00e7a o ADN do grupo na promo\u00e7\u00e3o de ideias e inova\u00e7\u00e3o nos territ\u00f3rios.<\/li>\n<li>Domingos de Andrade, administrador da Not\u00edcias Ilimitadas, destaca o orgulho de marcar presen\u00e7a na BTL e na Smart Cities.<\/li>\n<li>Pela Feira Internacional de Lisboa (FIL), o diretor-geral Pedro Costa Braga diz que a Funda\u00e7\u00e3o AIP e a BTL precisam de parceiros de refer\u00eancia para ampliar o alcance medi\u00e1tico, com a TSF (emissora de r\u00e1dio) a facilitar a difus\u00e3o dos conte\u00fados.<\/li>\n<\/ul>\n","protected":false},"author":2,"featured_media":391535,"comment_status":"closed","ping_status":"closed","sticky":false,"template":"","format":"standard","meta":{"footnotes":""},"categories":[1],"tags":[4769,5743,2958,506,1996,169],"class_list":["post-391526","post","type-post","status-publish","format-standard","has-post-thumbnail","hentry","category-noticias","tag-cidades-inteligentes","tag-conteudos-digitais","tag-eventos-internacionais","tag-imprensa","tag-parcerias-internacionais","tag-turismo"],"yoast_head":"<!-- This site is optimized with the Yoast SEO plugin v27.2 - https:\/\/yoast.com\/product\/yoast-seo-wordpress\/ -->\n<title>Not\u00edcias Ilimitadas e Funda\u00e7\u00e3o AIP assinam protocolo com BTL e Smart Cities - Portal Tela Portugal<\/title>\n<meta name=\"robots\" content=\"index, follow, max-snippet:-1, max-image-preview:large, max-video-preview:-1\" \/>\n<meta property=\"og:locale\" content=\"pt_PT\" \/>\n<meta property=\"og:type\" content=\"article\" \/>\n<meta property=\"og:title\" content=\"Not\u00edcias Ilimitadas e Funda\u00e7\u00e3o AIP assinam protocolo com BTL e Smart Cities - Portal Tela Portugal\" \/>\n<meta property=\"og:description\" content=\"Not\u00edcias Ilimitadas e Funda\u00e7\u00e3o AIP assinam um protocolo com a Better Tourism Lisbon Travel Market (BTL) e a Portugal Smart Cities Summit para apoio, divulga\u00e7\u00e3o e promo\u00e7\u00e3o dos eventos. O acordo visa promover a BTL e a Portugal Smart Cities Summit, ampliando a proje\u00e7\u00e3o medi\u00e1tica dos conte\u00fados produzidos pelo grupo. Ant\u00f3nio Palma Ramalho, vice-presidente da dire\u00e7\u00e3o da AIP, afirma que a iniciativa refor\u00e7a o ADN do grupo na promo\u00e7\u00e3o de ideias e inova\u00e7\u00e3o nos territ\u00f3rios. Domingos de Andrade, administrador da Not\u00edcias Ilimitadas, destaca o orgulho de marcar presen\u00e7a na BTL e na Smart Cities. Pela Feira Internacional de Lisboa (FIL), o diretor-geral Pedro Costa Braga diz que a Funda\u00e7\u00e3o AIP e a BTL precisam de parceiros de refer\u00eancia para ampliar o alcance medi\u00e1tico, com a TSF (emissora de r\u00e1dio) a facilitar a difus\u00e3o dos conte\u00fados.\" \/>\n<meta property=\"og:url\" content=\"https:\/\/portaltela.pt\/noticias\/2026\/02\/27\/noticias-ilimitadas-e-fundacao-aip-assinam-protocolo-com-btl-e-smart-cities\/\" \/>\n<meta property=\"og:site_name\" content=\"Portal Tela Portugal\" \/>\n<meta property=\"article:published_time\" content=\"2026-02-27T21:32:00+00:00\" \/>\n<meta name=\"author\" content=\"Telinha\" \/>\n<meta name=\"twitter:card\" content=\"summary_large_image\" \/>\n<meta name=\"twitter:label1\" content=\"Escrito por\" \/>\n\t<meta name=\"twitter:data1\" content=\"Telinha\" \/>\n\t<meta name=\"twitter:label2\" content=\"Tempo estimado de leitura\" \/>\n\t<meta name=\"twitter:data2\" content=\"1 minuto\" \/>\n<script type=\"application\/ld+json\" class=\"yoast-schema-graph\">{\"@context\":\"https:\/\/schema.org\",\"@graph\":[{\"@type\":\"Article\",\"@id\":\"https:\/\/portaltela.pt\/noticias\/2026\/02\/27\/noticias-ilimitadas-e-fundacao-aip-assinam-protocolo-com-btl-e-smart-cities\/#article\",\"isPartOf\":{\"@id\":\"https:\/\/portaltela.pt\/noticias\/2026\/02\/27\/noticias-ilimitadas-e-fundacao-aip-assinam-protocolo-com-btl-e-smart-cities\/\"},\"author\":{\"name\":\"Telinha\",\"@id\":\"https:\/\/portaltela.pt\/#\/schema\/person\/c4278d4a6028830caff9ee44b42d32ed\"},\"headline\":\"Not\u00edcias Ilimitadas e Funda\u00e7\u00e3o AIP assinam protocolo com BTL e Smart Cities\",\"datePublished\":\"2026-02-27T21:32:00+00:00\",\"mainEntityOfPage\":{\"@id\":\"https:\/\/portaltela.pt\/noticias\/2026\/02\/27\/noticias-ilimitadas-e-fundacao-aip-assinam-protocolo-com-btl-e-smart-cities\/\"},\"wordCount\":217,\"image\":{\"@id\":\"https:\/\/portaltela.pt\/noticias\/2026\/02\/27\/noticias-ilimitadas-e-fundacao-aip-assinam-protocolo-com-btl-e-smart-cities\/#primaryimage\"},\"thumbnailUrl\":\"https:\/\/portaltela.pt\/s.01k8rhncp4jt1\/2026\/02\/image-2053.jpg\",\"keywords\":[\"Cidades Inteligentes\",\"Conte\u00fados digitais\",\"eventos internacionais\",\"imprensa\",\"parcerias internacionais\",\"turismo\"],\"articleSection\":[\"Not\u00edcias\"],\"inLanguage\":\"pt-PT\"},{\"@type\":\"WebPage\",\"@id\":\"https:\/\/portaltela.pt\/noticias\/2026\/02\/27\/noticias-ilimitadas-e-fundacao-aip-assinam-protocolo-com-btl-e-smart-cities\/\",\"url\":\"https:\/\/portaltela.pt\/noticias\/2026\/02\/27\/noticias-ilimitadas-e-fundacao-aip-assinam-protocolo-com-btl-e-smart-cities\/\",\"name\":\"Not\u00edcias Ilimitadas e Funda\u00e7\u00e3o AIP assinam protocolo com BTL e Smart Cities - Portal Tela Portugal\",\"isPartOf\":{\"@id\":\"https:\/\/portaltela.pt\/#website\"},\"primaryImageOfPage\":{\"@id\":\"https:\/\/portaltela.pt\/noticias\/2026\/02\/27\/noticias-ilimitadas-e-fundacao-aip-assinam-protocolo-com-btl-e-smart-cities\/#primaryimage\"},\"image\":{\"@id\":\"https:\/\/portaltela.pt\/noticias\/2026\/02\/27\/noticias-ilimitadas-e-fundacao-aip-assinam-protocolo-com-btl-e-smart-cities\/#primaryimage\"},\"thumbnailUrl\":\"https:\/\/portaltela.pt\/s.01k8rhncp4jt1\/2026\/02\/image-2053.jpg\",\"datePublished\":\"2026-02-27T21:32:00+00:00\",\"author\":{\"@id\":\"https:\/\/portaltela.pt\/#\/schema\/person\/c4278d4a6028830caff9ee44b42d32ed\"},\"breadcrumb\":{\"@id\":\"https:\/\/portaltela.pt\/noticias\/2026\/02\/27\/noticias-ilimitadas-e-fundacao-aip-assinam-protocolo-com-btl-e-smart-cities\/#breadcrumb\"},\"inLanguage\":\"pt-PT\",\"potentialAction\":[{\"@type\":\"ReadAction\",\"target\":[\"https:\/\/portaltela.pt\/noticias\/2026\/02\/27\/noticias-ilimitadas-e-fundacao-aip-assinam-protocolo-com-btl-e-smart-cities\/\"]}]},{\"@type\":\"ImageObject\",\"inLanguage\":\"pt-PT\",\"@id\":\"https:\/\/portaltela.pt\/noticias\/2026\/02\/27\/noticias-ilimitadas-e-fundacao-aip-assinam-protocolo-com-btl-e-smart-cities\/#primaryimage\",\"url\":\"https:\/\/portaltela.pt\/s.01k8rhncp4jt1\/2026\/02\/image-2053.jpg\",\"contentUrl\":\"https:\/\/portaltela.pt\/s.01k8rhncp4jt1\/2026\/02\/image-2053.jpg\",\"width\":796,\"height\":448,\"caption\":\"Domingos de Andrade e Ant\u00f3nio Ramalho, durante a BTL\"},{\"@type\":\"BreadcrumbList\",\"@id\":\"https:\/\/portaltela.pt\/noticias\/2026\/02\/27\/noticias-ilimitadas-e-fundacao-aip-assinam-protocolo-com-btl-e-smart-cities\/#breadcrumb\",\"itemListElement\":[{\"@type\":\"ListItem\",\"position\":1,\"name\":\"In\u00edcio\",\"item\":\"https:\/\/portaltela.pt\/\"},{\"@type\":\"ListItem\",\"position\":2,\"name\":\"Not\u00edcias Ilimitadas e Funda\u00e7\u00e3o AIP assinam protocolo com BTL e Smart Cities\"}]},{\"@type\":\"WebSite\",\"@id\":\"https:\/\/portaltela.pt\/#website\",\"url\":\"https:\/\/portaltela.pt\/\",\"name\":\"Portal Tela Portugal\",\"description\":\"\",\"potentialAction\":[{\"@type\":\"SearchAction\",\"target\":{\"@type\":\"EntryPoint\",\"urlTemplate\":\"https:\/\/portaltela.pt\/?s={search_term_string}\"},\"query-input\":{\"@type\":\"PropertyValueSpecification\",\"valueRequired\":true,\"valueName\":\"search_term_string\"}}],\"inLanguage\":\"pt-PT\"},{\"@type\":\"Person\",\"@id\":\"https:\/\/portaltela.pt\/#\/schema\/person\/c4278d4a6028830caff9ee44b42d32ed\",\"name\":\"Telinha\",\"image\":{\"@type\":\"ImageObject\",\"inLanguage\":\"pt-PT\",\"@id\":\"https:\/\/portaltela.pt\/s.01k8rhncp4jt1\/2025\/11\/talking-bot-125x125.png\",\"url\":\"https:\/\/portaltela.pt\/s.01k8rhncp4jt1\/2025\/11\/talking-bot-125x125.png\",\"contentUrl\":\"https:\/\/portaltela.pt\/s.01k8rhncp4jt1\/2025\/11\/talking-bot-125x125.png\",\"caption\":\"Telinha\"},\"sameAs\":[\"https:\/\/portaltela.pt\/\"],\"url\":\"https:\/\/portaltela.pt\/por\/367410592786\/\"}]}<\/script>\n<!-- \/ Yoast SEO plugin. -->","yoast_head_json":{"title":"Not\u00edcias Ilimitadas e Funda\u00e7\u00e3o AIP assinam protocolo com BTL e Smart Cities - Portal Tela Portugal","robots":{"index":"index","follow":"follow","max-snippet":"max-snippet:-1","max-image-preview":"max-image-preview:large","max-video-preview":"max-video-preview:-1"},"og_locale":"pt_PT","og_type":"article","og_title":"Not\u00edcias Ilimitadas e Funda\u00e7\u00e3o AIP assinam protocolo com BTL e Smart Cities - Portal Tela Portugal","og_description":"Not\u00edcias Ilimitadas e Funda\u00e7\u00e3o AIP assinam um protocolo com a Better Tourism Lisbon Travel Market (BTL) e a Portugal Smart Cities Summit para apoio, divulga\u00e7\u00e3o e promo\u00e7\u00e3o dos eventos. O acordo visa promover a BTL e a Portugal Smart Cities Summit, ampliando a proje\u00e7\u00e3o medi\u00e1tica dos conte\u00fados produzidos pelo grupo. Ant\u00f3nio Palma Ramalho, vice-presidente da dire\u00e7\u00e3o da AIP, afirma que a iniciativa refor\u00e7a o ADN do grupo na promo\u00e7\u00e3o de ideias e inova\u00e7\u00e3o nos territ\u00f3rios. Domingos de Andrade, administrador da Not\u00edcias Ilimitadas, destaca o orgulho de marcar presen\u00e7a na BTL e na Smart Cities. Pela Feira Internacional de Lisboa (FIL), o diretor-geral Pedro Costa Braga diz que a Funda\u00e7\u00e3o AIP e a BTL precisam de parceiros de refer\u00eancia para ampliar o alcance medi\u00e1tico, com a TSF (emissora de r\u00e1dio) a facilitar a difus\u00e3o dos conte\u00fados.","og_url":"https:\/\/portaltela.pt\/noticias\/2026\/02\/27\/noticias-ilimitadas-e-fundacao-aip-assinam-protocolo-com-btl-e-smart-cities\/","og_site_name":"Portal Tela Portugal","article_published_time":"2026-02-27T21:32:00+00:00","author":"Telinha","twitter_card":"summary_large_image","twitter_misc":{"Escrito por":"Telinha","Tempo estimado de leitura":"1 minuto"},"schema":{"@context":"https:\/\/schema.org","@graph":[{"@type":"Article","@id":"https:\/\/portaltela.pt\/noticias\/2026\/02\/27\/noticias-ilimitadas-e-fundacao-aip-assinam-protocolo-com-btl-e-smart-cities\/#article","isPartOf":{"@id":"https:\/\/portaltela.pt\/noticias\/2026\/02\/27\/noticias-ilimitadas-e-fundacao-aip-assinam-protocolo-com-btl-e-smart-cities\/"},"author":{"name":"Telinha","@id":"https:\/\/portaltela.pt\/#\/schema\/person\/c4278d4a6028830caff9ee44b42d32ed"},"headline":"Not\u00edcias Ilimitadas e Funda\u00e7\u00e3o AIP assinam protocolo com BTL e Smart Cities","datePublished":"2026-02-27T21:32:00+00:00","mainEntityOfPage":{"@id":"https:\/\/portaltela.pt\/noticias\/2026\/02\/27\/noticias-ilimitadas-e-fundacao-aip-assinam-protocolo-com-btl-e-smart-cities\/"},"wordCount":217,"image":{"@id":"https:\/\/portaltela.pt\/noticias\/2026\/02\/27\/noticias-ilimitadas-e-fundacao-aip-assinam-protocolo-com-btl-e-smart-cities\/#primaryimage"},"thumbnailUrl":"https:\/\/portaltela.pt\/s.01k8rhncp4jt1\/2026\/02\/image-2053.jpg","keywords":["Cidades Inteligentes","Conte\u00fados digitais","eventos internacionais","imprensa","parcerias internacionais","turismo"],"articleSection":["Not\u00edcias"],"inLanguage":"pt-PT"},{"@type":"WebPage","@id":"https:\/\/portaltela.pt\/noticias\/2026\/02\/27\/noticias-ilimitadas-e-fundacao-aip-assinam-protocolo-com-btl-e-smart-cities\/","url":"https:\/\/portaltela.pt\/noticias\/2026\/02\/27\/noticias-ilimitadas-e-fundacao-aip-assinam-protocolo-com-btl-e-smart-cities\/","name":"Not\u00edcias Ilimitadas e Funda\u00e7\u00e3o AIP assinam protocolo com BTL e Smart Cities - Portal Tela Portugal","isPartOf":{"@id":"https:\/\/portaltela.pt\/#website"},"primaryImageOfPage":{"@id":"https:\/\/portaltela.pt\/noticias\/2026\/02\/27\/noticias-ilimitadas-e-fundacao-aip-assinam-protocolo-com-btl-e-smart-cities\/#primaryimage"},"image":{"@id":"https:\/\/portaltela.pt\/noticias\/2026\/02\/27\/noticias-ilimitadas-e-fundacao-aip-assinam-protocolo-com-btl-e-smart-cities\/#primaryimage"},"thumbnailUrl":"https:\/\/portaltela.pt\/s.01k8rhncp4jt1\/2026\/02\/image-2053.jpg","datePublished":"2026-02-27T21:32:00+00:00","author":{"@id":"https:\/\/portaltela.pt\/#\/schema\/person\/c4278d4a6028830caff9ee44b42d32ed"},"breadcrumb":{"@id":"https:\/\/portaltela.pt\/noticias\/2026\/02\/27\/noticias-ilimitadas-e-fundacao-aip-assinam-protocolo-com-btl-e-smart-cities\/#breadcrumb"},"inLanguage":"pt-PT","potentialAction":[{"@type":"ReadAction","target":["https:\/\/portaltela.pt\/noticias\/2026\/02\/27\/noticias-ilimitadas-e-fundacao-aip-assinam-protocolo-com-btl-e-smart-cities\/"]}]},{"@type":"ImageObject","inLanguage":"pt-PT","@id":"https:\/\/portaltela.pt\/noticias\/2026\/02\/27\/noticias-ilimitadas-e-fundacao-aip-assinam-protocolo-com-btl-e-smart-cities\/#primaryimage","url":"https:\/\/portaltela.pt\/s.01k8rhncp4jt1\/2026\/02\/image-2053.jpg","contentUrl":"https:\/\/portaltela.pt\/s.01k8rhncp4jt1\/2026\/02\/image-2053.jpg","width":796,"height":448,"caption":"Domingos de Andrade e Ant\u00f3nio Ramalho, durante a BTL"},{"@type":"BreadcrumbList","@id":"https:\/\/portaltela.pt\/noticias\/2026\/02\/27\/noticias-ilimitadas-e-fundacao-aip-assinam-protocolo-com-btl-e-smart-cities\/#breadcrumb","itemListElement":[{"@type":"ListItem","position":1,"name":"In\u00edcio","item":"https:\/\/portaltela.pt\/"},{"@type":"ListItem","position":2,"name":"Not\u00edcias Ilimitadas e Funda\u00e7\u00e3o AIP assinam protocolo com BTL e Smart Cities"}]},{"@type":"WebSite","@id":"https:\/\/portaltela.pt\/#website","url":"https:\/\/portaltela.pt\/","name":"Portal Tela Portugal","description":"","potentialAction":[{"@type":"SearchAction","target":{"@type":"EntryPoint","urlTemplate":"https:\/\/portaltela.pt\/?s={search_term_string}"},"query-input":{"@type":"PropertyValueSpecification","valueRequired":true,"valueName":"search_term_string"}}],"inLanguage":"pt-PT"},{"@type":"Person","@id":"https:\/\/portaltela.pt\/#\/schema\/person\/c4278d4a6028830caff9ee44b42d32ed","name":"Telinha","image":{"@type":"ImageObject","inLanguage":"pt-PT","@id":"https:\/\/portaltela.pt\/s.01k8rhncp4jt1\/2025\/11\/talking-bot-125x125.png","url":"https:\/\/portaltela.pt\/s.01k8rhncp4jt1\/2025\/11\/talking-bot-125x125.png","contentUrl":"https:\/\/portaltela.pt\/s.01k8rhncp4jt1\/2025\/11\/talking-bot-125x125.png","caption":"Telinha"},"sameAs":["https:\/\/portaltela.pt\/"],"url":"https:\/\/portaltela.pt\/por\/367410592786\/"}]}},"_links":{"self":[{"href":"https:\/\/portaltela.pt\/api\/wp\/v2\/posts\/391526","targetHints":{"allow":["GET"]}}],"collection":[{"href":"https:\/\/portaltela.pt\/api\/wp\/v2\/posts"}],"about":[{"href":"https:\/\/portaltela.pt\/api\/wp\/v2\/types\/post"}],"author":[{"embeddable":true,"href":"https:\/\/portaltela.pt\/api\/wp\/v2\/users\/2"}],"replies":[{"embeddable":true,"href":"https:\/\/portaltela.pt\/api\/wp\/v2\/comments?post=391526"}],"version-history":[{"count":0,"href":"https:\/\/portaltela.pt\/api\/wp\/v2\/posts\/391526\/revisions"}],"wp:featuredmedia":[{"embeddable":true,"href":"https:\/\/portaltela.pt\/api\/wp\/v2\/media\/391535"}],"wp:attachment":[{"href":"https:\/\/portaltela.pt\/api\/wp\/v2\/media?parent=391526"}],"wp:term":[{"taxonomy":"category","embeddable":true,"href":"https:\/\/portaltela.pt\/api\/wp\/v2\/categories?post=391526"},{"taxonomy":"post_tag","embeddable":true,"href":"https:\/\/portaltela.pt\/api\/wp\/v2\/tags?post=391526"}],"curies":[{"name":"wp","href":"https:\/\/api.w.org\/{rel}","templated":true}]}}