{"id":391525,"date":"2026-02-27T17:48:00","date_gmt":"2026-02-27T20:48:00","guid":{"rendered":"https:\/\/portaltela.pt\/noticias\/2026\/02\/27\/protesto-em-marco-de-canaveses-exige-nova-ponte-sobre-o-tamega\/"},"modified":"2026-02-27T17:48:00","modified_gmt":"2026-02-27T20:48:00","slug":"protesto-em-marco-de-canaveses-exige-nova-ponte-sobre-o-tamega","status":"publish","type":"post","link":"https:\/\/portaltela.pt\/noticias\/2026\/02\/27\/protesto-em-marco-de-canaveses-exige-nova-ponte-sobre-o-tamega\/","title":{"rendered":"Protesto em Marco de Canaveses exige nova ponte sobre o T\u00e2mega"},"content":{"rendered":"<p>O buzin\u00e3o promovido pelas estruturas distrital e concelhia do PCP ocorreu nesta sexta-feira, no final da tarde, junto \u00e0 ponte sobre o rio T\u00e2mega, no Marco de Canaveses. A a\u00e7\u00e3o visou exigir a constru\u00e7\u00e3o de uma nova travessia rodovi\u00e1ria na regi\u00e3o. O protesto arrancou durante a hora de ponta, num cen\u00e1rio de congestionamento j\u00e1 cr\u00f3nico.<\/p>\n<p>Dezenas de automobilistas participaram na iniciativa, que decorreu sob chuva. Os organizadores apontaram que o tr\u00e1fego na ponte enfrenta atrasos di\u00e1rios, com relatos de condu\u00e7\u00e3o lenta e paragens frequentes ao aproximar-se da travessia. O objetivo \u00e9 pressionar as autoridades para acelerar o projeto da ponte.<\/p>\n<p>Alguns participantes destacaram a import\u00e2ncia de uma solu\u00e7\u00e3o r\u00e1pida para reduzir o tempo de atravessamento e melhorar a mobilidade local. Por outro lado, cr\u00edticos do protesto afirmaram que a constru\u00e7\u00e3o de uma nova ponte n\u00e3o \u00e9 vi\u00e1vel no momento e que as necessidades de investimento devem ser estudadas com base em planos p\u00fablicos existentes.<\/p>\n<h3>Rea\u00e7\u00f5es locais<\/h3>\n<p>Afirmam que a atual infraestrutura n\u00e3o atende aos fluxos de tr\u00e1fego e que uma obra adicional poderia aliviar a congestiona\u00e7\u00e3o na zona. A organiza\u00e7\u00e3o revelou que a a\u00e7\u00e3o seguiu-se a reconhecimentos pr\u00e9vios junto de autoridades locais e regionais, que ainda n\u00e3o apresentaram prazos para o projeto.<\/p>\n<p>Alguns residentes de Marco de Canaveses salientaram a import\u00e2ncia de equilibrar demandas com recursos dispon\u00edveis, destacando a necessidade de avalia\u00e7\u00f5es t\u00e9cnicas e de custos antes de avan\u00e7ar com solu\u00e7\u00f5es de grande envergadura.<\/p>\n<p>As autoridades municipais n\u00e3o emitiram coment\u00e1rios oficiais no momento, mantenedores da ponte apontam para a complexidade de planeamento rodovi\u00e1rio na regi\u00e3o e para a exist\u00eancia de planos de mobilidade j\u00e1 em consulta p\u00fablica.<\/p>\n","protected":false},"excerpt":{"rendered":"<ul>\n<li>Buzin\u00e3o promovido pelo PCP distrital e concelhia decorreu junto \u00e0 ponte sobre o rio T\u00e2mega, no Marco de Canaveses, ao final da tarde.<\/li>\n<li>Dezenas de automobilistas participaram para exigir a constru\u00e7\u00e3o de uma nova travessia rodovi\u00e1ria.<\/li>\n<li>A a\u00e7\u00e3o ocorreu na hora de ponta, num cen\u00e1rio de congestionamento di\u00e1rio.<\/li>\n<li>Eduardo Silva afirmou que, em m\u00e9dia, s\u00e3o quarenta e cinco minutos para chegar \u00e0 ponte e atravess\u00e1-la.<\/li>\n<li>Jos\u00e9 Cardoso, de Cinf\u00e3es, referiu que a chuva intensificou o p\u00e1ra-arranca; Francisco Coelho, do Marco de Canaveses, considerou o protesto desnecess\u00e1rio, dizendo que ningu\u00e9m vai construir uma nova ponte.<\/li>\n<\/ul>\n","protected":false},"author":2,"featured_media":391536,"comment_status":"closed","ping_status":"closed","sticky":false,"template":"","format":"standard","meta":{"footnotes":""},"categories":[1],"tags":[6007,1615,1371,2110,6275,4971],"class_list":["post-391525","post","type-post","status-publish","format-standard","has-post-thumbnail","hentry","category-noticias","tag-congestoes","tag-infraestrutura","tag-marco-de-canaveses","tag-mobilidade","tag-pontes","tag-transporte-rodoviario"],"yoast_head":"<!-- This site is optimized with the Yoast SEO plugin v27.2 - https:\/\/yoast.com\/product\/yoast-seo-wordpress\/ -->\n<title>Protesto em Marco de Canaveses exige nova ponte sobre o T\u00e2mega - Portal Tela Portugal<\/title>\n<meta name=\"robots\" content=\"index, follow, max-snippet:-1, max-image-preview:large, max-video-preview:-1\" \/>\n<meta property=\"og:locale\" content=\"pt_PT\" \/>\n<meta property=\"og:type\" content=\"article\" \/>\n<meta property=\"og:title\" content=\"Protesto em Marco de Canaveses exige nova ponte sobre o T\u00e2mega - Portal Tela Portugal\" \/>\n<meta property=\"og:description\" content=\"Buzin\u00e3o promovido pelo PCP distrital e concelhia decorreu junto \u00e0 ponte sobre o rio T\u00e2mega, no Marco de Canaveses, ao final da tarde. Dezenas de automobilistas participaram para exigir a constru\u00e7\u00e3o de uma nova travessia rodovi\u00e1ria. A a\u00e7\u00e3o ocorreu na hora de ponta, num cen\u00e1rio de congestionamento di\u00e1rio. Eduardo Silva afirmou que, em m\u00e9dia, s\u00e3o quarenta e cinco minutos para chegar \u00e0 ponte e atravess\u00e1-la. Jos\u00e9 Cardoso, de Cinf\u00e3es, referiu que a chuva intensificou o p\u00e1ra-arranca; Francisco Coelho, do Marco de Canaveses, considerou o protesto desnecess\u00e1rio, dizendo que ningu\u00e9m vai construir uma nova ponte.\" \/>\n<meta property=\"og:url\" content=\"https:\/\/portaltela.pt\/noticias\/2026\/02\/27\/protesto-em-marco-de-canaveses-exige-nova-ponte-sobre-o-tamega\/\" \/>\n<meta property=\"og:site_name\" content=\"Portal Tela Portugal\" \/>\n<meta property=\"article:published_time\" content=\"2026-02-27T20:48:00+00:00\" \/>\n<meta name=\"author\" content=\"Telinha\" \/>\n<meta name=\"twitter:card\" content=\"summary_large_image\" \/>\n<meta name=\"twitter:label1\" content=\"Escrito por\" \/>\n\t<meta name=\"twitter:data1\" content=\"Telinha\" \/>\n\t<meta name=\"twitter:label2\" content=\"Tempo estimado de leitura\" \/>\n\t<meta name=\"twitter:data2\" content=\"2 minutos\" \/>\n<script type=\"application\/ld+json\" class=\"yoast-schema-graph\">{\"@context\":\"https:\/\/schema.org\",\"@graph\":[{\"@type\":\"Article\",\"@id\":\"https:\/\/portaltela.pt\/noticias\/2026\/02\/27\/protesto-em-marco-de-canaveses-exige-nova-ponte-sobre-o-tamega\/#article\",\"isPartOf\":{\"@id\":\"https:\/\/portaltela.pt\/noticias\/2026\/02\/27\/protesto-em-marco-de-canaveses-exige-nova-ponte-sobre-o-tamega\/\"},\"author\":{\"name\":\"Telinha\",\"@id\":\"https:\/\/portaltela.pt\/#\/schema\/person\/c4278d4a6028830caff9ee44b42d32ed\"},\"headline\":\"Protesto em Marco de Canaveses exige nova ponte sobre o T\u00e2mega\",\"datePublished\":\"2026-02-27T20:48:00+00:00\",\"mainEntityOfPage\":{\"@id\":\"https:\/\/portaltela.pt\/noticias\/2026\/02\/27\/protesto-em-marco-de-canaveses-exige-nova-ponte-sobre-o-tamega\/\"},\"wordCount\":315,\"image\":{\"@id\":\"https:\/\/portaltela.pt\/noticias\/2026\/02\/27\/protesto-em-marco-de-canaveses-exige-nova-ponte-sobre-o-tamega\/#primaryimage\"},\"thumbnailUrl\":\"https:\/\/portaltela.pt\/s.01k8rhncp4jt1\/2026\/02\/image-2054.jpg\",\"keywords\":[\"congest\u00f5es\",\"infraestrutura\",\"Marco de Canaveses\",\"mobilidade\",\"pontes\",\"transporte rodovi\u00e1rio\"],\"articleSection\":[\"Not\u00edcias\"],\"inLanguage\":\"pt-PT\"},{\"@type\":\"WebPage\",\"@id\":\"https:\/\/portaltela.pt\/noticias\/2026\/02\/27\/protesto-em-marco-de-canaveses-exige-nova-ponte-sobre-o-tamega\/\",\"url\":\"https:\/\/portaltela.pt\/noticias\/2026\/02\/27\/protesto-em-marco-de-canaveses-exige-nova-ponte-sobre-o-tamega\/\",\"name\":\"Protesto em Marco de Canaveses exige nova ponte sobre o T\u00e2mega - Portal Tela Portugal\",\"isPartOf\":{\"@id\":\"https:\/\/portaltela.pt\/#website\"},\"primaryImageOfPage\":{\"@id\":\"https:\/\/portaltela.pt\/noticias\/2026\/02\/27\/protesto-em-marco-de-canaveses-exige-nova-ponte-sobre-o-tamega\/#primaryimage\"},\"image\":{\"@id\":\"https:\/\/portaltela.pt\/noticias\/2026\/02\/27\/protesto-em-marco-de-canaveses-exige-nova-ponte-sobre-o-tamega\/#primaryimage\"},\"thumbnailUrl\":\"https:\/\/portaltela.pt\/s.01k8rhncp4jt1\/2026\/02\/image-2054.jpg\",\"datePublished\":\"2026-02-27T20:48:00+00:00\",\"author\":{\"@id\":\"https:\/\/portaltela.pt\/#\/schema\/person\/c4278d4a6028830caff9ee44b42d32ed\"},\"breadcrumb\":{\"@id\":\"https:\/\/portaltela.pt\/noticias\/2026\/02\/27\/protesto-em-marco-de-canaveses-exige-nova-ponte-sobre-o-tamega\/#breadcrumb\"},\"inLanguage\":\"pt-PT\",\"potentialAction\":[{\"@type\":\"ReadAction\",\"target\":[\"https:\/\/portaltela.pt\/noticias\/2026\/02\/27\/protesto-em-marco-de-canaveses-exige-nova-ponte-sobre-o-tamega\/\"]}]},{\"@type\":\"ImageObject\",\"inLanguage\":\"pt-PT\",\"@id\":\"https:\/\/portaltela.pt\/noticias\/2026\/02\/27\/protesto-em-marco-de-canaveses-exige-nova-ponte-sobre-o-tamega\/#primaryimage\",\"url\":\"https:\/\/portaltela.pt\/s.01k8rhncp4jt1\/2026\/02\/image-2054.jpg\",\"contentUrl\":\"https:\/\/portaltela.pt\/s.01k8rhncp4jt1\/2026\/02\/image-2054.jpg\",\"width\":796,\"height\":448,\"caption\":\"Ponte atual \u00e9 usada por 95 mil residentes diariamente\"},{\"@type\":\"BreadcrumbList\",\"@id\":\"https:\/\/portaltela.pt\/noticias\/2026\/02\/27\/protesto-em-marco-de-canaveses-exige-nova-ponte-sobre-o-tamega\/#breadcrumb\",\"itemListElement\":[{\"@type\":\"ListItem\",\"position\":1,\"name\":\"In\u00edcio\",\"item\":\"https:\/\/portaltela.pt\/\"},{\"@type\":\"ListItem\",\"position\":2,\"name\":\"Protesto em Marco de Canaveses exige nova ponte sobre o T\u00e2mega\"}]},{\"@type\":\"WebSite\",\"@id\":\"https:\/\/portaltela.pt\/#website\",\"url\":\"https:\/\/portaltela.pt\/\",\"name\":\"Portal Tela Portugal\",\"description\":\"\",\"potentialAction\":[{\"@type\":\"SearchAction\",\"target\":{\"@type\":\"EntryPoint\",\"urlTemplate\":\"https:\/\/portaltela.pt\/?s={search_term_string}\"},\"query-input\":{\"@type\":\"PropertyValueSpecification\",\"valueRequired\":true,\"valueName\":\"search_term_string\"}}],\"inLanguage\":\"pt-PT\"},{\"@type\":\"Person\",\"@id\":\"https:\/\/portaltela.pt\/#\/schema\/person\/c4278d4a6028830caff9ee44b42d32ed\",\"name\":\"Telinha\",\"image\":{\"@type\":\"ImageObject\",\"inLanguage\":\"pt-PT\",\"@id\":\"https:\/\/portaltela.pt\/s.01k8rhncp4jt1\/2025\/11\/talking-bot-125x125.png\",\"url\":\"https:\/\/portaltela.pt\/s.01k8rhncp4jt1\/2025\/11\/talking-bot-125x125.png\",\"contentUrl\":\"https:\/\/portaltela.pt\/s.01k8rhncp4jt1\/2025\/11\/talking-bot-125x125.png\",\"caption\":\"Telinha\"},\"sameAs\":[\"https:\/\/portaltela.pt\/\"],\"url\":\"https:\/\/portaltela.pt\/por\/367410592786\/\"}]}<\/script>\n<!-- \/ Yoast SEO plugin. -->","yoast_head_json":{"title":"Protesto em Marco de Canaveses exige nova ponte sobre o T\u00e2mega - Portal Tela Portugal","robots":{"index":"index","follow":"follow","max-snippet":"max-snippet:-1","max-image-preview":"max-image-preview:large","max-video-preview":"max-video-preview:-1"},"og_locale":"pt_PT","og_type":"article","og_title":"Protesto em Marco de Canaveses exige nova ponte sobre o T\u00e2mega - Portal Tela Portugal","og_description":"Buzin\u00e3o promovido pelo PCP distrital e concelhia decorreu junto \u00e0 ponte sobre o rio T\u00e2mega, no Marco de Canaveses, ao final da tarde. Dezenas de automobilistas participaram para exigir a constru\u00e7\u00e3o de uma nova travessia rodovi\u00e1ria. A a\u00e7\u00e3o ocorreu na hora de ponta, num cen\u00e1rio de congestionamento di\u00e1rio. Eduardo Silva afirmou que, em m\u00e9dia, s\u00e3o quarenta e cinco minutos para chegar \u00e0 ponte e atravess\u00e1-la. Jos\u00e9 Cardoso, de Cinf\u00e3es, referiu que a chuva intensificou o p\u00e1ra-arranca; Francisco Coelho, do Marco de Canaveses, considerou o protesto desnecess\u00e1rio, dizendo que ningu\u00e9m vai construir uma nova ponte.","og_url":"https:\/\/portaltela.pt\/noticias\/2026\/02\/27\/protesto-em-marco-de-canaveses-exige-nova-ponte-sobre-o-tamega\/","og_site_name":"Portal Tela Portugal","article_published_time":"2026-02-27T20:48:00+00:00","author":"Telinha","twitter_card":"summary_large_image","twitter_misc":{"Escrito por":"Telinha","Tempo estimado de leitura":"2 minutos"},"schema":{"@context":"https:\/\/schema.org","@graph":[{"@type":"Article","@id":"https:\/\/portaltela.pt\/noticias\/2026\/02\/27\/protesto-em-marco-de-canaveses-exige-nova-ponte-sobre-o-tamega\/#article","isPartOf":{"@id":"https:\/\/portaltela.pt\/noticias\/2026\/02\/27\/protesto-em-marco-de-canaveses-exige-nova-ponte-sobre-o-tamega\/"},"author":{"name":"Telinha","@id":"https:\/\/portaltela.pt\/#\/schema\/person\/c4278d4a6028830caff9ee44b42d32ed"},"headline":"Protesto em Marco de Canaveses exige nova ponte sobre o T\u00e2mega","datePublished":"2026-02-27T20:48:00+00:00","mainEntityOfPage":{"@id":"https:\/\/portaltela.pt\/noticias\/2026\/02\/27\/protesto-em-marco-de-canaveses-exige-nova-ponte-sobre-o-tamega\/"},"wordCount":315,"image":{"@id":"https:\/\/portaltela.pt\/noticias\/2026\/02\/27\/protesto-em-marco-de-canaveses-exige-nova-ponte-sobre-o-tamega\/#primaryimage"},"thumbnailUrl":"https:\/\/portaltela.pt\/s.01k8rhncp4jt1\/2026\/02\/image-2054.jpg","keywords":["congest\u00f5es","infraestrutura","Marco de Canaveses","mobilidade","pontes","transporte rodovi\u00e1rio"],"articleSection":["Not\u00edcias"],"inLanguage":"pt-PT"},{"@type":"WebPage","@id":"https:\/\/portaltela.pt\/noticias\/2026\/02\/27\/protesto-em-marco-de-canaveses-exige-nova-ponte-sobre-o-tamega\/","url":"https:\/\/portaltela.pt\/noticias\/2026\/02\/27\/protesto-em-marco-de-canaveses-exige-nova-ponte-sobre-o-tamega\/","name":"Protesto em Marco de Canaveses exige nova ponte sobre o T\u00e2mega - Portal Tela Portugal","isPartOf":{"@id":"https:\/\/portaltela.pt\/#website"},"primaryImageOfPage":{"@id":"https:\/\/portaltela.pt\/noticias\/2026\/02\/27\/protesto-em-marco-de-canaveses-exige-nova-ponte-sobre-o-tamega\/#primaryimage"},"image":{"@id":"https:\/\/portaltela.pt\/noticias\/2026\/02\/27\/protesto-em-marco-de-canaveses-exige-nova-ponte-sobre-o-tamega\/#primaryimage"},"thumbnailUrl":"https:\/\/portaltela.pt\/s.01k8rhncp4jt1\/2026\/02\/image-2054.jpg","datePublished":"2026-02-27T20:48:00+00:00","author":{"@id":"https:\/\/portaltela.pt\/#\/schema\/person\/c4278d4a6028830caff9ee44b42d32ed"},"breadcrumb":{"@id":"https:\/\/portaltela.pt\/noticias\/2026\/02\/27\/protesto-em-marco-de-canaveses-exige-nova-ponte-sobre-o-tamega\/#breadcrumb"},"inLanguage":"pt-PT","potentialAction":[{"@type":"ReadAction","target":["https:\/\/portaltela.pt\/noticias\/2026\/02\/27\/protesto-em-marco-de-canaveses-exige-nova-ponte-sobre-o-tamega\/"]}]},{"@type":"ImageObject","inLanguage":"pt-PT","@id":"https:\/\/portaltela.pt\/noticias\/2026\/02\/27\/protesto-em-marco-de-canaveses-exige-nova-ponte-sobre-o-tamega\/#primaryimage","url":"https:\/\/portaltela.pt\/s.01k8rhncp4jt1\/2026\/02\/image-2054.jpg","contentUrl":"https:\/\/portaltela.pt\/s.01k8rhncp4jt1\/2026\/02\/image-2054.jpg","width":796,"height":448,"caption":"Ponte atual \u00e9 usada por 95 mil residentes diariamente"},{"@type":"BreadcrumbList","@id":"https:\/\/portaltela.pt\/noticias\/2026\/02\/27\/protesto-em-marco-de-canaveses-exige-nova-ponte-sobre-o-tamega\/#breadcrumb","itemListElement":[{"@type":"ListItem","position":1,"name":"In\u00edcio","item":"https:\/\/portaltela.pt\/"},{"@type":"ListItem","position":2,"name":"Protesto em Marco de Canaveses exige nova ponte sobre o T\u00e2mega"}]},{"@type":"WebSite","@id":"https:\/\/portaltela.pt\/#website","url":"https:\/\/portaltela.pt\/","name":"Portal Tela Portugal","description":"","potentialAction":[{"@type":"SearchAction","target":{"@type":"EntryPoint","urlTemplate":"https:\/\/portaltela.pt\/?s={search_term_string}"},"query-input":{"@type":"PropertyValueSpecification","valueRequired":true,"valueName":"search_term_string"}}],"inLanguage":"pt-PT"},{"@type":"Person","@id":"https:\/\/portaltela.pt\/#\/schema\/person\/c4278d4a6028830caff9ee44b42d32ed","name":"Telinha","image":{"@type":"ImageObject","inLanguage":"pt-PT","@id":"https:\/\/portaltela.pt\/s.01k8rhncp4jt1\/2025\/11\/talking-bot-125x125.png","url":"https:\/\/portaltela.pt\/s.01k8rhncp4jt1\/2025\/11\/talking-bot-125x125.png","contentUrl":"https:\/\/portaltela.pt\/s.01k8rhncp4jt1\/2025\/11\/talking-bot-125x125.png","caption":"Telinha"},"sameAs":["https:\/\/portaltela.pt\/"],"url":"https:\/\/portaltela.pt\/por\/367410592786\/"}]}},"_links":{"self":[{"href":"https:\/\/portaltela.pt\/api\/wp\/v2\/posts\/391525","targetHints":{"allow":["GET"]}}],"collection":[{"href":"https:\/\/portaltela.pt\/api\/wp\/v2\/posts"}],"about":[{"href":"https:\/\/portaltela.pt\/api\/wp\/v2\/types\/post"}],"author":[{"embeddable":true,"href":"https:\/\/portaltela.pt\/api\/wp\/v2\/users\/2"}],"replies":[{"embeddable":true,"href":"https:\/\/portaltela.pt\/api\/wp\/v2\/comments?post=391525"}],"version-history":[{"count":0,"href":"https:\/\/portaltela.pt\/api\/wp\/v2\/posts\/391525\/revisions"}],"wp:featuredmedia":[{"embeddable":true,"href":"https:\/\/portaltela.pt\/api\/wp\/v2\/media\/391536"}],"wp:attachment":[{"href":"https:\/\/portaltela.pt\/api\/wp\/v2\/media?parent=391525"}],"wp:term":[{"taxonomy":"category","embeddable":true,"href":"https:\/\/portaltela.pt\/api\/wp\/v2\/categories?post=391525"},{"taxonomy":"post_tag","embeddable":true,"href":"https:\/\/portaltela.pt\/api\/wp\/v2\/tags?post=391525"}],"curies":[{"name":"wp","href":"https:\/\/api.w.org\/{rel}","templated":true}]}}