{"id":391524,"date":"2026-02-27T18:30:00","date_gmt":"2026-02-27T21:30:00","guid":{"rendered":"https:\/\/portaltela.pt\/noticias\/2026\/02\/27\/diogo-costa-destaca-final-feliz-apos-susto\/"},"modified":"2026-02-27T18:30:00","modified_gmt":"2026-02-27T21:30:00","slug":"diogo-costa-destaca-final-feliz-apos-susto","status":"publish","type":"post","link":"https:\/\/portaltela.pt\/desporto\/futebol\/2026\/02\/27\/diogo-costa-destaca-final-feliz-apos-susto\/","title":{"rendered":"Diogo Costa destaca final feliz ap\u00f3s susto"},"content":{"rendered":"<p>O FC Porto triunfou sobre o Arouca por 3-1 na rece\u00e7\u00e3o ao conjunto aveirense, em jogo da Liga portuguesa. O guarda-redes Diogo Costa destacou que a vit\u00f3ria poderia ter chegado mais cedo, caso a equipa n\u00e3o tivesse reculado a partir do intervalo.<\/p>\n<p>No visu do guarda-redes dos drag\u00f5es, a baixa efic\u00e1cia na primeira parte atrasou o triplete de golos, ainda que a defesa tenha mantido a tranquilidade. O foco principal fica no desfecho feliz ap\u00f3s o susto inicial, que permitiu manter a lideran\u00e7a na prova.<\/p>\n<p>Diogo Costa sublinha a import\u00e2ncia de todos estarem alinhados e a leitura do jogo nos momentos decisivos. O jogador elogiou a resposta coletiva, especialmente ap\u00f3s o apoio a Borja Sainz, por motivo pessoal, mantendo o foco no trabalho di\u00e1rio.<\/p>\n<h3>Dedica\u00e7\u00e3o a Borja Sainz<\/h3>\n<p>O guarda-redes refor\u00e7ou que a vit\u00f3ria tamb\u00e9m teve um significado emocional, com apoio ao colega durante um momento dif\u00edcil. A equipa volta a refor\u00e7ar a intensidade, com o objetivo de manter o n\u00edvel competitivo ao longo da \u00e9poca.<\/p>\n<p>O guardi\u00e3o assegura ainda que a coes\u00e3o defensiva \u00e9 fruto de esfor\u00e7o conjunto e que o conjunto atravessa uma fase de aposta cont\u00ednua no trabalho coletivo. Quanto ao calend\u00e1rio de mar\u00e7o, o plantel mant\u00e9m a confian\u00e7a no ritmo e no desempenho.<\/p>\n","protected":false},"excerpt":{"rendered":"<ul>\n<li>O FC Porto venceu o Arouca por 3-1; Diogo Costa disse que o jogo podia ter ficado decidido j\u00e1 no in\u00edcio.<\/li>\n<li>O guarda-redes dedicou a vit\u00f3ria a Borja Sainz, que perdeu a m\u00e3e durante a semana.<\/li>\n<li>A segunda parte acusou uma quebra de rendimento, mas o final feliz foi destacado como resultado de trabalho coletivo.<\/li>\n<li>As mudan\u00e7as no plantel ajudaram a equipa a readquirir o ritmo e a leitura do jogo, segundo o pr\u00f3prio jogador.<\/li>\n<li>Sobre mar\u00e7o, o guarda-redes garante que o calend\u00e1rio n\u00e3o assusta, devido \u00e0 intensidade do grupo e ao n\u00famero de jogos.<\/li>\n<\/ul>\n","protected":false},"author":2,"featured_media":391532,"comment_status":"closed","ping_status":"closed","sticky":false,"template":"","format":"standard","meta":{"footnotes":""},"categories":[21,24],"tags":[4143,5180,3406,2028,32,1747],"class_list":["post-391524","post","type-post","status-publish","format-standard","has-post-thumbnail","hentry","category-desporto","category-futebol","tag-1-liga","tag-borja-sainz","tag-diogo-costa","tag-fc-porto","tag-futebol","tag-futebol-profissional"],"yoast_head":"<!-- This site is optimized with the Yoast SEO plugin v27.2 - https:\/\/yoast.com\/product\/yoast-seo-wordpress\/ -->\n<title>Diogo Costa destaca final feliz ap\u00f3s susto - Portal Tela Portugal<\/title>\n<meta name=\"robots\" content=\"index, follow, max-snippet:-1, max-image-preview:large, max-video-preview:-1\" \/>\n<meta property=\"og:locale\" content=\"pt_PT\" \/>\n<meta property=\"og:type\" content=\"article\" \/>\n<meta property=\"og:title\" content=\"Diogo Costa destaca final feliz ap\u00f3s susto - Portal Tela Portugal\" \/>\n<meta property=\"og:description\" content=\"O FC Porto venceu o Arouca por 3-1; Diogo Costa disse que o jogo podia ter ficado decidido j\u00e1 no in\u00edcio. O guarda-redes dedicou a vit\u00f3ria a Borja Sainz, que perdeu a m\u00e3e durante a semana. A segunda parte acusou uma quebra de rendimento, mas o final feliz foi destacado como resultado de trabalho coletivo. As mudan\u00e7as no plantel ajudaram a equipa a readquirir o ritmo e a leitura do jogo, segundo o pr\u00f3prio jogador. Sobre mar\u00e7o, o guarda-redes garante que o calend\u00e1rio n\u00e3o assusta, devido \u00e0 intensidade do grupo e ao n\u00famero de jogos.\" \/>\n<meta property=\"og:url\" content=\"https:\/\/portaltela.pt\/noticias\/2026\/02\/27\/diogo-costa-destaca-final-feliz-apos-susto\/\" \/>\n<meta property=\"og:site_name\" content=\"Portal Tela Portugal\" \/>\n<meta property=\"article:published_time\" content=\"2026-02-27T21:30:00+00:00\" \/>\n<meta name=\"author\" content=\"Telinha\" \/>\n<meta name=\"twitter:card\" content=\"summary_large_image\" \/>\n<meta name=\"twitter:label1\" content=\"Escrito por\" \/>\n\t<meta name=\"twitter:data1\" content=\"Telinha\" \/>\n\t<meta name=\"twitter:label2\" content=\"Tempo estimado de leitura\" \/>\n\t<meta name=\"twitter:data2\" content=\"1 minuto\" \/>\n<script type=\"application\/ld+json\" class=\"yoast-schema-graph\">{\"@context\":\"https:\/\/schema.org\",\"@graph\":[{\"@type\":\"Article\",\"@id\":\"https:\/\/portaltela.pt\/noticias\/2026\/02\/27\/diogo-costa-destaca-final-feliz-apos-susto\/#article\",\"isPartOf\":{\"@id\":\"https:\/\/portaltela.pt\/noticias\/2026\/02\/27\/diogo-costa-destaca-final-feliz-apos-susto\/\"},\"author\":{\"name\":\"Telinha\",\"@id\":\"https:\/\/portaltela.pt\/#\/schema\/person\/c4278d4a6028830caff9ee44b42d32ed\"},\"headline\":\"Diogo Costa destaca final feliz ap\u00f3s susto\",\"datePublished\":\"2026-02-27T21:30:00+00:00\",\"mainEntityOfPage\":{\"@id\":\"https:\/\/portaltela.pt\/noticias\/2026\/02\/27\/diogo-costa-destaca-final-feliz-apos-susto\/\"},\"wordCount\":239,\"image\":{\"@id\":\"https:\/\/portaltela.pt\/noticias\/2026\/02\/27\/diogo-costa-destaca-final-feliz-apos-susto\/#primaryimage\"},\"thumbnailUrl\":\"https:\/\/portaltela.pt\/s.01k8rhncp4jt1\/2026\/02\/img_920x518uu2026-02-27-21-30-20-2424019.jpg\",\"keywords\":[\"1. Liga\",\"Borja Sainz\",\"Diogo Costa\",\"FC Porto\",\"futebol\",\"Futebol Profissional\"],\"articleSection\":[\"Desporto\",\"Futebol\"],\"inLanguage\":\"pt-PT\"},{\"@type\":\"WebPage\",\"@id\":\"https:\/\/portaltela.pt\/noticias\/2026\/02\/27\/diogo-costa-destaca-final-feliz-apos-susto\/\",\"url\":\"https:\/\/portaltela.pt\/noticias\/2026\/02\/27\/diogo-costa-destaca-final-feliz-apos-susto\/\",\"name\":\"Diogo Costa destaca final feliz ap\u00f3s susto - Portal Tela Portugal\",\"isPartOf\":{\"@id\":\"https:\/\/portaltela.pt\/#website\"},\"primaryImageOfPage\":{\"@id\":\"https:\/\/portaltela.pt\/noticias\/2026\/02\/27\/diogo-costa-destaca-final-feliz-apos-susto\/#primaryimage\"},\"image\":{\"@id\":\"https:\/\/portaltela.pt\/noticias\/2026\/02\/27\/diogo-costa-destaca-final-feliz-apos-susto\/#primaryimage\"},\"thumbnailUrl\":\"https:\/\/portaltela.pt\/s.01k8rhncp4jt1\/2026\/02\/img_920x518uu2026-02-27-21-30-20-2424019.jpg\",\"datePublished\":\"2026-02-27T21:30:00+00:00\",\"author\":{\"@id\":\"https:\/\/portaltela.pt\/#\/schema\/person\/c4278d4a6028830caff9ee44b42d32ed\"},\"breadcrumb\":{\"@id\":\"https:\/\/portaltela.pt\/noticias\/2026\/02\/27\/diogo-costa-destaca-final-feliz-apos-susto\/#breadcrumb\"},\"inLanguage\":\"pt-PT\",\"potentialAction\":[{\"@type\":\"ReadAction\",\"target\":[\"https:\/\/portaltela.pt\/noticias\/2026\/02\/27\/diogo-costa-destaca-final-feliz-apos-susto\/\"]}]},{\"@type\":\"ImageObject\",\"inLanguage\":\"pt-PT\",\"@id\":\"https:\/\/portaltela.pt\/noticias\/2026\/02\/27\/diogo-costa-destaca-final-feliz-apos-susto\/#primaryimage\",\"url\":\"https:\/\/portaltela.pt\/s.01k8rhncp4jt1\/2026\/02\/img_920x518uu2026-02-27-21-30-20-2424019.jpg\",\"contentUrl\":\"https:\/\/portaltela.pt\/s.01k8rhncp4jt1\/2026\/02\/img_920x518uu2026-02-27-21-30-20-2424019.jpg\",\"width\":796,\"height\":448,\"caption\":\"Diogo Costa\"},{\"@type\":\"BreadcrumbList\",\"@id\":\"https:\/\/portaltela.pt\/noticias\/2026\/02\/27\/diogo-costa-destaca-final-feliz-apos-susto\/#breadcrumb\",\"itemListElement\":[{\"@type\":\"ListItem\",\"position\":1,\"name\":\"In\u00edcio\",\"item\":\"https:\/\/portaltela.pt\/\"},{\"@type\":\"ListItem\",\"position\":2,\"name\":\"Diogo Costa destaca final feliz ap\u00f3s susto\"}]},{\"@type\":\"WebSite\",\"@id\":\"https:\/\/portaltela.pt\/#website\",\"url\":\"https:\/\/portaltela.pt\/\",\"name\":\"Portal Tela Portugal\",\"description\":\"\",\"potentialAction\":[{\"@type\":\"SearchAction\",\"target\":{\"@type\":\"EntryPoint\",\"urlTemplate\":\"https:\/\/portaltela.pt\/?s={search_term_string}\"},\"query-input\":{\"@type\":\"PropertyValueSpecification\",\"valueRequired\":true,\"valueName\":\"search_term_string\"}}],\"inLanguage\":\"pt-PT\"},{\"@type\":\"Person\",\"@id\":\"https:\/\/portaltela.pt\/#\/schema\/person\/c4278d4a6028830caff9ee44b42d32ed\",\"name\":\"Telinha\",\"image\":{\"@type\":\"ImageObject\",\"inLanguage\":\"pt-PT\",\"@id\":\"https:\/\/portaltela.pt\/s.01k8rhncp4jt1\/2025\/11\/talking-bot-125x125.png\",\"url\":\"https:\/\/portaltela.pt\/s.01k8rhncp4jt1\/2025\/11\/talking-bot-125x125.png\",\"contentUrl\":\"https:\/\/portaltela.pt\/s.01k8rhncp4jt1\/2025\/11\/talking-bot-125x125.png\",\"caption\":\"Telinha\"},\"sameAs\":[\"https:\/\/portaltela.pt\/\"],\"url\":\"https:\/\/portaltela.pt\/por\/367410592786\/\"}]}<\/script>\n<!-- \/ Yoast SEO plugin. -->","yoast_head_json":{"title":"Diogo Costa destaca final feliz ap\u00f3s susto - Portal Tela Portugal","robots":{"index":"index","follow":"follow","max-snippet":"max-snippet:-1","max-image-preview":"max-image-preview:large","max-video-preview":"max-video-preview:-1"},"og_locale":"pt_PT","og_type":"article","og_title":"Diogo Costa destaca final feliz ap\u00f3s susto - Portal Tela Portugal","og_description":"O FC Porto venceu o Arouca por 3-1; Diogo Costa disse que o jogo podia ter ficado decidido j\u00e1 no in\u00edcio. O guarda-redes dedicou a vit\u00f3ria a Borja Sainz, que perdeu a m\u00e3e durante a semana. A segunda parte acusou uma quebra de rendimento, mas o final feliz foi destacado como resultado de trabalho coletivo. As mudan\u00e7as no plantel ajudaram a equipa a readquirir o ritmo e a leitura do jogo, segundo o pr\u00f3prio jogador. Sobre mar\u00e7o, o guarda-redes garante que o calend\u00e1rio n\u00e3o assusta, devido \u00e0 intensidade do grupo e ao n\u00famero de jogos.","og_url":"https:\/\/portaltela.pt\/noticias\/2026\/02\/27\/diogo-costa-destaca-final-feliz-apos-susto\/","og_site_name":"Portal Tela Portugal","article_published_time":"2026-02-27T21:30:00+00:00","author":"Telinha","twitter_card":"summary_large_image","twitter_misc":{"Escrito por":"Telinha","Tempo estimado de leitura":"1 minuto"},"schema":{"@context":"https:\/\/schema.org","@graph":[{"@type":"Article","@id":"https:\/\/portaltela.pt\/noticias\/2026\/02\/27\/diogo-costa-destaca-final-feliz-apos-susto\/#article","isPartOf":{"@id":"https:\/\/portaltela.pt\/noticias\/2026\/02\/27\/diogo-costa-destaca-final-feliz-apos-susto\/"},"author":{"name":"Telinha","@id":"https:\/\/portaltela.pt\/#\/schema\/person\/c4278d4a6028830caff9ee44b42d32ed"},"headline":"Diogo Costa destaca final feliz ap\u00f3s susto","datePublished":"2026-02-27T21:30:00+00:00","mainEntityOfPage":{"@id":"https:\/\/portaltela.pt\/noticias\/2026\/02\/27\/diogo-costa-destaca-final-feliz-apos-susto\/"},"wordCount":239,"image":{"@id":"https:\/\/portaltela.pt\/noticias\/2026\/02\/27\/diogo-costa-destaca-final-feliz-apos-susto\/#primaryimage"},"thumbnailUrl":"https:\/\/portaltela.pt\/s.01k8rhncp4jt1\/2026\/02\/img_920x518uu2026-02-27-21-30-20-2424019.jpg","keywords":["1. Liga","Borja Sainz","Diogo Costa","FC Porto","futebol","Futebol Profissional"],"articleSection":["Desporto","Futebol"],"inLanguage":"pt-PT"},{"@type":"WebPage","@id":"https:\/\/portaltela.pt\/noticias\/2026\/02\/27\/diogo-costa-destaca-final-feliz-apos-susto\/","url":"https:\/\/portaltela.pt\/noticias\/2026\/02\/27\/diogo-costa-destaca-final-feliz-apos-susto\/","name":"Diogo Costa destaca final feliz ap\u00f3s susto - Portal Tela Portugal","isPartOf":{"@id":"https:\/\/portaltela.pt\/#website"},"primaryImageOfPage":{"@id":"https:\/\/portaltela.pt\/noticias\/2026\/02\/27\/diogo-costa-destaca-final-feliz-apos-susto\/#primaryimage"},"image":{"@id":"https:\/\/portaltela.pt\/noticias\/2026\/02\/27\/diogo-costa-destaca-final-feliz-apos-susto\/#primaryimage"},"thumbnailUrl":"https:\/\/portaltela.pt\/s.01k8rhncp4jt1\/2026\/02\/img_920x518uu2026-02-27-21-30-20-2424019.jpg","datePublished":"2026-02-27T21:30:00+00:00","author":{"@id":"https:\/\/portaltela.pt\/#\/schema\/person\/c4278d4a6028830caff9ee44b42d32ed"},"breadcrumb":{"@id":"https:\/\/portaltela.pt\/noticias\/2026\/02\/27\/diogo-costa-destaca-final-feliz-apos-susto\/#breadcrumb"},"inLanguage":"pt-PT","potentialAction":[{"@type":"ReadAction","target":["https:\/\/portaltela.pt\/noticias\/2026\/02\/27\/diogo-costa-destaca-final-feliz-apos-susto\/"]}]},{"@type":"ImageObject","inLanguage":"pt-PT","@id":"https:\/\/portaltela.pt\/noticias\/2026\/02\/27\/diogo-costa-destaca-final-feliz-apos-susto\/#primaryimage","url":"https:\/\/portaltela.pt\/s.01k8rhncp4jt1\/2026\/02\/img_920x518uu2026-02-27-21-30-20-2424019.jpg","contentUrl":"https:\/\/portaltela.pt\/s.01k8rhncp4jt1\/2026\/02\/img_920x518uu2026-02-27-21-30-20-2424019.jpg","width":796,"height":448,"caption":"Diogo Costa"},{"@type":"BreadcrumbList","@id":"https:\/\/portaltela.pt\/noticias\/2026\/02\/27\/diogo-costa-destaca-final-feliz-apos-susto\/#breadcrumb","itemListElement":[{"@type":"ListItem","position":1,"name":"In\u00edcio","item":"https:\/\/portaltela.pt\/"},{"@type":"ListItem","position":2,"name":"Diogo Costa destaca final feliz ap\u00f3s susto"}]},{"@type":"WebSite","@id":"https:\/\/portaltela.pt\/#website","url":"https:\/\/portaltela.pt\/","name":"Portal Tela Portugal","description":"","potentialAction":[{"@type":"SearchAction","target":{"@type":"EntryPoint","urlTemplate":"https:\/\/portaltela.pt\/?s={search_term_string}"},"query-input":{"@type":"PropertyValueSpecification","valueRequired":true,"valueName":"search_term_string"}}],"inLanguage":"pt-PT"},{"@type":"Person","@id":"https:\/\/portaltela.pt\/#\/schema\/person\/c4278d4a6028830caff9ee44b42d32ed","name":"Telinha","image":{"@type":"ImageObject","inLanguage":"pt-PT","@id":"https:\/\/portaltela.pt\/s.01k8rhncp4jt1\/2025\/11\/talking-bot-125x125.png","url":"https:\/\/portaltela.pt\/s.01k8rhncp4jt1\/2025\/11\/talking-bot-125x125.png","contentUrl":"https:\/\/portaltela.pt\/s.01k8rhncp4jt1\/2025\/11\/talking-bot-125x125.png","caption":"Telinha"},"sameAs":["https:\/\/portaltela.pt\/"],"url":"https:\/\/portaltela.pt\/por\/367410592786\/"}]}},"_links":{"self":[{"href":"https:\/\/portaltela.pt\/api\/wp\/v2\/posts\/391524","targetHints":{"allow":["GET"]}}],"collection":[{"href":"https:\/\/portaltela.pt\/api\/wp\/v2\/posts"}],"about":[{"href":"https:\/\/portaltela.pt\/api\/wp\/v2\/types\/post"}],"author":[{"embeddable":true,"href":"https:\/\/portaltela.pt\/api\/wp\/v2\/users\/2"}],"replies":[{"embeddable":true,"href":"https:\/\/portaltela.pt\/api\/wp\/v2\/comments?post=391524"}],"version-history":[{"count":0,"href":"https:\/\/portaltela.pt\/api\/wp\/v2\/posts\/391524\/revisions"}],"wp:featuredmedia":[{"embeddable":true,"href":"https:\/\/portaltela.pt\/api\/wp\/v2\/media\/391532"}],"wp:attachment":[{"href":"https:\/\/portaltela.pt\/api\/wp\/v2\/media?parent=391524"}],"wp:term":[{"taxonomy":"category","embeddable":true,"href":"https:\/\/portaltela.pt\/api\/wp\/v2\/categories?post=391524"},{"taxonomy":"post_tag","embeddable":true,"href":"https:\/\/portaltela.pt\/api\/wp\/v2\/tags?post=391524"}],"curies":[{"name":"wp","href":"https:\/\/api.w.org\/{rel}","templated":true}]}}