{"id":391521,"date":"2026-02-27T16:41:00","date_gmt":"2026-02-27T19:41:00","guid":{"rendered":"https:\/\/portaltela.pt\/noticias\/2026\/02\/27\/milao-duas-pessoas-morrem-em-acidente-com-eletrico\/"},"modified":"2026-02-27T16:41:00","modified_gmt":"2026-02-27T19:41:00","slug":"milao-duas-pessoas-morrem-em-acidente-com-eletrico","status":"publish","type":"post","link":"https:\/\/portaltela.pt\/noticias\/2026\/02\/27\/milao-duas-pessoas-morrem-em-acidente-com-eletrico\/","title":{"rendered":"Mil\u00e3o: duas pessoas morrem em acidente com el\u00e9trico"},"content":{"rendered":"<p>Um acidente com um el\u00e9trico em Mil\u00e3o, no centro da cidade, descarrilou hoje e embateu num edif\u00edcio, causando duas mortes e mais de duas dezenas de feridos. Os dados s\u00e3o fornecidos pelas autoridades locais.<\/p>\n<p>As autoridades milanesas confirmaram que o incidente envolveu um el\u00e9trico da linha urbana. Equipa de emerg\u00eancia esteve no local, com apoio de unidades de socorro e prote\u00e7\u00e3o civil, para prestar assist\u00eancia e estabilizar a \u00e1rea.<\/p>\n<p>As causas do descarrilamento est\u00e3o a ser investigadas pelas autoridades competentes e pela empresa respons\u00e1vel pela gest\u00e3o do servi\u00e7o de transportes. N\u00e3o houve confirma\u00e7\u00e3o sobre o n\u00famero exato de feridos nem sobre a gravidade dos casos.<\/p>\n","protected":false},"excerpt":{"rendered":"<ul>\n<li>Autoridades de Mil\u00e3o confirmaram a morte de duas pessoas em acidente com um el\u00e9trico que descarrilou e atingiu um edif\u00edcio no centro da cidade.<\/li>\n<li>O incidente ocorreu hoje, envolvendo o el\u00e9trico que descarrilou e embateu contra uma constru\u00e7\u00e3o.<\/li>\n<li>O acidente deixou tamb\u00e9m mais de duas dezenas de feridos.<\/li>\n<li>As informa\u00e7\u00f5es foram comunicadas pelas autoridades locais de Mil\u00e3o.<\/li>\n<li>O conte\u00fado completo da not\u00edcia est\u00e1 dispon\u00edvel apenas para subscritores.<\/li>\n<\/ul>\n","protected":false},"author":2,"featured_media":391530,"comment_status":"closed","ping_status":"closed","sticky":false,"template":"","format":"standard","meta":{"footnotes":""},"categories":[1],"tags":[5487,4405,3449,1857,320,192],"class_list":["post-391521","post","type-post","status-publish","format-standard","has-post-thumbnail","hentry","category-noticias","tag-acidente","tag-eletrico","tag-feridos","tag-italia","tag-protecao-civil","tag-transporte"],"yoast_head":"<!-- This site is optimized with the Yoast SEO plugin v27.2 - https:\/\/yoast.com\/product\/yoast-seo-wordpress\/ -->\n<title>Mil\u00e3o: duas pessoas morrem em acidente com el\u00e9trico - Portal Tela Portugal<\/title>\n<meta name=\"robots\" content=\"index, follow, max-snippet:-1, max-image-preview:large, max-video-preview:-1\" \/>\n<meta property=\"og:locale\" content=\"pt_PT\" \/>\n<meta property=\"og:type\" content=\"article\" \/>\n<meta property=\"og:title\" content=\"Mil\u00e3o: duas pessoas morrem em acidente com el\u00e9trico - Portal Tela Portugal\" \/>\n<meta property=\"og:description\" content=\"Autoridades de Mil\u00e3o confirmaram a morte de duas pessoas em acidente com um el\u00e9trico que descarrilou e atingiu um edif\u00edcio no centro da cidade. O incidente ocorreu hoje, envolvendo o el\u00e9trico que descarrilou e embateu contra uma constru\u00e7\u00e3o. O acidente deixou tamb\u00e9m mais de duas dezenas de feridos. As informa\u00e7\u00f5es foram comunicadas pelas autoridades locais de Mil\u00e3o. O conte\u00fado completo da not\u00edcia est\u00e1 dispon\u00edvel apenas para subscritores.\" \/>\n<meta property=\"og:url\" content=\"https:\/\/portaltela.pt\/noticias\/2026\/02\/27\/milao-duas-pessoas-morrem-em-acidente-com-eletrico\/\" \/>\n<meta property=\"og:site_name\" content=\"Portal Tela Portugal\" \/>\n<meta property=\"article:published_time\" content=\"2026-02-27T19:41:00+00:00\" \/>\n<meta name=\"author\" content=\"Telinha\" \/>\n<meta name=\"twitter:card\" content=\"summary_large_image\" \/>\n<meta name=\"twitter:label1\" content=\"Escrito por\" \/>\n\t<meta name=\"twitter:data1\" content=\"Telinha\" \/>\n\t<meta name=\"twitter:label2\" content=\"Tempo estimado de leitura\" \/>\n\t<meta name=\"twitter:data2\" content=\"1 minuto\" \/>\n<script type=\"application\/ld+json\" class=\"yoast-schema-graph\">{\"@context\":\"https:\/\/schema.org\",\"@graph\":[{\"@type\":\"Article\",\"@id\":\"https:\/\/portaltela.pt\/noticias\/2026\/02\/27\/milao-duas-pessoas-morrem-em-acidente-com-eletrico\/#article\",\"isPartOf\":{\"@id\":\"https:\/\/portaltela.pt\/noticias\/2026\/02\/27\/milao-duas-pessoas-morrem-em-acidente-com-eletrico\/\"},\"author\":{\"name\":\"Telinha\",\"@id\":\"https:\/\/portaltela.pt\/#\/schema\/person\/c4278d4a6028830caff9ee44b42d32ed\"},\"headline\":\"Mil\u00e3o: duas pessoas morrem em acidente com el\u00e9trico\",\"datePublished\":\"2026-02-27T19:41:00+00:00\",\"mainEntityOfPage\":{\"@id\":\"https:\/\/portaltela.pt\/noticias\/2026\/02\/27\/milao-duas-pessoas-morrem-em-acidente-com-eletrico\/\"},\"wordCount\":130,\"image\":{\"@id\":\"https:\/\/portaltela.pt\/noticias\/2026\/02\/27\/milao-duas-pessoas-morrem-em-acidente-com-eletrico\/#primaryimage\"},\"thumbnailUrl\":\"https:\/\/portaltela.pt\/s.01k8rhncp4jt1\/2026\/02\/CACHE_780X1200_ANALOG_WATERMARKED_46654656_18815696291533.jpg\",\"keywords\":[\"acidente\",\"El\u00e9trico\",\"feridos\",\"It\u00e1lia\",\"prote\u00e7\u00e3o civil\",\"transporte\"],\"articleSection\":[\"Not\u00edcias\"],\"inLanguage\":\"pt-PT\"},{\"@type\":\"WebPage\",\"@id\":\"https:\/\/portaltela.pt\/noticias\/2026\/02\/27\/milao-duas-pessoas-morrem-em-acidente-com-eletrico\/\",\"url\":\"https:\/\/portaltela.pt\/noticias\/2026\/02\/27\/milao-duas-pessoas-morrem-em-acidente-com-eletrico\/\",\"name\":\"Mil\u00e3o: duas pessoas morrem em acidente com el\u00e9trico - Portal Tela Portugal\",\"isPartOf\":{\"@id\":\"https:\/\/portaltela.pt\/#website\"},\"primaryImageOfPage\":{\"@id\":\"https:\/\/portaltela.pt\/noticias\/2026\/02\/27\/milao-duas-pessoas-morrem-em-acidente-com-eletrico\/#primaryimage\"},\"image\":{\"@id\":\"https:\/\/portaltela.pt\/noticias\/2026\/02\/27\/milao-duas-pessoas-morrem-em-acidente-com-eletrico\/#primaryimage\"},\"thumbnailUrl\":\"https:\/\/portaltela.pt\/s.01k8rhncp4jt1\/2026\/02\/CACHE_780X1200_ANALOG_WATERMARKED_46654656_18815696291533.jpg\",\"datePublished\":\"2026-02-27T19:41:00+00:00\",\"author\":{\"@id\":\"https:\/\/portaltela.pt\/#\/schema\/person\/c4278d4a6028830caff9ee44b42d32ed\"},\"breadcrumb\":{\"@id\":\"https:\/\/portaltela.pt\/noticias\/2026\/02\/27\/milao-duas-pessoas-morrem-em-acidente-com-eletrico\/#breadcrumb\"},\"inLanguage\":\"pt-PT\",\"potentialAction\":[{\"@type\":\"ReadAction\",\"target\":[\"https:\/\/portaltela.pt\/noticias\/2026\/02\/27\/milao-duas-pessoas-morrem-em-acidente-com-eletrico\/\"]}]},{\"@type\":\"ImageObject\",\"inLanguage\":\"pt-PT\",\"@id\":\"https:\/\/portaltela.pt\/noticias\/2026\/02\/27\/milao-duas-pessoas-morrem-em-acidente-com-eletrico\/#primaryimage\",\"url\":\"https:\/\/portaltela.pt\/s.01k8rhncp4jt1\/2026\/02\/CACHE_780X1200_ANALOG_WATERMARKED_46654656_18815696291533.jpg\",\"contentUrl\":\"https:\/\/portaltela.pt\/s.01k8rhncp4jt1\/2026\/02\/CACHE_780X1200_ANALOG_WATERMARKED_46654656_18815696291533.jpg\",\"width\":796,\"height\":448,\"caption\":\"Autoridades de Mil\u00e3o confirmam morte de duas pessoas em acidente de el\u00e9trico em Mil\u00e3o\"},{\"@type\":\"BreadcrumbList\",\"@id\":\"https:\/\/portaltela.pt\/noticias\/2026\/02\/27\/milao-duas-pessoas-morrem-em-acidente-com-eletrico\/#breadcrumb\",\"itemListElement\":[{\"@type\":\"ListItem\",\"position\":1,\"name\":\"In\u00edcio\",\"item\":\"https:\/\/portaltela.pt\/\"},{\"@type\":\"ListItem\",\"position\":2,\"name\":\"Mil\u00e3o: duas pessoas morrem em acidente com el\u00e9trico\"}]},{\"@type\":\"WebSite\",\"@id\":\"https:\/\/portaltela.pt\/#website\",\"url\":\"https:\/\/portaltela.pt\/\",\"name\":\"Portal Tela Portugal\",\"description\":\"\",\"potentialAction\":[{\"@type\":\"SearchAction\",\"target\":{\"@type\":\"EntryPoint\",\"urlTemplate\":\"https:\/\/portaltela.pt\/?s={search_term_string}\"},\"query-input\":{\"@type\":\"PropertyValueSpecification\",\"valueRequired\":true,\"valueName\":\"search_term_string\"}}],\"inLanguage\":\"pt-PT\"},{\"@type\":\"Person\",\"@id\":\"https:\/\/portaltela.pt\/#\/schema\/person\/c4278d4a6028830caff9ee44b42d32ed\",\"name\":\"Telinha\",\"image\":{\"@type\":\"ImageObject\",\"inLanguage\":\"pt-PT\",\"@id\":\"https:\/\/portaltela.pt\/s.01k8rhncp4jt1\/2025\/11\/talking-bot-125x125.png\",\"url\":\"https:\/\/portaltela.pt\/s.01k8rhncp4jt1\/2025\/11\/talking-bot-125x125.png\",\"contentUrl\":\"https:\/\/portaltela.pt\/s.01k8rhncp4jt1\/2025\/11\/talking-bot-125x125.png\",\"caption\":\"Telinha\"},\"sameAs\":[\"https:\/\/portaltela.pt\/\"],\"url\":\"https:\/\/portaltela.pt\/por\/367410592786\/\"}]}<\/script>\n<!-- \/ Yoast SEO plugin. -->","yoast_head_json":{"title":"Mil\u00e3o: duas pessoas morrem em acidente com el\u00e9trico - Portal Tela Portugal","robots":{"index":"index","follow":"follow","max-snippet":"max-snippet:-1","max-image-preview":"max-image-preview:large","max-video-preview":"max-video-preview:-1"},"og_locale":"pt_PT","og_type":"article","og_title":"Mil\u00e3o: duas pessoas morrem em acidente com el\u00e9trico - Portal Tela Portugal","og_description":"Autoridades de Mil\u00e3o confirmaram a morte de duas pessoas em acidente com um el\u00e9trico que descarrilou e atingiu um edif\u00edcio no centro da cidade. O incidente ocorreu hoje, envolvendo o el\u00e9trico que descarrilou e embateu contra uma constru\u00e7\u00e3o. O acidente deixou tamb\u00e9m mais de duas dezenas de feridos. As informa\u00e7\u00f5es foram comunicadas pelas autoridades locais de Mil\u00e3o. O conte\u00fado completo da not\u00edcia est\u00e1 dispon\u00edvel apenas para subscritores.","og_url":"https:\/\/portaltela.pt\/noticias\/2026\/02\/27\/milao-duas-pessoas-morrem-em-acidente-com-eletrico\/","og_site_name":"Portal Tela Portugal","article_published_time":"2026-02-27T19:41:00+00:00","author":"Telinha","twitter_card":"summary_large_image","twitter_misc":{"Escrito por":"Telinha","Tempo estimado de leitura":"1 minuto"},"schema":{"@context":"https:\/\/schema.org","@graph":[{"@type":"Article","@id":"https:\/\/portaltela.pt\/noticias\/2026\/02\/27\/milao-duas-pessoas-morrem-em-acidente-com-eletrico\/#article","isPartOf":{"@id":"https:\/\/portaltela.pt\/noticias\/2026\/02\/27\/milao-duas-pessoas-morrem-em-acidente-com-eletrico\/"},"author":{"name":"Telinha","@id":"https:\/\/portaltela.pt\/#\/schema\/person\/c4278d4a6028830caff9ee44b42d32ed"},"headline":"Mil\u00e3o: duas pessoas morrem em acidente com el\u00e9trico","datePublished":"2026-02-27T19:41:00+00:00","mainEntityOfPage":{"@id":"https:\/\/portaltela.pt\/noticias\/2026\/02\/27\/milao-duas-pessoas-morrem-em-acidente-com-eletrico\/"},"wordCount":130,"image":{"@id":"https:\/\/portaltela.pt\/noticias\/2026\/02\/27\/milao-duas-pessoas-morrem-em-acidente-com-eletrico\/#primaryimage"},"thumbnailUrl":"https:\/\/portaltela.pt\/s.01k8rhncp4jt1\/2026\/02\/CACHE_780X1200_ANALOG_WATERMARKED_46654656_18815696291533.jpg","keywords":["acidente","El\u00e9trico","feridos","It\u00e1lia","prote\u00e7\u00e3o civil","transporte"],"articleSection":["Not\u00edcias"],"inLanguage":"pt-PT"},{"@type":"WebPage","@id":"https:\/\/portaltela.pt\/noticias\/2026\/02\/27\/milao-duas-pessoas-morrem-em-acidente-com-eletrico\/","url":"https:\/\/portaltela.pt\/noticias\/2026\/02\/27\/milao-duas-pessoas-morrem-em-acidente-com-eletrico\/","name":"Mil\u00e3o: duas pessoas morrem em acidente com el\u00e9trico - Portal Tela Portugal","isPartOf":{"@id":"https:\/\/portaltela.pt\/#website"},"primaryImageOfPage":{"@id":"https:\/\/portaltela.pt\/noticias\/2026\/02\/27\/milao-duas-pessoas-morrem-em-acidente-com-eletrico\/#primaryimage"},"image":{"@id":"https:\/\/portaltela.pt\/noticias\/2026\/02\/27\/milao-duas-pessoas-morrem-em-acidente-com-eletrico\/#primaryimage"},"thumbnailUrl":"https:\/\/portaltela.pt\/s.01k8rhncp4jt1\/2026\/02\/CACHE_780X1200_ANALOG_WATERMARKED_46654656_18815696291533.jpg","datePublished":"2026-02-27T19:41:00+00:00","author":{"@id":"https:\/\/portaltela.pt\/#\/schema\/person\/c4278d4a6028830caff9ee44b42d32ed"},"breadcrumb":{"@id":"https:\/\/portaltela.pt\/noticias\/2026\/02\/27\/milao-duas-pessoas-morrem-em-acidente-com-eletrico\/#breadcrumb"},"inLanguage":"pt-PT","potentialAction":[{"@type":"ReadAction","target":["https:\/\/portaltela.pt\/noticias\/2026\/02\/27\/milao-duas-pessoas-morrem-em-acidente-com-eletrico\/"]}]},{"@type":"ImageObject","inLanguage":"pt-PT","@id":"https:\/\/portaltela.pt\/noticias\/2026\/02\/27\/milao-duas-pessoas-morrem-em-acidente-com-eletrico\/#primaryimage","url":"https:\/\/portaltela.pt\/s.01k8rhncp4jt1\/2026\/02\/CACHE_780X1200_ANALOG_WATERMARKED_46654656_18815696291533.jpg","contentUrl":"https:\/\/portaltela.pt\/s.01k8rhncp4jt1\/2026\/02\/CACHE_780X1200_ANALOG_WATERMARKED_46654656_18815696291533.jpg","width":796,"height":448,"caption":"Autoridades de Mil\u00e3o confirmam morte de duas pessoas em acidente de el\u00e9trico em Mil\u00e3o"},{"@type":"BreadcrumbList","@id":"https:\/\/portaltela.pt\/noticias\/2026\/02\/27\/milao-duas-pessoas-morrem-em-acidente-com-eletrico\/#breadcrumb","itemListElement":[{"@type":"ListItem","position":1,"name":"In\u00edcio","item":"https:\/\/portaltela.pt\/"},{"@type":"ListItem","position":2,"name":"Mil\u00e3o: duas pessoas morrem em acidente com el\u00e9trico"}]},{"@type":"WebSite","@id":"https:\/\/portaltela.pt\/#website","url":"https:\/\/portaltela.pt\/","name":"Portal Tela Portugal","description":"","potentialAction":[{"@type":"SearchAction","target":{"@type":"EntryPoint","urlTemplate":"https:\/\/portaltela.pt\/?s={search_term_string}"},"query-input":{"@type":"PropertyValueSpecification","valueRequired":true,"valueName":"search_term_string"}}],"inLanguage":"pt-PT"},{"@type":"Person","@id":"https:\/\/portaltela.pt\/#\/schema\/person\/c4278d4a6028830caff9ee44b42d32ed","name":"Telinha","image":{"@type":"ImageObject","inLanguage":"pt-PT","@id":"https:\/\/portaltela.pt\/s.01k8rhncp4jt1\/2025\/11\/talking-bot-125x125.png","url":"https:\/\/portaltela.pt\/s.01k8rhncp4jt1\/2025\/11\/talking-bot-125x125.png","contentUrl":"https:\/\/portaltela.pt\/s.01k8rhncp4jt1\/2025\/11\/talking-bot-125x125.png","caption":"Telinha"},"sameAs":["https:\/\/portaltela.pt\/"],"url":"https:\/\/portaltela.pt\/por\/367410592786\/"}]}},"_links":{"self":[{"href":"https:\/\/portaltela.pt\/api\/wp\/v2\/posts\/391521","targetHints":{"allow":["GET"]}}],"collection":[{"href":"https:\/\/portaltela.pt\/api\/wp\/v2\/posts"}],"about":[{"href":"https:\/\/portaltela.pt\/api\/wp\/v2\/types\/post"}],"author":[{"embeddable":true,"href":"https:\/\/portaltela.pt\/api\/wp\/v2\/users\/2"}],"replies":[{"embeddable":true,"href":"https:\/\/portaltela.pt\/api\/wp\/v2\/comments?post=391521"}],"version-history":[{"count":0,"href":"https:\/\/portaltela.pt\/api\/wp\/v2\/posts\/391521\/revisions"}],"wp:featuredmedia":[{"embeddable":true,"href":"https:\/\/portaltela.pt\/api\/wp\/v2\/media\/391530"}],"wp:attachment":[{"href":"https:\/\/portaltela.pt\/api\/wp\/v2\/media?parent=391521"}],"wp:term":[{"taxonomy":"category","embeddable":true,"href":"https:\/\/portaltela.pt\/api\/wp\/v2\/categories?post=391521"},{"taxonomy":"post_tag","embeddable":true,"href":"https:\/\/portaltela.pt\/api\/wp\/v2\/tags?post=391521"}],"curies":[{"name":"wp","href":"https:\/\/api.w.org\/{rel}","templated":true}]}}