{"id":391510,"date":"2026-02-27T18:21:00","date_gmt":"2026-02-27T21:21:00","guid":{"rendered":"https:\/\/portaltela.pt\/noticias\/2026\/02\/27\/benfica-sad-regista-lucro-liquido-de-406-milhoes-de-euros-no-1-o-trimestre\/"},"modified":"2026-02-27T18:21:00","modified_gmt":"2026-02-27T21:21:00","slug":"benfica-sad-regista-lucro-liquido-de-406-milhoes-de-euros-no-1-o-trimestre","status":"publish","type":"post","link":"https:\/\/portaltela.pt\/noticias\/economia\/2026\/02\/27\/benfica-sad-regista-lucro-liquido-de-406-milhoes-de-euros-no-1-o-trimestre\/","title":{"rendered":"Benfica SAD regista lucro l\u00edquido de 40,6 milh\u00f5es de euros no 1.\u00ba trimestre"},"content":{"rendered":"<p>A Benfica SAD apresentou um resultado l\u00edquido positivo de 40,6 milh\u00f5es de euros no 1.\u00ba semestre do exerc\u00edcio 2025\/26. O valor foi divulgado no Relat\u00f3rio e Contas referente a este per\u00edodo de gest\u00e3o, enviado \u00e0 CMVM na sexta-feira.<\/p>\n<p>O resultado representa uma melhoria de 0,7% em rela\u00e7\u00e3o ao per\u00edodo hom\u00f3logo, mantendo o registo de tr\u00eas resultados positivos consecutivos num primeiro trimestre.<\/p>\n<p>\u00c0 CMVM, a empresa explicou que os dados refletem a performance financeira at\u00e9 ao fim de setembro de 2025, sem altera\u00e7\u00f5es significativas na estrutura de capitais face ao trimestre anterior.<\/p>\n","protected":false},"excerpt":{"rendered":"<ul>\n<li>A Benfica SAD registou um resultado l\u00edquido positivo de 40,6 milh\u00f5es de euros no 1.\u00ba semestre do exerc\u00edcio de 2025\/26.<\/li>\n<li>O Relat\u00f3rio e Contas deste per\u00edodo foi comunicado \u00e0 Comiss\u00e3o do Mercado de Valores Mobili\u00e1rios (CMVM).<\/li>\n<li>O resultado l\u00edquido representa uma melhoria de 0,7% face ao per\u00edodo hom\u00f3logo.<\/li>\n<li>Este \u00e9 o terceiro resultado l\u00edquido positivo consecutivo num primeiro trimestre.<\/li>\n<\/ul>\n","protected":false},"author":2,"featured_media":391517,"comment_status":"closed","ping_status":"closed","sticky":false,"template":"","format":"standard","meta":{"footnotes":""},"categories":[2,1],"tags":[1946,3972,6179,28,2584,32],"class_list":["post-391510","post","type-post","status-publish","format-standard","has-post-thumbnail","hentry","category-economia","category-noticias","tag-benfica","tag-benfica-sad","tag-cmvm","tag-economia","tag-financas","tag-futebol"],"yoast_head":"<!-- This site is optimized with the Yoast SEO plugin v27.2 - https:\/\/yoast.com\/product\/yoast-seo-wordpress\/ -->\n<title>Benfica SAD regista lucro l\u00edquido de 40,6 milh\u00f5es de euros no 1.\u00ba trimestre - Portal Tela Portugal<\/title>\n<meta name=\"robots\" content=\"index, follow, max-snippet:-1, max-image-preview:large, max-video-preview:-1\" \/>\n<meta property=\"og:locale\" content=\"pt_PT\" \/>\n<meta property=\"og:type\" content=\"article\" \/>\n<meta property=\"og:title\" content=\"Benfica SAD regista lucro l\u00edquido de 40,6 milh\u00f5es de euros no 1.\u00ba trimestre - Portal Tela Portugal\" \/>\n<meta property=\"og:description\" content=\"A Benfica SAD registou um resultado l\u00edquido positivo de 40,6 milh\u00f5es de euros no 1.\u00ba semestre do exerc\u00edcio de 2025\/26. O Relat\u00f3rio e Contas deste per\u00edodo foi comunicado \u00e0 Comiss\u00e3o do Mercado de Valores Mobili\u00e1rios (CMVM). O resultado l\u00edquido representa uma melhoria de 0,7% face ao per\u00edodo hom\u00f3logo. Este \u00e9 o terceiro resultado l\u00edquido positivo consecutivo num primeiro trimestre.\" \/>\n<meta property=\"og:url\" content=\"https:\/\/portaltela.pt\/noticias\/2026\/02\/27\/benfica-sad-regista-lucro-liquido-de-406-milhoes-de-euros-no-1-o-trimestre\/\" \/>\n<meta property=\"og:site_name\" content=\"Portal Tela Portugal\" \/>\n<meta property=\"article:published_time\" content=\"2026-02-27T21:21:00+00:00\" \/>\n<meta name=\"author\" content=\"Telinha\" \/>\n<meta name=\"twitter:card\" content=\"summary_large_image\" \/>\n<meta name=\"twitter:label1\" content=\"Escrito por\" \/>\n\t<meta name=\"twitter:data1\" content=\"Telinha\" \/>\n<script type=\"application\/ld+json\" class=\"yoast-schema-graph\">{\"@context\":\"https:\/\/schema.org\",\"@graph\":[{\"@type\":\"Article\",\"@id\":\"https:\/\/portaltela.pt\/noticias\/2026\/02\/27\/benfica-sad-regista-lucro-liquido-de-406-milhoes-de-euros-no-1-o-trimestre\/#article\",\"isPartOf\":{\"@id\":\"https:\/\/portaltela.pt\/noticias\/2026\/02\/27\/benfica-sad-regista-lucro-liquido-de-406-milhoes-de-euros-no-1-o-trimestre\/\"},\"author\":{\"name\":\"Telinha\",\"@id\":\"https:\/\/portaltela.pt\/#\/schema\/person\/c4278d4a6028830caff9ee44b42d32ed\"},\"headline\":\"Benfica SAD regista lucro l\u00edquido de 40,6 milh\u00f5es de euros no 1.\u00ba trimestre\",\"datePublished\":\"2026-02-27T21:21:00+00:00\",\"mainEntityOfPage\":{\"@id\":\"https:\/\/portaltela.pt\/noticias\/2026\/02\/27\/benfica-sad-regista-lucro-liquido-de-406-milhoes-de-euros-no-1-o-trimestre\/\"},\"wordCount\":108,\"image\":{\"@id\":\"https:\/\/portaltela.pt\/noticias\/2026\/02\/27\/benfica-sad-regista-lucro-liquido-de-406-milhoes-de-euros-no-1-o-trimestre\/#primaryimage\"},\"thumbnailUrl\":\"https:\/\/portaltela.pt\/s.01k8rhncp4jt1\/2026\/02\/img_920x518uu2025-10-28-18-02-18-2398944.jpg\",\"keywords\":[\"Benfica\",\"Benfica SAD\",\"CMVM\",\"economia\",\"finan\u00e7as\",\"futebol\"],\"articleSection\":[\"Economia\",\"Not\u00edcias\"],\"inLanguage\":\"pt-PT\"},{\"@type\":\"WebPage\",\"@id\":\"https:\/\/portaltela.pt\/noticias\/2026\/02\/27\/benfica-sad-regista-lucro-liquido-de-406-milhoes-de-euros-no-1-o-trimestre\/\",\"url\":\"https:\/\/portaltela.pt\/noticias\/2026\/02\/27\/benfica-sad-regista-lucro-liquido-de-406-milhoes-de-euros-no-1-o-trimestre\/\",\"name\":\"Benfica SAD regista lucro l\u00edquido de 40,6 milh\u00f5es de euros no 1.\u00ba trimestre - Portal Tela Portugal\",\"isPartOf\":{\"@id\":\"https:\/\/portaltela.pt\/#website\"},\"primaryImageOfPage\":{\"@id\":\"https:\/\/portaltela.pt\/noticias\/2026\/02\/27\/benfica-sad-regista-lucro-liquido-de-406-milhoes-de-euros-no-1-o-trimestre\/#primaryimage\"},\"image\":{\"@id\":\"https:\/\/portaltela.pt\/noticias\/2026\/02\/27\/benfica-sad-regista-lucro-liquido-de-406-milhoes-de-euros-no-1-o-trimestre\/#primaryimage\"},\"thumbnailUrl\":\"https:\/\/portaltela.pt\/s.01k8rhncp4jt1\/2026\/02\/img_920x518uu2025-10-28-18-02-18-2398944.jpg\",\"datePublished\":\"2026-02-27T21:21:00+00:00\",\"author\":{\"@id\":\"https:\/\/portaltela.pt\/#\/schema\/person\/c4278d4a6028830caff9ee44b42d32ed\"},\"breadcrumb\":{\"@id\":\"https:\/\/portaltela.pt\/noticias\/2026\/02\/27\/benfica-sad-regista-lucro-liquido-de-406-milhoes-de-euros-no-1-o-trimestre\/#breadcrumb\"},\"inLanguage\":\"pt-PT\",\"potentialAction\":[{\"@type\":\"ReadAction\",\"target\":[\"https:\/\/portaltela.pt\/noticias\/2026\/02\/27\/benfica-sad-regista-lucro-liquido-de-406-milhoes-de-euros-no-1-o-trimestre\/\"]}]},{\"@type\":\"ImageObject\",\"inLanguage\":\"pt-PT\",\"@id\":\"https:\/\/portaltela.pt\/noticias\/2026\/02\/27\/benfica-sad-regista-lucro-liquido-de-406-milhoes-de-euros-no-1-o-trimestre\/#primaryimage\",\"url\":\"https:\/\/portaltela.pt\/s.01k8rhncp4jt1\/2026\/02\/img_920x518uu2025-10-28-18-02-18-2398944.jpg\",\"contentUrl\":\"https:\/\/portaltela.pt\/s.01k8rhncp4jt1\/2026\/02\/img_920x518uu2025-10-28-18-02-18-2398944.jpg\",\"width\":796,\"height\":448,\"caption\":\"Est\u00e1dio da Luz\"},{\"@type\":\"BreadcrumbList\",\"@id\":\"https:\/\/portaltela.pt\/noticias\/2026\/02\/27\/benfica-sad-regista-lucro-liquido-de-406-milhoes-de-euros-no-1-o-trimestre\/#breadcrumb\",\"itemListElement\":[{\"@type\":\"ListItem\",\"position\":1,\"name\":\"In\u00edcio\",\"item\":\"https:\/\/portaltela.pt\/\"},{\"@type\":\"ListItem\",\"position\":2,\"name\":\"Benfica SAD regista lucro l\u00edquido de 40,6 milh\u00f5es de euros no 1.\u00ba trimestre\"}]},{\"@type\":\"WebSite\",\"@id\":\"https:\/\/portaltela.pt\/#website\",\"url\":\"https:\/\/portaltela.pt\/\",\"name\":\"Portal Tela Portugal\",\"description\":\"\",\"potentialAction\":[{\"@type\":\"SearchAction\",\"target\":{\"@type\":\"EntryPoint\",\"urlTemplate\":\"https:\/\/portaltela.pt\/?s={search_term_string}\"},\"query-input\":{\"@type\":\"PropertyValueSpecification\",\"valueRequired\":true,\"valueName\":\"search_term_string\"}}],\"inLanguage\":\"pt-PT\"},{\"@type\":\"Person\",\"@id\":\"https:\/\/portaltela.pt\/#\/schema\/person\/c4278d4a6028830caff9ee44b42d32ed\",\"name\":\"Telinha\",\"image\":{\"@type\":\"ImageObject\",\"inLanguage\":\"pt-PT\",\"@id\":\"https:\/\/portaltela.pt\/s.01k8rhncp4jt1\/2025\/11\/talking-bot-125x125.png\",\"url\":\"https:\/\/portaltela.pt\/s.01k8rhncp4jt1\/2025\/11\/talking-bot-125x125.png\",\"contentUrl\":\"https:\/\/portaltela.pt\/s.01k8rhncp4jt1\/2025\/11\/talking-bot-125x125.png\",\"caption\":\"Telinha\"},\"sameAs\":[\"https:\/\/portaltela.pt\/\"],\"url\":\"https:\/\/portaltela.pt\/por\/367410592786\/\"}]}<\/script>\n<!-- \/ Yoast SEO plugin. -->","yoast_head_json":{"title":"Benfica SAD regista lucro l\u00edquido de 40,6 milh\u00f5es de euros no 1.\u00ba trimestre - Portal Tela Portugal","robots":{"index":"index","follow":"follow","max-snippet":"max-snippet:-1","max-image-preview":"max-image-preview:large","max-video-preview":"max-video-preview:-1"},"og_locale":"pt_PT","og_type":"article","og_title":"Benfica SAD regista lucro l\u00edquido de 40,6 milh\u00f5es de euros no 1.\u00ba trimestre - Portal Tela Portugal","og_description":"A Benfica SAD registou um resultado l\u00edquido positivo de 40,6 milh\u00f5es de euros no 1.\u00ba semestre do exerc\u00edcio de 2025\/26. O Relat\u00f3rio e Contas deste per\u00edodo foi comunicado \u00e0 Comiss\u00e3o do Mercado de Valores Mobili\u00e1rios (CMVM). O resultado l\u00edquido representa uma melhoria de 0,7% face ao per\u00edodo hom\u00f3logo. Este \u00e9 o terceiro resultado l\u00edquido positivo consecutivo num primeiro trimestre.","og_url":"https:\/\/portaltela.pt\/noticias\/2026\/02\/27\/benfica-sad-regista-lucro-liquido-de-406-milhoes-de-euros-no-1-o-trimestre\/","og_site_name":"Portal Tela Portugal","article_published_time":"2026-02-27T21:21:00+00:00","author":"Telinha","twitter_card":"summary_large_image","twitter_misc":{"Escrito por":"Telinha"},"schema":{"@context":"https:\/\/schema.org","@graph":[{"@type":"Article","@id":"https:\/\/portaltela.pt\/noticias\/2026\/02\/27\/benfica-sad-regista-lucro-liquido-de-406-milhoes-de-euros-no-1-o-trimestre\/#article","isPartOf":{"@id":"https:\/\/portaltela.pt\/noticias\/2026\/02\/27\/benfica-sad-regista-lucro-liquido-de-406-milhoes-de-euros-no-1-o-trimestre\/"},"author":{"name":"Telinha","@id":"https:\/\/portaltela.pt\/#\/schema\/person\/c4278d4a6028830caff9ee44b42d32ed"},"headline":"Benfica SAD regista lucro l\u00edquido de 40,6 milh\u00f5es de euros no 1.\u00ba trimestre","datePublished":"2026-02-27T21:21:00+00:00","mainEntityOfPage":{"@id":"https:\/\/portaltela.pt\/noticias\/2026\/02\/27\/benfica-sad-regista-lucro-liquido-de-406-milhoes-de-euros-no-1-o-trimestre\/"},"wordCount":108,"image":{"@id":"https:\/\/portaltela.pt\/noticias\/2026\/02\/27\/benfica-sad-regista-lucro-liquido-de-406-milhoes-de-euros-no-1-o-trimestre\/#primaryimage"},"thumbnailUrl":"https:\/\/portaltela.pt\/s.01k8rhncp4jt1\/2026\/02\/img_920x518uu2025-10-28-18-02-18-2398944.jpg","keywords":["Benfica","Benfica SAD","CMVM","economia","finan\u00e7as","futebol"],"articleSection":["Economia","Not\u00edcias"],"inLanguage":"pt-PT"},{"@type":"WebPage","@id":"https:\/\/portaltela.pt\/noticias\/2026\/02\/27\/benfica-sad-regista-lucro-liquido-de-406-milhoes-de-euros-no-1-o-trimestre\/","url":"https:\/\/portaltela.pt\/noticias\/2026\/02\/27\/benfica-sad-regista-lucro-liquido-de-406-milhoes-de-euros-no-1-o-trimestre\/","name":"Benfica SAD regista lucro l\u00edquido de 40,6 milh\u00f5es de euros no 1.\u00ba trimestre - Portal Tela Portugal","isPartOf":{"@id":"https:\/\/portaltela.pt\/#website"},"primaryImageOfPage":{"@id":"https:\/\/portaltela.pt\/noticias\/2026\/02\/27\/benfica-sad-regista-lucro-liquido-de-406-milhoes-de-euros-no-1-o-trimestre\/#primaryimage"},"image":{"@id":"https:\/\/portaltela.pt\/noticias\/2026\/02\/27\/benfica-sad-regista-lucro-liquido-de-406-milhoes-de-euros-no-1-o-trimestre\/#primaryimage"},"thumbnailUrl":"https:\/\/portaltela.pt\/s.01k8rhncp4jt1\/2026\/02\/img_920x518uu2025-10-28-18-02-18-2398944.jpg","datePublished":"2026-02-27T21:21:00+00:00","author":{"@id":"https:\/\/portaltela.pt\/#\/schema\/person\/c4278d4a6028830caff9ee44b42d32ed"},"breadcrumb":{"@id":"https:\/\/portaltela.pt\/noticias\/2026\/02\/27\/benfica-sad-regista-lucro-liquido-de-406-milhoes-de-euros-no-1-o-trimestre\/#breadcrumb"},"inLanguage":"pt-PT","potentialAction":[{"@type":"ReadAction","target":["https:\/\/portaltela.pt\/noticias\/2026\/02\/27\/benfica-sad-regista-lucro-liquido-de-406-milhoes-de-euros-no-1-o-trimestre\/"]}]},{"@type":"ImageObject","inLanguage":"pt-PT","@id":"https:\/\/portaltela.pt\/noticias\/2026\/02\/27\/benfica-sad-regista-lucro-liquido-de-406-milhoes-de-euros-no-1-o-trimestre\/#primaryimage","url":"https:\/\/portaltela.pt\/s.01k8rhncp4jt1\/2026\/02\/img_920x518uu2025-10-28-18-02-18-2398944.jpg","contentUrl":"https:\/\/portaltela.pt\/s.01k8rhncp4jt1\/2026\/02\/img_920x518uu2025-10-28-18-02-18-2398944.jpg","width":796,"height":448,"caption":"Est\u00e1dio da Luz"},{"@type":"BreadcrumbList","@id":"https:\/\/portaltela.pt\/noticias\/2026\/02\/27\/benfica-sad-regista-lucro-liquido-de-406-milhoes-de-euros-no-1-o-trimestre\/#breadcrumb","itemListElement":[{"@type":"ListItem","position":1,"name":"In\u00edcio","item":"https:\/\/portaltela.pt\/"},{"@type":"ListItem","position":2,"name":"Benfica SAD regista lucro l\u00edquido de 40,6 milh\u00f5es de euros no 1.\u00ba trimestre"}]},{"@type":"WebSite","@id":"https:\/\/portaltela.pt\/#website","url":"https:\/\/portaltela.pt\/","name":"Portal Tela Portugal","description":"","potentialAction":[{"@type":"SearchAction","target":{"@type":"EntryPoint","urlTemplate":"https:\/\/portaltela.pt\/?s={search_term_string}"},"query-input":{"@type":"PropertyValueSpecification","valueRequired":true,"valueName":"search_term_string"}}],"inLanguage":"pt-PT"},{"@type":"Person","@id":"https:\/\/portaltela.pt\/#\/schema\/person\/c4278d4a6028830caff9ee44b42d32ed","name":"Telinha","image":{"@type":"ImageObject","inLanguage":"pt-PT","@id":"https:\/\/portaltela.pt\/s.01k8rhncp4jt1\/2025\/11\/talking-bot-125x125.png","url":"https:\/\/portaltela.pt\/s.01k8rhncp4jt1\/2025\/11\/talking-bot-125x125.png","contentUrl":"https:\/\/portaltela.pt\/s.01k8rhncp4jt1\/2025\/11\/talking-bot-125x125.png","caption":"Telinha"},"sameAs":["https:\/\/portaltela.pt\/"],"url":"https:\/\/portaltela.pt\/por\/367410592786\/"}]}},"_links":{"self":[{"href":"https:\/\/portaltela.pt\/api\/wp\/v2\/posts\/391510","targetHints":{"allow":["GET"]}}],"collection":[{"href":"https:\/\/portaltela.pt\/api\/wp\/v2\/posts"}],"about":[{"href":"https:\/\/portaltela.pt\/api\/wp\/v2\/types\/post"}],"author":[{"embeddable":true,"href":"https:\/\/portaltela.pt\/api\/wp\/v2\/users\/2"}],"replies":[{"embeddable":true,"href":"https:\/\/portaltela.pt\/api\/wp\/v2\/comments?post=391510"}],"version-history":[{"count":0,"href":"https:\/\/portaltela.pt\/api\/wp\/v2\/posts\/391510\/revisions"}],"wp:featuredmedia":[{"embeddable":true,"href":"https:\/\/portaltela.pt\/api\/wp\/v2\/media\/391517"}],"wp:attachment":[{"href":"https:\/\/portaltela.pt\/api\/wp\/v2\/media?parent=391510"}],"wp:term":[{"taxonomy":"category","embeddable":true,"href":"https:\/\/portaltela.pt\/api\/wp\/v2\/categories?post=391510"},{"taxonomy":"post_tag","embeddable":true,"href":"https:\/\/portaltela.pt\/api\/wp\/v2\/tags?post=391510"}],"curies":[{"name":"wp","href":"https:\/\/api.w.org\/{rel}","templated":true}]}}