{"id":391448,"date":"2026-02-27T17:18:00","date_gmt":"2026-02-27T20:18:00","guid":{"rendered":"https:\/\/portaltela.pt\/noticias\/2026\/02\/27\/quatro-autores-portugueses-na-feira-do-livro-de-leipzig-com-aposta-na-traducao\/"},"modified":"2026-02-27T17:18:00","modified_gmt":"2026-02-27T20:18:00","slug":"quatro-autores-portugueses-na-feira-do-livro-de-leipzig-com-aposta-na-traducao","status":"publish","type":"post","link":"https:\/\/portaltela.pt\/noticias\/2026\/02\/27\/quatro-autores-portugueses-na-feira-do-livro-de-leipzig-com-aposta-na-traducao\/","title":{"rendered":"Quatro autores portugueses na Feira do Livro de Leipzig, com aposta na tradu\u00e7\u00e3o"},"content":{"rendered":"<p>Quatro autores portugueses v\u00e3o representar Portugal na Feira do Livro de Leipzig, que decorre de 19 a 22 de mar\u00e7o. O evento, um dos mais relevantes na Alemanha e na Europa, junta-se ao festival Leipzig L\u00ea e foca-se na tradu\u00e7\u00e3o liter\u00e1ria.<\/p>\n<p>Alice Brito, Carla Pais, Francisco Mota Saraiva e L\u00eddia Jorge s\u00e3o convidados nacionais para estas jornadas. A programa\u00e7\u00e3o inclui apresenta\u00e7\u00f5es de edi\u00e7\u00f5es alem\u00e3s de obras de autores portugueses, bem como sess\u00f5es de tradu\u00e7\u00e3o e encontros com tradutores e editores.<\/p>\n<p>L\u00eddia Jorge j\u00e1 participou na edi\u00e7\u00e3o de 2023 e volta este ano para o lan\u00e7amento da edi\u00e7\u00e3o alem\u00e3 de um dos seus livros. Alice Brito participa igualmente com a apresenta\u00e7\u00e3o de uma edi\u00e7\u00e3o alem\u00e3 de uma obra sua.<\/p>\n<h3>Autores e edi\u00e7\u00f5es alem\u00e3s<\/h3>\n<p>Carla Pais participa na Leipzig com a apresenta\u00e7\u00e3o de *A Sombra das \u00c1rvores no Inverno*, distinguido com o Pr\u00e9mio LeYa 2025. Francisco Mota Saraiva, vencedor recente do Pr\u00e9mio Jos\u00e9 Saramago, apresenta tamb\u00e9m a sua obra em alem\u00e3o.<\/p>\n<p>A programa\u00e7\u00e3o inclui a exibi\u00e7\u00e3o da edi\u00e7\u00e3o alem\u00e3 de *O Senhor Eliot*, de Gon\u00e7alo M. Tavares, com presen\u00e7a do tradutor e do editor. Uma sess\u00e3o dedicada a Yvette Centeno destaca a transmiss\u00e3o da autora atrav\u00e9s do tradutor e de imagens do document\u00e1rio.<\/p>\n<h3>Sess\u00f5es tem\u00e1ticas e homenagem<\/h3>\n<p>A edi\u00e7\u00e3o deste ano reserva espa\u00e7o para uma sess\u00e3o centrada em poetas portugueses traduzidos para alem\u00e3o. A revista Metamorphosen, dedicada a autores de l\u00edngua portuguesa, ter\u00e1 igualmente atividade destacada numa outra sess\u00e3o. Pedro Matos interpretar\u00e1 fado de poemas de J\u00falio Pomar, em foco no centen\u00e1rio do artista.<\/p>\n<p>No stand, a TFM, livraria com sede em Frankfurt, vender\u00e1 obras de autores portugueses e africanos de l\u00edngua portuguesa, traduzidas para alem\u00e3o e dispon\u00edveis na edi\u00e7\u00e3o original.<\/p>\n<h3>Contexto institucional<\/h3>\n<p>Portugal mant\u00e9m presen\u00e7a regular desde 2016, apoiada pela Dire\u00e7\u00e3o-Geral do Livro, dos Arquivos e das Bibliotecas (DGLAB) e pelo Instituto Cam\u00f5es. O pavilh\u00e3o portugu\u00eas na Feira ocupa cerca de 60 m\u00b2, com sess\u00f5es abertas ao p\u00fablico e di\u00e1logo com tradutores, editores e docentes alem\u00e3es.<\/p>\n","protected":false},"excerpt":{"rendered":"<ul>\n<li>Quatro autores portugueses \u2014 Alice Brito, Carla Pais, Francisco Mota Saraiva e L\u00eddia Jorge \u2014 representar\u00e3o Portugal na Feira do Livro de Leipzig, de 19 a 22 de mar\u00e7o, com foco na tradu\u00e7\u00e3o liter\u00e1ria.<\/li>\n<li>L\u00eddia Jorge e Alice Brito v\u00e3o apresentar edi\u00e7\u00f5es alem\u00e3s dos seus livros; Carla Pais e Francisco Mota Saraiva atuam em Leipzig ap\u00f3s terem sido distinguidos com pr\u00e9mios liter\u00e1rios em Portugal.<\/li>\n<li>Carla Pais recebeu a edi\u00e7\u00e3o de 2025 do Pr\u00e9mio LeYa pelo romance A Sombra das \u00c1rvores no Inverno.<\/li>\n<li>Francisco Mota Saraiva \u00e9 o vencedor mais recente do Pr\u00e9mio Jos\u00e9 Saramago com o romance Morramos ao Menos no Porto; j\u00e1 tinha ganho o Pr\u00e9mio Revela\u00e7\u00e3o Agustina Bessa-Lu\u00eds com Aqui Onde Canto e Ardo.<\/li>\n<li>A programa\u00e7\u00e3o inclui apresenta\u00e7\u00f5es de tradu\u00e7\u00f5es de obras portuguesas para alem\u00e3o, uma sess\u00e3o dedicada a poetas traduzidos e destaque \u00e0 revista Metamorphosen; o pavilh\u00e3o de Portugal tem 60 metros quadrados e a presen\u00e7a da livraria TFM.<\/li>\n<\/ul>\n","protected":false},"author":2,"featured_media":391452,"comment_status":"closed","ping_status":"closed","sticky":false,"template":"","format":"standard","meta":{"footnotes":""},"categories":[1],"tags":[1603,145,106,130,1014,5659],"class_list":["post-391448","post","type-post","status-publish","format-standard","has-post-thumbnail","hentry","category-noticias","tag-alemanha","tag-cultura","tag-literatura","tag-livros","tag-portugal","tag-traducoes-internacionais"],"yoast_head":"<!-- This site is optimized with the Yoast SEO plugin v27.2 - https:\/\/yoast.com\/product\/yoast-seo-wordpress\/ -->\n<title>Quatro autores portugueses na Feira do Livro de Leipzig, com aposta na tradu\u00e7\u00e3o - Portal Tela Portugal<\/title>\n<meta name=\"robots\" content=\"index, follow, max-snippet:-1, max-image-preview:large, max-video-preview:-1\" \/>\n<meta property=\"og:locale\" content=\"pt_PT\" \/>\n<meta property=\"og:type\" content=\"article\" \/>\n<meta property=\"og:title\" content=\"Quatro autores portugueses na Feira do Livro de Leipzig, com aposta na tradu\u00e7\u00e3o - Portal Tela Portugal\" \/>\n<meta property=\"og:description\" content=\"Quatro autores portugueses \u2014 Alice Brito, Carla Pais, Francisco Mota Saraiva e L\u00eddia Jorge \u2014 representar\u00e3o Portugal na Feira do Livro de Leipzig, de 19 a 22 de mar\u00e7o, com foco na tradu\u00e7\u00e3o liter\u00e1ria. L\u00eddia Jorge e Alice Brito v\u00e3o apresentar edi\u00e7\u00f5es alem\u00e3s dos seus livros; Carla Pais e Francisco Mota Saraiva atuam em Leipzig ap\u00f3s terem sido distinguidos com pr\u00e9mios liter\u00e1rios em Portugal. Carla Pais recebeu a edi\u00e7\u00e3o de 2025 do Pr\u00e9mio LeYa pelo romance A Sombra das \u00c1rvores no Inverno. Francisco Mota Saraiva \u00e9 o vencedor mais recente do Pr\u00e9mio Jos\u00e9 Saramago com o romance Morramos ao Menos no Porto; j\u00e1 tinha ganho o Pr\u00e9mio Revela\u00e7\u00e3o Agustina Bessa-Lu\u00eds com Aqui Onde Canto e Ardo. A programa\u00e7\u00e3o inclui apresenta\u00e7\u00f5es de tradu\u00e7\u00f5es de obras portuguesas para alem\u00e3o, uma sess\u00e3o dedicada a poetas traduzidos e destaque \u00e0 revista Metamorphosen; o pavilh\u00e3o de Portugal tem 60 metros quadrados e a presen\u00e7a da livraria TFM.\" \/>\n<meta property=\"og:url\" content=\"https:\/\/portaltela.pt\/noticias\/2026\/02\/27\/quatro-autores-portugueses-na-feira-do-livro-de-leipzig-com-aposta-na-traducao\/\" \/>\n<meta property=\"og:site_name\" content=\"Portal Tela Portugal\" \/>\n<meta property=\"article:published_time\" content=\"2026-02-27T20:18:00+00:00\" \/>\n<meta name=\"author\" content=\"Telinha\" \/>\n<meta name=\"twitter:card\" content=\"summary_large_image\" \/>\n<meta name=\"twitter:label1\" content=\"Escrito por\" \/>\n\t<meta name=\"twitter:data1\" content=\"Telinha\" \/>\n\t<meta name=\"twitter:label2\" content=\"Tempo estimado de leitura\" \/>\n\t<meta name=\"twitter:data2\" content=\"2 minutos\" \/>\n<script type=\"application\/ld+json\" class=\"yoast-schema-graph\">{\"@context\":\"https:\/\/schema.org\",\"@graph\":[{\"@type\":\"Article\",\"@id\":\"https:\/\/portaltela.pt\/noticias\/2026\/02\/27\/quatro-autores-portugueses-na-feira-do-livro-de-leipzig-com-aposta-na-traducao\/#article\",\"isPartOf\":{\"@id\":\"https:\/\/portaltela.pt\/noticias\/2026\/02\/27\/quatro-autores-portugueses-na-feira-do-livro-de-leipzig-com-aposta-na-traducao\/\"},\"author\":{\"name\":\"Telinha\",\"@id\":\"https:\/\/portaltela.pt\/#\/schema\/person\/c4278d4a6028830caff9ee44b42d32ed\"},\"headline\":\"Quatro autores portugueses na Feira do Livro de Leipzig, com aposta na tradu\u00e7\u00e3o\",\"datePublished\":\"2026-02-27T20:18:00+00:00\",\"mainEntityOfPage\":{\"@id\":\"https:\/\/portaltela.pt\/noticias\/2026\/02\/27\/quatro-autores-portugueses-na-feira-do-livro-de-leipzig-com-aposta-na-traducao\/\"},\"wordCount\":391,\"image\":{\"@id\":\"https:\/\/portaltela.pt\/noticias\/2026\/02\/27\/quatro-autores-portugueses-na-feira-do-livro-de-leipzig-com-aposta-na-traducao\/#primaryimage\"},\"thumbnailUrl\":\"https:\/\/portaltela.pt\/s.01k8rhncp4jt1\/2026\/02\/2070463.jpg\",\"keywords\":[\"Alemanha\",\"cultura\",\"literatura\",\"livros\",\"Portugal\",\"tradu\u00e7\u00f5es internacionais\"],\"articleSection\":[\"Not\u00edcias\"],\"inLanguage\":\"pt-PT\"},{\"@type\":\"WebPage\",\"@id\":\"https:\/\/portaltela.pt\/noticias\/2026\/02\/27\/quatro-autores-portugueses-na-feira-do-livro-de-leipzig-com-aposta-na-traducao\/\",\"url\":\"https:\/\/portaltela.pt\/noticias\/2026\/02\/27\/quatro-autores-portugueses-na-feira-do-livro-de-leipzig-com-aposta-na-traducao\/\",\"name\":\"Quatro autores portugueses na Feira do Livro de Leipzig, com aposta na tradu\u00e7\u00e3o - Portal Tela Portugal\",\"isPartOf\":{\"@id\":\"https:\/\/portaltela.pt\/#website\"},\"primaryImageOfPage\":{\"@id\":\"https:\/\/portaltela.pt\/noticias\/2026\/02\/27\/quatro-autores-portugueses-na-feira-do-livro-de-leipzig-com-aposta-na-traducao\/#primaryimage\"},\"image\":{\"@id\":\"https:\/\/portaltela.pt\/noticias\/2026\/02\/27\/quatro-autores-portugueses-na-feira-do-livro-de-leipzig-com-aposta-na-traducao\/#primaryimage\"},\"thumbnailUrl\":\"https:\/\/portaltela.pt\/s.01k8rhncp4jt1\/2026\/02\/2070463.jpg\",\"datePublished\":\"2026-02-27T20:18:00+00:00\",\"author\":{\"@id\":\"https:\/\/portaltela.pt\/#\/schema\/person\/c4278d4a6028830caff9ee44b42d32ed\"},\"breadcrumb\":{\"@id\":\"https:\/\/portaltela.pt\/noticias\/2026\/02\/27\/quatro-autores-portugueses-na-feira-do-livro-de-leipzig-com-aposta-na-traducao\/#breadcrumb\"},\"inLanguage\":\"pt-PT\",\"potentialAction\":[{\"@type\":\"ReadAction\",\"target\":[\"https:\/\/portaltela.pt\/noticias\/2026\/02\/27\/quatro-autores-portugueses-na-feira-do-livro-de-leipzig-com-aposta-na-traducao\/\"]}]},{\"@type\":\"ImageObject\",\"inLanguage\":\"pt-PT\",\"@id\":\"https:\/\/portaltela.pt\/noticias\/2026\/02\/27\/quatro-autores-portugueses-na-feira-do-livro-de-leipzig-com-aposta-na-traducao\/#primaryimage\",\"url\":\"https:\/\/portaltela.pt\/s.01k8rhncp4jt1\/2026\/02\/2070463.jpg\",\"contentUrl\":\"https:\/\/portaltela.pt\/s.01k8rhncp4jt1\/2026\/02\/2070463.jpg\",\"width\":796,\"height\":448,\"caption\":\"L\u00eddia Jorge j\u00e1 participara na edi\u00e7\u00e3o do ano passado da Feira do Livro de Leipzig\"},{\"@type\":\"BreadcrumbList\",\"@id\":\"https:\/\/portaltela.pt\/noticias\/2026\/02\/27\/quatro-autores-portugueses-na-feira-do-livro-de-leipzig-com-aposta-na-traducao\/#breadcrumb\",\"itemListElement\":[{\"@type\":\"ListItem\",\"position\":1,\"name\":\"In\u00edcio\",\"item\":\"https:\/\/portaltela.pt\/\"},{\"@type\":\"ListItem\",\"position\":2,\"name\":\"Quatro autores portugueses na Feira do Livro de Leipzig, com aposta na tradu\u00e7\u00e3o\"}]},{\"@type\":\"WebSite\",\"@id\":\"https:\/\/portaltela.pt\/#website\",\"url\":\"https:\/\/portaltela.pt\/\",\"name\":\"Portal Tela Portugal\",\"description\":\"\",\"potentialAction\":[{\"@type\":\"SearchAction\",\"target\":{\"@type\":\"EntryPoint\",\"urlTemplate\":\"https:\/\/portaltela.pt\/?s={search_term_string}\"},\"query-input\":{\"@type\":\"PropertyValueSpecification\",\"valueRequired\":true,\"valueName\":\"search_term_string\"}}],\"inLanguage\":\"pt-PT\"},{\"@type\":\"Person\",\"@id\":\"https:\/\/portaltela.pt\/#\/schema\/person\/c4278d4a6028830caff9ee44b42d32ed\",\"name\":\"Telinha\",\"image\":{\"@type\":\"ImageObject\",\"inLanguage\":\"pt-PT\",\"@id\":\"https:\/\/portaltela.pt\/s.01k8rhncp4jt1\/2025\/11\/talking-bot-125x125.png\",\"url\":\"https:\/\/portaltela.pt\/s.01k8rhncp4jt1\/2025\/11\/talking-bot-125x125.png\",\"contentUrl\":\"https:\/\/portaltela.pt\/s.01k8rhncp4jt1\/2025\/11\/talking-bot-125x125.png\",\"caption\":\"Telinha\"},\"sameAs\":[\"https:\/\/portaltela.pt\/\"],\"url\":\"https:\/\/portaltela.pt\/por\/367410592786\/\"}]}<\/script>\n<!-- \/ Yoast SEO plugin. -->","yoast_head_json":{"title":"Quatro autores portugueses na Feira do Livro de Leipzig, com aposta na tradu\u00e7\u00e3o - Portal Tela Portugal","robots":{"index":"index","follow":"follow","max-snippet":"max-snippet:-1","max-image-preview":"max-image-preview:large","max-video-preview":"max-video-preview:-1"},"og_locale":"pt_PT","og_type":"article","og_title":"Quatro autores portugueses na Feira do Livro de Leipzig, com aposta na tradu\u00e7\u00e3o - Portal Tela Portugal","og_description":"Quatro autores portugueses \u2014 Alice Brito, Carla Pais, Francisco Mota Saraiva e L\u00eddia Jorge \u2014 representar\u00e3o Portugal na Feira do Livro de Leipzig, de 19 a 22 de mar\u00e7o, com foco na tradu\u00e7\u00e3o liter\u00e1ria. L\u00eddia Jorge e Alice Brito v\u00e3o apresentar edi\u00e7\u00f5es alem\u00e3s dos seus livros; Carla Pais e Francisco Mota Saraiva atuam em Leipzig ap\u00f3s terem sido distinguidos com pr\u00e9mios liter\u00e1rios em Portugal. Carla Pais recebeu a edi\u00e7\u00e3o de 2025 do Pr\u00e9mio LeYa pelo romance A Sombra das \u00c1rvores no Inverno. Francisco Mota Saraiva \u00e9 o vencedor mais recente do Pr\u00e9mio Jos\u00e9 Saramago com o romance Morramos ao Menos no Porto; j\u00e1 tinha ganho o Pr\u00e9mio Revela\u00e7\u00e3o Agustina Bessa-Lu\u00eds com Aqui Onde Canto e Ardo. A programa\u00e7\u00e3o inclui apresenta\u00e7\u00f5es de tradu\u00e7\u00f5es de obras portuguesas para alem\u00e3o, uma sess\u00e3o dedicada a poetas traduzidos e destaque \u00e0 revista Metamorphosen; o pavilh\u00e3o de Portugal tem 60 metros quadrados e a presen\u00e7a da livraria TFM.","og_url":"https:\/\/portaltela.pt\/noticias\/2026\/02\/27\/quatro-autores-portugueses-na-feira-do-livro-de-leipzig-com-aposta-na-traducao\/","og_site_name":"Portal Tela Portugal","article_published_time":"2026-02-27T20:18:00+00:00","author":"Telinha","twitter_card":"summary_large_image","twitter_misc":{"Escrito por":"Telinha","Tempo estimado de leitura":"2 minutos"},"schema":{"@context":"https:\/\/schema.org","@graph":[{"@type":"Article","@id":"https:\/\/portaltela.pt\/noticias\/2026\/02\/27\/quatro-autores-portugueses-na-feira-do-livro-de-leipzig-com-aposta-na-traducao\/#article","isPartOf":{"@id":"https:\/\/portaltela.pt\/noticias\/2026\/02\/27\/quatro-autores-portugueses-na-feira-do-livro-de-leipzig-com-aposta-na-traducao\/"},"author":{"name":"Telinha","@id":"https:\/\/portaltela.pt\/#\/schema\/person\/c4278d4a6028830caff9ee44b42d32ed"},"headline":"Quatro autores portugueses na Feira do Livro de Leipzig, com aposta na tradu\u00e7\u00e3o","datePublished":"2026-02-27T20:18:00+00:00","mainEntityOfPage":{"@id":"https:\/\/portaltela.pt\/noticias\/2026\/02\/27\/quatro-autores-portugueses-na-feira-do-livro-de-leipzig-com-aposta-na-traducao\/"},"wordCount":391,"image":{"@id":"https:\/\/portaltela.pt\/noticias\/2026\/02\/27\/quatro-autores-portugueses-na-feira-do-livro-de-leipzig-com-aposta-na-traducao\/#primaryimage"},"thumbnailUrl":"https:\/\/portaltela.pt\/s.01k8rhncp4jt1\/2026\/02\/2070463.jpg","keywords":["Alemanha","cultura","literatura","livros","Portugal","tradu\u00e7\u00f5es internacionais"],"articleSection":["Not\u00edcias"],"inLanguage":"pt-PT"},{"@type":"WebPage","@id":"https:\/\/portaltela.pt\/noticias\/2026\/02\/27\/quatro-autores-portugueses-na-feira-do-livro-de-leipzig-com-aposta-na-traducao\/","url":"https:\/\/portaltela.pt\/noticias\/2026\/02\/27\/quatro-autores-portugueses-na-feira-do-livro-de-leipzig-com-aposta-na-traducao\/","name":"Quatro autores portugueses na Feira do Livro de Leipzig, com aposta na tradu\u00e7\u00e3o - Portal Tela Portugal","isPartOf":{"@id":"https:\/\/portaltela.pt\/#website"},"primaryImageOfPage":{"@id":"https:\/\/portaltela.pt\/noticias\/2026\/02\/27\/quatro-autores-portugueses-na-feira-do-livro-de-leipzig-com-aposta-na-traducao\/#primaryimage"},"image":{"@id":"https:\/\/portaltela.pt\/noticias\/2026\/02\/27\/quatro-autores-portugueses-na-feira-do-livro-de-leipzig-com-aposta-na-traducao\/#primaryimage"},"thumbnailUrl":"https:\/\/portaltela.pt\/s.01k8rhncp4jt1\/2026\/02\/2070463.jpg","datePublished":"2026-02-27T20:18:00+00:00","author":{"@id":"https:\/\/portaltela.pt\/#\/schema\/person\/c4278d4a6028830caff9ee44b42d32ed"},"breadcrumb":{"@id":"https:\/\/portaltela.pt\/noticias\/2026\/02\/27\/quatro-autores-portugueses-na-feira-do-livro-de-leipzig-com-aposta-na-traducao\/#breadcrumb"},"inLanguage":"pt-PT","potentialAction":[{"@type":"ReadAction","target":["https:\/\/portaltela.pt\/noticias\/2026\/02\/27\/quatro-autores-portugueses-na-feira-do-livro-de-leipzig-com-aposta-na-traducao\/"]}]},{"@type":"ImageObject","inLanguage":"pt-PT","@id":"https:\/\/portaltela.pt\/noticias\/2026\/02\/27\/quatro-autores-portugueses-na-feira-do-livro-de-leipzig-com-aposta-na-traducao\/#primaryimage","url":"https:\/\/portaltela.pt\/s.01k8rhncp4jt1\/2026\/02\/2070463.jpg","contentUrl":"https:\/\/portaltela.pt\/s.01k8rhncp4jt1\/2026\/02\/2070463.jpg","width":796,"height":448,"caption":"L\u00eddia Jorge j\u00e1 participara na edi\u00e7\u00e3o do ano passado da Feira do Livro de Leipzig"},{"@type":"BreadcrumbList","@id":"https:\/\/portaltela.pt\/noticias\/2026\/02\/27\/quatro-autores-portugueses-na-feira-do-livro-de-leipzig-com-aposta-na-traducao\/#breadcrumb","itemListElement":[{"@type":"ListItem","position":1,"name":"In\u00edcio","item":"https:\/\/portaltela.pt\/"},{"@type":"ListItem","position":2,"name":"Quatro autores portugueses na Feira do Livro de Leipzig, com aposta na tradu\u00e7\u00e3o"}]},{"@type":"WebSite","@id":"https:\/\/portaltela.pt\/#website","url":"https:\/\/portaltela.pt\/","name":"Portal Tela Portugal","description":"","potentialAction":[{"@type":"SearchAction","target":{"@type":"EntryPoint","urlTemplate":"https:\/\/portaltela.pt\/?s={search_term_string}"},"query-input":{"@type":"PropertyValueSpecification","valueRequired":true,"valueName":"search_term_string"}}],"inLanguage":"pt-PT"},{"@type":"Person","@id":"https:\/\/portaltela.pt\/#\/schema\/person\/c4278d4a6028830caff9ee44b42d32ed","name":"Telinha","image":{"@type":"ImageObject","inLanguage":"pt-PT","@id":"https:\/\/portaltela.pt\/s.01k8rhncp4jt1\/2025\/11\/talking-bot-125x125.png","url":"https:\/\/portaltela.pt\/s.01k8rhncp4jt1\/2025\/11\/talking-bot-125x125.png","contentUrl":"https:\/\/portaltela.pt\/s.01k8rhncp4jt1\/2025\/11\/talking-bot-125x125.png","caption":"Telinha"},"sameAs":["https:\/\/portaltela.pt\/"],"url":"https:\/\/portaltela.pt\/por\/367410592786\/"}]}},"_links":{"self":[{"href":"https:\/\/portaltela.pt\/api\/wp\/v2\/posts\/391448","targetHints":{"allow":["GET"]}}],"collection":[{"href":"https:\/\/portaltela.pt\/api\/wp\/v2\/posts"}],"about":[{"href":"https:\/\/portaltela.pt\/api\/wp\/v2\/types\/post"}],"author":[{"embeddable":true,"href":"https:\/\/portaltela.pt\/api\/wp\/v2\/users\/2"}],"replies":[{"embeddable":true,"href":"https:\/\/portaltela.pt\/api\/wp\/v2\/comments?post=391448"}],"version-history":[{"count":0,"href":"https:\/\/portaltela.pt\/api\/wp\/v2\/posts\/391448\/revisions"}],"wp:featuredmedia":[{"embeddable":true,"href":"https:\/\/portaltela.pt\/api\/wp\/v2\/media\/391452"}],"wp:attachment":[{"href":"https:\/\/portaltela.pt\/api\/wp\/v2\/media?parent=391448"}],"wp:term":[{"taxonomy":"category","embeddable":true,"href":"https:\/\/portaltela.pt\/api\/wp\/v2\/categories?post=391448"},{"taxonomy":"post_tag","embeddable":true,"href":"https:\/\/portaltela.pt\/api\/wp\/v2\/tags?post=391448"}],"curies":[{"name":"wp","href":"https:\/\/api.w.org\/{rel}","templated":true}]}}