{"id":391416,"date":"2026-02-27T16:47:00","date_gmt":"2026-02-27T19:47:00","guid":{"rendered":"https:\/\/portaltela.pt\/noticias\/2026\/02\/27\/entrada-dos-comboios-eletricos-na-linha-do-algarve-adiada\/"},"modified":"2026-02-27T16:47:00","modified_gmt":"2026-02-27T19:47:00","slug":"entrada-dos-comboios-eletricos-na-linha-do-algarve-adiada","status":"publish","type":"post","link":"https:\/\/portaltela.pt\/noticias\/2026\/02\/27\/entrada-dos-comboios-eletricos-na-linha-do-algarve-adiada\/","title":{"rendered":"Entrada dos comboios el\u00e9tricos na linha do Algarve adiada"},"content":{"rendered":"<p>A linha do Algarve, destinada a ficar totalmente el\u00e9ctrica, continua sem data de entrada em servi\u00e7o, apesar de a obra estar conclu\u00edda. O atraso persiste mesmo ap\u00f3s declara\u00e7\u00f5es de autoridades sobre o progresso.<\/p>\n<p>O que mudou? A conclus\u00e3o das obras ocorreu j\u00e1 em 2023-2024, segundo declara\u00e7\u00f5es oficiais, mas a homologa\u00e7\u00e3o e certifica\u00e7\u00e3o da linha ainda n\u00e3o foram fechadas. A forma\u00e7\u00e3o de maquinistas j\u00e1 estava preparada, mas a certifica\u00e7\u00e3o t\u00e9cnica ainda est\u00e1 em curso.<\/p>\n<p>Quem est\u00e1 envolvido? Infraestruturas de Portugal (IP) e o Instituto da Mobilidade dos Transportes (IMT) s\u00e3o os respons\u00e1veis pela aprova\u00e7\u00e3o. A CP tamb\u00e9m participou com prepara\u00e7\u00e3o de pessoal e proposta de hor\u00e1rios. A ANSF supervisiona a seguran\u00e7a ferrovi\u00e1ria.<\/p>\n<p>Quando aconteceu? O processo de Autoriza\u00e7\u00e3o de Entrada em Servi\u00e7o (AES) do subsistema el\u00e9trico foi apresentado pela IP a 21 de janeiro, e o prazo para an\u00e1lise est\u00e1 em curso. A data anterior apontada para a electrifica\u00e7\u00e3o era in\u00edcio de 2026.<\/p>\n<p>Onde ocorre? A linha do Algarve atravessa o territ\u00f3rio entre Faro e Vila Real de Santo Ant\u00f3nio, com liga\u00e7\u00f5es at\u00e9 Tunes e Lagos em algumas fases, incluindo passagem por Tavira. A extens\u00e3o perturbada ainda n\u00e3o entrou em servi\u00e7o completo.<\/p>\n<p>Porqu\u00ea mant\u00e9m-se em atraso? As entidades n\u00e3o detalharam as raz\u00f5es espec\u00edficas para a morosidade, limitando-se a indicar a continua\u00e7\u00e3o de ensaios e certifica\u00e7\u00e3o em articula\u00e7\u00e3o com a ANSF. O objetivo \u00e9 garantir seguran\u00e7a, conformidade e fiabilidade da linha.<\/p>\n<p>Contexto hist\u00f3rico e perspetivas futuras<\/p>\n<p>Desde 2016, com o Ferrovia 2020, as expectativas tinham apontado para a conclus\u00e3o em 2021, com avan\u00e7os progressivos. Em 2023 e 2024 foram anunciadas novas conclus\u00f5es, mas nenhuma data segura foi fixada para o in\u00edcio de explora\u00e7\u00e3o total da electrifica\u00e7\u00e3o.<\/p>\n<p>A CP j\u00e1 tinha maquinistas formados e apresentava um hor\u00e1rio com melhoria de oferta. Contudo, a passagem de alguns tipos de comboio na totalidade da linha depende da certifica\u00e7\u00e3o e da conclus\u00e3o de ajustes de infraestrutura, como refor\u00e7os estruturais em certas pontes.<\/p>\n<p>Atualiza\u00e7\u00e3o<\/p>\n<p>As autoridades n\u00e3o avan\u00e7aram com uma nova data para a entrada em servi\u00e7o da electrifica\u00e7\u00e3o. Enquanto isso, permanece sem data a extens\u00e3o do tr\u00e2nsito el\u00e9ctrico de ponta a ponta na linha do Algarve, mantendo-se o estado atual de opera\u00e7\u00e3o com o sistema anterior.<\/p>\n","protected":false},"excerpt":{"rendered":"<ul>\n<li>A entrada dos comboios el\u00e9ctricos na linha do Algarve continua adiada, apesar de as obras estarem conclu\u00eddas.<\/li>\n<li>O atraso deve-se \u00e0 falta de homologa\u00e7\u00e3o e certifica\u00e7\u00e3o; o Instituto da Mobilidade dos Transportes informou que apenas em 21 de janeiro foi apresentada a Autoriza\u00e7\u00e3o de Entrada em Servi\u00e7o do subsistema Energia.<\/li>\n<li>A Infraestruturas de Portugal disse que decorrem ensaios e certifica\u00e7\u00e3o em articula\u00e7\u00e3o com a Autoridade Nacional de Seguran\u00e7a Ferrovi\u00e1ria, sem explicar a nova data.<\/li>\n<li>A CP j\u00e1 tinha maquinistas formados e um hor\u00e1rio preparado, mas n\u00e3o h\u00e1 data para a entrada em servi\u00e7o da electrifica\u00e7\u00e3o.<\/li>\n<li>Desde 2021 j\u00e1 houve v\u00e1rias promessas adiadas; a \u00faltima previs\u00e3o apontava para in\u00edcio de 2026, sem confirma\u00e7\u00e3o de uma data definitiva.<\/li>\n<\/ul>\n","protected":false},"author":2,"featured_media":391421,"comment_status":"closed","ping_status":"closed","sticky":false,"template":"","format":"standard","meta":{"footnotes":""},"categories":[1],"tags":[928,3191,3732,1615,2698,192],"class_list":["post-391416","post","type-post","status-publish","format-standard","has-post-thumbnail","hentry","category-noticias","tag-algarve","tag-cp","tag-eletricidade","tag-infraestrutura","tag-infraestruturas-de-portugal","tag-transporte"],"yoast_head":"<!-- This site is optimized with the Yoast SEO plugin v27.2 - https:\/\/yoast.com\/product\/yoast-seo-wordpress\/ -->\n<title>Entrada dos comboios el\u00e9tricos na linha do Algarve adiada - Portal Tela Portugal<\/title>\n<meta name=\"robots\" content=\"index, follow, max-snippet:-1, max-image-preview:large, max-video-preview:-1\" \/>\n<meta property=\"og:locale\" content=\"pt_PT\" \/>\n<meta property=\"og:type\" content=\"article\" \/>\n<meta property=\"og:title\" content=\"Entrada dos comboios el\u00e9tricos na linha do Algarve adiada - Portal Tela Portugal\" \/>\n<meta property=\"og:description\" content=\"A entrada dos comboios el\u00e9ctricos na linha do Algarve continua adiada, apesar de as obras estarem conclu\u00eddas. O atraso deve-se \u00e0 falta de homologa\u00e7\u00e3o e certifica\u00e7\u00e3o; o Instituto da Mobilidade dos Transportes informou que apenas em 21 de janeiro foi apresentada a Autoriza\u00e7\u00e3o de Entrada em Servi\u00e7o do subsistema Energia. A Infraestruturas de Portugal disse que decorrem ensaios e certifica\u00e7\u00e3o em articula\u00e7\u00e3o com a Autoridade Nacional de Seguran\u00e7a Ferrovi\u00e1ria, sem explicar a nova data. A CP j\u00e1 tinha maquinistas formados e um hor\u00e1rio preparado, mas n\u00e3o h\u00e1 data para a entrada em servi\u00e7o da electrifica\u00e7\u00e3o. Desde 2021 j\u00e1 houve v\u00e1rias promessas adiadas; a \u00faltima previs\u00e3o apontava para in\u00edcio de 2026, sem confirma\u00e7\u00e3o de uma data definitiva.\" \/>\n<meta property=\"og:url\" content=\"https:\/\/portaltela.pt\/noticias\/2026\/02\/27\/entrada-dos-comboios-eletricos-na-linha-do-algarve-adiada\/\" \/>\n<meta property=\"og:site_name\" content=\"Portal Tela Portugal\" \/>\n<meta property=\"article:published_time\" content=\"2026-02-27T19:47:00+00:00\" \/>\n<meta name=\"author\" content=\"Telinha\" \/>\n<meta name=\"twitter:card\" content=\"summary_large_image\" \/>\n<meta name=\"twitter:label1\" content=\"Escrito por\" \/>\n\t<meta name=\"twitter:data1\" content=\"Telinha\" \/>\n\t<meta name=\"twitter:label2\" content=\"Tempo estimado de leitura\" \/>\n\t<meta name=\"twitter:data2\" content=\"2 minutos\" \/>\n<script type=\"application\/ld+json\" class=\"yoast-schema-graph\">{\"@context\":\"https:\/\/schema.org\",\"@graph\":[{\"@type\":\"Article\",\"@id\":\"https:\/\/portaltela.pt\/noticias\/2026\/02\/27\/entrada-dos-comboios-eletricos-na-linha-do-algarve-adiada\/#article\",\"isPartOf\":{\"@id\":\"https:\/\/portaltela.pt\/noticias\/2026\/02\/27\/entrada-dos-comboios-eletricos-na-linha-do-algarve-adiada\/\"},\"author\":{\"name\":\"Telinha\",\"@id\":\"https:\/\/portaltela.pt\/#\/schema\/person\/c4278d4a6028830caff9ee44b42d32ed\"},\"headline\":\"Entrada dos comboios el\u00e9tricos na linha do Algarve adiada\",\"datePublished\":\"2026-02-27T19:47:00+00:00\",\"mainEntityOfPage\":{\"@id\":\"https:\/\/portaltela.pt\/noticias\/2026\/02\/27\/entrada-dos-comboios-eletricos-na-linha-do-algarve-adiada\/\"},\"wordCount\":423,\"image\":{\"@id\":\"https:\/\/portaltela.pt\/noticias\/2026\/02\/27\/entrada-dos-comboios-eletricos-na-linha-do-algarve-adiada\/#primaryimage\"},\"thumbnailUrl\":\"https:\/\/portaltela.pt\/s.01k8rhncp4jt1\/2026\/02\/2166343.jpg\",\"keywords\":[\"Algarve\",\"CP\",\"eletricidade\",\"infraestrutura\",\"Infraestruturas de Portugal\",\"transporte\"],\"articleSection\":[\"Not\u00edcias\"],\"inLanguage\":\"pt-PT\"},{\"@type\":\"WebPage\",\"@id\":\"https:\/\/portaltela.pt\/noticias\/2026\/02\/27\/entrada-dos-comboios-eletricos-na-linha-do-algarve-adiada\/\",\"url\":\"https:\/\/portaltela.pt\/noticias\/2026\/02\/27\/entrada-dos-comboios-eletricos-na-linha-do-algarve-adiada\/\",\"name\":\"Entrada dos comboios el\u00e9tricos na linha do Algarve adiada - Portal Tela Portugal\",\"isPartOf\":{\"@id\":\"https:\/\/portaltela.pt\/#website\"},\"primaryImageOfPage\":{\"@id\":\"https:\/\/portaltela.pt\/noticias\/2026\/02\/27\/entrada-dos-comboios-eletricos-na-linha-do-algarve-adiada\/#primaryimage\"},\"image\":{\"@id\":\"https:\/\/portaltela.pt\/noticias\/2026\/02\/27\/entrada-dos-comboios-eletricos-na-linha-do-algarve-adiada\/#primaryimage\"},\"thumbnailUrl\":\"https:\/\/portaltela.pt\/s.01k8rhncp4jt1\/2026\/02\/2166343.jpg\",\"datePublished\":\"2026-02-27T19:47:00+00:00\",\"author\":{\"@id\":\"https:\/\/portaltela.pt\/#\/schema\/person\/c4278d4a6028830caff9ee44b42d32ed\"},\"breadcrumb\":{\"@id\":\"https:\/\/portaltela.pt\/noticias\/2026\/02\/27\/entrada-dos-comboios-eletricos-na-linha-do-algarve-adiada\/#breadcrumb\"},\"inLanguage\":\"pt-PT\",\"potentialAction\":[{\"@type\":\"ReadAction\",\"target\":[\"https:\/\/portaltela.pt\/noticias\/2026\/02\/27\/entrada-dos-comboios-eletricos-na-linha-do-algarve-adiada\/\"]}]},{\"@type\":\"ImageObject\",\"inLanguage\":\"pt-PT\",\"@id\":\"https:\/\/portaltela.pt\/noticias\/2026\/02\/27\/entrada-dos-comboios-eletricos-na-linha-do-algarve-adiada\/#primaryimage\",\"url\":\"https:\/\/portaltela.pt\/s.01k8rhncp4jt1\/2026\/02\/2166343.jpg\",\"contentUrl\":\"https:\/\/portaltela.pt\/s.01k8rhncp4jt1\/2026\/02\/2166343.jpg\",\"width\":796,\"height\":448,\"caption\":\"Photo\"},{\"@type\":\"BreadcrumbList\",\"@id\":\"https:\/\/portaltela.pt\/noticias\/2026\/02\/27\/entrada-dos-comboios-eletricos-na-linha-do-algarve-adiada\/#breadcrumb\",\"itemListElement\":[{\"@type\":\"ListItem\",\"position\":1,\"name\":\"In\u00edcio\",\"item\":\"https:\/\/portaltela.pt\/\"},{\"@type\":\"ListItem\",\"position\":2,\"name\":\"Entrada dos comboios el\u00e9tricos na linha do Algarve adiada\"}]},{\"@type\":\"WebSite\",\"@id\":\"https:\/\/portaltela.pt\/#website\",\"url\":\"https:\/\/portaltela.pt\/\",\"name\":\"Portal Tela Portugal\",\"description\":\"\",\"potentialAction\":[{\"@type\":\"SearchAction\",\"target\":{\"@type\":\"EntryPoint\",\"urlTemplate\":\"https:\/\/portaltela.pt\/?s={search_term_string}\"},\"query-input\":{\"@type\":\"PropertyValueSpecification\",\"valueRequired\":true,\"valueName\":\"search_term_string\"}}],\"inLanguage\":\"pt-PT\"},{\"@type\":\"Person\",\"@id\":\"https:\/\/portaltela.pt\/#\/schema\/person\/c4278d4a6028830caff9ee44b42d32ed\",\"name\":\"Telinha\",\"image\":{\"@type\":\"ImageObject\",\"inLanguage\":\"pt-PT\",\"@id\":\"https:\/\/portaltela.pt\/s.01k8rhncp4jt1\/2025\/11\/talking-bot-125x125.png\",\"url\":\"https:\/\/portaltela.pt\/s.01k8rhncp4jt1\/2025\/11\/talking-bot-125x125.png\",\"contentUrl\":\"https:\/\/portaltela.pt\/s.01k8rhncp4jt1\/2025\/11\/talking-bot-125x125.png\",\"caption\":\"Telinha\"},\"sameAs\":[\"https:\/\/portaltela.pt\/\"],\"url\":\"https:\/\/portaltela.pt\/por\/367410592786\/\"}]}<\/script>\n<!-- \/ Yoast SEO plugin. -->","yoast_head_json":{"title":"Entrada dos comboios el\u00e9tricos na linha do Algarve adiada - Portal Tela Portugal","robots":{"index":"index","follow":"follow","max-snippet":"max-snippet:-1","max-image-preview":"max-image-preview:large","max-video-preview":"max-video-preview:-1"},"og_locale":"pt_PT","og_type":"article","og_title":"Entrada dos comboios el\u00e9tricos na linha do Algarve adiada - Portal Tela Portugal","og_description":"A entrada dos comboios el\u00e9ctricos na linha do Algarve continua adiada, apesar de as obras estarem conclu\u00eddas. O atraso deve-se \u00e0 falta de homologa\u00e7\u00e3o e certifica\u00e7\u00e3o; o Instituto da Mobilidade dos Transportes informou que apenas em 21 de janeiro foi apresentada a Autoriza\u00e7\u00e3o de Entrada em Servi\u00e7o do subsistema Energia. A Infraestruturas de Portugal disse que decorrem ensaios e certifica\u00e7\u00e3o em articula\u00e7\u00e3o com a Autoridade Nacional de Seguran\u00e7a Ferrovi\u00e1ria, sem explicar a nova data. A CP j\u00e1 tinha maquinistas formados e um hor\u00e1rio preparado, mas n\u00e3o h\u00e1 data para a entrada em servi\u00e7o da electrifica\u00e7\u00e3o. Desde 2021 j\u00e1 houve v\u00e1rias promessas adiadas; a \u00faltima previs\u00e3o apontava para in\u00edcio de 2026, sem confirma\u00e7\u00e3o de uma data definitiva.","og_url":"https:\/\/portaltela.pt\/noticias\/2026\/02\/27\/entrada-dos-comboios-eletricos-na-linha-do-algarve-adiada\/","og_site_name":"Portal Tela Portugal","article_published_time":"2026-02-27T19:47:00+00:00","author":"Telinha","twitter_card":"summary_large_image","twitter_misc":{"Escrito por":"Telinha","Tempo estimado de leitura":"2 minutos"},"schema":{"@context":"https:\/\/schema.org","@graph":[{"@type":"Article","@id":"https:\/\/portaltela.pt\/noticias\/2026\/02\/27\/entrada-dos-comboios-eletricos-na-linha-do-algarve-adiada\/#article","isPartOf":{"@id":"https:\/\/portaltela.pt\/noticias\/2026\/02\/27\/entrada-dos-comboios-eletricos-na-linha-do-algarve-adiada\/"},"author":{"name":"Telinha","@id":"https:\/\/portaltela.pt\/#\/schema\/person\/c4278d4a6028830caff9ee44b42d32ed"},"headline":"Entrada dos comboios el\u00e9tricos na linha do Algarve adiada","datePublished":"2026-02-27T19:47:00+00:00","mainEntityOfPage":{"@id":"https:\/\/portaltela.pt\/noticias\/2026\/02\/27\/entrada-dos-comboios-eletricos-na-linha-do-algarve-adiada\/"},"wordCount":423,"image":{"@id":"https:\/\/portaltela.pt\/noticias\/2026\/02\/27\/entrada-dos-comboios-eletricos-na-linha-do-algarve-adiada\/#primaryimage"},"thumbnailUrl":"https:\/\/portaltela.pt\/s.01k8rhncp4jt1\/2026\/02\/2166343.jpg","keywords":["Algarve","CP","eletricidade","infraestrutura","Infraestruturas de Portugal","transporte"],"articleSection":["Not\u00edcias"],"inLanguage":"pt-PT"},{"@type":"WebPage","@id":"https:\/\/portaltela.pt\/noticias\/2026\/02\/27\/entrada-dos-comboios-eletricos-na-linha-do-algarve-adiada\/","url":"https:\/\/portaltela.pt\/noticias\/2026\/02\/27\/entrada-dos-comboios-eletricos-na-linha-do-algarve-adiada\/","name":"Entrada dos comboios el\u00e9tricos na linha do Algarve adiada - Portal Tela Portugal","isPartOf":{"@id":"https:\/\/portaltela.pt\/#website"},"primaryImageOfPage":{"@id":"https:\/\/portaltela.pt\/noticias\/2026\/02\/27\/entrada-dos-comboios-eletricos-na-linha-do-algarve-adiada\/#primaryimage"},"image":{"@id":"https:\/\/portaltela.pt\/noticias\/2026\/02\/27\/entrada-dos-comboios-eletricos-na-linha-do-algarve-adiada\/#primaryimage"},"thumbnailUrl":"https:\/\/portaltela.pt\/s.01k8rhncp4jt1\/2026\/02\/2166343.jpg","datePublished":"2026-02-27T19:47:00+00:00","author":{"@id":"https:\/\/portaltela.pt\/#\/schema\/person\/c4278d4a6028830caff9ee44b42d32ed"},"breadcrumb":{"@id":"https:\/\/portaltela.pt\/noticias\/2026\/02\/27\/entrada-dos-comboios-eletricos-na-linha-do-algarve-adiada\/#breadcrumb"},"inLanguage":"pt-PT","potentialAction":[{"@type":"ReadAction","target":["https:\/\/portaltela.pt\/noticias\/2026\/02\/27\/entrada-dos-comboios-eletricos-na-linha-do-algarve-adiada\/"]}]},{"@type":"ImageObject","inLanguage":"pt-PT","@id":"https:\/\/portaltela.pt\/noticias\/2026\/02\/27\/entrada-dos-comboios-eletricos-na-linha-do-algarve-adiada\/#primaryimage","url":"https:\/\/portaltela.pt\/s.01k8rhncp4jt1\/2026\/02\/2166343.jpg","contentUrl":"https:\/\/portaltela.pt\/s.01k8rhncp4jt1\/2026\/02\/2166343.jpg","width":796,"height":448,"caption":"Photo"},{"@type":"BreadcrumbList","@id":"https:\/\/portaltela.pt\/noticias\/2026\/02\/27\/entrada-dos-comboios-eletricos-na-linha-do-algarve-adiada\/#breadcrumb","itemListElement":[{"@type":"ListItem","position":1,"name":"In\u00edcio","item":"https:\/\/portaltela.pt\/"},{"@type":"ListItem","position":2,"name":"Entrada dos comboios el\u00e9tricos na linha do Algarve adiada"}]},{"@type":"WebSite","@id":"https:\/\/portaltela.pt\/#website","url":"https:\/\/portaltela.pt\/","name":"Portal Tela Portugal","description":"","potentialAction":[{"@type":"SearchAction","target":{"@type":"EntryPoint","urlTemplate":"https:\/\/portaltela.pt\/?s={search_term_string}"},"query-input":{"@type":"PropertyValueSpecification","valueRequired":true,"valueName":"search_term_string"}}],"inLanguage":"pt-PT"},{"@type":"Person","@id":"https:\/\/portaltela.pt\/#\/schema\/person\/c4278d4a6028830caff9ee44b42d32ed","name":"Telinha","image":{"@type":"ImageObject","inLanguage":"pt-PT","@id":"https:\/\/portaltela.pt\/s.01k8rhncp4jt1\/2025\/11\/talking-bot-125x125.png","url":"https:\/\/portaltela.pt\/s.01k8rhncp4jt1\/2025\/11\/talking-bot-125x125.png","contentUrl":"https:\/\/portaltela.pt\/s.01k8rhncp4jt1\/2025\/11\/talking-bot-125x125.png","caption":"Telinha"},"sameAs":["https:\/\/portaltela.pt\/"],"url":"https:\/\/portaltela.pt\/por\/367410592786\/"}]}},"_links":{"self":[{"href":"https:\/\/portaltela.pt\/api\/wp\/v2\/posts\/391416","targetHints":{"allow":["GET"]}}],"collection":[{"href":"https:\/\/portaltela.pt\/api\/wp\/v2\/posts"}],"about":[{"href":"https:\/\/portaltela.pt\/api\/wp\/v2\/types\/post"}],"author":[{"embeddable":true,"href":"https:\/\/portaltela.pt\/api\/wp\/v2\/users\/2"}],"replies":[{"embeddable":true,"href":"https:\/\/portaltela.pt\/api\/wp\/v2\/comments?post=391416"}],"version-history":[{"count":0,"href":"https:\/\/portaltela.pt\/api\/wp\/v2\/posts\/391416\/revisions"}],"wp:featuredmedia":[{"embeddable":true,"href":"https:\/\/portaltela.pt\/api\/wp\/v2\/media\/391421"}],"wp:attachment":[{"href":"https:\/\/portaltela.pt\/api\/wp\/v2\/media?parent=391416"}],"wp:term":[{"taxonomy":"category","embeddable":true,"href":"https:\/\/portaltela.pt\/api\/wp\/v2\/categories?post=391416"},{"taxonomy":"post_tag","embeddable":true,"href":"https:\/\/portaltela.pt\/api\/wp\/v2\/tags?post=391416"}],"curies":[{"name":"wp","href":"https:\/\/api.w.org\/{rel}","templated":true}]}}