{"id":391405,"date":"2026-02-27T16:39:00","date_gmt":"2026-02-27T19:39:00","guid":{"rendered":"https:\/\/portaltela.pt\/noticias\/2026\/02\/27\/sporting-apresenta-o-onze-para-o-duelo-com-o-estoril\/"},"modified":"2026-02-27T16:39:00","modified_gmt":"2026-02-27T19:39:00","slug":"sporting-apresenta-o-onze-para-o-duelo-com-o-estoril","status":"publish","type":"post","link":"https:\/\/portaltela.pt\/desporto\/futebol\/2026\/02\/27\/sporting-apresenta-o-onze-para-o-duelo-com-o-estoril\/","title":{"rendered":"Sporting apresenta o onze para o duelo com o Estoril"},"content":{"rendered":"<p>O Sporting recebe esta noite o Estoril, \u00e0s 20h45, no Est\u00e1dio Jos\u00e9 Alvalade, em jogo referente \u00e0 24.\u00aa jornada da Liga Portugal Betclic. A partida define-se pela expectativa de confirmar ou manter a posi\u00e7\u00e3o na tabela, com Rui Borges a comandar o conjunto leonino.<\/p>\n<p>A equipa verde e branca apresenta-se com Rui Silva entre os postes, e defesa com Fresneda, Diomande, Gon\u00e7alo In\u00e1cio e Maxi Ara\u00fajo. O meio-campo fica a cargo de Morten Hjulmand e Morita, enquanto Geny Catamo, Francisco Trinc\u00e3o e Luis Guilherme organizam o meio ofensivo, com Lu\u00eds Su\u00e1rez na frente.<\/p>\n<h3>ONZE DO SPORTING<\/h3>\n<p>Rui Silva; Fresneda, Diomande, Gon\u00e7alo In\u00e1cio, Maxi Ara\u00fajo; Morten Hjulmand, Morita; Geny Catamo, Francisco Trinc\u00e3o, Luis Guilherme; Lu\u00eds Su\u00e1rez.<\/p>\n<p>Suplentes: Jo\u00e3o Virg\u00ednia, Pote, Nuno Santos, Vagiannidis, Faye, Daniel Bragan\u00e7a, Jo\u00e3o Sim\u00f5es, Eduardo Quaresma e Rafael Nel.<\/p>\n<h3>ONZE DO ESTORIL<\/h3>\n<p>Joel Robles; Ricard, Ferro, Bacher, Jandro, Holsgrove; Rafik Guitane, Jo\u00e3o Carvalho, Gon\u00e7alo Costa, Alejandro Marqu\u00e9s, Begraoui.<\/p>\n<p>Suplentes: Martin Turk, Tsoungui, Lominadze, Khayon Edwards, Lu\u00eds Fernandes, Pedro Carvalho, Longin Bimai, Peixinho e Jan Martos.<\/p>\n<p>Siga o jogo em direto, com atualiza\u00e7\u00f5es de \u00faltimo minuto e resultados, sem consumo de opini\u00e3o.<\/p>\n","protected":false},"excerpt":{"rendered":"<ul>\n<li>O Sporting recebe o Estoril no Est\u00e1dio Jos\u00e9 Alvalade \u00e0s 20h45, em jogo da 24.\u00aa jornada da Liga Portugal Betclic.<\/li>\n<li>Onze do Sporting: Rui Silva; Fresneda, Diomande, Gon\u00e7alo In\u00e1cio e Maxi Ara\u00fajo; Morten Hjulmand e Morita; Geny Catamo, Francisco Trinc\u00e3o, Lu\u00eds Guilherme; Lu\u00eds Su\u00e1rez.<\/li>\n<li>Suplentes do Sporting: Jo\u00e3o Virg\u00ednia, Pote, Nuno Santos, Vagiannidis, Faye, Daniel Bragan\u00e7a, Jo\u00e3o Sim\u00f5es, Eduardo Quaresma e Rafael Nel.<\/li>\n<li>Onze do Estoril: Joel Robles; Ricard, Ferro, Bacher, Jandro, Holsgrove, Rafik Guitane, Jo\u00e3o Carvalho, Gon\u00e7alo Costa, Alejandro Marqu\u00e9s e Begraoui.<\/li>\n<li>Suplentes do Estoril: Martin Turk, Tsoungui, Lominadze, Khayon Edwards, Lu\u00eds Fernandes, Pedro Carvalho, Longin Bimai, Peixinho e Jan Martos.<\/li>\n<\/ul>\n","protected":false},"author":2,"featured_media":391413,"comment_status":"closed","ping_status":"closed","sticky":false,"template":"","format":"standard","meta":{"footnotes":""},"categories":[21,24],"tags":[1588,32,3068,2245,3272,1652],"class_list":["post-391405","post","type-post","status-publish","format-standard","has-post-thumbnail","hentry","category-desporto","category-futebol","tag-alvalade","tag-futebol","tag-goncalo-inacio","tag-liga-betclic","tag-luis-suarez","tag-sporting"],"yoast_head":"<!-- This site is optimized with the Yoast SEO plugin v27.2 - https:\/\/yoast.com\/product\/yoast-seo-wordpress\/ -->\n<title>Sporting apresenta o onze para o duelo com o Estoril - Portal Tela Portugal<\/title>\n<meta name=\"robots\" content=\"index, follow, max-snippet:-1, max-image-preview:large, max-video-preview:-1\" \/>\n<meta property=\"og:locale\" content=\"pt_PT\" \/>\n<meta property=\"og:type\" content=\"article\" \/>\n<meta property=\"og:title\" content=\"Sporting apresenta o onze para o duelo com o Estoril - Portal Tela Portugal\" \/>\n<meta property=\"og:description\" content=\"O Sporting recebe o Estoril no Est\u00e1dio Jos\u00e9 Alvalade \u00e0s 20h45, em jogo da 24.\u00aa jornada da Liga Portugal Betclic. Onze do Sporting: Rui Silva; Fresneda, Diomande, Gon\u00e7alo In\u00e1cio e Maxi Ara\u00fajo; Morten Hjulmand e Morita; Geny Catamo, Francisco Trinc\u00e3o, Lu\u00eds Guilherme; Lu\u00eds Su\u00e1rez. Suplentes do Sporting: Jo\u00e3o Virg\u00ednia, Pote, Nuno Santos, Vagiannidis, Faye, Daniel Bragan\u00e7a, Jo\u00e3o Sim\u00f5es, Eduardo Quaresma e Rafael Nel. Onze do Estoril: Joel Robles; Ricard, Ferro, Bacher, Jandro, Holsgrove, Rafik Guitane, Jo\u00e3o Carvalho, Gon\u00e7alo Costa, Alejandro Marqu\u00e9s e Begraoui. Suplentes do Estoril: Martin Turk, Tsoungui, Lominadze, Khayon Edwards, Lu\u00eds Fernandes, Pedro Carvalho, Longin Bimai, Peixinho e Jan Martos.\" \/>\n<meta property=\"og:url\" content=\"https:\/\/portaltela.pt\/noticias\/2026\/02\/27\/sporting-apresenta-o-onze-para-o-duelo-com-o-estoril\/\" \/>\n<meta property=\"og:site_name\" content=\"Portal Tela Portugal\" \/>\n<meta property=\"article:published_time\" content=\"2026-02-27T19:39:00+00:00\" \/>\n<meta name=\"author\" content=\"Telinha\" \/>\n<meta name=\"twitter:card\" content=\"summary_large_image\" \/>\n<meta name=\"twitter:label1\" content=\"Escrito por\" \/>\n\t<meta name=\"twitter:data1\" content=\"Telinha\" \/>\n\t<meta name=\"twitter:label2\" content=\"Tempo estimado de leitura\" \/>\n\t<meta name=\"twitter:data2\" content=\"1 minuto\" \/>\n<script type=\"application\/ld+json\" class=\"yoast-schema-graph\">{\"@context\":\"https:\/\/schema.org\",\"@graph\":[{\"@type\":\"Article\",\"@id\":\"https:\/\/portaltela.pt\/noticias\/2026\/02\/27\/sporting-apresenta-o-onze-para-o-duelo-com-o-estoril\/#article\",\"isPartOf\":{\"@id\":\"https:\/\/portaltela.pt\/noticias\/2026\/02\/27\/sporting-apresenta-o-onze-para-o-duelo-com-o-estoril\/\"},\"author\":{\"name\":\"Telinha\",\"@id\":\"https:\/\/portaltela.pt\/#\/schema\/person\/c4278d4a6028830caff9ee44b42d32ed\"},\"headline\":\"Sporting apresenta o onze para o duelo com o Estoril\",\"datePublished\":\"2026-02-27T19:39:00+00:00\",\"mainEntityOfPage\":{\"@id\":\"https:\/\/portaltela.pt\/noticias\/2026\/02\/27\/sporting-apresenta-o-onze-para-o-duelo-com-o-estoril\/\"},\"wordCount\":217,\"image\":{\"@id\":\"https:\/\/portaltela.pt\/noticias\/2026\/02\/27\/sporting-apresenta-o-onze-para-o-duelo-com-o-estoril\/#primaryimage\"},\"thumbnailUrl\":\"https:\/\/portaltela.pt\/s.01k8rhncp4jt1\/2026\/02\/img_920x518uu2026-02-21-20-00-48-2422961-im-639073008611954192-1.jpg\",\"keywords\":[\"Alvalade\",\"futebol\",\"Gon\u00e7alo In\u00e1cio\",\"Liga Betclic\",\"Luis Su\u00e1rez\",\"Sporting\"],\"articleSection\":[\"Desporto\",\"Futebol\"],\"inLanguage\":\"pt-PT\"},{\"@type\":\"WebPage\",\"@id\":\"https:\/\/portaltela.pt\/noticias\/2026\/02\/27\/sporting-apresenta-o-onze-para-o-duelo-com-o-estoril\/\",\"url\":\"https:\/\/portaltela.pt\/noticias\/2026\/02\/27\/sporting-apresenta-o-onze-para-o-duelo-com-o-estoril\/\",\"name\":\"Sporting apresenta o onze para o duelo com o Estoril - Portal Tela Portugal\",\"isPartOf\":{\"@id\":\"https:\/\/portaltela.pt\/#website\"},\"primaryImageOfPage\":{\"@id\":\"https:\/\/portaltela.pt\/noticias\/2026\/02\/27\/sporting-apresenta-o-onze-para-o-duelo-com-o-estoril\/#primaryimage\"},\"image\":{\"@id\":\"https:\/\/portaltela.pt\/noticias\/2026\/02\/27\/sporting-apresenta-o-onze-para-o-duelo-com-o-estoril\/#primaryimage\"},\"thumbnailUrl\":\"https:\/\/portaltela.pt\/s.01k8rhncp4jt1\/2026\/02\/img_920x518uu2026-02-21-20-00-48-2422961-im-639073008611954192-1.jpg\",\"datePublished\":\"2026-02-27T19:39:00+00:00\",\"author\":{\"@id\":\"https:\/\/portaltela.pt\/#\/schema\/person\/c4278d4a6028830caff9ee44b42d32ed\"},\"breadcrumb\":{\"@id\":\"https:\/\/portaltela.pt\/noticias\/2026\/02\/27\/sporting-apresenta-o-onze-para-o-duelo-com-o-estoril\/#breadcrumb\"},\"inLanguage\":\"pt-PT\",\"potentialAction\":[{\"@type\":\"ReadAction\",\"target\":[\"https:\/\/portaltela.pt\/noticias\/2026\/02\/27\/sporting-apresenta-o-onze-para-o-duelo-com-o-estoril\/\"]}]},{\"@type\":\"ImageObject\",\"inLanguage\":\"pt-PT\",\"@id\":\"https:\/\/portaltela.pt\/noticias\/2026\/02\/27\/sporting-apresenta-o-onze-para-o-duelo-com-o-estoril\/#primaryimage\",\"url\":\"https:\/\/portaltela.pt\/s.01k8rhncp4jt1\/2026\/02\/img_920x518uu2026-02-21-20-00-48-2422961-im-639073008611954192-1.jpg\",\"contentUrl\":\"https:\/\/portaltela.pt\/s.01k8rhncp4jt1\/2026\/02\/img_920x518uu2026-02-21-20-00-48-2422961-im-639073008611954192-1.jpg\",\"width\":796,\"height\":448,\"caption\":\"Rui Borges, treinador do Sporting\"},{\"@type\":\"BreadcrumbList\",\"@id\":\"https:\/\/portaltela.pt\/noticias\/2026\/02\/27\/sporting-apresenta-o-onze-para-o-duelo-com-o-estoril\/#breadcrumb\",\"itemListElement\":[{\"@type\":\"ListItem\",\"position\":1,\"name\":\"In\u00edcio\",\"item\":\"https:\/\/portaltela.pt\/\"},{\"@type\":\"ListItem\",\"position\":2,\"name\":\"Sporting apresenta o onze para o duelo com o Estoril\"}]},{\"@type\":\"WebSite\",\"@id\":\"https:\/\/portaltela.pt\/#website\",\"url\":\"https:\/\/portaltela.pt\/\",\"name\":\"Portal Tela Portugal\",\"description\":\"\",\"potentialAction\":[{\"@type\":\"SearchAction\",\"target\":{\"@type\":\"EntryPoint\",\"urlTemplate\":\"https:\/\/portaltela.pt\/?s={search_term_string}\"},\"query-input\":{\"@type\":\"PropertyValueSpecification\",\"valueRequired\":true,\"valueName\":\"search_term_string\"}}],\"inLanguage\":\"pt-PT\"},{\"@type\":\"Person\",\"@id\":\"https:\/\/portaltela.pt\/#\/schema\/person\/c4278d4a6028830caff9ee44b42d32ed\",\"name\":\"Telinha\",\"image\":{\"@type\":\"ImageObject\",\"inLanguage\":\"pt-PT\",\"@id\":\"https:\/\/portaltela.pt\/s.01k8rhncp4jt1\/2025\/11\/talking-bot-125x125.png\",\"url\":\"https:\/\/portaltela.pt\/s.01k8rhncp4jt1\/2025\/11\/talking-bot-125x125.png\",\"contentUrl\":\"https:\/\/portaltela.pt\/s.01k8rhncp4jt1\/2025\/11\/talking-bot-125x125.png\",\"caption\":\"Telinha\"},\"sameAs\":[\"https:\/\/portaltela.pt\/\"],\"url\":\"https:\/\/portaltela.pt\/por\/367410592786\/\"}]}<\/script>\n<!-- \/ Yoast SEO plugin. -->","yoast_head_json":{"title":"Sporting apresenta o onze para o duelo com o Estoril - Portal Tela Portugal","robots":{"index":"index","follow":"follow","max-snippet":"max-snippet:-1","max-image-preview":"max-image-preview:large","max-video-preview":"max-video-preview:-1"},"og_locale":"pt_PT","og_type":"article","og_title":"Sporting apresenta o onze para o duelo com o Estoril - Portal Tela Portugal","og_description":"O Sporting recebe o Estoril no Est\u00e1dio Jos\u00e9 Alvalade \u00e0s 20h45, em jogo da 24.\u00aa jornada da Liga Portugal Betclic. Onze do Sporting: Rui Silva; Fresneda, Diomande, Gon\u00e7alo In\u00e1cio e Maxi Ara\u00fajo; Morten Hjulmand e Morita; Geny Catamo, Francisco Trinc\u00e3o, Lu\u00eds Guilherme; Lu\u00eds Su\u00e1rez. Suplentes do Sporting: Jo\u00e3o Virg\u00ednia, Pote, Nuno Santos, Vagiannidis, Faye, Daniel Bragan\u00e7a, Jo\u00e3o Sim\u00f5es, Eduardo Quaresma e Rafael Nel. Onze do Estoril: Joel Robles; Ricard, Ferro, Bacher, Jandro, Holsgrove, Rafik Guitane, Jo\u00e3o Carvalho, Gon\u00e7alo Costa, Alejandro Marqu\u00e9s e Begraoui. Suplentes do Estoril: Martin Turk, Tsoungui, Lominadze, Khayon Edwards, Lu\u00eds Fernandes, Pedro Carvalho, Longin Bimai, Peixinho e Jan Martos.","og_url":"https:\/\/portaltela.pt\/noticias\/2026\/02\/27\/sporting-apresenta-o-onze-para-o-duelo-com-o-estoril\/","og_site_name":"Portal Tela Portugal","article_published_time":"2026-02-27T19:39:00+00:00","author":"Telinha","twitter_card":"summary_large_image","twitter_misc":{"Escrito por":"Telinha","Tempo estimado de leitura":"1 minuto"},"schema":{"@context":"https:\/\/schema.org","@graph":[{"@type":"Article","@id":"https:\/\/portaltela.pt\/noticias\/2026\/02\/27\/sporting-apresenta-o-onze-para-o-duelo-com-o-estoril\/#article","isPartOf":{"@id":"https:\/\/portaltela.pt\/noticias\/2026\/02\/27\/sporting-apresenta-o-onze-para-o-duelo-com-o-estoril\/"},"author":{"name":"Telinha","@id":"https:\/\/portaltela.pt\/#\/schema\/person\/c4278d4a6028830caff9ee44b42d32ed"},"headline":"Sporting apresenta o onze para o duelo com o Estoril","datePublished":"2026-02-27T19:39:00+00:00","mainEntityOfPage":{"@id":"https:\/\/portaltela.pt\/noticias\/2026\/02\/27\/sporting-apresenta-o-onze-para-o-duelo-com-o-estoril\/"},"wordCount":217,"image":{"@id":"https:\/\/portaltela.pt\/noticias\/2026\/02\/27\/sporting-apresenta-o-onze-para-o-duelo-com-o-estoril\/#primaryimage"},"thumbnailUrl":"https:\/\/portaltela.pt\/s.01k8rhncp4jt1\/2026\/02\/img_920x518uu2026-02-21-20-00-48-2422961-im-639073008611954192-1.jpg","keywords":["Alvalade","futebol","Gon\u00e7alo In\u00e1cio","Liga Betclic","Luis Su\u00e1rez","Sporting"],"articleSection":["Desporto","Futebol"],"inLanguage":"pt-PT"},{"@type":"WebPage","@id":"https:\/\/portaltela.pt\/noticias\/2026\/02\/27\/sporting-apresenta-o-onze-para-o-duelo-com-o-estoril\/","url":"https:\/\/portaltela.pt\/noticias\/2026\/02\/27\/sporting-apresenta-o-onze-para-o-duelo-com-o-estoril\/","name":"Sporting apresenta o onze para o duelo com o Estoril - Portal Tela Portugal","isPartOf":{"@id":"https:\/\/portaltela.pt\/#website"},"primaryImageOfPage":{"@id":"https:\/\/portaltela.pt\/noticias\/2026\/02\/27\/sporting-apresenta-o-onze-para-o-duelo-com-o-estoril\/#primaryimage"},"image":{"@id":"https:\/\/portaltela.pt\/noticias\/2026\/02\/27\/sporting-apresenta-o-onze-para-o-duelo-com-o-estoril\/#primaryimage"},"thumbnailUrl":"https:\/\/portaltela.pt\/s.01k8rhncp4jt1\/2026\/02\/img_920x518uu2026-02-21-20-00-48-2422961-im-639073008611954192-1.jpg","datePublished":"2026-02-27T19:39:00+00:00","author":{"@id":"https:\/\/portaltela.pt\/#\/schema\/person\/c4278d4a6028830caff9ee44b42d32ed"},"breadcrumb":{"@id":"https:\/\/portaltela.pt\/noticias\/2026\/02\/27\/sporting-apresenta-o-onze-para-o-duelo-com-o-estoril\/#breadcrumb"},"inLanguage":"pt-PT","potentialAction":[{"@type":"ReadAction","target":["https:\/\/portaltela.pt\/noticias\/2026\/02\/27\/sporting-apresenta-o-onze-para-o-duelo-com-o-estoril\/"]}]},{"@type":"ImageObject","inLanguage":"pt-PT","@id":"https:\/\/portaltela.pt\/noticias\/2026\/02\/27\/sporting-apresenta-o-onze-para-o-duelo-com-o-estoril\/#primaryimage","url":"https:\/\/portaltela.pt\/s.01k8rhncp4jt1\/2026\/02\/img_920x518uu2026-02-21-20-00-48-2422961-im-639073008611954192-1.jpg","contentUrl":"https:\/\/portaltela.pt\/s.01k8rhncp4jt1\/2026\/02\/img_920x518uu2026-02-21-20-00-48-2422961-im-639073008611954192-1.jpg","width":796,"height":448,"caption":"Rui Borges, treinador do Sporting"},{"@type":"BreadcrumbList","@id":"https:\/\/portaltela.pt\/noticias\/2026\/02\/27\/sporting-apresenta-o-onze-para-o-duelo-com-o-estoril\/#breadcrumb","itemListElement":[{"@type":"ListItem","position":1,"name":"In\u00edcio","item":"https:\/\/portaltela.pt\/"},{"@type":"ListItem","position":2,"name":"Sporting apresenta o onze para o duelo com o Estoril"}]},{"@type":"WebSite","@id":"https:\/\/portaltela.pt\/#website","url":"https:\/\/portaltela.pt\/","name":"Portal Tela Portugal","description":"","potentialAction":[{"@type":"SearchAction","target":{"@type":"EntryPoint","urlTemplate":"https:\/\/portaltela.pt\/?s={search_term_string}"},"query-input":{"@type":"PropertyValueSpecification","valueRequired":true,"valueName":"search_term_string"}}],"inLanguage":"pt-PT"},{"@type":"Person","@id":"https:\/\/portaltela.pt\/#\/schema\/person\/c4278d4a6028830caff9ee44b42d32ed","name":"Telinha","image":{"@type":"ImageObject","inLanguage":"pt-PT","@id":"https:\/\/portaltela.pt\/s.01k8rhncp4jt1\/2025\/11\/talking-bot-125x125.png","url":"https:\/\/portaltela.pt\/s.01k8rhncp4jt1\/2025\/11\/talking-bot-125x125.png","contentUrl":"https:\/\/portaltela.pt\/s.01k8rhncp4jt1\/2025\/11\/talking-bot-125x125.png","caption":"Telinha"},"sameAs":["https:\/\/portaltela.pt\/"],"url":"https:\/\/portaltela.pt\/por\/367410592786\/"}]}},"_links":{"self":[{"href":"https:\/\/portaltela.pt\/api\/wp\/v2\/posts\/391405","targetHints":{"allow":["GET"]}}],"collection":[{"href":"https:\/\/portaltela.pt\/api\/wp\/v2\/posts"}],"about":[{"href":"https:\/\/portaltela.pt\/api\/wp\/v2\/types\/post"}],"author":[{"embeddable":true,"href":"https:\/\/portaltela.pt\/api\/wp\/v2\/users\/2"}],"replies":[{"embeddable":true,"href":"https:\/\/portaltela.pt\/api\/wp\/v2\/comments?post=391405"}],"version-history":[{"count":0,"href":"https:\/\/portaltela.pt\/api\/wp\/v2\/posts\/391405\/revisions"}],"wp:featuredmedia":[{"embeddable":true,"href":"https:\/\/portaltela.pt\/api\/wp\/v2\/media\/391413"}],"wp:attachment":[{"href":"https:\/\/portaltela.pt\/api\/wp\/v2\/media?parent=391405"}],"wp:term":[{"taxonomy":"category","embeddable":true,"href":"https:\/\/portaltela.pt\/api\/wp\/v2\/categories?post=391405"},{"taxonomy":"post_tag","embeddable":true,"href":"https:\/\/portaltela.pt\/api\/wp\/v2\/tags?post=391405"}],"curies":[{"name":"wp","href":"https:\/\/api.w.org\/{rel}","templated":true}]}}