{"id":391390,"date":"2026-02-27T16:32:19","date_gmt":"2026-02-27T19:32:19","guid":{"rendered":"https:\/\/portaltela.pt\/noticias\/2026\/02\/27\/servia-busca-ampliar-relacoes-com-asia-central\/"},"modified":"2026-02-27T16:32:19","modified_gmt":"2026-02-27T19:32:19","slug":"servia-busca-ampliar-relacoes-com-asia-central","status":"publish","type":"post","link":"https:\/\/portaltela.pt\/noticias\/2026\/02\/27\/servia-busca-ampliar-relacoes-com-asia-central\/","title":{"rendered":"S\u00e9rvia busca ampliar rela\u00e7\u00f5es com \u00c1sia Central"},"content":{"rendered":"<p>A S\u00e9rvia intensificou nesta semana a sua pol\u00edtica externa com foco na \u00c1sia Central, ampliando la\u00e7os econ\u00f3micos e diplom\u00e1ticos. O presidente Aleksandar Vu\u010di\u0107 liderou uma ofensiva para promover com\u00e9rcio e investimento no leste, sem abandonar o caminho de integra\u00e7\u00e3o na UE. A presen\u00e7a na Cimeira da Euronews serviu para reiterar o objetivo de diversificar parcerias.<\/p>\n<p>Durante a visita oficial ao Cazaquist\u00e3o, Vu\u010di\u0107 reuniu-se com o presidente Kassym-Jomart Tokayev e com o primeiro-ministro Olzhas Bektenov. Foram discutidos o refor\u00e7o do di\u00e1logo pol\u00edtico, o crescimento dos la\u00e7os comerciais e a coopera\u00e7\u00e3o cultural e humanit\u00e1ria entre ambos os pa\u00edses.<\/p>\n<p>Tokayev condecorou Vu\u010di\u0107 com a Ordem da \u00c1guia de Ouro, num gesto simb\u00f3lico da rela\u00e7\u00e3o entre Belgrado e Astana. Foram ainda assinados acordos com os maiores fundos de investimento do Cazaquist\u00e3o, definindo linhas de atua\u00e7\u00e3o futura em setores-chave.<\/p>\n<p>Na avalia\u00e7\u00e3o de Tokayev, o interc\u00e2mbio comercial tem vindo a crescer. Atualmente existem 60 empresas s\u00e9rvias a operar no Cazaquist\u00e3o, com potencial para expans\u00e3o em \u00e1reas complementares da economia dos dois pa\u00edses.<\/p>\n<p>Desde novembro de 2024, quando o presidente do Cazaquist\u00e3o visitou Belgrado, as rela\u00e7\u00f5es entre os dois pa\u00edses registaram uma viragem positiva. O com\u00e9rcio aumentou acima de 7%, com exporta\u00e7\u00f5es kazakhs para a S\u00e9rvia a crescerem 80%.<\/p>\n<p>V\u00e1rios acordos de coopera\u00e7\u00e3o empresarial e de defesa foram firmados em Astana, incluindo uma parceria entre SP Kaztechnology e Yugoimport SDPR para a repara\u00e7\u00e3o de sistemas de artilharia autopropulsada. Um acordo-quadro aborda transfer\u00eancia de tecnologia e produ\u00e7\u00e3o de materiais de alta energia.<\/p>\n<p>Vu\u010di\u0107 destacou a cria\u00e7\u00e3o de bases s\u00f3lidas para o relacionamento entre Cazaquist\u00e3o e S\u00e9rvia, ap\u00f3s visitas ao Centro Internacional de IA e ao Centro Financeiro Internacional de Astana. O chefe de Estado s\u00e9rvio tamb\u00e9m agradeceu a lideran\u00e7a anfitri\u00e3 por n\u00e3o reconhecer o Kosovo como Estado independente.<\/p>\n<p>Antes da desloca\u00e7\u00e3o a Astana, Vu\u010di\u0107 recebeu Ilham Aliyev, presidente do Azerbaij\u00e3o, em Belgrado. As duas partes assinaram um acordo para conce\u00e7\u00e3o, constru\u00e7\u00e3o e opera\u00e7\u00e3o de uma central el\u00e9trica a g\u00e1s, elemento-chave da estrat\u00e9gia de transi\u00e7\u00e3o energ\u00e9tica s\u00e9rvia.<\/p>\n<p>A agricultura do projeto prev\u00ea a constru\u00e7\u00e3o de uma central em tr\u00eas locais perto de Ni\u0161, com conclus\u00e3o prevista para 2029. O acordo com o Azerbaij\u00e3o pretende diversificar as fontes de g\u00e1s da S\u00e9rvia, contribuindo para a seguran\u00e7a energ\u00e9tica e o desenvolvimento econ\u00f3mico.<\/p>\n<p>Aliyev sublinhou que o Azerbaij\u00e3o j\u00e1 exporta g\u00e1s para a S\u00e9rvia e que o novo acordo permitir\u00e1 converter g\u00e1s em eletricidade, ampliando o volume de fornecimentos e abrindo oportunidades de exporta\u00e7\u00e3o futuras.<\/p>\n","protected":false},"excerpt":{"rendered":"<ul>\n<li>O presidente s\u00e9rvio, Aleksandar Vu\u010di\u0107, iniciou uma ofensiva diplom\u00e1tica na \u00c1sia Central, com visitas ao Cazaquist\u00e3o para fortalecer la\u00e7os comerciais, econ\u00f3micos e culturais.<\/li>\n<li>Em Astana, Vu\u010di\u0107 reuniu-se com o presidente Kassym-Jomart Tokayev e com o primeiro-ministro Olzhas Bektenov, assinando acordos de coopera\u00e7\u00e3o e destacando o aumento do interc\u00e2mbio comercial, com 60 empresas s\u00e9rvias j\u00e1 ativas no Cazaquist\u00e3o.<\/li>\n<li>As rela\u00e7\u00f5es entre S\u00e9rvia e Cazaquist\u00e3o intensificaram-se desde novembro de 2024, quando Belgrado visitou Astana; o volume de neg\u00f3cios aumentou acima de sete por cento e as exporta\u00e7\u00f5es do Cazaquist\u00e3o para a S\u00e9rvia cresceram 80 por cento.<\/li>\n<li>No setor de defesa, acordos entre Kaztechology (Kazakh Technology) e a s\u00e9rvia Yugoimport SDPR prev\u00eaem repara\u00e7\u00e3o e moderniza\u00e7\u00e3o de sistemas de artilharia autopropulsada, al\u00e9m de transfer\u00eancia de tecnologia.<\/li>\n<li>Al\u00e9m disso, Vu\u010di\u0107 assinou com o Azerbaij\u00e3o um acordo para conce\u00e7\u00e3o, constru\u00e7\u00e3o e opera\u00e7\u00e3o de uma central el\u00e9trica a g\u00e1s, com constru\u00e7\u00e3o prevista em tr\u00eas locais perto de Ni\u0161 e inaugura\u00e7\u00e3o estimada para 2029, como parte da diversifica\u00e7\u00e3o de energia.<\/li>\n<\/ul>\n","protected":false},"author":2,"featured_media":391401,"comment_status":"closed","ping_status":"closed","sticky":false,"template":"","format":"standard","meta":{"footnotes":""},"categories":[1],"tags":[6413,6476,5354,244,256,174],"class_list":["post-391390","post","type-post","status-publish","format-standard","has-post-thumbnail","hentry","category-noticias","tag-asia-central","tag-azerbaijao","tag-cazaquistao","tag-comercio","tag-cooperacao-internacional","tag-energia"],"yoast_head":"<!-- This site is optimized with the Yoast SEO plugin v27.2 - https:\/\/yoast.com\/product\/yoast-seo-wordpress\/ -->\n<title>S\u00e9rvia busca ampliar rela\u00e7\u00f5es com \u00c1sia Central - Portal Tela Portugal<\/title>\n<meta name=\"robots\" content=\"index, follow, max-snippet:-1, max-image-preview:large, max-video-preview:-1\" \/>\n<meta property=\"og:locale\" content=\"pt_PT\" \/>\n<meta property=\"og:type\" content=\"article\" \/>\n<meta property=\"og:title\" content=\"S\u00e9rvia busca ampliar rela\u00e7\u00f5es com \u00c1sia Central - Portal Tela Portugal\" \/>\n<meta property=\"og:description\" content=\"O presidente s\u00e9rvio, Aleksandar Vu\u010di\u0107, iniciou uma ofensiva diplom\u00e1tica na \u00c1sia Central, com visitas ao Cazaquist\u00e3o para fortalecer la\u00e7os comerciais, econ\u00f3micos e culturais. Em Astana, Vu\u010di\u0107 reuniu-se com o presidente Kassym-Jomart Tokayev e com o primeiro-ministro Olzhas Bektenov, assinando acordos de coopera\u00e7\u00e3o e destacando o aumento do interc\u00e2mbio comercial, com 60 empresas s\u00e9rvias j\u00e1 ativas no Cazaquist\u00e3o. As rela\u00e7\u00f5es entre S\u00e9rvia e Cazaquist\u00e3o intensificaram-se desde novembro de 2024, quando Belgrado visitou Astana; o volume de neg\u00f3cios aumentou acima de sete por cento e as exporta\u00e7\u00f5es do Cazaquist\u00e3o para a S\u00e9rvia cresceram 80 por cento. No setor de defesa, acordos entre Kaztechology (Kazakh Technology) e a s\u00e9rvia Yugoimport SDPR prev\u00eaem repara\u00e7\u00e3o e moderniza\u00e7\u00e3o de sistemas de artilharia autopropulsada, al\u00e9m de transfer\u00eancia de tecnologia. Al\u00e9m disso, Vu\u010di\u0107 assinou com o Azerbaij\u00e3o um acordo para conce\u00e7\u00e3o, constru\u00e7\u00e3o e opera\u00e7\u00e3o de uma central el\u00e9trica a g\u00e1s, com constru\u00e7\u00e3o prevista em tr\u00eas locais perto de Ni\u0161 e inaugura\u00e7\u00e3o estimada para 2029, como parte da diversifica\u00e7\u00e3o de energia.\" \/>\n<meta property=\"og:url\" content=\"https:\/\/portaltela.pt\/noticias\/2026\/02\/27\/servia-busca-ampliar-relacoes-com-asia-central\/\" \/>\n<meta property=\"og:site_name\" content=\"Portal Tela Portugal\" \/>\n<meta property=\"article:published_time\" content=\"2026-02-27T19:32:19+00:00\" \/>\n<meta name=\"author\" content=\"Telinha\" \/>\n<meta name=\"twitter:card\" content=\"summary_large_image\" \/>\n<meta name=\"twitter:label1\" content=\"Escrito por\" \/>\n\t<meta name=\"twitter:data1\" content=\"Telinha\" \/>\n\t<meta name=\"twitter:label2\" content=\"Tempo estimado de leitura\" \/>\n\t<meta name=\"twitter:data2\" content=\"2 minutos\" \/>\n<script type=\"application\/ld+json\" class=\"yoast-schema-graph\">{\"@context\":\"https:\/\/schema.org\",\"@graph\":[{\"@type\":\"Article\",\"@id\":\"https:\/\/portaltela.pt\/noticias\/2026\/02\/27\/servia-busca-ampliar-relacoes-com-asia-central\/#article\",\"isPartOf\":{\"@id\":\"https:\/\/portaltela.pt\/noticias\/2026\/02\/27\/servia-busca-ampliar-relacoes-com-asia-central\/\"},\"author\":{\"name\":\"Telinha\",\"@id\":\"https:\/\/portaltela.pt\/#\/schema\/person\/c4278d4a6028830caff9ee44b42d32ed\"},\"headline\":\"S\u00e9rvia busca ampliar rela\u00e7\u00f5es com \u00c1sia Central\",\"datePublished\":\"2026-02-27T19:32:19+00:00\",\"mainEntityOfPage\":{\"@id\":\"https:\/\/portaltela.pt\/noticias\/2026\/02\/27\/servia-busca-ampliar-relacoes-com-asia-central\/\"},\"wordCount\":483,\"image\":{\"@id\":\"https:\/\/portaltela.pt\/noticias\/2026\/02\/27\/servia-busca-ampliar-relacoes-com-asia-central\/#primaryimage\"},\"thumbnailUrl\":\"https:\/\/portaltela.pt\/s.01k8rhncp4jt1\/2026\/02\/1536x864_cmsv2_ffd2760e-9fde-500e-9a38-e63f30d1bbec-9668013.jpg\",\"keywords\":[\"\u00c1sia Central\",\"Azerbaij\u00e3o\",\"Cazaquist\u00e3o\",\"com\u00e9rcio\",\"coopera\u00e7\u00e3o internacional\",\"energia\"],\"articleSection\":[\"Not\u00edcias\"],\"inLanguage\":\"pt-PT\"},{\"@type\":\"WebPage\",\"@id\":\"https:\/\/portaltela.pt\/noticias\/2026\/02\/27\/servia-busca-ampliar-relacoes-com-asia-central\/\",\"url\":\"https:\/\/portaltela.pt\/noticias\/2026\/02\/27\/servia-busca-ampliar-relacoes-com-asia-central\/\",\"name\":\"S\u00e9rvia busca ampliar rela\u00e7\u00f5es com \u00c1sia Central - Portal Tela Portugal\",\"isPartOf\":{\"@id\":\"https:\/\/portaltela.pt\/#website\"},\"primaryImageOfPage\":{\"@id\":\"https:\/\/portaltela.pt\/noticias\/2026\/02\/27\/servia-busca-ampliar-relacoes-com-asia-central\/#primaryimage\"},\"image\":{\"@id\":\"https:\/\/portaltela.pt\/noticias\/2026\/02\/27\/servia-busca-ampliar-relacoes-com-asia-central\/#primaryimage\"},\"thumbnailUrl\":\"https:\/\/portaltela.pt\/s.01k8rhncp4jt1\/2026\/02\/1536x864_cmsv2_ffd2760e-9fde-500e-9a38-e63f30d1bbec-9668013.jpg\",\"datePublished\":\"2026-02-27T19:32:19+00:00\",\"author\":{\"@id\":\"https:\/\/portaltela.pt\/#\/schema\/person\/c4278d4a6028830caff9ee44b42d32ed\"},\"breadcrumb\":{\"@id\":\"https:\/\/portaltela.pt\/noticias\/2026\/02\/27\/servia-busca-ampliar-relacoes-com-asia-central\/#breadcrumb\"},\"inLanguage\":\"pt-PT\",\"potentialAction\":[{\"@type\":\"ReadAction\",\"target\":[\"https:\/\/portaltela.pt\/noticias\/2026\/02\/27\/servia-busca-ampliar-relacoes-com-asia-central\/\"]}]},{\"@type\":\"ImageObject\",\"inLanguage\":\"pt-PT\",\"@id\":\"https:\/\/portaltela.pt\/noticias\/2026\/02\/27\/servia-busca-ampliar-relacoes-com-asia-central\/#primaryimage\",\"url\":\"https:\/\/portaltela.pt\/s.01k8rhncp4jt1\/2026\/02\/1536x864_cmsv2_ffd2760e-9fde-500e-9a38-e63f30d1bbec-9668013.jpg\",\"contentUrl\":\"https:\/\/portaltela.pt\/s.01k8rhncp4jt1\/2026\/02\/1536x864_cmsv2_ffd2760e-9fde-500e-9a38-e63f30d1bbec-9668013.jpg\",\"width\":796,\"height\":448,\"caption\":\"Vucic e Tokayev\"},{\"@type\":\"BreadcrumbList\",\"@id\":\"https:\/\/portaltela.pt\/noticias\/2026\/02\/27\/servia-busca-ampliar-relacoes-com-asia-central\/#breadcrumb\",\"itemListElement\":[{\"@type\":\"ListItem\",\"position\":1,\"name\":\"In\u00edcio\",\"item\":\"https:\/\/portaltela.pt\/\"},{\"@type\":\"ListItem\",\"position\":2,\"name\":\"S\u00e9rvia busca ampliar rela\u00e7\u00f5es com \u00c1sia Central\"}]},{\"@type\":\"WebSite\",\"@id\":\"https:\/\/portaltela.pt\/#website\",\"url\":\"https:\/\/portaltela.pt\/\",\"name\":\"Portal Tela Portugal\",\"description\":\"\",\"potentialAction\":[{\"@type\":\"SearchAction\",\"target\":{\"@type\":\"EntryPoint\",\"urlTemplate\":\"https:\/\/portaltela.pt\/?s={search_term_string}\"},\"query-input\":{\"@type\":\"PropertyValueSpecification\",\"valueRequired\":true,\"valueName\":\"search_term_string\"}}],\"inLanguage\":\"pt-PT\"},{\"@type\":\"Person\",\"@id\":\"https:\/\/portaltela.pt\/#\/schema\/person\/c4278d4a6028830caff9ee44b42d32ed\",\"name\":\"Telinha\",\"image\":{\"@type\":\"ImageObject\",\"inLanguage\":\"pt-PT\",\"@id\":\"https:\/\/portaltela.pt\/s.01k8rhncp4jt1\/2025\/11\/talking-bot-125x125.png\",\"url\":\"https:\/\/portaltela.pt\/s.01k8rhncp4jt1\/2025\/11\/talking-bot-125x125.png\",\"contentUrl\":\"https:\/\/portaltela.pt\/s.01k8rhncp4jt1\/2025\/11\/talking-bot-125x125.png\",\"caption\":\"Telinha\"},\"sameAs\":[\"https:\/\/portaltela.pt\/\"],\"url\":\"https:\/\/portaltela.pt\/por\/367410592786\/\"}]}<\/script>\n<!-- \/ Yoast SEO plugin. -->","yoast_head_json":{"title":"S\u00e9rvia busca ampliar rela\u00e7\u00f5es com \u00c1sia Central - Portal Tela Portugal","robots":{"index":"index","follow":"follow","max-snippet":"max-snippet:-1","max-image-preview":"max-image-preview:large","max-video-preview":"max-video-preview:-1"},"og_locale":"pt_PT","og_type":"article","og_title":"S\u00e9rvia busca ampliar rela\u00e7\u00f5es com \u00c1sia Central - Portal Tela Portugal","og_description":"O presidente s\u00e9rvio, Aleksandar Vu\u010di\u0107, iniciou uma ofensiva diplom\u00e1tica na \u00c1sia Central, com visitas ao Cazaquist\u00e3o para fortalecer la\u00e7os comerciais, econ\u00f3micos e culturais. Em Astana, Vu\u010di\u0107 reuniu-se com o presidente Kassym-Jomart Tokayev e com o primeiro-ministro Olzhas Bektenov, assinando acordos de coopera\u00e7\u00e3o e destacando o aumento do interc\u00e2mbio comercial, com 60 empresas s\u00e9rvias j\u00e1 ativas no Cazaquist\u00e3o. As rela\u00e7\u00f5es entre S\u00e9rvia e Cazaquist\u00e3o intensificaram-se desde novembro de 2024, quando Belgrado visitou Astana; o volume de neg\u00f3cios aumentou acima de sete por cento e as exporta\u00e7\u00f5es do Cazaquist\u00e3o para a S\u00e9rvia cresceram 80 por cento. No setor de defesa, acordos entre Kaztechology (Kazakh Technology) e a s\u00e9rvia Yugoimport SDPR prev\u00eaem repara\u00e7\u00e3o e moderniza\u00e7\u00e3o de sistemas de artilharia autopropulsada, al\u00e9m de transfer\u00eancia de tecnologia. Al\u00e9m disso, Vu\u010di\u0107 assinou com o Azerbaij\u00e3o um acordo para conce\u00e7\u00e3o, constru\u00e7\u00e3o e opera\u00e7\u00e3o de uma central el\u00e9trica a g\u00e1s, com constru\u00e7\u00e3o prevista em tr\u00eas locais perto de Ni\u0161 e inaugura\u00e7\u00e3o estimada para 2029, como parte da diversifica\u00e7\u00e3o de energia.","og_url":"https:\/\/portaltela.pt\/noticias\/2026\/02\/27\/servia-busca-ampliar-relacoes-com-asia-central\/","og_site_name":"Portal Tela Portugal","article_published_time":"2026-02-27T19:32:19+00:00","author":"Telinha","twitter_card":"summary_large_image","twitter_misc":{"Escrito por":"Telinha","Tempo estimado de leitura":"2 minutos"},"schema":{"@context":"https:\/\/schema.org","@graph":[{"@type":"Article","@id":"https:\/\/portaltela.pt\/noticias\/2026\/02\/27\/servia-busca-ampliar-relacoes-com-asia-central\/#article","isPartOf":{"@id":"https:\/\/portaltela.pt\/noticias\/2026\/02\/27\/servia-busca-ampliar-relacoes-com-asia-central\/"},"author":{"name":"Telinha","@id":"https:\/\/portaltela.pt\/#\/schema\/person\/c4278d4a6028830caff9ee44b42d32ed"},"headline":"S\u00e9rvia busca ampliar rela\u00e7\u00f5es com \u00c1sia Central","datePublished":"2026-02-27T19:32:19+00:00","mainEntityOfPage":{"@id":"https:\/\/portaltela.pt\/noticias\/2026\/02\/27\/servia-busca-ampliar-relacoes-com-asia-central\/"},"wordCount":483,"image":{"@id":"https:\/\/portaltela.pt\/noticias\/2026\/02\/27\/servia-busca-ampliar-relacoes-com-asia-central\/#primaryimage"},"thumbnailUrl":"https:\/\/portaltela.pt\/s.01k8rhncp4jt1\/2026\/02\/1536x864_cmsv2_ffd2760e-9fde-500e-9a38-e63f30d1bbec-9668013.jpg","keywords":["\u00c1sia Central","Azerbaij\u00e3o","Cazaquist\u00e3o","com\u00e9rcio","coopera\u00e7\u00e3o internacional","energia"],"articleSection":["Not\u00edcias"],"inLanguage":"pt-PT"},{"@type":"WebPage","@id":"https:\/\/portaltela.pt\/noticias\/2026\/02\/27\/servia-busca-ampliar-relacoes-com-asia-central\/","url":"https:\/\/portaltela.pt\/noticias\/2026\/02\/27\/servia-busca-ampliar-relacoes-com-asia-central\/","name":"S\u00e9rvia busca ampliar rela\u00e7\u00f5es com \u00c1sia Central - Portal Tela Portugal","isPartOf":{"@id":"https:\/\/portaltela.pt\/#website"},"primaryImageOfPage":{"@id":"https:\/\/portaltela.pt\/noticias\/2026\/02\/27\/servia-busca-ampliar-relacoes-com-asia-central\/#primaryimage"},"image":{"@id":"https:\/\/portaltela.pt\/noticias\/2026\/02\/27\/servia-busca-ampliar-relacoes-com-asia-central\/#primaryimage"},"thumbnailUrl":"https:\/\/portaltela.pt\/s.01k8rhncp4jt1\/2026\/02\/1536x864_cmsv2_ffd2760e-9fde-500e-9a38-e63f30d1bbec-9668013.jpg","datePublished":"2026-02-27T19:32:19+00:00","author":{"@id":"https:\/\/portaltela.pt\/#\/schema\/person\/c4278d4a6028830caff9ee44b42d32ed"},"breadcrumb":{"@id":"https:\/\/portaltela.pt\/noticias\/2026\/02\/27\/servia-busca-ampliar-relacoes-com-asia-central\/#breadcrumb"},"inLanguage":"pt-PT","potentialAction":[{"@type":"ReadAction","target":["https:\/\/portaltela.pt\/noticias\/2026\/02\/27\/servia-busca-ampliar-relacoes-com-asia-central\/"]}]},{"@type":"ImageObject","inLanguage":"pt-PT","@id":"https:\/\/portaltela.pt\/noticias\/2026\/02\/27\/servia-busca-ampliar-relacoes-com-asia-central\/#primaryimage","url":"https:\/\/portaltela.pt\/s.01k8rhncp4jt1\/2026\/02\/1536x864_cmsv2_ffd2760e-9fde-500e-9a38-e63f30d1bbec-9668013.jpg","contentUrl":"https:\/\/portaltela.pt\/s.01k8rhncp4jt1\/2026\/02\/1536x864_cmsv2_ffd2760e-9fde-500e-9a38-e63f30d1bbec-9668013.jpg","width":796,"height":448,"caption":"Vucic e Tokayev"},{"@type":"BreadcrumbList","@id":"https:\/\/portaltela.pt\/noticias\/2026\/02\/27\/servia-busca-ampliar-relacoes-com-asia-central\/#breadcrumb","itemListElement":[{"@type":"ListItem","position":1,"name":"In\u00edcio","item":"https:\/\/portaltela.pt\/"},{"@type":"ListItem","position":2,"name":"S\u00e9rvia busca ampliar rela\u00e7\u00f5es com \u00c1sia Central"}]},{"@type":"WebSite","@id":"https:\/\/portaltela.pt\/#website","url":"https:\/\/portaltela.pt\/","name":"Portal Tela Portugal","description":"","potentialAction":[{"@type":"SearchAction","target":{"@type":"EntryPoint","urlTemplate":"https:\/\/portaltela.pt\/?s={search_term_string}"},"query-input":{"@type":"PropertyValueSpecification","valueRequired":true,"valueName":"search_term_string"}}],"inLanguage":"pt-PT"},{"@type":"Person","@id":"https:\/\/portaltela.pt\/#\/schema\/person\/c4278d4a6028830caff9ee44b42d32ed","name":"Telinha","image":{"@type":"ImageObject","inLanguage":"pt-PT","@id":"https:\/\/portaltela.pt\/s.01k8rhncp4jt1\/2025\/11\/talking-bot-125x125.png","url":"https:\/\/portaltela.pt\/s.01k8rhncp4jt1\/2025\/11\/talking-bot-125x125.png","contentUrl":"https:\/\/portaltela.pt\/s.01k8rhncp4jt1\/2025\/11\/talking-bot-125x125.png","caption":"Telinha"},"sameAs":["https:\/\/portaltela.pt\/"],"url":"https:\/\/portaltela.pt\/por\/367410592786\/"}]}},"_links":{"self":[{"href":"https:\/\/portaltela.pt\/api\/wp\/v2\/posts\/391390","targetHints":{"allow":["GET"]}}],"collection":[{"href":"https:\/\/portaltela.pt\/api\/wp\/v2\/posts"}],"about":[{"href":"https:\/\/portaltela.pt\/api\/wp\/v2\/types\/post"}],"author":[{"embeddable":true,"href":"https:\/\/portaltela.pt\/api\/wp\/v2\/users\/2"}],"replies":[{"embeddable":true,"href":"https:\/\/portaltela.pt\/api\/wp\/v2\/comments?post=391390"}],"version-history":[{"count":0,"href":"https:\/\/portaltela.pt\/api\/wp\/v2\/posts\/391390\/revisions"}],"wp:featuredmedia":[{"embeddable":true,"href":"https:\/\/portaltela.pt\/api\/wp\/v2\/media\/391401"}],"wp:attachment":[{"href":"https:\/\/portaltela.pt\/api\/wp\/v2\/media?parent=391390"}],"wp:term":[{"taxonomy":"category","embeddable":true,"href":"https:\/\/portaltela.pt\/api\/wp\/v2\/categories?post=391390"},{"taxonomy":"post_tag","embeddable":true,"href":"https:\/\/portaltela.pt\/api\/wp\/v2\/tags?post=391390"}],"curies":[{"name":"wp","href":"https:\/\/api.w.org\/{rel}","templated":true}]}}