{"id":391374,"date":"2026-02-27T14:50:00","date_gmt":"2026-02-27T17:50:00","guid":{"rendered":"https:\/\/portaltela.pt\/noticias\/2026\/02\/27\/benfica-suspende-cinco-socios-acusados-de-racismo-e-pode-expulsa-los\/"},"modified":"2026-02-27T14:50:00","modified_gmt":"2026-02-27T17:50:00","slug":"benfica-suspende-cinco-socios-acusados-de-racismo-e-pode-expulsa-los","status":"publish","type":"post","link":"https:\/\/portaltela.pt\/desporto\/futebol\/2026\/02\/27\/benfica-suspende-cinco-socios-acusados-de-racismo-e-pode-expulsa-los\/","title":{"rendered":"Benfica suspende cinco s\u00f3cios acusados de racismo e pode expuls\u00e1-los"},"content":{"rendered":"<p>O Benfica anunciou a suspens\u00e3o de cinco s\u00f3cios acusados de racismo, com possibilidade de expuls\u00e3o no \u00e2mbito de um processo disciplinar. A institui\u00e7\u00e3o n\u00e3o avan\u00e7ou com detalhes sobre a identidade dos intervenientes nem sobre as circunst\u00e2ncias das acusa\u00e7\u00f5es.<\/p>\n<p>Segundo a comunica\u00e7\u00e3o do clube, as medidas foram tomadas no \u00e2mbito de uma reformula\u00e7\u00e3o de pol\u00edticas internas para combater comportamentos discriminat\u00f3rios. O procedimento pode evoluir para a expuls\u00e3o caso se confirme a gravidade das infra\u00e7\u00f5es associadas aos s\u00f3cios em causa.<\/p>\n<p>A dire\u00e7\u00e3o do clube reiterou o compromisso com a toler\u00e2ncia zero ao racismo, sublinhando que incidentes desse tipo s\u00e3o tratados com rigor. N\u00e3o foram avan\u00e7ados prazos para a conclus\u00e3o do processo disciplinar nem para eventuais desdobramentos.<\/p>\n","protected":false},"excerpt":{"rendered":"<ul>\n<li>O Benfica suspendeu cinco s\u00f3cios acusados de racismo.<\/li>\n<li>A hip\u00f3tese est\u00e1 em avalia\u00e7\u00e3o para poss\u00edvel expuls\u00e3o dos s\u00f3cios.<\/li>\n<li>O conte\u00fado completo da not\u00edcia est\u00e1 dispon\u00edvel apenas para subscritores.<\/li>\n<\/ul>\n","protected":false},"author":2,"featured_media":391375,"comment_status":"closed","ping_status":"closed","sticky":false,"template":"","format":"standard","meta":{"footnotes":""},"categories":[21,24],"tags":[6441,1946,152,2971,32,6032],"class_list":["post-391374","post","type-post","status-publish","format-standard","has-post-thumbnail","hentry","category-desporto","category-futebol","tag-acusacoes","tag-benfica","tag-desporto","tag-expulsoes","tag-futebol","tag-racismo"],"yoast_head":"<!-- This site is optimized with the Yoast SEO plugin v27.2 - https:\/\/yoast.com\/product\/yoast-seo-wordpress\/ -->\n<title>Benfica suspende cinco s\u00f3cios acusados de racismo e pode expuls\u00e1-los - Portal Tela Portugal<\/title>\n<meta name=\"robots\" content=\"index, follow, max-snippet:-1, max-image-preview:large, max-video-preview:-1\" \/>\n<meta property=\"og:locale\" content=\"pt_PT\" \/>\n<meta property=\"og:type\" content=\"article\" \/>\n<meta property=\"og:title\" content=\"Benfica suspende cinco s\u00f3cios acusados de racismo e pode expuls\u00e1-los - Portal Tela Portugal\" \/>\n<meta property=\"og:description\" content=\"O Benfica suspendeu cinco s\u00f3cios acusados de racismo. A hip\u00f3tese est\u00e1 em avalia\u00e7\u00e3o para poss\u00edvel expuls\u00e3o dos s\u00f3cios. O conte\u00fado completo da not\u00edcia est\u00e1 dispon\u00edvel apenas para subscritores.\" \/>\n<meta property=\"og:url\" content=\"https:\/\/portaltela.pt\/noticias\/2026\/02\/27\/benfica-suspende-cinco-socios-acusados-de-racismo-e-pode-expulsa-los\/\" \/>\n<meta property=\"og:site_name\" content=\"Portal Tela Portugal\" \/>\n<meta property=\"article:published_time\" content=\"2026-02-27T17:50:00+00:00\" \/>\n<meta name=\"author\" content=\"Telinha\" \/>\n<meta name=\"twitter:card\" content=\"summary_large_image\" \/>\n<meta name=\"twitter:label1\" content=\"Escrito por\" \/>\n\t<meta name=\"twitter:data1\" content=\"Telinha\" \/>\n\t<meta name=\"twitter:label2\" content=\"Tempo estimado de leitura\" \/>\n\t<meta name=\"twitter:data2\" content=\"1 minuto\" \/>\n<script type=\"application\/ld+json\" class=\"yoast-schema-graph\">{\"@context\":\"https:\/\/schema.org\",\"@graph\":[{\"@type\":\"Article\",\"@id\":\"https:\/\/portaltela.pt\/noticias\/2026\/02\/27\/benfica-suspende-cinco-socios-acusados-de-racismo-e-pode-expulsa-los\/#article\",\"isPartOf\":{\"@id\":\"https:\/\/portaltela.pt\/noticias\/2026\/02\/27\/benfica-suspende-cinco-socios-acusados-de-racismo-e-pode-expulsa-los\/\"},\"author\":{\"name\":\"Telinha\",\"@id\":\"https:\/\/portaltela.pt\/#\/schema\/person\/c4278d4a6028830caff9ee44b42d32ed\"},\"headline\":\"Benfica suspende cinco s\u00f3cios acusados de racismo e pode expuls\u00e1-los\",\"datePublished\":\"2026-02-27T17:50:00+00:00\",\"mainEntityOfPage\":{\"@id\":\"https:\/\/portaltela.pt\/noticias\/2026\/02\/27\/benfica-suspende-cinco-socios-acusados-de-racismo-e-pode-expulsa-los\/\"},\"wordCount\":147,\"image\":{\"@id\":\"https:\/\/portaltela.pt\/noticias\/2026\/02\/27\/benfica-suspende-cinco-socios-acusados-de-racismo-e-pode-expulsa-los\/#primaryimage\"},\"thumbnailUrl\":\"https:\/\/portaltela.pt\/s.01k8rhncp4jt1\/2026\/02\/CACHE_780X1200_ANALOG_WATERMARKED_46586485_4237490_17022026094433.jpg\",\"keywords\":[\"acusa\u00e7\u00f5es\",\"Benfica\",\"desporto\",\"expuls\u00f5es\",\"futebol\",\"racismo\"],\"articleSection\":[\"Desporto\",\"Futebol\"],\"inLanguage\":\"pt-PT\"},{\"@type\":\"WebPage\",\"@id\":\"https:\/\/portaltela.pt\/noticias\/2026\/02\/27\/benfica-suspende-cinco-socios-acusados-de-racismo-e-pode-expulsa-los\/\",\"url\":\"https:\/\/portaltela.pt\/noticias\/2026\/02\/27\/benfica-suspende-cinco-socios-acusados-de-racismo-e-pode-expulsa-los\/\",\"name\":\"Benfica suspende cinco s\u00f3cios acusados de racismo e pode expuls\u00e1-los - Portal Tela Portugal\",\"isPartOf\":{\"@id\":\"https:\/\/portaltela.pt\/#website\"},\"primaryImageOfPage\":{\"@id\":\"https:\/\/portaltela.pt\/noticias\/2026\/02\/27\/benfica-suspende-cinco-socios-acusados-de-racismo-e-pode-expulsa-los\/#primaryimage\"},\"image\":{\"@id\":\"https:\/\/portaltela.pt\/noticias\/2026\/02\/27\/benfica-suspende-cinco-socios-acusados-de-racismo-e-pode-expulsa-los\/#primaryimage\"},\"thumbnailUrl\":\"https:\/\/portaltela.pt\/s.01k8rhncp4jt1\/2026\/02\/CACHE_780X1200_ANALOG_WATERMARKED_46586485_4237490_17022026094433.jpg\",\"datePublished\":\"2026-02-27T17:50:00+00:00\",\"author\":{\"@id\":\"https:\/\/portaltela.pt\/#\/schema\/person\/c4278d4a6028830caff9ee44b42d32ed\"},\"breadcrumb\":{\"@id\":\"https:\/\/portaltela.pt\/noticias\/2026\/02\/27\/benfica-suspende-cinco-socios-acusados-de-racismo-e-pode-expulsa-los\/#breadcrumb\"},\"inLanguage\":\"pt-PT\",\"potentialAction\":[{\"@type\":\"ReadAction\",\"target\":[\"https:\/\/portaltela.pt\/noticias\/2026\/02\/27\/benfica-suspende-cinco-socios-acusados-de-racismo-e-pode-expulsa-los\/\"]}]},{\"@type\":\"ImageObject\",\"inLanguage\":\"pt-PT\",\"@id\":\"https:\/\/portaltela.pt\/noticias\/2026\/02\/27\/benfica-suspende-cinco-socios-acusados-de-racismo-e-pode-expulsa-los\/#primaryimage\",\"url\":\"https:\/\/portaltela.pt\/s.01k8rhncp4jt1\/2026\/02\/CACHE_780X1200_ANALOG_WATERMARKED_46586485_4237490_17022026094433.jpg\",\"contentUrl\":\"https:\/\/portaltela.pt\/s.01k8rhncp4jt1\/2026\/02\/CACHE_780X1200_ANALOG_WATERMARKED_46586485_4237490_17022026094433.jpg\",\"width\":768,\"height\":512,\"caption\":\"Benfica suspende cinco s\u00f3cios acusados de racismo e pode vir a expuls\u00e1-los\"},{\"@type\":\"BreadcrumbList\",\"@id\":\"https:\/\/portaltela.pt\/noticias\/2026\/02\/27\/benfica-suspende-cinco-socios-acusados-de-racismo-e-pode-expulsa-los\/#breadcrumb\",\"itemListElement\":[{\"@type\":\"ListItem\",\"position\":1,\"name\":\"In\u00edcio\",\"item\":\"https:\/\/portaltela.pt\/\"},{\"@type\":\"ListItem\",\"position\":2,\"name\":\"Benfica suspende cinco s\u00f3cios acusados de racismo e pode expuls\u00e1-los\"}]},{\"@type\":\"WebSite\",\"@id\":\"https:\/\/portaltela.pt\/#website\",\"url\":\"https:\/\/portaltela.pt\/\",\"name\":\"Portal Tela Portugal\",\"description\":\"\",\"potentialAction\":[{\"@type\":\"SearchAction\",\"target\":{\"@type\":\"EntryPoint\",\"urlTemplate\":\"https:\/\/portaltela.pt\/?s={search_term_string}\"},\"query-input\":{\"@type\":\"PropertyValueSpecification\",\"valueRequired\":true,\"valueName\":\"search_term_string\"}}],\"inLanguage\":\"pt-PT\"},{\"@type\":\"Person\",\"@id\":\"https:\/\/portaltela.pt\/#\/schema\/person\/c4278d4a6028830caff9ee44b42d32ed\",\"name\":\"Telinha\",\"image\":{\"@type\":\"ImageObject\",\"inLanguage\":\"pt-PT\",\"@id\":\"https:\/\/portaltela.pt\/s.01k8rhncp4jt1\/2025\/11\/talking-bot-125x125.png\",\"url\":\"https:\/\/portaltela.pt\/s.01k8rhncp4jt1\/2025\/11\/talking-bot-125x125.png\",\"contentUrl\":\"https:\/\/portaltela.pt\/s.01k8rhncp4jt1\/2025\/11\/talking-bot-125x125.png\",\"caption\":\"Telinha\"},\"sameAs\":[\"https:\/\/portaltela.pt\/\"],\"url\":\"https:\/\/portaltela.pt\/por\/367410592786\/\"}]}<\/script>\n<!-- \/ Yoast SEO plugin. -->","yoast_head_json":{"title":"Benfica suspende cinco s\u00f3cios acusados de racismo e pode expuls\u00e1-los - Portal Tela Portugal","robots":{"index":"index","follow":"follow","max-snippet":"max-snippet:-1","max-image-preview":"max-image-preview:large","max-video-preview":"max-video-preview:-1"},"og_locale":"pt_PT","og_type":"article","og_title":"Benfica suspende cinco s\u00f3cios acusados de racismo e pode expuls\u00e1-los - Portal Tela Portugal","og_description":"O Benfica suspendeu cinco s\u00f3cios acusados de racismo. A hip\u00f3tese est\u00e1 em avalia\u00e7\u00e3o para poss\u00edvel expuls\u00e3o dos s\u00f3cios. O conte\u00fado completo da not\u00edcia est\u00e1 dispon\u00edvel apenas para subscritores.","og_url":"https:\/\/portaltela.pt\/noticias\/2026\/02\/27\/benfica-suspende-cinco-socios-acusados-de-racismo-e-pode-expulsa-los\/","og_site_name":"Portal Tela Portugal","article_published_time":"2026-02-27T17:50:00+00:00","author":"Telinha","twitter_card":"summary_large_image","twitter_misc":{"Escrito por":"Telinha","Tempo estimado de leitura":"1 minuto"},"schema":{"@context":"https:\/\/schema.org","@graph":[{"@type":"Article","@id":"https:\/\/portaltela.pt\/noticias\/2026\/02\/27\/benfica-suspende-cinco-socios-acusados-de-racismo-e-pode-expulsa-los\/#article","isPartOf":{"@id":"https:\/\/portaltela.pt\/noticias\/2026\/02\/27\/benfica-suspende-cinco-socios-acusados-de-racismo-e-pode-expulsa-los\/"},"author":{"name":"Telinha","@id":"https:\/\/portaltela.pt\/#\/schema\/person\/c4278d4a6028830caff9ee44b42d32ed"},"headline":"Benfica suspende cinco s\u00f3cios acusados de racismo e pode expuls\u00e1-los","datePublished":"2026-02-27T17:50:00+00:00","mainEntityOfPage":{"@id":"https:\/\/portaltela.pt\/noticias\/2026\/02\/27\/benfica-suspende-cinco-socios-acusados-de-racismo-e-pode-expulsa-los\/"},"wordCount":147,"image":{"@id":"https:\/\/portaltela.pt\/noticias\/2026\/02\/27\/benfica-suspende-cinco-socios-acusados-de-racismo-e-pode-expulsa-los\/#primaryimage"},"thumbnailUrl":"https:\/\/portaltela.pt\/s.01k8rhncp4jt1\/2026\/02\/CACHE_780X1200_ANALOG_WATERMARKED_46586485_4237490_17022026094433.jpg","keywords":["acusa\u00e7\u00f5es","Benfica","desporto","expuls\u00f5es","futebol","racismo"],"articleSection":["Desporto","Futebol"],"inLanguage":"pt-PT"},{"@type":"WebPage","@id":"https:\/\/portaltela.pt\/noticias\/2026\/02\/27\/benfica-suspende-cinco-socios-acusados-de-racismo-e-pode-expulsa-los\/","url":"https:\/\/portaltela.pt\/noticias\/2026\/02\/27\/benfica-suspende-cinco-socios-acusados-de-racismo-e-pode-expulsa-los\/","name":"Benfica suspende cinco s\u00f3cios acusados de racismo e pode expuls\u00e1-los - Portal Tela Portugal","isPartOf":{"@id":"https:\/\/portaltela.pt\/#website"},"primaryImageOfPage":{"@id":"https:\/\/portaltela.pt\/noticias\/2026\/02\/27\/benfica-suspende-cinco-socios-acusados-de-racismo-e-pode-expulsa-los\/#primaryimage"},"image":{"@id":"https:\/\/portaltela.pt\/noticias\/2026\/02\/27\/benfica-suspende-cinco-socios-acusados-de-racismo-e-pode-expulsa-los\/#primaryimage"},"thumbnailUrl":"https:\/\/portaltela.pt\/s.01k8rhncp4jt1\/2026\/02\/CACHE_780X1200_ANALOG_WATERMARKED_46586485_4237490_17022026094433.jpg","datePublished":"2026-02-27T17:50:00+00:00","author":{"@id":"https:\/\/portaltela.pt\/#\/schema\/person\/c4278d4a6028830caff9ee44b42d32ed"},"breadcrumb":{"@id":"https:\/\/portaltela.pt\/noticias\/2026\/02\/27\/benfica-suspende-cinco-socios-acusados-de-racismo-e-pode-expulsa-los\/#breadcrumb"},"inLanguage":"pt-PT","potentialAction":[{"@type":"ReadAction","target":["https:\/\/portaltela.pt\/noticias\/2026\/02\/27\/benfica-suspende-cinco-socios-acusados-de-racismo-e-pode-expulsa-los\/"]}]},{"@type":"ImageObject","inLanguage":"pt-PT","@id":"https:\/\/portaltela.pt\/noticias\/2026\/02\/27\/benfica-suspende-cinco-socios-acusados-de-racismo-e-pode-expulsa-los\/#primaryimage","url":"https:\/\/portaltela.pt\/s.01k8rhncp4jt1\/2026\/02\/CACHE_780X1200_ANALOG_WATERMARKED_46586485_4237490_17022026094433.jpg","contentUrl":"https:\/\/portaltela.pt\/s.01k8rhncp4jt1\/2026\/02\/CACHE_780X1200_ANALOG_WATERMARKED_46586485_4237490_17022026094433.jpg","width":768,"height":512,"caption":"Benfica suspende cinco s\u00f3cios acusados de racismo e pode vir a expuls\u00e1-los"},{"@type":"BreadcrumbList","@id":"https:\/\/portaltela.pt\/noticias\/2026\/02\/27\/benfica-suspende-cinco-socios-acusados-de-racismo-e-pode-expulsa-los\/#breadcrumb","itemListElement":[{"@type":"ListItem","position":1,"name":"In\u00edcio","item":"https:\/\/portaltela.pt\/"},{"@type":"ListItem","position":2,"name":"Benfica suspende cinco s\u00f3cios acusados de racismo e pode expuls\u00e1-los"}]},{"@type":"WebSite","@id":"https:\/\/portaltela.pt\/#website","url":"https:\/\/portaltela.pt\/","name":"Portal Tela Portugal","description":"","potentialAction":[{"@type":"SearchAction","target":{"@type":"EntryPoint","urlTemplate":"https:\/\/portaltela.pt\/?s={search_term_string}"},"query-input":{"@type":"PropertyValueSpecification","valueRequired":true,"valueName":"search_term_string"}}],"inLanguage":"pt-PT"},{"@type":"Person","@id":"https:\/\/portaltela.pt\/#\/schema\/person\/c4278d4a6028830caff9ee44b42d32ed","name":"Telinha","image":{"@type":"ImageObject","inLanguage":"pt-PT","@id":"https:\/\/portaltela.pt\/s.01k8rhncp4jt1\/2025\/11\/talking-bot-125x125.png","url":"https:\/\/portaltela.pt\/s.01k8rhncp4jt1\/2025\/11\/talking-bot-125x125.png","contentUrl":"https:\/\/portaltela.pt\/s.01k8rhncp4jt1\/2025\/11\/talking-bot-125x125.png","caption":"Telinha"},"sameAs":["https:\/\/portaltela.pt\/"],"url":"https:\/\/portaltela.pt\/por\/367410592786\/"}]}},"_links":{"self":[{"href":"https:\/\/portaltela.pt\/api\/wp\/v2\/posts\/391374","targetHints":{"allow":["GET"]}}],"collection":[{"href":"https:\/\/portaltela.pt\/api\/wp\/v2\/posts"}],"about":[{"href":"https:\/\/portaltela.pt\/api\/wp\/v2\/types\/post"}],"author":[{"embeddable":true,"href":"https:\/\/portaltela.pt\/api\/wp\/v2\/users\/2"}],"replies":[{"embeddable":true,"href":"https:\/\/portaltela.pt\/api\/wp\/v2\/comments?post=391374"}],"version-history":[{"count":0,"href":"https:\/\/portaltela.pt\/api\/wp\/v2\/posts\/391374\/revisions"}],"wp:featuredmedia":[{"embeddable":true,"href":"https:\/\/portaltela.pt\/api\/wp\/v2\/media\/391375"}],"wp:attachment":[{"href":"https:\/\/portaltela.pt\/api\/wp\/v2\/media?parent=391374"}],"wp:term":[{"taxonomy":"category","embeddable":true,"href":"https:\/\/portaltela.pt\/api\/wp\/v2\/categories?post=391374"},{"taxonomy":"post_tag","embeddable":true,"href":"https:\/\/portaltela.pt\/api\/wp\/v2\/tags?post=391374"}],"curies":[{"name":"wp","href":"https:\/\/api.w.org\/{rel}","templated":true}]}}