{"id":391357,"date":"2026-02-27T16:08:48","date_gmt":"2026-02-27T19:08:48","guid":{"rendered":"https:\/\/portaltela.pt\/noticias\/2026\/02\/27\/juiz-brasileiro-afastado-por-denuncias-de-abusos-em-caso-de-violacao-de-menor\/"},"modified":"2026-02-27T16:08:48","modified_gmt":"2026-02-27T19:08:48","slug":"juiz-brasileiro-afastado-por-denuncias-de-abusos-em-caso-de-violacao-de-menor","status":"publish","type":"post","link":"https:\/\/portaltela.pt\/noticias\/2026\/02\/27\/juiz-brasileiro-afastado-por-denuncias-de-abusos-em-caso-de-violacao-de-menor\/","title":{"rendered":"Juiz brasileiro afastado por den\u00fancias de abusos em caso de viola\u00e7\u00e3o de menor"},"content":{"rendered":"<p>O Conselho Nacional de Justi\u00e7a (CNJ) afastou nesta sexta-feira o juiz Magid Nauef L\u00e1uar, suspeito de abusos sexuais, ap\u00f3s ter absolvido um homem acusado de violar uma menor de 12 anos. A medida envolve a suspens\u00e3o de todas as fun\u00e7\u00f5es do magistrado, a partir de decis\u00e3o do Corregedor Nacional de Justi\u00e7a, ministro Mauro Campbell Marques.<\/p>\n<p>O \u00f3rg\u00e3o informou que j\u00e1 foram ouvidas ao menos cinco v\u00edtimas, incluindo uma residente no exterior, para apurar as den\u00fancias de agress\u00f5es sexuais ocorridas durante o exerc\u00edcio do magistrado nas comarcas de Ouro Preto e Betim, em Minas Gerais. O afastamento visa assegurar a apura\u00e7\u00e3o sem embara\u00e7os.<\/p>\n<p>O caso remonta a abril de 2024, quando o Minist\u00e9rio P\u00fablico de Minas Gerais denunciou um homem de 35 anos por viola\u00e7\u00e3o de uma menina de 12. A jovem morava com o agressor, com a permiss\u00e3o da m\u00e3e, que tamb\u00e9m responde por omiss\u00e3o.<\/p>\n<p>Segundo reportagens, o suspeito foi detido em flagrante no dia 8 de abril de 2024 e admitiu ter mantido rela\u00e7\u00f5es com a v\u00edtima. A m\u00e3e declarou ter autorizado o relacionamento, provocando controv\u00e9rsia p\u00fablica na altura.<\/p>\n<p>Em novembro de 2025, a 1.\u00aa Vara Criminal e da Inf\u00e2ncia e da Juventude da Comarca de Araguari condenou o homem e a m\u00e3e \u00e0 pris\u00e3o. Contudo, a 9.\u00aa C\u00e2mara Criminal do TJMG absolveu-os por maioria de votos, segundo a imprensa local.<\/p>\n<p>Na \u00faltima quarta-feira, Magid L\u00e1uar recuou da decis\u00e3o da C\u00e2mara e acolheu recurso do Minist\u00e9rio P\u00fablico, restabelecendo a condena\u00e7\u00e3o em primeira inst\u00e2ncia. A pena segue fixada em nove anos e quatro meses de pris\u00e3o para o homem e para a m\u00e3e, com determina\u00e7\u00e3o de mandados de deten\u00e7\u00e3o.<\/p>\n","protected":false},"excerpt":{"rendered":"<ul>\n<li>O Conselho Nacional de Justi\u00e7a afastou o juiz Magid Nauef L\u00e1uar por den\u00fancias de agress\u00f5es sexuais durante o exerc\u00edcio nas comarcas de Ouro Preto e Betim, em Minas Gerais.<\/li>\n<li>O afastamento foi determinado pelo Corregedor Nacional de Justi\u00e7a, Mauro Campbell Marques, para garantir uma apura\u00e7\u00e3o livre, com ao menos cinco v\u00edtimas ouvidas, inclusive uma residente no estrangeiro.<\/li>\n<li>A decis\u00e3o ocorre ap\u00f3s o juiz ter proferido uma absolvi\u00e7\u00e3o num caso em que um homem era acusado de violar uma menor de 12 anos.<\/li>\n<li>Em abril de dois mil e vinte e quatro, o Minist\u00e9rio P\u00fablico de Minas denunciou o homem por viola\u00e7\u00e3o da menor; a m\u00e3e dele tamb\u00e9m foi denunciada por omiss\u00e3o.<\/li>\n<li>Em novembro de dois mil e vinte e cinco, a condena\u00e7\u00e3o de nove anos e quatro meses de pris\u00e3o foi proferida pela 1.\u00aa Vara Criminal e da Inf\u00e2ncia e Juventude de Araguari; a 9.\u00aa C\u00e2mara Criminal do TJMG chegou a absolver, mas, na pr\u00e1tica recente, o tribunal restabeleceu a condena\u00e7\u00e3o em primeira inst\u00e2ncia, com mandados de deten\u00e7\u00e3o emitidos.<\/li>\n<\/ul>\n","protected":false},"author":2,"featured_media":391369,"comment_status":"closed","ping_status":"closed","sticky":false,"template":"","format":"standard","meta":{"footnotes":""},"categories":[1],"tags":[817,2547,147,3990,803,1103],"class_list":["post-391357","post","type-post","status-publish","format-standard","has-post-thumbnail","hentry","category-noticias","tag-abuso-de-menor-dependente-ou-em-situacao-vulneravel","tag-brasil","tag-crime","tag-crimes-sexuais","tag-justica","tag-violacao-de-menor-dependente-ou-em-situacao-vulneravel"],"yoast_head":"<!-- This site is optimized with the Yoast SEO plugin v27.2 - https:\/\/yoast.com\/product\/yoast-seo-wordpress\/ -->\n<title>Juiz brasileiro afastado por den\u00fancias de abusos em caso de viola\u00e7\u00e3o de menor - Portal Tela Portugal<\/title>\n<meta name=\"robots\" content=\"index, follow, max-snippet:-1, max-image-preview:large, max-video-preview:-1\" \/>\n<meta property=\"og:locale\" content=\"pt_PT\" \/>\n<meta property=\"og:type\" content=\"article\" \/>\n<meta property=\"og:title\" content=\"Juiz brasileiro afastado por den\u00fancias de abusos em caso de viola\u00e7\u00e3o de menor - Portal Tela Portugal\" \/>\n<meta property=\"og:description\" content=\"O Conselho Nacional de Justi\u00e7a afastou o juiz Magid Nauef L\u00e1uar por den\u00fancias de agress\u00f5es sexuais durante o exerc\u00edcio nas comarcas de Ouro Preto e Betim, em Minas Gerais. O afastamento foi determinado pelo Corregedor Nacional de Justi\u00e7a, Mauro Campbell Marques, para garantir uma apura\u00e7\u00e3o livre, com ao menos cinco v\u00edtimas ouvidas, inclusive uma residente no estrangeiro. A decis\u00e3o ocorre ap\u00f3s o juiz ter proferido uma absolvi\u00e7\u00e3o num caso em que um homem era acusado de violar uma menor de 12 anos. Em abril de dois mil e vinte e quatro, o Minist\u00e9rio P\u00fablico de Minas denunciou o homem por viola\u00e7\u00e3o da menor; a m\u00e3e dele tamb\u00e9m foi denunciada por omiss\u00e3o. Em novembro de dois mil e vinte e cinco, a condena\u00e7\u00e3o de nove anos e quatro meses de pris\u00e3o foi proferida pela 1.\u00aa Vara Criminal e da Inf\u00e2ncia e Juventude de Araguari; a 9.\u00aa C\u00e2mara Criminal do TJMG chegou a absolver, mas, na pr\u00e1tica recente, o tribunal restabeleceu a condena\u00e7\u00e3o em primeira inst\u00e2ncia, com mandados de deten\u00e7\u00e3o emitidos.\" \/>\n<meta property=\"og:url\" content=\"https:\/\/portaltela.pt\/noticias\/2026\/02\/27\/juiz-brasileiro-afastado-por-denuncias-de-abusos-em-caso-de-violacao-de-menor\/\" \/>\n<meta property=\"og:site_name\" content=\"Portal Tela Portugal\" \/>\n<meta property=\"article:published_time\" content=\"2026-02-27T19:08:48+00:00\" \/>\n<meta name=\"author\" content=\"Telinha\" \/>\n<meta name=\"twitter:card\" content=\"summary_large_image\" \/>\n<meta name=\"twitter:label1\" content=\"Escrito por\" \/>\n\t<meta name=\"twitter:data1\" content=\"Telinha\" \/>\n\t<meta name=\"twitter:label2\" content=\"Tempo estimado de leitura\" \/>\n\t<meta name=\"twitter:data2\" content=\"2 minutos\" \/>\n<script type=\"application\/ld+json\" class=\"yoast-schema-graph\">{\"@context\":\"https:\/\/schema.org\",\"@graph\":[{\"@type\":\"Article\",\"@id\":\"https:\/\/portaltela.pt\/noticias\/2026\/02\/27\/juiz-brasileiro-afastado-por-denuncias-de-abusos-em-caso-de-violacao-de-menor\/#article\",\"isPartOf\":{\"@id\":\"https:\/\/portaltela.pt\/noticias\/2026\/02\/27\/juiz-brasileiro-afastado-por-denuncias-de-abusos-em-caso-de-violacao-de-menor\/\"},\"author\":{\"name\":\"Telinha\",\"@id\":\"https:\/\/portaltela.pt\/#\/schema\/person\/c4278d4a6028830caff9ee44b42d32ed\"},\"headline\":\"Juiz brasileiro afastado por den\u00fancias de abusos em caso de viola\u00e7\u00e3o de menor\",\"datePublished\":\"2026-02-27T19:08:48+00:00\",\"mainEntityOfPage\":{\"@id\":\"https:\/\/portaltela.pt\/noticias\/2026\/02\/27\/juiz-brasileiro-afastado-por-denuncias-de-abusos-em-caso-de-violacao-de-menor\/\"},\"wordCount\":315,\"image\":{\"@id\":\"https:\/\/portaltela.pt\/noticias\/2026\/02\/27\/juiz-brasileiro-afastado-por-denuncias-de-abusos-em-caso-de-violacao-de-menor\/#primaryimage\"},\"thumbnailUrl\":\"https:\/\/portaltela.pt\/s.01k8rhncp4jt1\/2026\/02\/img_1280x721uu2019-09-24-16-49-59-887857.jpg\",\"keywords\":[\"abuso de menor dependente ou em situa\u00e7\u00e3o vulner\u00e1vel\",\"Brasil\",\"crime\",\"crimes sexuais\",\"justi\u00e7a\",\"viola\u00e7\u00e3o de menor dependente ou em situa\u00e7\u00e3o vulner\u00e1vel\"],\"articleSection\":[\"Not\u00edcias\"],\"inLanguage\":\"pt-PT\"},{\"@type\":\"WebPage\",\"@id\":\"https:\/\/portaltela.pt\/noticias\/2026\/02\/27\/juiz-brasileiro-afastado-por-denuncias-de-abusos-em-caso-de-violacao-de-menor\/\",\"url\":\"https:\/\/portaltela.pt\/noticias\/2026\/02\/27\/juiz-brasileiro-afastado-por-denuncias-de-abusos-em-caso-de-violacao-de-menor\/\",\"name\":\"Juiz brasileiro afastado por den\u00fancias de abusos em caso de viola\u00e7\u00e3o de menor - Portal Tela Portugal\",\"isPartOf\":{\"@id\":\"https:\/\/portaltela.pt\/#website\"},\"primaryImageOfPage\":{\"@id\":\"https:\/\/portaltela.pt\/noticias\/2026\/02\/27\/juiz-brasileiro-afastado-por-denuncias-de-abusos-em-caso-de-violacao-de-menor\/#primaryimage\"},\"image\":{\"@id\":\"https:\/\/portaltela.pt\/noticias\/2026\/02\/27\/juiz-brasileiro-afastado-por-denuncias-de-abusos-em-caso-de-violacao-de-menor\/#primaryimage\"},\"thumbnailUrl\":\"https:\/\/portaltela.pt\/s.01k8rhncp4jt1\/2026\/02\/img_1280x721uu2019-09-24-16-49-59-887857.jpg\",\"datePublished\":\"2026-02-27T19:08:48+00:00\",\"author\":{\"@id\":\"https:\/\/portaltela.pt\/#\/schema\/person\/c4278d4a6028830caff9ee44b42d32ed\"},\"breadcrumb\":{\"@id\":\"https:\/\/portaltela.pt\/noticias\/2026\/02\/27\/juiz-brasileiro-afastado-por-denuncias-de-abusos-em-caso-de-violacao-de-menor\/#breadcrumb\"},\"inLanguage\":\"pt-PT\",\"potentialAction\":[{\"@type\":\"ReadAction\",\"target\":[\"https:\/\/portaltela.pt\/noticias\/2026\/02\/27\/juiz-brasileiro-afastado-por-denuncias-de-abusos-em-caso-de-violacao-de-menor\/\"]}]},{\"@type\":\"ImageObject\",\"inLanguage\":\"pt-PT\",\"@id\":\"https:\/\/portaltela.pt\/noticias\/2026\/02\/27\/juiz-brasileiro-afastado-por-denuncias-de-abusos-em-caso-de-violacao-de-menor\/#primaryimage\",\"url\":\"https:\/\/portaltela.pt\/s.01k8rhncp4jt1\/2026\/02\/img_1280x721uu2019-09-24-16-49-59-887857.jpg\",\"contentUrl\":\"https:\/\/portaltela.pt\/s.01k8rhncp4jt1\/2026\/02\/img_1280x721uu2019-09-24-16-49-59-887857.jpg\",\"width\":796,\"height\":448,\"caption\":\"Tribunal, juiz\"},{\"@type\":\"BreadcrumbList\",\"@id\":\"https:\/\/portaltela.pt\/noticias\/2026\/02\/27\/juiz-brasileiro-afastado-por-denuncias-de-abusos-em-caso-de-violacao-de-menor\/#breadcrumb\",\"itemListElement\":[{\"@type\":\"ListItem\",\"position\":1,\"name\":\"In\u00edcio\",\"item\":\"https:\/\/portaltela.pt\/\"},{\"@type\":\"ListItem\",\"position\":2,\"name\":\"Juiz brasileiro afastado por den\u00fancias de abusos em caso de viola\u00e7\u00e3o de menor\"}]},{\"@type\":\"WebSite\",\"@id\":\"https:\/\/portaltela.pt\/#website\",\"url\":\"https:\/\/portaltela.pt\/\",\"name\":\"Portal Tela Portugal\",\"description\":\"\",\"potentialAction\":[{\"@type\":\"SearchAction\",\"target\":{\"@type\":\"EntryPoint\",\"urlTemplate\":\"https:\/\/portaltela.pt\/?s={search_term_string}\"},\"query-input\":{\"@type\":\"PropertyValueSpecification\",\"valueRequired\":true,\"valueName\":\"search_term_string\"}}],\"inLanguage\":\"pt-PT\"},{\"@type\":\"Person\",\"@id\":\"https:\/\/portaltela.pt\/#\/schema\/person\/c4278d4a6028830caff9ee44b42d32ed\",\"name\":\"Telinha\",\"image\":{\"@type\":\"ImageObject\",\"inLanguage\":\"pt-PT\",\"@id\":\"https:\/\/portaltela.pt\/s.01k8rhncp4jt1\/2025\/11\/talking-bot-125x125.png\",\"url\":\"https:\/\/portaltela.pt\/s.01k8rhncp4jt1\/2025\/11\/talking-bot-125x125.png\",\"contentUrl\":\"https:\/\/portaltela.pt\/s.01k8rhncp4jt1\/2025\/11\/talking-bot-125x125.png\",\"caption\":\"Telinha\"},\"sameAs\":[\"https:\/\/portaltela.pt\/\"],\"url\":\"https:\/\/portaltela.pt\/por\/367410592786\/\"}]}<\/script>\n<!-- \/ Yoast SEO plugin. -->","yoast_head_json":{"title":"Juiz brasileiro afastado por den\u00fancias de abusos em caso de viola\u00e7\u00e3o de menor - Portal Tela Portugal","robots":{"index":"index","follow":"follow","max-snippet":"max-snippet:-1","max-image-preview":"max-image-preview:large","max-video-preview":"max-video-preview:-1"},"og_locale":"pt_PT","og_type":"article","og_title":"Juiz brasileiro afastado por den\u00fancias de abusos em caso de viola\u00e7\u00e3o de menor - Portal Tela Portugal","og_description":"O Conselho Nacional de Justi\u00e7a afastou o juiz Magid Nauef L\u00e1uar por den\u00fancias de agress\u00f5es sexuais durante o exerc\u00edcio nas comarcas de Ouro Preto e Betim, em Minas Gerais. O afastamento foi determinado pelo Corregedor Nacional de Justi\u00e7a, Mauro Campbell Marques, para garantir uma apura\u00e7\u00e3o livre, com ao menos cinco v\u00edtimas ouvidas, inclusive uma residente no estrangeiro. A decis\u00e3o ocorre ap\u00f3s o juiz ter proferido uma absolvi\u00e7\u00e3o num caso em que um homem era acusado de violar uma menor de 12 anos. Em abril de dois mil e vinte e quatro, o Minist\u00e9rio P\u00fablico de Minas denunciou o homem por viola\u00e7\u00e3o da menor; a m\u00e3e dele tamb\u00e9m foi denunciada por omiss\u00e3o. Em novembro de dois mil e vinte e cinco, a condena\u00e7\u00e3o de nove anos e quatro meses de pris\u00e3o foi proferida pela 1.\u00aa Vara Criminal e da Inf\u00e2ncia e Juventude de Araguari; a 9.\u00aa C\u00e2mara Criminal do TJMG chegou a absolver, mas, na pr\u00e1tica recente, o tribunal restabeleceu a condena\u00e7\u00e3o em primeira inst\u00e2ncia, com mandados de deten\u00e7\u00e3o emitidos.","og_url":"https:\/\/portaltela.pt\/noticias\/2026\/02\/27\/juiz-brasileiro-afastado-por-denuncias-de-abusos-em-caso-de-violacao-de-menor\/","og_site_name":"Portal Tela Portugal","article_published_time":"2026-02-27T19:08:48+00:00","author":"Telinha","twitter_card":"summary_large_image","twitter_misc":{"Escrito por":"Telinha","Tempo estimado de leitura":"2 minutos"},"schema":{"@context":"https:\/\/schema.org","@graph":[{"@type":"Article","@id":"https:\/\/portaltela.pt\/noticias\/2026\/02\/27\/juiz-brasileiro-afastado-por-denuncias-de-abusos-em-caso-de-violacao-de-menor\/#article","isPartOf":{"@id":"https:\/\/portaltela.pt\/noticias\/2026\/02\/27\/juiz-brasileiro-afastado-por-denuncias-de-abusos-em-caso-de-violacao-de-menor\/"},"author":{"name":"Telinha","@id":"https:\/\/portaltela.pt\/#\/schema\/person\/c4278d4a6028830caff9ee44b42d32ed"},"headline":"Juiz brasileiro afastado por den\u00fancias de abusos em caso de viola\u00e7\u00e3o de menor","datePublished":"2026-02-27T19:08:48+00:00","mainEntityOfPage":{"@id":"https:\/\/portaltela.pt\/noticias\/2026\/02\/27\/juiz-brasileiro-afastado-por-denuncias-de-abusos-em-caso-de-violacao-de-menor\/"},"wordCount":315,"image":{"@id":"https:\/\/portaltela.pt\/noticias\/2026\/02\/27\/juiz-brasileiro-afastado-por-denuncias-de-abusos-em-caso-de-violacao-de-menor\/#primaryimage"},"thumbnailUrl":"https:\/\/portaltela.pt\/s.01k8rhncp4jt1\/2026\/02\/img_1280x721uu2019-09-24-16-49-59-887857.jpg","keywords":["abuso de menor dependente ou em situa\u00e7\u00e3o vulner\u00e1vel","Brasil","crime","crimes sexuais","justi\u00e7a","viola\u00e7\u00e3o de menor dependente ou em situa\u00e7\u00e3o vulner\u00e1vel"],"articleSection":["Not\u00edcias"],"inLanguage":"pt-PT"},{"@type":"WebPage","@id":"https:\/\/portaltela.pt\/noticias\/2026\/02\/27\/juiz-brasileiro-afastado-por-denuncias-de-abusos-em-caso-de-violacao-de-menor\/","url":"https:\/\/portaltela.pt\/noticias\/2026\/02\/27\/juiz-brasileiro-afastado-por-denuncias-de-abusos-em-caso-de-violacao-de-menor\/","name":"Juiz brasileiro afastado por den\u00fancias de abusos em caso de viola\u00e7\u00e3o de menor - Portal Tela Portugal","isPartOf":{"@id":"https:\/\/portaltela.pt\/#website"},"primaryImageOfPage":{"@id":"https:\/\/portaltela.pt\/noticias\/2026\/02\/27\/juiz-brasileiro-afastado-por-denuncias-de-abusos-em-caso-de-violacao-de-menor\/#primaryimage"},"image":{"@id":"https:\/\/portaltela.pt\/noticias\/2026\/02\/27\/juiz-brasileiro-afastado-por-denuncias-de-abusos-em-caso-de-violacao-de-menor\/#primaryimage"},"thumbnailUrl":"https:\/\/portaltela.pt\/s.01k8rhncp4jt1\/2026\/02\/img_1280x721uu2019-09-24-16-49-59-887857.jpg","datePublished":"2026-02-27T19:08:48+00:00","author":{"@id":"https:\/\/portaltela.pt\/#\/schema\/person\/c4278d4a6028830caff9ee44b42d32ed"},"breadcrumb":{"@id":"https:\/\/portaltela.pt\/noticias\/2026\/02\/27\/juiz-brasileiro-afastado-por-denuncias-de-abusos-em-caso-de-violacao-de-menor\/#breadcrumb"},"inLanguage":"pt-PT","potentialAction":[{"@type":"ReadAction","target":["https:\/\/portaltela.pt\/noticias\/2026\/02\/27\/juiz-brasileiro-afastado-por-denuncias-de-abusos-em-caso-de-violacao-de-menor\/"]}]},{"@type":"ImageObject","inLanguage":"pt-PT","@id":"https:\/\/portaltela.pt\/noticias\/2026\/02\/27\/juiz-brasileiro-afastado-por-denuncias-de-abusos-em-caso-de-violacao-de-menor\/#primaryimage","url":"https:\/\/portaltela.pt\/s.01k8rhncp4jt1\/2026\/02\/img_1280x721uu2019-09-24-16-49-59-887857.jpg","contentUrl":"https:\/\/portaltela.pt\/s.01k8rhncp4jt1\/2026\/02\/img_1280x721uu2019-09-24-16-49-59-887857.jpg","width":796,"height":448,"caption":"Tribunal, juiz"},{"@type":"BreadcrumbList","@id":"https:\/\/portaltela.pt\/noticias\/2026\/02\/27\/juiz-brasileiro-afastado-por-denuncias-de-abusos-em-caso-de-violacao-de-menor\/#breadcrumb","itemListElement":[{"@type":"ListItem","position":1,"name":"In\u00edcio","item":"https:\/\/portaltela.pt\/"},{"@type":"ListItem","position":2,"name":"Juiz brasileiro afastado por den\u00fancias de abusos em caso de viola\u00e7\u00e3o de menor"}]},{"@type":"WebSite","@id":"https:\/\/portaltela.pt\/#website","url":"https:\/\/portaltela.pt\/","name":"Portal Tela Portugal","description":"","potentialAction":[{"@type":"SearchAction","target":{"@type":"EntryPoint","urlTemplate":"https:\/\/portaltela.pt\/?s={search_term_string}"},"query-input":{"@type":"PropertyValueSpecification","valueRequired":true,"valueName":"search_term_string"}}],"inLanguage":"pt-PT"},{"@type":"Person","@id":"https:\/\/portaltela.pt\/#\/schema\/person\/c4278d4a6028830caff9ee44b42d32ed","name":"Telinha","image":{"@type":"ImageObject","inLanguage":"pt-PT","@id":"https:\/\/portaltela.pt\/s.01k8rhncp4jt1\/2025\/11\/talking-bot-125x125.png","url":"https:\/\/portaltela.pt\/s.01k8rhncp4jt1\/2025\/11\/talking-bot-125x125.png","contentUrl":"https:\/\/portaltela.pt\/s.01k8rhncp4jt1\/2025\/11\/talking-bot-125x125.png","caption":"Telinha"},"sameAs":["https:\/\/portaltela.pt\/"],"url":"https:\/\/portaltela.pt\/por\/367410592786\/"}]}},"_links":{"self":[{"href":"https:\/\/portaltela.pt\/api\/wp\/v2\/posts\/391357","targetHints":{"allow":["GET"]}}],"collection":[{"href":"https:\/\/portaltela.pt\/api\/wp\/v2\/posts"}],"about":[{"href":"https:\/\/portaltela.pt\/api\/wp\/v2\/types\/post"}],"author":[{"embeddable":true,"href":"https:\/\/portaltela.pt\/api\/wp\/v2\/users\/2"}],"replies":[{"embeddable":true,"href":"https:\/\/portaltela.pt\/api\/wp\/v2\/comments?post=391357"}],"version-history":[{"count":0,"href":"https:\/\/portaltela.pt\/api\/wp\/v2\/posts\/391357\/revisions"}],"wp:featuredmedia":[{"embeddable":true,"href":"https:\/\/portaltela.pt\/api\/wp\/v2\/media\/391369"}],"wp:attachment":[{"href":"https:\/\/portaltela.pt\/api\/wp\/v2\/media?parent=391357"}],"wp:term":[{"taxonomy":"category","embeddable":true,"href":"https:\/\/portaltela.pt\/api\/wp\/v2\/categories?post=391357"},{"taxonomy":"post_tag","embeddable":true,"href":"https:\/\/portaltela.pt\/api\/wp\/v2\/tags?post=391357"}],"curies":[{"name":"wp","href":"https:\/\/api.w.org\/{rel}","templated":true}]}}