{"id":391301,"date":"2026-02-27T15:33:00","date_gmt":"2026-02-27T18:33:00","guid":{"rendered":"https:\/\/portaltela.pt\/noticias\/2026\/02\/27\/antiga-bastonaria-da-ordem-dos-advogados-sofre-avc\/"},"modified":"2026-02-27T15:33:00","modified_gmt":"2026-02-27T18:33:00","slug":"antiga-bastonaria-da-ordem-dos-advogados-sofre-avc","status":"publish","type":"post","link":"https:\/\/portaltela.pt\/noticias\/2026\/02\/27\/antiga-bastonaria-da-ordem-dos-advogados-sofre-avc\/","title":{"rendered":"Antiga Baston\u00e1ria da Ordem dos Advogados sofre AVC"},"content":{"rendered":"<p>Fernanda de Almeida Pinheiro, ex-baston\u00e1ria da Ordem dos Advogados, sofreu um AVC isqu\u00e9mico na segunda-feira de Carnaval. O epis\u00f3dio levou-a a procurar tratamento no Hospital de Vila Franca de Xira.<\/p>\n<p>A interna\u00e7\u00e3o prolongou-se at\u00e9 quarta-feira, mantendo-a sob observa\u00e7\u00e3o no mesmo hospital. Atualmente, a baston\u00e1ria encontra-se em fase de recupera\u00e7\u00e3o.<\/p>\n<p>Ela revelou, publicamente, a sua gratid\u00e3o aos profissionais de sa\u00fade que a acompanharam, nomeadamente \u00e0s equipas de SO3, SO1 e Medicina Interna Norte, piso 4, bem como a todos os m\u00e9dicos, enfermeiros, auxiliares, t\u00e9cnicos de diagn\u00f3stico e suporte. Tamb\u00e9m salientou o papel do Servi\u00e7o Nacional de Sa\u00fade.<\/p>\n<p>Uma palavra de agradecimento foi dirigida \u00e0 fam\u00edlia, aos amigos, vizinhos e conhecidos que a visitaram ou contactaram, ajudando a tornar o per\u00edodo mais suport\u00e1vel.<\/p>\n<h3>Recupera\u00e7\u00e3o e agradecimentos<\/h3>\n<p>A baston\u00e1ria encontra-se em recupera\u00e7\u00e3o e j\u00e1 indica estar a regressar \u00e0 normalidade. O reconhecimento pelo SNS e pela dedica\u00e7\u00e3o da equipa hospitalar tem sido p\u00fablico nas redes sociais.<\/p>\n","protected":false},"excerpt":{"rendered":"<ul>\n<li>Fernanda de Almeida Pinheiro, antiga baston\u00e1ria da Ordem dos Advogados, sofreu um AVC isqu\u00e9mico na segunda-feira de Carnaval.<\/li>\n<li>Teve alta ou permaneceu internada at\u00e9 quarta-feira no Hospital de Vila Franca de Xira e est\u00e1 em recupera\u00e7\u00e3o, de regresso \u00e0 normalidade.<\/li>\n<li>A baston\u00e1ria agradeceu publicamente aos profissionais de sa\u00fade que a acompanharam, destacando as equipas da SO3, da SO1 e da Medicina Interna Norte, piso 4.<\/li>\n<li>Elogiou o Servi\u00e7o Nacional de Sa\u00fade, dizendo que \u00e9 um dos maiores tesouros da democracia.<\/li>\n<li>Agradeceu tamb\u00e9m \u00e0 fam\u00edlia, amigos, vizinhos e conhecidos pela sua preocupa\u00e7\u00e3o, visitas, flores e mensagens que ajudaram a recupera\u00e7\u00e3o.<\/li>\n<\/ul>\n","protected":false},"author":2,"featured_media":391312,"comment_status":"closed","ping_status":"closed","sticky":false,"template":"","format":"standard","meta":{"footnotes":""},"categories":[1],"tags":[4308,2581,1401,172,271,1775],"class_list":["post-391301","post","type-post","status-publish","format-standard","has-post-thumbnail","hentry","category-noticias","tag-enfermeiros","tag-hospitais","tag-medicina-interna","tag-saude","tag-saude-publica","tag-sns"],"yoast_head":"<!-- This site is optimized with the Yoast SEO plugin v27.2 - https:\/\/yoast.com\/product\/yoast-seo-wordpress\/ -->\n<title>Antiga Baston\u00e1ria da Ordem dos Advogados sofre AVC - Portal Tela Portugal<\/title>\n<meta name=\"robots\" content=\"index, follow, max-snippet:-1, max-image-preview:large, max-video-preview:-1\" \/>\n<meta property=\"og:locale\" content=\"pt_PT\" \/>\n<meta property=\"og:type\" content=\"article\" \/>\n<meta property=\"og:title\" content=\"Antiga Baston\u00e1ria da Ordem dos Advogados sofre AVC - Portal Tela Portugal\" \/>\n<meta property=\"og:description\" content=\"Fernanda de Almeida Pinheiro, antiga baston\u00e1ria da Ordem dos Advogados, sofreu um AVC isqu\u00e9mico na segunda-feira de Carnaval. Teve alta ou permaneceu internada at\u00e9 quarta-feira no Hospital de Vila Franca de Xira e est\u00e1 em recupera\u00e7\u00e3o, de regresso \u00e0 normalidade. A baston\u00e1ria agradeceu publicamente aos profissionais de sa\u00fade que a acompanharam, destacando as equipas da SO3, da SO1 e da Medicina Interna Norte, piso 4. Elogiou o Servi\u00e7o Nacional de Sa\u00fade, dizendo que \u00e9 um dos maiores tesouros da democracia. Agradeceu tamb\u00e9m \u00e0 fam\u00edlia, amigos, vizinhos e conhecidos pela sua preocupa\u00e7\u00e3o, visitas, flores e mensagens que ajudaram a recupera\u00e7\u00e3o.\" \/>\n<meta property=\"og:url\" content=\"https:\/\/portaltela.pt\/noticias\/2026\/02\/27\/antiga-bastonaria-da-ordem-dos-advogados-sofre-avc\/\" \/>\n<meta property=\"og:site_name\" content=\"Portal Tela Portugal\" \/>\n<meta property=\"article:published_time\" content=\"2026-02-27T18:33:00+00:00\" \/>\n<meta name=\"author\" content=\"Telinha\" \/>\n<meta name=\"twitter:card\" content=\"summary_large_image\" \/>\n<meta name=\"twitter:label1\" content=\"Escrito por\" \/>\n\t<meta name=\"twitter:data1\" content=\"Telinha\" \/>\n\t<meta name=\"twitter:label2\" content=\"Tempo estimado de leitura\" \/>\n\t<meta name=\"twitter:data2\" content=\"1 minuto\" \/>\n<script type=\"application\/ld+json\" class=\"yoast-schema-graph\">{\"@context\":\"https:\/\/schema.org\",\"@graph\":[{\"@type\":\"Article\",\"@id\":\"https:\/\/portaltela.pt\/noticias\/2026\/02\/27\/antiga-bastonaria-da-ordem-dos-advogados-sofre-avc\/#article\",\"isPartOf\":{\"@id\":\"https:\/\/portaltela.pt\/noticias\/2026\/02\/27\/antiga-bastonaria-da-ordem-dos-advogados-sofre-avc\/\"},\"author\":{\"name\":\"Telinha\",\"@id\":\"https:\/\/portaltela.pt\/#\/schema\/person\/c4278d4a6028830caff9ee44b42d32ed\"},\"headline\":\"Antiga Baston\u00e1ria da Ordem dos Advogados sofre AVC\",\"datePublished\":\"2026-02-27T18:33:00+00:00\",\"mainEntityOfPage\":{\"@id\":\"https:\/\/portaltela.pt\/noticias\/2026\/02\/27\/antiga-bastonaria-da-ordem-dos-advogados-sofre-avc\/\"},\"wordCount\":182,\"image\":{\"@id\":\"https:\/\/portaltela.pt\/noticias\/2026\/02\/27\/antiga-bastonaria-da-ordem-dos-advogados-sofre-avc\/#primaryimage\"},\"thumbnailUrl\":\"https:\/\/portaltela.pt\/s.01k8rhncp4jt1\/2026\/02\/img_1500x1000uu2023-12-31-01-12-31-1528760.jpg\",\"keywords\":[\"enfermeiros\",\"hospitais\",\"Medicina Interna\",\"sa\u00fade\",\"sa\u00fade p\u00fablica\",\"SNS\"],\"articleSection\":[\"Not\u00edcias\"],\"inLanguage\":\"pt-PT\"},{\"@type\":\"WebPage\",\"@id\":\"https:\/\/portaltela.pt\/noticias\/2026\/02\/27\/antiga-bastonaria-da-ordem-dos-advogados-sofre-avc\/\",\"url\":\"https:\/\/portaltela.pt\/noticias\/2026\/02\/27\/antiga-bastonaria-da-ordem-dos-advogados-sofre-avc\/\",\"name\":\"Antiga Baston\u00e1ria da Ordem dos Advogados sofre AVC - Portal Tela Portugal\",\"isPartOf\":{\"@id\":\"https:\/\/portaltela.pt\/#website\"},\"primaryImageOfPage\":{\"@id\":\"https:\/\/portaltela.pt\/noticias\/2026\/02\/27\/antiga-bastonaria-da-ordem-dos-advogados-sofre-avc\/#primaryimage\"},\"image\":{\"@id\":\"https:\/\/portaltela.pt\/noticias\/2026\/02\/27\/antiga-bastonaria-da-ordem-dos-advogados-sofre-avc\/#primaryimage\"},\"thumbnailUrl\":\"https:\/\/portaltela.pt\/s.01k8rhncp4jt1\/2026\/02\/img_1500x1000uu2023-12-31-01-12-31-1528760.jpg\",\"datePublished\":\"2026-02-27T18:33:00+00:00\",\"author\":{\"@id\":\"https:\/\/portaltela.pt\/#\/schema\/person\/c4278d4a6028830caff9ee44b42d32ed\"},\"breadcrumb\":{\"@id\":\"https:\/\/portaltela.pt\/noticias\/2026\/02\/27\/antiga-bastonaria-da-ordem-dos-advogados-sofre-avc\/#breadcrumb\"},\"inLanguage\":\"pt-PT\",\"potentialAction\":[{\"@type\":\"ReadAction\",\"target\":[\"https:\/\/portaltela.pt\/noticias\/2026\/02\/27\/antiga-bastonaria-da-ordem-dos-advogados-sofre-avc\/\"]}]},{\"@type\":\"ImageObject\",\"inLanguage\":\"pt-PT\",\"@id\":\"https:\/\/portaltela.pt\/noticias\/2026\/02\/27\/antiga-bastonaria-da-ordem-dos-advogados-sofre-avc\/#primaryimage\",\"url\":\"https:\/\/portaltela.pt\/s.01k8rhncp4jt1\/2026\/02\/img_1500x1000uu2023-12-31-01-12-31-1528760.jpg\",\"contentUrl\":\"https:\/\/portaltela.pt\/s.01k8rhncp4jt1\/2026\/02\/img_1500x1000uu2023-12-31-01-12-31-1528760.jpg\",\"width\":796,\"height\":448,\"caption\":\"Fernanda de Almeida Pinheiro, baston\u00e1ria dos Advogados\"},{\"@type\":\"BreadcrumbList\",\"@id\":\"https:\/\/portaltela.pt\/noticias\/2026\/02\/27\/antiga-bastonaria-da-ordem-dos-advogados-sofre-avc\/#breadcrumb\",\"itemListElement\":[{\"@type\":\"ListItem\",\"position\":1,\"name\":\"In\u00edcio\",\"item\":\"https:\/\/portaltela.pt\/\"},{\"@type\":\"ListItem\",\"position\":2,\"name\":\"Antiga Baston\u00e1ria da Ordem dos Advogados sofre AVC\"}]},{\"@type\":\"WebSite\",\"@id\":\"https:\/\/portaltela.pt\/#website\",\"url\":\"https:\/\/portaltela.pt\/\",\"name\":\"Portal Tela Portugal\",\"description\":\"\",\"potentialAction\":[{\"@type\":\"SearchAction\",\"target\":{\"@type\":\"EntryPoint\",\"urlTemplate\":\"https:\/\/portaltela.pt\/?s={search_term_string}\"},\"query-input\":{\"@type\":\"PropertyValueSpecification\",\"valueRequired\":true,\"valueName\":\"search_term_string\"}}],\"inLanguage\":\"pt-PT\"},{\"@type\":\"Person\",\"@id\":\"https:\/\/portaltela.pt\/#\/schema\/person\/c4278d4a6028830caff9ee44b42d32ed\",\"name\":\"Telinha\",\"image\":{\"@type\":\"ImageObject\",\"inLanguage\":\"pt-PT\",\"@id\":\"https:\/\/portaltela.pt\/s.01k8rhncp4jt1\/2025\/11\/talking-bot-125x125.png\",\"url\":\"https:\/\/portaltela.pt\/s.01k8rhncp4jt1\/2025\/11\/talking-bot-125x125.png\",\"contentUrl\":\"https:\/\/portaltela.pt\/s.01k8rhncp4jt1\/2025\/11\/talking-bot-125x125.png\",\"caption\":\"Telinha\"},\"sameAs\":[\"https:\/\/portaltela.pt\/\"],\"url\":\"https:\/\/portaltela.pt\/por\/367410592786\/\"}]}<\/script>\n<!-- \/ Yoast SEO plugin. -->","yoast_head_json":{"title":"Antiga Baston\u00e1ria da Ordem dos Advogados sofre AVC - Portal Tela Portugal","robots":{"index":"index","follow":"follow","max-snippet":"max-snippet:-1","max-image-preview":"max-image-preview:large","max-video-preview":"max-video-preview:-1"},"og_locale":"pt_PT","og_type":"article","og_title":"Antiga Baston\u00e1ria da Ordem dos Advogados sofre AVC - Portal Tela Portugal","og_description":"Fernanda de Almeida Pinheiro, antiga baston\u00e1ria da Ordem dos Advogados, sofreu um AVC isqu\u00e9mico na segunda-feira de Carnaval. Teve alta ou permaneceu internada at\u00e9 quarta-feira no Hospital de Vila Franca de Xira e est\u00e1 em recupera\u00e7\u00e3o, de regresso \u00e0 normalidade. A baston\u00e1ria agradeceu publicamente aos profissionais de sa\u00fade que a acompanharam, destacando as equipas da SO3, da SO1 e da Medicina Interna Norte, piso 4. Elogiou o Servi\u00e7o Nacional de Sa\u00fade, dizendo que \u00e9 um dos maiores tesouros da democracia. Agradeceu tamb\u00e9m \u00e0 fam\u00edlia, amigos, vizinhos e conhecidos pela sua preocupa\u00e7\u00e3o, visitas, flores e mensagens que ajudaram a recupera\u00e7\u00e3o.","og_url":"https:\/\/portaltela.pt\/noticias\/2026\/02\/27\/antiga-bastonaria-da-ordem-dos-advogados-sofre-avc\/","og_site_name":"Portal Tela Portugal","article_published_time":"2026-02-27T18:33:00+00:00","author":"Telinha","twitter_card":"summary_large_image","twitter_misc":{"Escrito por":"Telinha","Tempo estimado de leitura":"1 minuto"},"schema":{"@context":"https:\/\/schema.org","@graph":[{"@type":"Article","@id":"https:\/\/portaltela.pt\/noticias\/2026\/02\/27\/antiga-bastonaria-da-ordem-dos-advogados-sofre-avc\/#article","isPartOf":{"@id":"https:\/\/portaltela.pt\/noticias\/2026\/02\/27\/antiga-bastonaria-da-ordem-dos-advogados-sofre-avc\/"},"author":{"name":"Telinha","@id":"https:\/\/portaltela.pt\/#\/schema\/person\/c4278d4a6028830caff9ee44b42d32ed"},"headline":"Antiga Baston\u00e1ria da Ordem dos Advogados sofre AVC","datePublished":"2026-02-27T18:33:00+00:00","mainEntityOfPage":{"@id":"https:\/\/portaltela.pt\/noticias\/2026\/02\/27\/antiga-bastonaria-da-ordem-dos-advogados-sofre-avc\/"},"wordCount":182,"image":{"@id":"https:\/\/portaltela.pt\/noticias\/2026\/02\/27\/antiga-bastonaria-da-ordem-dos-advogados-sofre-avc\/#primaryimage"},"thumbnailUrl":"https:\/\/portaltela.pt\/s.01k8rhncp4jt1\/2026\/02\/img_1500x1000uu2023-12-31-01-12-31-1528760.jpg","keywords":["enfermeiros","hospitais","Medicina Interna","sa\u00fade","sa\u00fade p\u00fablica","SNS"],"articleSection":["Not\u00edcias"],"inLanguage":"pt-PT"},{"@type":"WebPage","@id":"https:\/\/portaltela.pt\/noticias\/2026\/02\/27\/antiga-bastonaria-da-ordem-dos-advogados-sofre-avc\/","url":"https:\/\/portaltela.pt\/noticias\/2026\/02\/27\/antiga-bastonaria-da-ordem-dos-advogados-sofre-avc\/","name":"Antiga Baston\u00e1ria da Ordem dos Advogados sofre AVC - Portal Tela Portugal","isPartOf":{"@id":"https:\/\/portaltela.pt\/#website"},"primaryImageOfPage":{"@id":"https:\/\/portaltela.pt\/noticias\/2026\/02\/27\/antiga-bastonaria-da-ordem-dos-advogados-sofre-avc\/#primaryimage"},"image":{"@id":"https:\/\/portaltela.pt\/noticias\/2026\/02\/27\/antiga-bastonaria-da-ordem-dos-advogados-sofre-avc\/#primaryimage"},"thumbnailUrl":"https:\/\/portaltela.pt\/s.01k8rhncp4jt1\/2026\/02\/img_1500x1000uu2023-12-31-01-12-31-1528760.jpg","datePublished":"2026-02-27T18:33:00+00:00","author":{"@id":"https:\/\/portaltela.pt\/#\/schema\/person\/c4278d4a6028830caff9ee44b42d32ed"},"breadcrumb":{"@id":"https:\/\/portaltela.pt\/noticias\/2026\/02\/27\/antiga-bastonaria-da-ordem-dos-advogados-sofre-avc\/#breadcrumb"},"inLanguage":"pt-PT","potentialAction":[{"@type":"ReadAction","target":["https:\/\/portaltela.pt\/noticias\/2026\/02\/27\/antiga-bastonaria-da-ordem-dos-advogados-sofre-avc\/"]}]},{"@type":"ImageObject","inLanguage":"pt-PT","@id":"https:\/\/portaltela.pt\/noticias\/2026\/02\/27\/antiga-bastonaria-da-ordem-dos-advogados-sofre-avc\/#primaryimage","url":"https:\/\/portaltela.pt\/s.01k8rhncp4jt1\/2026\/02\/img_1500x1000uu2023-12-31-01-12-31-1528760.jpg","contentUrl":"https:\/\/portaltela.pt\/s.01k8rhncp4jt1\/2026\/02\/img_1500x1000uu2023-12-31-01-12-31-1528760.jpg","width":796,"height":448,"caption":"Fernanda de Almeida Pinheiro, baston\u00e1ria dos Advogados"},{"@type":"BreadcrumbList","@id":"https:\/\/portaltela.pt\/noticias\/2026\/02\/27\/antiga-bastonaria-da-ordem-dos-advogados-sofre-avc\/#breadcrumb","itemListElement":[{"@type":"ListItem","position":1,"name":"In\u00edcio","item":"https:\/\/portaltela.pt\/"},{"@type":"ListItem","position":2,"name":"Antiga Baston\u00e1ria da Ordem dos Advogados sofre AVC"}]},{"@type":"WebSite","@id":"https:\/\/portaltela.pt\/#website","url":"https:\/\/portaltela.pt\/","name":"Portal Tela Portugal","description":"","potentialAction":[{"@type":"SearchAction","target":{"@type":"EntryPoint","urlTemplate":"https:\/\/portaltela.pt\/?s={search_term_string}"},"query-input":{"@type":"PropertyValueSpecification","valueRequired":true,"valueName":"search_term_string"}}],"inLanguage":"pt-PT"},{"@type":"Person","@id":"https:\/\/portaltela.pt\/#\/schema\/person\/c4278d4a6028830caff9ee44b42d32ed","name":"Telinha","image":{"@type":"ImageObject","inLanguage":"pt-PT","@id":"https:\/\/portaltela.pt\/s.01k8rhncp4jt1\/2025\/11\/talking-bot-125x125.png","url":"https:\/\/portaltela.pt\/s.01k8rhncp4jt1\/2025\/11\/talking-bot-125x125.png","contentUrl":"https:\/\/portaltela.pt\/s.01k8rhncp4jt1\/2025\/11\/talking-bot-125x125.png","caption":"Telinha"},"sameAs":["https:\/\/portaltela.pt\/"],"url":"https:\/\/portaltela.pt\/por\/367410592786\/"}]}},"_links":{"self":[{"href":"https:\/\/portaltela.pt\/api\/wp\/v2\/posts\/391301","targetHints":{"allow":["GET"]}}],"collection":[{"href":"https:\/\/portaltela.pt\/api\/wp\/v2\/posts"}],"about":[{"href":"https:\/\/portaltela.pt\/api\/wp\/v2\/types\/post"}],"author":[{"embeddable":true,"href":"https:\/\/portaltela.pt\/api\/wp\/v2\/users\/2"}],"replies":[{"embeddable":true,"href":"https:\/\/portaltela.pt\/api\/wp\/v2\/comments?post=391301"}],"version-history":[{"count":0,"href":"https:\/\/portaltela.pt\/api\/wp\/v2\/posts\/391301\/revisions"}],"wp:featuredmedia":[{"embeddable":true,"href":"https:\/\/portaltela.pt\/api\/wp\/v2\/media\/391312"}],"wp:attachment":[{"href":"https:\/\/portaltela.pt\/api\/wp\/v2\/media?parent=391301"}],"wp:term":[{"taxonomy":"category","embeddable":true,"href":"https:\/\/portaltela.pt\/api\/wp\/v2\/categories?post=391301"},{"taxonomy":"post_tag","embeddable":true,"href":"https:\/\/portaltela.pt\/api\/wp\/v2\/tags?post=391301"}],"curies":[{"name":"wp","href":"https:\/\/api.w.org\/{rel}","templated":true}]}}