{"id":391300,"date":"2026-02-27T15:33:00","date_gmt":"2026-02-27T18:33:00","guid":{"rendered":"https:\/\/portaltela.pt\/noticias\/2026\/02\/27\/descarrilamento-de-eletrico-em-milao-deixa-2-mortos-e-40-feridos\/"},"modified":"2026-02-27T15:33:00","modified_gmt":"2026-02-27T18:33:00","slug":"descarrilamento-de-eletrico-em-milao-deixa-2-mortos-e-40-feridos","status":"publish","type":"post","link":"https:\/\/portaltela.pt\/noticias\/2026\/02\/27\/descarrilamento-de-eletrico-em-milao-deixa-2-mortos-e-40-feridos\/","title":{"rendered":"Descarrilamento de el\u00e9trico em Mil\u00e3o deixa 2 mortos e 40 feridos"},"content":{"rendered":"<p>Um el\u00e9trico descarrilou em Mil\u00e3o, It\u00e1lia, na sexta-feira, provocando pelo menos dois mortos e cerca de 40 feridos. O ve\u00edculo colidiu com um pr\u00e9dio na Viale Vittorio Veneto, depois de sair da Piazza Repubblica e seguir em dire\u00e7\u00e3o \u00e0 Porta Venezia.<\/p>\n<p>As primeiras informa\u00e7\u00f5es indicam que as v\u00edtimas incluem um homem nascido em 1966 e um sem-abrigo que poder\u00e1 ter sido abalroado pela composi\u00e7\u00e3o. A confirma\u00e7\u00e3o foi avan\u00e7ada pelo jornal Corriere della Sera, citando fontes oficiais.<\/p>\n<p>O acidente ocorreu pouco depois das 16h locais. Segundo a imprensa, o motorista poder\u00e1 ter sentido indisposi\u00e7\u00e3o, o que poder\u00e1 ter contribu\u00eddo para a colis\u00e3o. A viatura n\u00e3o parou na \u00faltima paragem antes do local do sinistro e circulava a uma velocidade superior ao normal.<\/p>\n<h3>Desdobramentos e contexto<\/h3>\n<p>A pol\u00edcia e os servi\u00e7os de emerg\u00eancia atenderam ao local, com mobiliza\u00e7\u00e3o de socorro que incluiu helic\u00f3ptero m\u00e9dico em algumas ocorr\u00eancias. N\u00e3o h\u00e1 informa\u00e7\u00f5es adicionais sobre a identidade de outras v\u00edtimas ou o estado de sa\u00fade de feridos graves.<\/p>\n<p>As autoridades devem divulgar mais detalhes sobre as causas e eventuais medidas de seguran\u00e7a ferrovi\u00e1ria a seguir. O transporte p\u00fablico da zona continua a ser monitorizado enquanto decorrem per\u00edcias.<\/p>\n","protected":false},"excerpt":{"rendered":"<ul>\n<li>Em Mil\u00e3o, It\u00e1lia, duas pessoas morreram e pelo menos trinta e nove ficaram feridas ap\u00f3s um el\u00e9trico descarrilar-se.<\/li>\n<li>A viatura colidiu com um pr\u00e9dio na Viale Vittorio Veneto, depois de sair da Piazza Repubblica e seguir para a Porta Venezia, pouco depois das 16h00 locais.<\/li>\n<li>Segundo o Corriere della Sera, as v\u00edtimas s\u00e3o um homem nascido em 1966 e um sem-abrigo.<\/li>\n<li>A imprensa indica que o condutor poder\u00e1 ter-se sentido mal, o que poder\u00e1 ter originado o acidente.<\/li>\n<li>O motorista n\u00e3o parou na \u00faltima paragem antes do local e o el\u00e9trico circulava a velocidade superior ao normal.<\/li>\n<\/ul>\n","protected":false},"author":2,"featured_media":391308,"comment_status":"closed","ping_status":"closed","sticky":false,"template":"","format":"standard","meta":{"footnotes":""},"categories":[1],"tags":[5487,3256,3622,1857,4535],"class_list":["post-391300","post","type-post","status-publish","format-standard","has-post-thumbnail","hentry","category-noticias","tag-acidente","tag-acidentes","tag-acidentes-ferroviarios","tag-italia","tag-transporte-publico"],"yoast_head":"<!-- This site is optimized with the Yoast SEO plugin v27.2 - https:\/\/yoast.com\/product\/yoast-seo-wordpress\/ -->\n<title>Descarrilamento de el\u00e9trico em Mil\u00e3o deixa 2 mortos e 40 feridos - Portal Tela Portugal<\/title>\n<meta name=\"robots\" content=\"index, follow, max-snippet:-1, max-image-preview:large, max-video-preview:-1\" \/>\n<meta property=\"og:locale\" content=\"pt_PT\" \/>\n<meta property=\"og:type\" content=\"article\" \/>\n<meta property=\"og:title\" content=\"Descarrilamento de el\u00e9trico em Mil\u00e3o deixa 2 mortos e 40 feridos - Portal Tela Portugal\" \/>\n<meta property=\"og:description\" content=\"Em Mil\u00e3o, It\u00e1lia, duas pessoas morreram e pelo menos trinta e nove ficaram feridas ap\u00f3s um el\u00e9trico descarrilar-se. A viatura colidiu com um pr\u00e9dio na Viale Vittorio Veneto, depois de sair da Piazza Repubblica e seguir para a Porta Venezia, pouco depois das 16h00 locais. Segundo o Corriere della Sera, as v\u00edtimas s\u00e3o um homem nascido em 1966 e um sem-abrigo. A imprensa indica que o condutor poder\u00e1 ter-se sentido mal, o que poder\u00e1 ter originado o acidente. O motorista n\u00e3o parou na \u00faltima paragem antes do local e o el\u00e9trico circulava a velocidade superior ao normal.\" \/>\n<meta property=\"og:url\" content=\"https:\/\/portaltela.pt\/noticias\/2026\/02\/27\/descarrilamento-de-eletrico-em-milao-deixa-2-mortos-e-40-feridos\/\" \/>\n<meta property=\"og:site_name\" content=\"Portal Tela Portugal\" \/>\n<meta property=\"article:published_time\" content=\"2026-02-27T18:33:00+00:00\" \/>\n<meta name=\"author\" content=\"Telinha\" \/>\n<meta name=\"twitter:card\" content=\"summary_large_image\" \/>\n<meta name=\"twitter:label1\" content=\"Escrito por\" \/>\n\t<meta name=\"twitter:data1\" content=\"Telinha\" \/>\n\t<meta name=\"twitter:label2\" content=\"Tempo estimado de leitura\" \/>\n\t<meta name=\"twitter:data2\" content=\"1 minuto\" \/>\n<script type=\"application\/ld+json\" class=\"yoast-schema-graph\">{\"@context\":\"https:\/\/schema.org\",\"@graph\":[{\"@type\":\"Article\",\"@id\":\"https:\/\/portaltela.pt\/noticias\/2026\/02\/27\/descarrilamento-de-eletrico-em-milao-deixa-2-mortos-e-40-feridos\/#article\",\"isPartOf\":{\"@id\":\"https:\/\/portaltela.pt\/noticias\/2026\/02\/27\/descarrilamento-de-eletrico-em-milao-deixa-2-mortos-e-40-feridos\/\"},\"author\":{\"name\":\"Telinha\",\"@id\":\"https:\/\/portaltela.pt\/#\/schema\/person\/c4278d4a6028830caff9ee44b42d32ed\"},\"headline\":\"Descarrilamento de el\u00e9trico em Mil\u00e3o deixa 2 mortos e 40 feridos\",\"datePublished\":\"2026-02-27T18:33:00+00:00\",\"mainEntityOfPage\":{\"@id\":\"https:\/\/portaltela.pt\/noticias\/2026\/02\/27\/descarrilamento-de-eletrico-em-milao-deixa-2-mortos-e-40-feridos\/\"},\"wordCount\":230,\"image\":{\"@id\":\"https:\/\/portaltela.pt\/noticias\/2026\/02\/27\/descarrilamento-de-eletrico-em-milao-deixa-2-mortos-e-40-feridos\/#primaryimage\"},\"thumbnailUrl\":\"https:\/\/portaltela.pt\/s.01k8rhncp4jt1\/2026\/02\/img_1200x721uu2026-02-27-18-28-29-2423974.jpg\",\"keywords\":[\"acidente\",\"acidentes\",\"acidentes ferrovi\u00e1rios\",\"It\u00e1lia\",\"transporte p\u00fablico\"],\"articleSection\":[\"Not\u00edcias\"],\"inLanguage\":\"pt-PT\"},{\"@type\":\"WebPage\",\"@id\":\"https:\/\/portaltela.pt\/noticias\/2026\/02\/27\/descarrilamento-de-eletrico-em-milao-deixa-2-mortos-e-40-feridos\/\",\"url\":\"https:\/\/portaltela.pt\/noticias\/2026\/02\/27\/descarrilamento-de-eletrico-em-milao-deixa-2-mortos-e-40-feridos\/\",\"name\":\"Descarrilamento de el\u00e9trico em Mil\u00e3o deixa 2 mortos e 40 feridos - Portal Tela Portugal\",\"isPartOf\":{\"@id\":\"https:\/\/portaltela.pt\/#website\"},\"primaryImageOfPage\":{\"@id\":\"https:\/\/portaltela.pt\/noticias\/2026\/02\/27\/descarrilamento-de-eletrico-em-milao-deixa-2-mortos-e-40-feridos\/#primaryimage\"},\"image\":{\"@id\":\"https:\/\/portaltela.pt\/noticias\/2026\/02\/27\/descarrilamento-de-eletrico-em-milao-deixa-2-mortos-e-40-feridos\/#primaryimage\"},\"thumbnailUrl\":\"https:\/\/portaltela.pt\/s.01k8rhncp4jt1\/2026\/02\/img_1200x721uu2026-02-27-18-28-29-2423974.jpg\",\"datePublished\":\"2026-02-27T18:33:00+00:00\",\"author\":{\"@id\":\"https:\/\/portaltela.pt\/#\/schema\/person\/c4278d4a6028830caff9ee44b42d32ed\"},\"breadcrumb\":{\"@id\":\"https:\/\/portaltela.pt\/noticias\/2026\/02\/27\/descarrilamento-de-eletrico-em-milao-deixa-2-mortos-e-40-feridos\/#breadcrumb\"},\"inLanguage\":\"pt-PT\",\"potentialAction\":[{\"@type\":\"ReadAction\",\"target\":[\"https:\/\/portaltela.pt\/noticias\/2026\/02\/27\/descarrilamento-de-eletrico-em-milao-deixa-2-mortos-e-40-feridos\/\"]}]},{\"@type\":\"ImageObject\",\"inLanguage\":\"pt-PT\",\"@id\":\"https:\/\/portaltela.pt\/noticias\/2026\/02\/27\/descarrilamento-de-eletrico-em-milao-deixa-2-mortos-e-40-feridos\/#primaryimage\",\"url\":\"https:\/\/portaltela.pt\/s.01k8rhncp4jt1\/2026\/02\/img_1200x721uu2026-02-27-18-28-29-2423974.jpg\",\"contentUrl\":\"https:\/\/portaltela.pt\/s.01k8rhncp4jt1\/2026\/02\/img_1200x721uu2026-02-27-18-28-29-2423974.jpg\",\"width\":796,\"height\":448,\"caption\":\"Duas pessoas morreram e pelo menos 39 ficaram feridas depois de um el\u00e9trico ter descarrilado em Mil\u00e3o, It\u00e1lia, esta sexta-feira.\"},{\"@type\":\"BreadcrumbList\",\"@id\":\"https:\/\/portaltela.pt\/noticias\/2026\/02\/27\/descarrilamento-de-eletrico-em-milao-deixa-2-mortos-e-40-feridos\/#breadcrumb\",\"itemListElement\":[{\"@type\":\"ListItem\",\"position\":1,\"name\":\"In\u00edcio\",\"item\":\"https:\/\/portaltela.pt\/\"},{\"@type\":\"ListItem\",\"position\":2,\"name\":\"Descarrilamento de el\u00e9trico em Mil\u00e3o deixa 2 mortos e 40 feridos\"}]},{\"@type\":\"WebSite\",\"@id\":\"https:\/\/portaltela.pt\/#website\",\"url\":\"https:\/\/portaltela.pt\/\",\"name\":\"Portal Tela Portugal\",\"description\":\"\",\"potentialAction\":[{\"@type\":\"SearchAction\",\"target\":{\"@type\":\"EntryPoint\",\"urlTemplate\":\"https:\/\/portaltela.pt\/?s={search_term_string}\"},\"query-input\":{\"@type\":\"PropertyValueSpecification\",\"valueRequired\":true,\"valueName\":\"search_term_string\"}}],\"inLanguage\":\"pt-PT\"},{\"@type\":\"Person\",\"@id\":\"https:\/\/portaltela.pt\/#\/schema\/person\/c4278d4a6028830caff9ee44b42d32ed\",\"name\":\"Telinha\",\"image\":{\"@type\":\"ImageObject\",\"inLanguage\":\"pt-PT\",\"@id\":\"https:\/\/portaltela.pt\/s.01k8rhncp4jt1\/2025\/11\/talking-bot-125x125.png\",\"url\":\"https:\/\/portaltela.pt\/s.01k8rhncp4jt1\/2025\/11\/talking-bot-125x125.png\",\"contentUrl\":\"https:\/\/portaltela.pt\/s.01k8rhncp4jt1\/2025\/11\/talking-bot-125x125.png\",\"caption\":\"Telinha\"},\"sameAs\":[\"https:\/\/portaltela.pt\/\"],\"url\":\"https:\/\/portaltela.pt\/por\/367410592786\/\"}]}<\/script>\n<!-- \/ Yoast SEO plugin. -->","yoast_head_json":{"title":"Descarrilamento de el\u00e9trico em Mil\u00e3o deixa 2 mortos e 40 feridos - Portal Tela Portugal","robots":{"index":"index","follow":"follow","max-snippet":"max-snippet:-1","max-image-preview":"max-image-preview:large","max-video-preview":"max-video-preview:-1"},"og_locale":"pt_PT","og_type":"article","og_title":"Descarrilamento de el\u00e9trico em Mil\u00e3o deixa 2 mortos e 40 feridos - Portal Tela Portugal","og_description":"Em Mil\u00e3o, It\u00e1lia, duas pessoas morreram e pelo menos trinta e nove ficaram feridas ap\u00f3s um el\u00e9trico descarrilar-se. A viatura colidiu com um pr\u00e9dio na Viale Vittorio Veneto, depois de sair da Piazza Repubblica e seguir para a Porta Venezia, pouco depois das 16h00 locais. Segundo o Corriere della Sera, as v\u00edtimas s\u00e3o um homem nascido em 1966 e um sem-abrigo. A imprensa indica que o condutor poder\u00e1 ter-se sentido mal, o que poder\u00e1 ter originado o acidente. O motorista n\u00e3o parou na \u00faltima paragem antes do local e o el\u00e9trico circulava a velocidade superior ao normal.","og_url":"https:\/\/portaltela.pt\/noticias\/2026\/02\/27\/descarrilamento-de-eletrico-em-milao-deixa-2-mortos-e-40-feridos\/","og_site_name":"Portal Tela Portugal","article_published_time":"2026-02-27T18:33:00+00:00","author":"Telinha","twitter_card":"summary_large_image","twitter_misc":{"Escrito por":"Telinha","Tempo estimado de leitura":"1 minuto"},"schema":{"@context":"https:\/\/schema.org","@graph":[{"@type":"Article","@id":"https:\/\/portaltela.pt\/noticias\/2026\/02\/27\/descarrilamento-de-eletrico-em-milao-deixa-2-mortos-e-40-feridos\/#article","isPartOf":{"@id":"https:\/\/portaltela.pt\/noticias\/2026\/02\/27\/descarrilamento-de-eletrico-em-milao-deixa-2-mortos-e-40-feridos\/"},"author":{"name":"Telinha","@id":"https:\/\/portaltela.pt\/#\/schema\/person\/c4278d4a6028830caff9ee44b42d32ed"},"headline":"Descarrilamento de el\u00e9trico em Mil\u00e3o deixa 2 mortos e 40 feridos","datePublished":"2026-02-27T18:33:00+00:00","mainEntityOfPage":{"@id":"https:\/\/portaltela.pt\/noticias\/2026\/02\/27\/descarrilamento-de-eletrico-em-milao-deixa-2-mortos-e-40-feridos\/"},"wordCount":230,"image":{"@id":"https:\/\/portaltela.pt\/noticias\/2026\/02\/27\/descarrilamento-de-eletrico-em-milao-deixa-2-mortos-e-40-feridos\/#primaryimage"},"thumbnailUrl":"https:\/\/portaltela.pt\/s.01k8rhncp4jt1\/2026\/02\/img_1200x721uu2026-02-27-18-28-29-2423974.jpg","keywords":["acidente","acidentes","acidentes ferrovi\u00e1rios","It\u00e1lia","transporte p\u00fablico"],"articleSection":["Not\u00edcias"],"inLanguage":"pt-PT"},{"@type":"WebPage","@id":"https:\/\/portaltela.pt\/noticias\/2026\/02\/27\/descarrilamento-de-eletrico-em-milao-deixa-2-mortos-e-40-feridos\/","url":"https:\/\/portaltela.pt\/noticias\/2026\/02\/27\/descarrilamento-de-eletrico-em-milao-deixa-2-mortos-e-40-feridos\/","name":"Descarrilamento de el\u00e9trico em Mil\u00e3o deixa 2 mortos e 40 feridos - Portal Tela Portugal","isPartOf":{"@id":"https:\/\/portaltela.pt\/#website"},"primaryImageOfPage":{"@id":"https:\/\/portaltela.pt\/noticias\/2026\/02\/27\/descarrilamento-de-eletrico-em-milao-deixa-2-mortos-e-40-feridos\/#primaryimage"},"image":{"@id":"https:\/\/portaltela.pt\/noticias\/2026\/02\/27\/descarrilamento-de-eletrico-em-milao-deixa-2-mortos-e-40-feridos\/#primaryimage"},"thumbnailUrl":"https:\/\/portaltela.pt\/s.01k8rhncp4jt1\/2026\/02\/img_1200x721uu2026-02-27-18-28-29-2423974.jpg","datePublished":"2026-02-27T18:33:00+00:00","author":{"@id":"https:\/\/portaltela.pt\/#\/schema\/person\/c4278d4a6028830caff9ee44b42d32ed"},"breadcrumb":{"@id":"https:\/\/portaltela.pt\/noticias\/2026\/02\/27\/descarrilamento-de-eletrico-em-milao-deixa-2-mortos-e-40-feridos\/#breadcrumb"},"inLanguage":"pt-PT","potentialAction":[{"@type":"ReadAction","target":["https:\/\/portaltela.pt\/noticias\/2026\/02\/27\/descarrilamento-de-eletrico-em-milao-deixa-2-mortos-e-40-feridos\/"]}]},{"@type":"ImageObject","inLanguage":"pt-PT","@id":"https:\/\/portaltela.pt\/noticias\/2026\/02\/27\/descarrilamento-de-eletrico-em-milao-deixa-2-mortos-e-40-feridos\/#primaryimage","url":"https:\/\/portaltela.pt\/s.01k8rhncp4jt1\/2026\/02\/img_1200x721uu2026-02-27-18-28-29-2423974.jpg","contentUrl":"https:\/\/portaltela.pt\/s.01k8rhncp4jt1\/2026\/02\/img_1200x721uu2026-02-27-18-28-29-2423974.jpg","width":796,"height":448,"caption":"Duas pessoas morreram e pelo menos 39 ficaram feridas depois de um el\u00e9trico ter descarrilado em Mil\u00e3o, It\u00e1lia, esta sexta-feira."},{"@type":"BreadcrumbList","@id":"https:\/\/portaltela.pt\/noticias\/2026\/02\/27\/descarrilamento-de-eletrico-em-milao-deixa-2-mortos-e-40-feridos\/#breadcrumb","itemListElement":[{"@type":"ListItem","position":1,"name":"In\u00edcio","item":"https:\/\/portaltela.pt\/"},{"@type":"ListItem","position":2,"name":"Descarrilamento de el\u00e9trico em Mil\u00e3o deixa 2 mortos e 40 feridos"}]},{"@type":"WebSite","@id":"https:\/\/portaltela.pt\/#website","url":"https:\/\/portaltela.pt\/","name":"Portal Tela Portugal","description":"","potentialAction":[{"@type":"SearchAction","target":{"@type":"EntryPoint","urlTemplate":"https:\/\/portaltela.pt\/?s={search_term_string}"},"query-input":{"@type":"PropertyValueSpecification","valueRequired":true,"valueName":"search_term_string"}}],"inLanguage":"pt-PT"},{"@type":"Person","@id":"https:\/\/portaltela.pt\/#\/schema\/person\/c4278d4a6028830caff9ee44b42d32ed","name":"Telinha","image":{"@type":"ImageObject","inLanguage":"pt-PT","@id":"https:\/\/portaltela.pt\/s.01k8rhncp4jt1\/2025\/11\/talking-bot-125x125.png","url":"https:\/\/portaltela.pt\/s.01k8rhncp4jt1\/2025\/11\/talking-bot-125x125.png","contentUrl":"https:\/\/portaltela.pt\/s.01k8rhncp4jt1\/2025\/11\/talking-bot-125x125.png","caption":"Telinha"},"sameAs":["https:\/\/portaltela.pt\/"],"url":"https:\/\/portaltela.pt\/por\/367410592786\/"}]}},"_links":{"self":[{"href":"https:\/\/portaltela.pt\/api\/wp\/v2\/posts\/391300","targetHints":{"allow":["GET"]}}],"collection":[{"href":"https:\/\/portaltela.pt\/api\/wp\/v2\/posts"}],"about":[{"href":"https:\/\/portaltela.pt\/api\/wp\/v2\/types\/post"}],"author":[{"embeddable":true,"href":"https:\/\/portaltela.pt\/api\/wp\/v2\/users\/2"}],"replies":[{"embeddable":true,"href":"https:\/\/portaltela.pt\/api\/wp\/v2\/comments?post=391300"}],"version-history":[{"count":0,"href":"https:\/\/portaltela.pt\/api\/wp\/v2\/posts\/391300\/revisions"}],"wp:featuredmedia":[{"embeddable":true,"href":"https:\/\/portaltela.pt\/api\/wp\/v2\/media\/391308"}],"wp:attachment":[{"href":"https:\/\/portaltela.pt\/api\/wp\/v2\/media?parent=391300"}],"wp:term":[{"taxonomy":"category","embeddable":true,"href":"https:\/\/portaltela.pt\/api\/wp\/v2\/categories?post=391300"},{"taxonomy":"post_tag","embeddable":true,"href":"https:\/\/portaltela.pt\/api\/wp\/v2\/tags?post=391300"}],"curies":[{"name":"wp","href":"https:\/\/api.w.org\/{rel}","templated":true}]}}