{"id":391285,"date":"2026-02-27T15:15:29","date_gmt":"2026-02-27T18:15:29","guid":{"rendered":"https:\/\/portaltela.pt\/noticias\/2026\/02\/27\/receita-fiscal-do-estado-sobe-2-para-4-3118-milhoes-de-euros-em-janeiro\/"},"modified":"2026-02-27T15:15:29","modified_gmt":"2026-02-27T18:15:29","slug":"receita-fiscal-do-estado-sobe-2-para-4-3118-milhoes-de-euros-em-janeiro","status":"publish","type":"post","link":"https:\/\/portaltela.pt\/noticias\/economia\/2026\/02\/27\/receita-fiscal-do-estado-sobe-2-para-4-3118-milhoes-de-euros-em-janeiro\/","title":{"rendered":"Receita fiscal do Estado sobe 2% para 4.311,8 milh\u00f5es de euros em janeiro"},"content":{"rendered":"<p>A receita fiscal do Estado portugu\u00eas atingiu 4.311,8 milh\u00f5es de euros em janeiro, registando um aumento de 2% face ao mesmo m\u00eas de 2025. O dado resulta da s\u00edntese de execu\u00e7\u00e3o or\u00e7amental publicada nesta sexta-feira pela Entidade Central de Or\u00e7amento.<\/p>\n<p>O forte impulso veio da cobran\u00e7a indireta, em especial do IVA, enquanto os impostos diretos reduziram-se. A receita l\u00edquida de IRC e IRS recuou 101,9 milh\u00f5es de euros (-5,2%), com quedas de 83 milh\u00f5es de euros (-47,1%) no IRC e 10,6 milh\u00f5es de euros (-0,6%) no IRS.<\/p>\n<h3>Impostos indiretos e cen\u00e1rio de IVA<\/h3>\n<p>A evolu\u00e7\u00e3o positiva dos impostos indiretos foi de 185,8 milh\u00f5es de euros (+8,1%), sustentada pela receita l\u00edquida de IVA, que cresceu 177,6 milh\u00f5es de euros. A Entidade Central de Or\u00e7amento aponta ainda um efeito de prorroga\u00e7\u00e3o no pagamento do IVA: 182,4 milh\u00f5es de euros em janeiro de 2026, frente a 153,5 milh\u00f5es em janeiro de 2025, elevando a receita de IVA para 206,5 milh\u00f5es de euros.<\/p>\n","protected":false},"excerpt":{"rendered":"<ul>\n<li>Em janeiro de 2026, a receita fiscal do Estado ficou em 4.311,8 milh\u00f5es de euros, mais 2% face ao mesmo m\u00eas do ano anterior.<\/li>\n<li>O aumento deve-se principalmente \u00e0 execu\u00e7\u00e3o do IVA, atenuada pela queda do IRC e do IRS nos impostos diretos.<\/li>\n<li>Nos impostos diretos houve queda de 101,9 milh\u00f5es de euros (-5,2%), com IRC a descer 83 milh\u00f5es (-47,1%) e IRS a descer 10,6 milh\u00f5es (-0,6%), respetivamente.<\/li>\n<li>A quebra do IRS deve-se sobretudo ao aumento dos reembolsos (79,2 milh\u00f5es de euros), relacionado com a transfer\u00eancia antecipada da consigna\u00e7\u00e3o de receita a favor de institui\u00e7\u00f5es solid\u00e1rias, religiosas, culturais ou com fins ambientais, cujo limite duplicou face ao ano anterior.<\/li>\n<li>Nos impostos indiretos houve subida de 185,8 milh\u00f5es de euros (+8,1%), puxada pela receita l\u00edquida do IVA (177,6 milh\u00f5es); se considerar o efeito da prorroga\u00e7\u00e3o do pagamento de IVA, a receita do imposto aumentou 206,5 milh\u00f5es de euros.<\/li>\n<\/ul>\n","protected":false},"author":2,"featured_media":391295,"comment_status":"closed","ping_status":"closed","sticky":false,"template":"","format":"standard","meta":{"footnotes":""},"categories":[2,1],"tags":[6115,733,3613,4485,6474,6000],"class_list":["post-391285","post","type-post","status-publish","format-standard","has-post-thumbnail","hentry","category-economia","category-noticias","tag-_economia","tag-financas-publicas","tag-impostos","tag-irc","tag-irs","tag-orcamento"],"yoast_head":"<!-- This site is optimized with the Yoast SEO plugin v27.2 - https:\/\/yoast.com\/product\/yoast-seo-wordpress\/ -->\n<title>Receita fiscal do Estado sobe 2% para 4.311,8 milh\u00f5es de euros em janeiro - Portal Tela Portugal<\/title>\n<meta name=\"robots\" content=\"index, follow, max-snippet:-1, max-image-preview:large, max-video-preview:-1\" \/>\n<meta property=\"og:locale\" content=\"pt_PT\" \/>\n<meta property=\"og:type\" content=\"article\" \/>\n<meta property=\"og:title\" content=\"Receita fiscal do Estado sobe 2% para 4.311,8 milh\u00f5es de euros em janeiro - Portal Tela Portugal\" \/>\n<meta property=\"og:description\" content=\"Em janeiro de 2026, a receita fiscal do Estado ficou em 4.311,8 milh\u00f5es de euros, mais 2% face ao mesmo m\u00eas do ano anterior. O aumento deve-se principalmente \u00e0 execu\u00e7\u00e3o do IVA, atenuada pela queda do IRC e do IRS nos impostos diretos. Nos impostos diretos houve queda de 101,9 milh\u00f5es de euros (-5,2%), com IRC a descer 83 milh\u00f5es (-47,1%) e IRS a descer 10,6 milh\u00f5es (-0,6%), respetivamente. A quebra do IRS deve-se sobretudo ao aumento dos reembolsos (79,2 milh\u00f5es de euros), relacionado com a transfer\u00eancia antecipada da consigna\u00e7\u00e3o de receita a favor de institui\u00e7\u00f5es solid\u00e1rias, religiosas, culturais ou com fins ambientais, cujo limite duplicou face ao ano anterior. Nos impostos indiretos houve subida de 185,8 milh\u00f5es de euros (+8,1%), puxada pela receita l\u00edquida do IVA (177,6 milh\u00f5es); se considerar o efeito da prorroga\u00e7\u00e3o do pagamento de IVA, a receita do imposto aumentou 206,5 milh\u00f5es de euros.\" \/>\n<meta property=\"og:url\" content=\"https:\/\/portaltela.pt\/noticias\/2026\/02\/27\/receita-fiscal-do-estado-sobe-2-para-4-3118-milhoes-de-euros-em-janeiro\/\" \/>\n<meta property=\"og:site_name\" content=\"Portal Tela Portugal\" \/>\n<meta property=\"article:published_time\" content=\"2026-02-27T18:15:29+00:00\" \/>\n<meta name=\"author\" content=\"Telinha\" \/>\n<meta name=\"twitter:card\" content=\"summary_large_image\" \/>\n<meta name=\"twitter:label1\" content=\"Escrito por\" \/>\n\t<meta name=\"twitter:data1\" content=\"Telinha\" \/>\n\t<meta name=\"twitter:label2\" content=\"Tempo estimado de leitura\" \/>\n\t<meta name=\"twitter:data2\" content=\"1 minuto\" \/>\n<script type=\"application\/ld+json\" class=\"yoast-schema-graph\">{\"@context\":\"https:\/\/schema.org\",\"@graph\":[{\"@type\":\"Article\",\"@id\":\"https:\/\/portaltela.pt\/noticias\/2026\/02\/27\/receita-fiscal-do-estado-sobe-2-para-4-3118-milhoes-de-euros-em-janeiro\/#article\",\"isPartOf\":{\"@id\":\"https:\/\/portaltela.pt\/noticias\/2026\/02\/27\/receita-fiscal-do-estado-sobe-2-para-4-3118-milhoes-de-euros-em-janeiro\/\"},\"author\":{\"name\":\"Telinha\",\"@id\":\"https:\/\/portaltela.pt\/#\/schema\/person\/c4278d4a6028830caff9ee44b42d32ed\"},\"headline\":\"Receita fiscal do Estado sobe 2% para 4.311,8 milh\u00f5es de euros em janeiro\",\"datePublished\":\"2026-02-27T18:15:29+00:00\",\"mainEntityOfPage\":{\"@id\":\"https:\/\/portaltela.pt\/noticias\/2026\/02\/27\/receita-fiscal-do-estado-sobe-2-para-4-3118-milhoes-de-euros-em-janeiro\/\"},\"wordCount\":179,\"image\":{\"@id\":\"https:\/\/portaltela.pt\/noticias\/2026\/02\/27\/receita-fiscal-do-estado-sobe-2-para-4-3118-milhoes-de-euros-em-janeiro\/#primaryimage\"},\"thumbnailUrl\":\"https:\/\/portaltela.pt\/s.01k8rhncp4jt1\/2026\/02\/img_1500x1000uu2018-02-26-07-35-00-713296.jpg\",\"keywords\":[\"_economia\",\"finan\u00e7as p\u00fablicas\",\"impostos\",\"IRC\",\"IRS\",\"or\u00e7amento\"],\"articleSection\":[\"Economia\",\"Not\u00edcias\"],\"inLanguage\":\"pt-PT\"},{\"@type\":\"WebPage\",\"@id\":\"https:\/\/portaltela.pt\/noticias\/2026\/02\/27\/receita-fiscal-do-estado-sobe-2-para-4-3118-milhoes-de-euros-em-janeiro\/\",\"url\":\"https:\/\/portaltela.pt\/noticias\/2026\/02\/27\/receita-fiscal-do-estado-sobe-2-para-4-3118-milhoes-de-euros-em-janeiro\/\",\"name\":\"Receita fiscal do Estado sobe 2% para 4.311,8 milh\u00f5es de euros em janeiro - Portal Tela Portugal\",\"isPartOf\":{\"@id\":\"https:\/\/portaltela.pt\/#website\"},\"primaryImageOfPage\":{\"@id\":\"https:\/\/portaltela.pt\/noticias\/2026\/02\/27\/receita-fiscal-do-estado-sobe-2-para-4-3118-milhoes-de-euros-em-janeiro\/#primaryimage\"},\"image\":{\"@id\":\"https:\/\/portaltela.pt\/noticias\/2026\/02\/27\/receita-fiscal-do-estado-sobe-2-para-4-3118-milhoes-de-euros-em-janeiro\/#primaryimage\"},\"thumbnailUrl\":\"https:\/\/portaltela.pt\/s.01k8rhncp4jt1\/2026\/02\/img_1500x1000uu2018-02-26-07-35-00-713296.jpg\",\"datePublished\":\"2026-02-27T18:15:29+00:00\",\"author\":{\"@id\":\"https:\/\/portaltela.pt\/#\/schema\/person\/c4278d4a6028830caff9ee44b42d32ed\"},\"breadcrumb\":{\"@id\":\"https:\/\/portaltela.pt\/noticias\/2026\/02\/27\/receita-fiscal-do-estado-sobe-2-para-4-3118-milhoes-de-euros-em-janeiro\/#breadcrumb\"},\"inLanguage\":\"pt-PT\",\"potentialAction\":[{\"@type\":\"ReadAction\",\"target\":[\"https:\/\/portaltela.pt\/noticias\/2026\/02\/27\/receita-fiscal-do-estado-sobe-2-para-4-3118-milhoes-de-euros-em-janeiro\/\"]}]},{\"@type\":\"ImageObject\",\"inLanguage\":\"pt-PT\",\"@id\":\"https:\/\/portaltela.pt\/noticias\/2026\/02\/27\/receita-fiscal-do-estado-sobe-2-para-4-3118-milhoes-de-euros-em-janeiro\/#primaryimage\",\"url\":\"https:\/\/portaltela.pt\/s.01k8rhncp4jt1\/2026\/02\/img_1500x1000uu2018-02-26-07-35-00-713296.jpg\",\"contentUrl\":\"https:\/\/portaltela.pt\/s.01k8rhncp4jt1\/2026\/02\/img_1500x1000uu2018-02-26-07-35-00-713296.jpg\",\"width\":796,\"height\":448,\"caption\":\"Dinheiro\"},{\"@type\":\"BreadcrumbList\",\"@id\":\"https:\/\/portaltela.pt\/noticias\/2026\/02\/27\/receita-fiscal-do-estado-sobe-2-para-4-3118-milhoes-de-euros-em-janeiro\/#breadcrumb\",\"itemListElement\":[{\"@type\":\"ListItem\",\"position\":1,\"name\":\"In\u00edcio\",\"item\":\"https:\/\/portaltela.pt\/\"},{\"@type\":\"ListItem\",\"position\":2,\"name\":\"Receita fiscal do Estado sobe 2% para 4.311,8 milh\u00f5es de euros em janeiro\"}]},{\"@type\":\"WebSite\",\"@id\":\"https:\/\/portaltela.pt\/#website\",\"url\":\"https:\/\/portaltela.pt\/\",\"name\":\"Portal Tela Portugal\",\"description\":\"\",\"potentialAction\":[{\"@type\":\"SearchAction\",\"target\":{\"@type\":\"EntryPoint\",\"urlTemplate\":\"https:\/\/portaltela.pt\/?s={search_term_string}\"},\"query-input\":{\"@type\":\"PropertyValueSpecification\",\"valueRequired\":true,\"valueName\":\"search_term_string\"}}],\"inLanguage\":\"pt-PT\"},{\"@type\":\"Person\",\"@id\":\"https:\/\/portaltela.pt\/#\/schema\/person\/c4278d4a6028830caff9ee44b42d32ed\",\"name\":\"Telinha\",\"image\":{\"@type\":\"ImageObject\",\"inLanguage\":\"pt-PT\",\"@id\":\"https:\/\/portaltela.pt\/s.01k8rhncp4jt1\/2025\/11\/talking-bot-125x125.png\",\"url\":\"https:\/\/portaltela.pt\/s.01k8rhncp4jt1\/2025\/11\/talking-bot-125x125.png\",\"contentUrl\":\"https:\/\/portaltela.pt\/s.01k8rhncp4jt1\/2025\/11\/talking-bot-125x125.png\",\"caption\":\"Telinha\"},\"sameAs\":[\"https:\/\/portaltela.pt\/\"],\"url\":\"https:\/\/portaltela.pt\/por\/367410592786\/\"}]}<\/script>\n<!-- \/ Yoast SEO plugin. -->","yoast_head_json":{"title":"Receita fiscal do Estado sobe 2% para 4.311,8 milh\u00f5es de euros em janeiro - Portal Tela Portugal","robots":{"index":"index","follow":"follow","max-snippet":"max-snippet:-1","max-image-preview":"max-image-preview:large","max-video-preview":"max-video-preview:-1"},"og_locale":"pt_PT","og_type":"article","og_title":"Receita fiscal do Estado sobe 2% para 4.311,8 milh\u00f5es de euros em janeiro - Portal Tela Portugal","og_description":"Em janeiro de 2026, a receita fiscal do Estado ficou em 4.311,8 milh\u00f5es de euros, mais 2% face ao mesmo m\u00eas do ano anterior. O aumento deve-se principalmente \u00e0 execu\u00e7\u00e3o do IVA, atenuada pela queda do IRC e do IRS nos impostos diretos. Nos impostos diretos houve queda de 101,9 milh\u00f5es de euros (-5,2%), com IRC a descer 83 milh\u00f5es (-47,1%) e IRS a descer 10,6 milh\u00f5es (-0,6%), respetivamente. A quebra do IRS deve-se sobretudo ao aumento dos reembolsos (79,2 milh\u00f5es de euros), relacionado com a transfer\u00eancia antecipada da consigna\u00e7\u00e3o de receita a favor de institui\u00e7\u00f5es solid\u00e1rias, religiosas, culturais ou com fins ambientais, cujo limite duplicou face ao ano anterior. Nos impostos indiretos houve subida de 185,8 milh\u00f5es de euros (+8,1%), puxada pela receita l\u00edquida do IVA (177,6 milh\u00f5es); se considerar o efeito da prorroga\u00e7\u00e3o do pagamento de IVA, a receita do imposto aumentou 206,5 milh\u00f5es de euros.","og_url":"https:\/\/portaltela.pt\/noticias\/2026\/02\/27\/receita-fiscal-do-estado-sobe-2-para-4-3118-milhoes-de-euros-em-janeiro\/","og_site_name":"Portal Tela Portugal","article_published_time":"2026-02-27T18:15:29+00:00","author":"Telinha","twitter_card":"summary_large_image","twitter_misc":{"Escrito por":"Telinha","Tempo estimado de leitura":"1 minuto"},"schema":{"@context":"https:\/\/schema.org","@graph":[{"@type":"Article","@id":"https:\/\/portaltela.pt\/noticias\/2026\/02\/27\/receita-fiscal-do-estado-sobe-2-para-4-3118-milhoes-de-euros-em-janeiro\/#article","isPartOf":{"@id":"https:\/\/portaltela.pt\/noticias\/2026\/02\/27\/receita-fiscal-do-estado-sobe-2-para-4-3118-milhoes-de-euros-em-janeiro\/"},"author":{"name":"Telinha","@id":"https:\/\/portaltela.pt\/#\/schema\/person\/c4278d4a6028830caff9ee44b42d32ed"},"headline":"Receita fiscal do Estado sobe 2% para 4.311,8 milh\u00f5es de euros em janeiro","datePublished":"2026-02-27T18:15:29+00:00","mainEntityOfPage":{"@id":"https:\/\/portaltela.pt\/noticias\/2026\/02\/27\/receita-fiscal-do-estado-sobe-2-para-4-3118-milhoes-de-euros-em-janeiro\/"},"wordCount":179,"image":{"@id":"https:\/\/portaltela.pt\/noticias\/2026\/02\/27\/receita-fiscal-do-estado-sobe-2-para-4-3118-milhoes-de-euros-em-janeiro\/#primaryimage"},"thumbnailUrl":"https:\/\/portaltela.pt\/s.01k8rhncp4jt1\/2026\/02\/img_1500x1000uu2018-02-26-07-35-00-713296.jpg","keywords":["_economia","finan\u00e7as p\u00fablicas","impostos","IRC","IRS","or\u00e7amento"],"articleSection":["Economia","Not\u00edcias"],"inLanguage":"pt-PT"},{"@type":"WebPage","@id":"https:\/\/portaltela.pt\/noticias\/2026\/02\/27\/receita-fiscal-do-estado-sobe-2-para-4-3118-milhoes-de-euros-em-janeiro\/","url":"https:\/\/portaltela.pt\/noticias\/2026\/02\/27\/receita-fiscal-do-estado-sobe-2-para-4-3118-milhoes-de-euros-em-janeiro\/","name":"Receita fiscal do Estado sobe 2% para 4.311,8 milh\u00f5es de euros em janeiro - Portal Tela Portugal","isPartOf":{"@id":"https:\/\/portaltela.pt\/#website"},"primaryImageOfPage":{"@id":"https:\/\/portaltela.pt\/noticias\/2026\/02\/27\/receita-fiscal-do-estado-sobe-2-para-4-3118-milhoes-de-euros-em-janeiro\/#primaryimage"},"image":{"@id":"https:\/\/portaltela.pt\/noticias\/2026\/02\/27\/receita-fiscal-do-estado-sobe-2-para-4-3118-milhoes-de-euros-em-janeiro\/#primaryimage"},"thumbnailUrl":"https:\/\/portaltela.pt\/s.01k8rhncp4jt1\/2026\/02\/img_1500x1000uu2018-02-26-07-35-00-713296.jpg","datePublished":"2026-02-27T18:15:29+00:00","author":{"@id":"https:\/\/portaltela.pt\/#\/schema\/person\/c4278d4a6028830caff9ee44b42d32ed"},"breadcrumb":{"@id":"https:\/\/portaltela.pt\/noticias\/2026\/02\/27\/receita-fiscal-do-estado-sobe-2-para-4-3118-milhoes-de-euros-em-janeiro\/#breadcrumb"},"inLanguage":"pt-PT","potentialAction":[{"@type":"ReadAction","target":["https:\/\/portaltela.pt\/noticias\/2026\/02\/27\/receita-fiscal-do-estado-sobe-2-para-4-3118-milhoes-de-euros-em-janeiro\/"]}]},{"@type":"ImageObject","inLanguage":"pt-PT","@id":"https:\/\/portaltela.pt\/noticias\/2026\/02\/27\/receita-fiscal-do-estado-sobe-2-para-4-3118-milhoes-de-euros-em-janeiro\/#primaryimage","url":"https:\/\/portaltela.pt\/s.01k8rhncp4jt1\/2026\/02\/img_1500x1000uu2018-02-26-07-35-00-713296.jpg","contentUrl":"https:\/\/portaltela.pt\/s.01k8rhncp4jt1\/2026\/02\/img_1500x1000uu2018-02-26-07-35-00-713296.jpg","width":796,"height":448,"caption":"Dinheiro"},{"@type":"BreadcrumbList","@id":"https:\/\/portaltela.pt\/noticias\/2026\/02\/27\/receita-fiscal-do-estado-sobe-2-para-4-3118-milhoes-de-euros-em-janeiro\/#breadcrumb","itemListElement":[{"@type":"ListItem","position":1,"name":"In\u00edcio","item":"https:\/\/portaltela.pt\/"},{"@type":"ListItem","position":2,"name":"Receita fiscal do Estado sobe 2% para 4.311,8 milh\u00f5es de euros em janeiro"}]},{"@type":"WebSite","@id":"https:\/\/portaltela.pt\/#website","url":"https:\/\/portaltela.pt\/","name":"Portal Tela Portugal","description":"","potentialAction":[{"@type":"SearchAction","target":{"@type":"EntryPoint","urlTemplate":"https:\/\/portaltela.pt\/?s={search_term_string}"},"query-input":{"@type":"PropertyValueSpecification","valueRequired":true,"valueName":"search_term_string"}}],"inLanguage":"pt-PT"},{"@type":"Person","@id":"https:\/\/portaltela.pt\/#\/schema\/person\/c4278d4a6028830caff9ee44b42d32ed","name":"Telinha","image":{"@type":"ImageObject","inLanguage":"pt-PT","@id":"https:\/\/portaltela.pt\/s.01k8rhncp4jt1\/2025\/11\/talking-bot-125x125.png","url":"https:\/\/portaltela.pt\/s.01k8rhncp4jt1\/2025\/11\/talking-bot-125x125.png","contentUrl":"https:\/\/portaltela.pt\/s.01k8rhncp4jt1\/2025\/11\/talking-bot-125x125.png","caption":"Telinha"},"sameAs":["https:\/\/portaltela.pt\/"],"url":"https:\/\/portaltela.pt\/por\/367410592786\/"}]}},"_links":{"self":[{"href":"https:\/\/portaltela.pt\/api\/wp\/v2\/posts\/391285","targetHints":{"allow":["GET"]}}],"collection":[{"href":"https:\/\/portaltela.pt\/api\/wp\/v2\/posts"}],"about":[{"href":"https:\/\/portaltela.pt\/api\/wp\/v2\/types\/post"}],"author":[{"embeddable":true,"href":"https:\/\/portaltela.pt\/api\/wp\/v2\/users\/2"}],"replies":[{"embeddable":true,"href":"https:\/\/portaltela.pt\/api\/wp\/v2\/comments?post=391285"}],"version-history":[{"count":0,"href":"https:\/\/portaltela.pt\/api\/wp\/v2\/posts\/391285\/revisions"}],"wp:featuredmedia":[{"embeddable":true,"href":"https:\/\/portaltela.pt\/api\/wp\/v2\/media\/391295"}],"wp:attachment":[{"href":"https:\/\/portaltela.pt\/api\/wp\/v2\/media?parent=391285"}],"wp:term":[{"taxonomy":"category","embeddable":true,"href":"https:\/\/portaltela.pt\/api\/wp\/v2\/categories?post=391285"},{"taxonomy":"post_tag","embeddable":true,"href":"https:\/\/portaltela.pt\/api\/wp\/v2\/tags?post=391285"}],"curies":[{"name":"wp","href":"https:\/\/api.w.org\/{rel}","templated":true}]}}