{"id":391271,"date":"2026-02-27T14:08:00","date_gmt":"2026-02-27T17:08:00","guid":{"rendered":"https:\/\/portaltela.pt\/noticias\/2026\/02\/27\/circulacao-na-a1-reaberta-hoje-apos-decisao-do-lnec-e-imt\/"},"modified":"2026-02-27T14:08:00","modified_gmt":"2026-02-27T17:08:00","slug":"circulacao-na-a1-reaberta-hoje-apos-decisao-do-lnec-e-imt","status":"publish","type":"post","link":"https:\/\/portaltela.pt\/noticias\/2026\/02\/27\/circulacao-na-a1-reaberta-hoje-apos-decisao-do-lnec-e-imt\/","title":{"rendered":"Circula\u00e7\u00e3o na A1 reaberta hoje ap\u00f3s decis\u00e3o do LNEC e IMT"},"content":{"rendered":"<p>A circula\u00e7\u00e3o na A1 foi retomada hoje ap\u00f3s uma avalia\u00e7\u00e3o t\u00e9cnica que deu luz verde ao regresso do tr\u00e1fego, com parecer do LNEC e do IMT, segundo o Governo.<\/p>\n<p>A decis\u00e3o envolve, segundo fontes oficiais, supervis\u00e3o cont\u00ednua e o cumprimento de normas de seguran\u00e7a rodovi\u00e1ria e engenharia, para garantir a seguran\u00e7a dos utilizadores.<\/p>\n<p>O conte\u00fado completo da not\u00edcia est\u00e1 dispon\u00edvel apenas para subscritores, devendo incluir detalhes t\u00e9cnicos, cronologias e declara\u00e7\u00f5es adicionais das entidades envolvidas.<\/p>\n","protected":false},"excerpt":{"rendered":"<ul>\n<li>A circula\u00e7\u00e3o na A1 foi retomada hoje ap\u00f3s receber luz verde do Laborat\u00f3rio Nacional de Engenharia Civil (LNEC) e do Instituto da Mobilidade e Transportes (IMT), segundo o Governo.<\/li>\n<li>A decis\u00e3o pretende reabrir a via ap\u00f3s avalia\u00e7\u00e3o t\u00e9cnica que atesta as condi\u00e7\u00f5es de seguran\u00e7a.<\/li>\n<li>O Governo confirmou a autoriza\u00e7\u00e3o, sem detalhar pormenores operacionais.<\/li>\n<li>O envolvimento do LNEC e do IMT foi destacado como parte do processo de avalia\u00e7\u00e3o e aprova\u00e7\u00e3o.<\/li>\n<li>Informa\u00e7\u00f5es adicionais estavam condicionadas ao acesso de subscritores, n\u00e3o dispon\u00edveis no p\u00fablico.<\/li>\n<\/ul>\n","protected":false},"author":2,"featured_media":391287,"comment_status":"closed","ping_status":"closed","sticky":false,"template":"","format":"standard","meta":{"footnotes":""},"categories":[1],"tags":[1083,1615,4508,2761,4988],"class_list":["post-391271","post","type-post","status-publish","format-standard","has-post-thumbnail","hentry","category-noticias","tag-estradas","tag-infraestrutura","tag-infraestruturas-rodoviarias","tag-seguranca-rodoviaria","tag-transporte-rodoviarios"],"yoast_head":"<!-- This site is optimized with the Yoast SEO plugin v27.2 - https:\/\/yoast.com\/product\/yoast-seo-wordpress\/ -->\n<title>Circula\u00e7\u00e3o na A1 reaberta hoje ap\u00f3s decis\u00e3o do LNEC e IMT - Portal Tela Portugal<\/title>\n<meta name=\"robots\" content=\"index, follow, max-snippet:-1, max-image-preview:large, max-video-preview:-1\" \/>\n<meta property=\"og:locale\" content=\"pt_PT\" \/>\n<meta property=\"og:type\" content=\"article\" \/>\n<meta property=\"og:title\" content=\"Circula\u00e7\u00e3o na A1 reaberta hoje ap\u00f3s decis\u00e3o do LNEC e IMT - Portal Tela Portugal\" \/>\n<meta property=\"og:description\" content=\"A circula\u00e7\u00e3o na A1 foi retomada hoje ap\u00f3s receber luz verde do Laborat\u00f3rio Nacional de Engenharia Civil (LNEC) e do Instituto da Mobilidade e Transportes (IMT), segundo o Governo. A decis\u00e3o pretende reabrir a via ap\u00f3s avalia\u00e7\u00e3o t\u00e9cnica que atesta as condi\u00e7\u00f5es de seguran\u00e7a. O Governo confirmou a autoriza\u00e7\u00e3o, sem detalhar pormenores operacionais. O envolvimento do LNEC e do IMT foi destacado como parte do processo de avalia\u00e7\u00e3o e aprova\u00e7\u00e3o. Informa\u00e7\u00f5es adicionais estavam condicionadas ao acesso de subscritores, n\u00e3o dispon\u00edveis no p\u00fablico.\" \/>\n<meta property=\"og:url\" content=\"https:\/\/portaltela.pt\/noticias\/2026\/02\/27\/circulacao-na-a1-reaberta-hoje-apos-decisao-do-lnec-e-imt\/\" \/>\n<meta property=\"og:site_name\" content=\"Portal Tela Portugal\" \/>\n<meta property=\"article:published_time\" content=\"2026-02-27T17:08:00+00:00\" \/>\n<meta name=\"author\" content=\"Telinha\" \/>\n<meta name=\"twitter:card\" content=\"summary_large_image\" \/>\n<meta name=\"twitter:label1\" content=\"Escrito por\" \/>\n\t<meta name=\"twitter:data1\" content=\"Telinha\" \/>\n<script type=\"application\/ld+json\" class=\"yoast-schema-graph\">{\"@context\":\"https:\/\/schema.org\",\"@graph\":[{\"@type\":\"Article\",\"@id\":\"https:\/\/portaltela.pt\/noticias\/2026\/02\/27\/circulacao-na-a1-reaberta-hoje-apos-decisao-do-lnec-e-imt\/#article\",\"isPartOf\":{\"@id\":\"https:\/\/portaltela.pt\/noticias\/2026\/02\/27\/circulacao-na-a1-reaberta-hoje-apos-decisao-do-lnec-e-imt\/\"},\"author\":{\"name\":\"Telinha\",\"@id\":\"https:\/\/portaltela.pt\/#\/schema\/person\/c4278d4a6028830caff9ee44b42d32ed\"},\"headline\":\"Circula\u00e7\u00e3o na A1 reaberta hoje ap\u00f3s decis\u00e3o do LNEC e IMT\",\"datePublished\":\"2026-02-27T17:08:00+00:00\",\"mainEntityOfPage\":{\"@id\":\"https:\/\/portaltela.pt\/noticias\/2026\/02\/27\/circulacao-na-a1-reaberta-hoje-apos-decisao-do-lnec-e-imt\/\"},\"wordCount\":104,\"image\":{\"@id\":\"https:\/\/portaltela.pt\/noticias\/2026\/02\/27\/circulacao-na-a1-reaberta-hoje-apos-decisao-do-lnec-e-imt\/#primaryimage\"},\"thumbnailUrl\":\"https:\/\/portaltela.pt\/s.01k8rhncp4jt1\/2026\/02\/CACHE_780X1200_ANALOG_WATERMARKED_46584302_7134675_17022026045508-1.jpg\",\"keywords\":[\"estradas\",\"infraestrutura\",\"infraestruturas rodovi\u00e1rias\",\"seguran\u00e7a rodovi\u00e1ria\",\"Transporte Rodovi\u00e1rios\"],\"articleSection\":[\"Not\u00edcias\"],\"inLanguage\":\"pt-PT\"},{\"@type\":\"WebPage\",\"@id\":\"https:\/\/portaltela.pt\/noticias\/2026\/02\/27\/circulacao-na-a1-reaberta-hoje-apos-decisao-do-lnec-e-imt\/\",\"url\":\"https:\/\/portaltela.pt\/noticias\/2026\/02\/27\/circulacao-na-a1-reaberta-hoje-apos-decisao-do-lnec-e-imt\/\",\"name\":\"Circula\u00e7\u00e3o na A1 reaberta hoje ap\u00f3s decis\u00e3o do LNEC e IMT - Portal Tela Portugal\",\"isPartOf\":{\"@id\":\"https:\/\/portaltela.pt\/#website\"},\"primaryImageOfPage\":{\"@id\":\"https:\/\/portaltela.pt\/noticias\/2026\/02\/27\/circulacao-na-a1-reaberta-hoje-apos-decisao-do-lnec-e-imt\/#primaryimage\"},\"image\":{\"@id\":\"https:\/\/portaltela.pt\/noticias\/2026\/02\/27\/circulacao-na-a1-reaberta-hoje-apos-decisao-do-lnec-e-imt\/#primaryimage\"},\"thumbnailUrl\":\"https:\/\/portaltela.pt\/s.01k8rhncp4jt1\/2026\/02\/CACHE_780X1200_ANALOG_WATERMARKED_46584302_7134675_17022026045508-1.jpg\",\"datePublished\":\"2026-02-27T17:08:00+00:00\",\"author\":{\"@id\":\"https:\/\/portaltela.pt\/#\/schema\/person\/c4278d4a6028830caff9ee44b42d32ed\"},\"breadcrumb\":{\"@id\":\"https:\/\/portaltela.pt\/noticias\/2026\/02\/27\/circulacao-na-a1-reaberta-hoje-apos-decisao-do-lnec-e-imt\/#breadcrumb\"},\"inLanguage\":\"pt-PT\",\"potentialAction\":[{\"@type\":\"ReadAction\",\"target\":[\"https:\/\/portaltela.pt\/noticias\/2026\/02\/27\/circulacao-na-a1-reaberta-hoje-apos-decisao-do-lnec-e-imt\/\"]}]},{\"@type\":\"ImageObject\",\"inLanguage\":\"pt-PT\",\"@id\":\"https:\/\/portaltela.pt\/noticias\/2026\/02\/27\/circulacao-na-a1-reaberta-hoje-apos-decisao-do-lnec-e-imt\/#primaryimage\",\"url\":\"https:\/\/portaltela.pt\/s.01k8rhncp4jt1\/2026\/02\/CACHE_780X1200_ANALOG_WATERMARKED_46584302_7134675_17022026045508-1.jpg\",\"contentUrl\":\"https:\/\/portaltela.pt\/s.01k8rhncp4jt1\/2026\/02\/CACHE_780X1200_ANALOG_WATERMARKED_46584302_7134675_17022026045508-1.jpg\",\"width\":796,\"height\":448,\"caption\":\"Circula\u00e7\u00e3o na A1 reposta hoje ap\u00f3s \u2018luz verde\u2019 do LNEC e IMT \u2013 Governo\"},{\"@type\":\"BreadcrumbList\",\"@id\":\"https:\/\/portaltela.pt\/noticias\/2026\/02\/27\/circulacao-na-a1-reaberta-hoje-apos-decisao-do-lnec-e-imt\/#breadcrumb\",\"itemListElement\":[{\"@type\":\"ListItem\",\"position\":1,\"name\":\"In\u00edcio\",\"item\":\"https:\/\/portaltela.pt\/\"},{\"@type\":\"ListItem\",\"position\":2,\"name\":\"Circula\u00e7\u00e3o na A1 reaberta hoje ap\u00f3s decis\u00e3o do LNEC e IMT\"}]},{\"@type\":\"WebSite\",\"@id\":\"https:\/\/portaltela.pt\/#website\",\"url\":\"https:\/\/portaltela.pt\/\",\"name\":\"Portal Tela Portugal\",\"description\":\"\",\"potentialAction\":[{\"@type\":\"SearchAction\",\"target\":{\"@type\":\"EntryPoint\",\"urlTemplate\":\"https:\/\/portaltela.pt\/?s={search_term_string}\"},\"query-input\":{\"@type\":\"PropertyValueSpecification\",\"valueRequired\":true,\"valueName\":\"search_term_string\"}}],\"inLanguage\":\"pt-PT\"},{\"@type\":\"Person\",\"@id\":\"https:\/\/portaltela.pt\/#\/schema\/person\/c4278d4a6028830caff9ee44b42d32ed\",\"name\":\"Telinha\",\"image\":{\"@type\":\"ImageObject\",\"inLanguage\":\"pt-PT\",\"@id\":\"https:\/\/portaltela.pt\/s.01k8rhncp4jt1\/2025\/11\/talking-bot-125x125.png\",\"url\":\"https:\/\/portaltela.pt\/s.01k8rhncp4jt1\/2025\/11\/talking-bot-125x125.png\",\"contentUrl\":\"https:\/\/portaltela.pt\/s.01k8rhncp4jt1\/2025\/11\/talking-bot-125x125.png\",\"caption\":\"Telinha\"},\"sameAs\":[\"https:\/\/portaltela.pt\/\"],\"url\":\"https:\/\/portaltela.pt\/por\/367410592786\/\"}]}<\/script>\n<!-- \/ Yoast SEO plugin. -->","yoast_head_json":{"title":"Circula\u00e7\u00e3o na A1 reaberta hoje ap\u00f3s decis\u00e3o do LNEC e IMT - Portal Tela Portugal","robots":{"index":"index","follow":"follow","max-snippet":"max-snippet:-1","max-image-preview":"max-image-preview:large","max-video-preview":"max-video-preview:-1"},"og_locale":"pt_PT","og_type":"article","og_title":"Circula\u00e7\u00e3o na A1 reaberta hoje ap\u00f3s decis\u00e3o do LNEC e IMT - Portal Tela Portugal","og_description":"A circula\u00e7\u00e3o na A1 foi retomada hoje ap\u00f3s receber luz verde do Laborat\u00f3rio Nacional de Engenharia Civil (LNEC) e do Instituto da Mobilidade e Transportes (IMT), segundo o Governo. A decis\u00e3o pretende reabrir a via ap\u00f3s avalia\u00e7\u00e3o t\u00e9cnica que atesta as condi\u00e7\u00f5es de seguran\u00e7a. O Governo confirmou a autoriza\u00e7\u00e3o, sem detalhar pormenores operacionais. O envolvimento do LNEC e do IMT foi destacado como parte do processo de avalia\u00e7\u00e3o e aprova\u00e7\u00e3o. Informa\u00e7\u00f5es adicionais estavam condicionadas ao acesso de subscritores, n\u00e3o dispon\u00edveis no p\u00fablico.","og_url":"https:\/\/portaltela.pt\/noticias\/2026\/02\/27\/circulacao-na-a1-reaberta-hoje-apos-decisao-do-lnec-e-imt\/","og_site_name":"Portal Tela Portugal","article_published_time":"2026-02-27T17:08:00+00:00","author":"Telinha","twitter_card":"summary_large_image","twitter_misc":{"Escrito por":"Telinha"},"schema":{"@context":"https:\/\/schema.org","@graph":[{"@type":"Article","@id":"https:\/\/portaltela.pt\/noticias\/2026\/02\/27\/circulacao-na-a1-reaberta-hoje-apos-decisao-do-lnec-e-imt\/#article","isPartOf":{"@id":"https:\/\/portaltela.pt\/noticias\/2026\/02\/27\/circulacao-na-a1-reaberta-hoje-apos-decisao-do-lnec-e-imt\/"},"author":{"name":"Telinha","@id":"https:\/\/portaltela.pt\/#\/schema\/person\/c4278d4a6028830caff9ee44b42d32ed"},"headline":"Circula\u00e7\u00e3o na A1 reaberta hoje ap\u00f3s decis\u00e3o do LNEC e IMT","datePublished":"2026-02-27T17:08:00+00:00","mainEntityOfPage":{"@id":"https:\/\/portaltela.pt\/noticias\/2026\/02\/27\/circulacao-na-a1-reaberta-hoje-apos-decisao-do-lnec-e-imt\/"},"wordCount":104,"image":{"@id":"https:\/\/portaltela.pt\/noticias\/2026\/02\/27\/circulacao-na-a1-reaberta-hoje-apos-decisao-do-lnec-e-imt\/#primaryimage"},"thumbnailUrl":"https:\/\/portaltela.pt\/s.01k8rhncp4jt1\/2026\/02\/CACHE_780X1200_ANALOG_WATERMARKED_46584302_7134675_17022026045508-1.jpg","keywords":["estradas","infraestrutura","infraestruturas rodovi\u00e1rias","seguran\u00e7a rodovi\u00e1ria","Transporte Rodovi\u00e1rios"],"articleSection":["Not\u00edcias"],"inLanguage":"pt-PT"},{"@type":"WebPage","@id":"https:\/\/portaltela.pt\/noticias\/2026\/02\/27\/circulacao-na-a1-reaberta-hoje-apos-decisao-do-lnec-e-imt\/","url":"https:\/\/portaltela.pt\/noticias\/2026\/02\/27\/circulacao-na-a1-reaberta-hoje-apos-decisao-do-lnec-e-imt\/","name":"Circula\u00e7\u00e3o na A1 reaberta hoje ap\u00f3s decis\u00e3o do LNEC e IMT - Portal Tela Portugal","isPartOf":{"@id":"https:\/\/portaltela.pt\/#website"},"primaryImageOfPage":{"@id":"https:\/\/portaltela.pt\/noticias\/2026\/02\/27\/circulacao-na-a1-reaberta-hoje-apos-decisao-do-lnec-e-imt\/#primaryimage"},"image":{"@id":"https:\/\/portaltela.pt\/noticias\/2026\/02\/27\/circulacao-na-a1-reaberta-hoje-apos-decisao-do-lnec-e-imt\/#primaryimage"},"thumbnailUrl":"https:\/\/portaltela.pt\/s.01k8rhncp4jt1\/2026\/02\/CACHE_780X1200_ANALOG_WATERMARKED_46584302_7134675_17022026045508-1.jpg","datePublished":"2026-02-27T17:08:00+00:00","author":{"@id":"https:\/\/portaltela.pt\/#\/schema\/person\/c4278d4a6028830caff9ee44b42d32ed"},"breadcrumb":{"@id":"https:\/\/portaltela.pt\/noticias\/2026\/02\/27\/circulacao-na-a1-reaberta-hoje-apos-decisao-do-lnec-e-imt\/#breadcrumb"},"inLanguage":"pt-PT","potentialAction":[{"@type":"ReadAction","target":["https:\/\/portaltela.pt\/noticias\/2026\/02\/27\/circulacao-na-a1-reaberta-hoje-apos-decisao-do-lnec-e-imt\/"]}]},{"@type":"ImageObject","inLanguage":"pt-PT","@id":"https:\/\/portaltela.pt\/noticias\/2026\/02\/27\/circulacao-na-a1-reaberta-hoje-apos-decisao-do-lnec-e-imt\/#primaryimage","url":"https:\/\/portaltela.pt\/s.01k8rhncp4jt1\/2026\/02\/CACHE_780X1200_ANALOG_WATERMARKED_46584302_7134675_17022026045508-1.jpg","contentUrl":"https:\/\/portaltela.pt\/s.01k8rhncp4jt1\/2026\/02\/CACHE_780X1200_ANALOG_WATERMARKED_46584302_7134675_17022026045508-1.jpg","width":796,"height":448,"caption":"Circula\u00e7\u00e3o na A1 reposta hoje ap\u00f3s \u2018luz verde\u2019 do LNEC e IMT \u2013 Governo"},{"@type":"BreadcrumbList","@id":"https:\/\/portaltela.pt\/noticias\/2026\/02\/27\/circulacao-na-a1-reaberta-hoje-apos-decisao-do-lnec-e-imt\/#breadcrumb","itemListElement":[{"@type":"ListItem","position":1,"name":"In\u00edcio","item":"https:\/\/portaltela.pt\/"},{"@type":"ListItem","position":2,"name":"Circula\u00e7\u00e3o na A1 reaberta hoje ap\u00f3s decis\u00e3o do LNEC e IMT"}]},{"@type":"WebSite","@id":"https:\/\/portaltela.pt\/#website","url":"https:\/\/portaltela.pt\/","name":"Portal Tela Portugal","description":"","potentialAction":[{"@type":"SearchAction","target":{"@type":"EntryPoint","urlTemplate":"https:\/\/portaltela.pt\/?s={search_term_string}"},"query-input":{"@type":"PropertyValueSpecification","valueRequired":true,"valueName":"search_term_string"}}],"inLanguage":"pt-PT"},{"@type":"Person","@id":"https:\/\/portaltela.pt\/#\/schema\/person\/c4278d4a6028830caff9ee44b42d32ed","name":"Telinha","image":{"@type":"ImageObject","inLanguage":"pt-PT","@id":"https:\/\/portaltela.pt\/s.01k8rhncp4jt1\/2025\/11\/talking-bot-125x125.png","url":"https:\/\/portaltela.pt\/s.01k8rhncp4jt1\/2025\/11\/talking-bot-125x125.png","contentUrl":"https:\/\/portaltela.pt\/s.01k8rhncp4jt1\/2025\/11\/talking-bot-125x125.png","caption":"Telinha"},"sameAs":["https:\/\/portaltela.pt\/"],"url":"https:\/\/portaltela.pt\/por\/367410592786\/"}]}},"_links":{"self":[{"href":"https:\/\/portaltela.pt\/api\/wp\/v2\/posts\/391271","targetHints":{"allow":["GET"]}}],"collection":[{"href":"https:\/\/portaltela.pt\/api\/wp\/v2\/posts"}],"about":[{"href":"https:\/\/portaltela.pt\/api\/wp\/v2\/types\/post"}],"author":[{"embeddable":true,"href":"https:\/\/portaltela.pt\/api\/wp\/v2\/users\/2"}],"replies":[{"embeddable":true,"href":"https:\/\/portaltela.pt\/api\/wp\/v2\/comments?post=391271"}],"version-history":[{"count":0,"href":"https:\/\/portaltela.pt\/api\/wp\/v2\/posts\/391271\/revisions"}],"wp:featuredmedia":[{"embeddable":true,"href":"https:\/\/portaltela.pt\/api\/wp\/v2\/media\/391287"}],"wp:attachment":[{"href":"https:\/\/portaltela.pt\/api\/wp\/v2\/media?parent=391271"}],"wp:term":[{"taxonomy":"category","embeddable":true,"href":"https:\/\/portaltela.pt\/api\/wp\/v2\/categories?post=391271"},{"taxonomy":"post_tag","embeddable":true,"href":"https:\/\/portaltela.pt\/api\/wp\/v2\/tags?post=391271"}],"curies":[{"name":"wp","href":"https:\/\/api.w.org\/{rel}","templated":true}]}}