{"id":391267,"date":"2026-02-27T15:14:00","date_gmt":"2026-02-27T18:14:00","guid":{"rendered":"https:\/\/portaltela.pt\/noticias\/2026\/02\/27\/estudo-nacional-mostra-alunos-mais-motivados-e-aprendem-melhor\/"},"modified":"2026-02-27T15:14:00","modified_gmt":"2026-02-27T18:14:00","slug":"estudo-nacional-mostra-alunos-mais-motivados-e-aprendem-melhor","status":"publish","type":"post","link":"https:\/\/portaltela.pt\/noticias\/2026\/02\/27\/estudo-nacional-mostra-alunos-mais-motivados-e-aprendem-melhor\/","title":{"rendered":"Estudo nacional mostra alunos mais motivados e aprendem melhor"},"content":{"rendered":"<p>O estudo, apresentado no Teatro Thalia, em Lisboa, analisa o impacto do diploma de Autonomia e Flexibilidade Curricular (AFC) publicado em 2018. A equipa de investigadores avaliou respostas de mais de 38 mil estudantes. Os resultados indicam aumento da motiva\u00e7\u00e3o e da percep\u00e7\u00e3o de aprendizagem.<\/p>\n<p>Segundo os dados, as escolas ganharam margem para adaptar o curr\u00edculo \u00e0s suas realidades. Metade dos alunos disse que as notas j\u00e1 n\u00e3o dependem exclusivamente de testes, recorrendo a portf\u00f3lios e outros h\u00e1bitos de avalia\u00e7\u00e3o. A organiza\u00e7\u00e3o do tempo tamb\u00e9m ganhou destaque.<\/p>\n<p>A maioria dos alunos afirma conseguir gerir o pr\u00f3prio trabalho e melhorar o trabalho em grupo. Contudo, a implementa\u00e7\u00e3o n\u00e3o \u00e9 uniforme: h\u00e1 resist\u00eancia, sobretudo no ensino secund\u00e1rio, devido aos exames nacionais que limitam a flexibiliza\u00e7\u00e3o.<\/p>\n<h3>Impacto na pr\u00e1tica educativa<\/h3>\n<p>O diploma permitiu que parte do tempo semanal fosse definido pelas escolas, com mat\u00e9rias ajustadas aos contextos locais. A transdisciplinaridade ganhou corpo, assim como a organiza\u00e7\u00e3o por trimestres e a partilha de hor\u00e1rios entre disciplinas.<\/p>\n<p>Entrevistados destacam estruturas inovadoras, como oficinas, tutorias e espa\u00e7os de turma. Ainda assim, a participa\u00e7\u00e3o dos alunos em decis\u00f5es pedag\u00f3gicas permanece desigu\u00e1lar, com cerca de 20% a afirmar ter sido auscultado pouco ou nada.<\/p>\n<h3>Perspectivas e obst\u00e1culos<\/h3>\n<p>O estudo ressalva grande heterogeneidade entre escolas, ciclos e \u00e1reas disciplinares. Pais e encarregados mant\u00eam participa\u00e7\u00e3o reduzida, apesar de sinais de evolu\u00e7\u00e3o. Principais entraves: sobrecarga hor\u00e1ria, recursos humanos limitados e necessidade de forma\u00e7\u00e3o.<\/p>\n<p>Os docentes dividem-se em quatro perfis: adeptos, pragm\u00e1ticos, for\u00e7ados e c\u00e9pticos. O ceticismo predomina entre profissionais que trabalham de forma mais isolada, evidenciando resist\u00eancia \u00e0 cultura de colabora\u00e7\u00e3o.<\/p>\n","protected":false},"excerpt":{"rendered":"<ul>\n<li>Estudo com mais de 38 mil alunos e 6 mil docentes avalia o impacto do diploma de Autonomia e Flexibilidade Curricular de 2018, apontando mudan\u00e7as positivas nas pr\u00e1ticas pedag\u00f3gicas e na avalia\u00e7\u00e3o.<\/li>\n<li>Alunos dizem estar mais motivados e a aprender melhor, com maior autonomia das escolas para gerir os curr\u00edculos; cerca de metade afirma que as notas finais j\u00e1 n\u00e3o dependem exclusivamente de testes.<\/li>\n<li>Mudan\u00e7as permitiram \u00e0s escolas definir parte do tempo semanal, organizar disciplinas por trimestres\/temas e partilhar hor\u00e1rios entre \u00e1reas, com foco na transdisciplinaridade.<\/li>\n<li>Dificuldades persistem na articula\u00e7\u00e3o entre pr\u00e1ticas inovadoras de avalia\u00e7\u00e3o e mecanismos formais de certifica\u00e7\u00e3o, especialmente no ensino secund\u00e1rio por causa dos exames nacionais; os alunos desejam mais participa\u00e7\u00e3o nas decis\u00f5es pedag\u00f3gicas.<\/li>\n<li>H\u00e1 grande heterogeneidade entre escolas; surgem estruturas inovadoras como oficinas e tutorias, mas a participa\u00e7\u00e3o de pais permanece muito reduzida.<\/li>\n<\/ul>\n","protected":false},"author":2,"featured_media":391279,"comment_status":"closed","ping_status":"closed","sticky":false,"template":"","format":"standard","meta":{"footnotes":""},"categories":[1],"tags":[163,2443,92,5334,1249,6473],"class_list":["post-391267","post","type-post","status-publish","format-standard","has-post-thumbnail","hentry","category-noticias","tag-educacao","tag-educacao-publica","tag-ensino","tag-gestao-publica","tag-participacao","tag-planeamento-escolar"],"yoast_head":"<!-- This site is optimized with the Yoast SEO plugin v27.2 - https:\/\/yoast.com\/product\/yoast-seo-wordpress\/ -->\n<title>Estudo nacional mostra alunos mais motivados e aprendem melhor - Portal Tela Portugal<\/title>\n<meta name=\"robots\" content=\"index, follow, max-snippet:-1, max-image-preview:large, max-video-preview:-1\" \/>\n<meta property=\"og:locale\" content=\"pt_PT\" \/>\n<meta property=\"og:type\" content=\"article\" \/>\n<meta property=\"og:title\" content=\"Estudo nacional mostra alunos mais motivados e aprendem melhor - Portal Tela Portugal\" \/>\n<meta property=\"og:description\" content=\"Estudo com mais de 38 mil alunos e 6 mil docentes avalia o impacto do diploma de Autonomia e Flexibilidade Curricular de 2018, apontando mudan\u00e7as positivas nas pr\u00e1ticas pedag\u00f3gicas e na avalia\u00e7\u00e3o. Alunos dizem estar mais motivados e a aprender melhor, com maior autonomia das escolas para gerir os curr\u00edculos; cerca de metade afirma que as notas finais j\u00e1 n\u00e3o dependem exclusivamente de testes. Mudan\u00e7as permitiram \u00e0s escolas definir parte do tempo semanal, organizar disciplinas por trimestres\/temas e partilhar hor\u00e1rios entre \u00e1reas, com foco na transdisciplinaridade. Dificuldades persistem na articula\u00e7\u00e3o entre pr\u00e1ticas inovadoras de avalia\u00e7\u00e3o e mecanismos formais de certifica\u00e7\u00e3o, especialmente no ensino secund\u00e1rio por causa dos exames nacionais; os alunos desejam mais participa\u00e7\u00e3o nas decis\u00f5es pedag\u00f3gicas. H\u00e1 grande heterogeneidade entre escolas; surgem estruturas inovadoras como oficinas e tutorias, mas a participa\u00e7\u00e3o de pais permanece muito reduzida.\" \/>\n<meta property=\"og:url\" content=\"https:\/\/portaltela.pt\/noticias\/2026\/02\/27\/estudo-nacional-mostra-alunos-mais-motivados-e-aprendem-melhor\/\" \/>\n<meta property=\"og:site_name\" content=\"Portal Tela Portugal\" \/>\n<meta property=\"article:published_time\" content=\"2026-02-27T18:14:00+00:00\" \/>\n<meta name=\"author\" content=\"Telinha\" \/>\n<meta name=\"twitter:card\" content=\"summary_large_image\" \/>\n<meta name=\"twitter:label1\" content=\"Escrito por\" \/>\n\t<meta name=\"twitter:data1\" content=\"Telinha\" \/>\n\t<meta name=\"twitter:label2\" content=\"Tempo estimado de leitura\" \/>\n\t<meta name=\"twitter:data2\" content=\"1 minuto\" \/>\n<script type=\"application\/ld+json\" class=\"yoast-schema-graph\">{\"@context\":\"https:\/\/schema.org\",\"@graph\":[{\"@type\":\"Article\",\"@id\":\"https:\/\/portaltela.pt\/noticias\/2026\/02\/27\/estudo-nacional-mostra-alunos-mais-motivados-e-aprendem-melhor\/#article\",\"isPartOf\":{\"@id\":\"https:\/\/portaltela.pt\/noticias\/2026\/02\/27\/estudo-nacional-mostra-alunos-mais-motivados-e-aprendem-melhor\/\"},\"author\":{\"name\":\"Telinha\",\"@id\":\"https:\/\/portaltela.pt\/#\/schema\/person\/c4278d4a6028830caff9ee44b42d32ed\"},\"headline\":\"Estudo nacional mostra alunos mais motivados e aprendem melhor\",\"datePublished\":\"2026-02-27T18:14:00+00:00\",\"mainEntityOfPage\":{\"@id\":\"https:\/\/portaltela.pt\/noticias\/2026\/02\/27\/estudo-nacional-mostra-alunos-mais-motivados-e-aprendem-melhor\/\"},\"wordCount\":299,\"image\":{\"@id\":\"https:\/\/portaltela.pt\/noticias\/2026\/02\/27\/estudo-nacional-mostra-alunos-mais-motivados-e-aprendem-melhor\/#primaryimage\"},\"thumbnailUrl\":\"https:\/\/portaltela.pt\/s.01k8rhncp4jt1\/2026\/02\/2070419.jpg\",\"keywords\":[\"educa\u00e7\u00e3o\",\"educa\u00e7\u00e3o p\u00fablica\",\"ensino\",\"gest\u00e3o p\u00fablica\",\"participa\u00e7\u00e3o\",\"planeamento escolar\"],\"articleSection\":[\"Not\u00edcias\"],\"inLanguage\":\"pt-PT\"},{\"@type\":\"WebPage\",\"@id\":\"https:\/\/portaltela.pt\/noticias\/2026\/02\/27\/estudo-nacional-mostra-alunos-mais-motivados-e-aprendem-melhor\/\",\"url\":\"https:\/\/portaltela.pt\/noticias\/2026\/02\/27\/estudo-nacional-mostra-alunos-mais-motivados-e-aprendem-melhor\/\",\"name\":\"Estudo nacional mostra alunos mais motivados e aprendem melhor - Portal Tela Portugal\",\"isPartOf\":{\"@id\":\"https:\/\/portaltela.pt\/#website\"},\"primaryImageOfPage\":{\"@id\":\"https:\/\/portaltela.pt\/noticias\/2026\/02\/27\/estudo-nacional-mostra-alunos-mais-motivados-e-aprendem-melhor\/#primaryimage\"},\"image\":{\"@id\":\"https:\/\/portaltela.pt\/noticias\/2026\/02\/27\/estudo-nacional-mostra-alunos-mais-motivados-e-aprendem-melhor\/#primaryimage\"},\"thumbnailUrl\":\"https:\/\/portaltela.pt\/s.01k8rhncp4jt1\/2026\/02\/2070419.jpg\",\"datePublished\":\"2026-02-27T18:14:00+00:00\",\"author\":{\"@id\":\"https:\/\/portaltela.pt\/#\/schema\/person\/c4278d4a6028830caff9ee44b42d32ed\"},\"breadcrumb\":{\"@id\":\"https:\/\/portaltela.pt\/noticias\/2026\/02\/27\/estudo-nacional-mostra-alunos-mais-motivados-e-aprendem-melhor\/#breadcrumb\"},\"inLanguage\":\"pt-PT\",\"potentialAction\":[{\"@type\":\"ReadAction\",\"target\":[\"https:\/\/portaltela.pt\/noticias\/2026\/02\/27\/estudo-nacional-mostra-alunos-mais-motivados-e-aprendem-melhor\/\"]}]},{\"@type\":\"ImageObject\",\"inLanguage\":\"pt-PT\",\"@id\":\"https:\/\/portaltela.pt\/noticias\/2026\/02\/27\/estudo-nacional-mostra-alunos-mais-motivados-e-aprendem-melhor\/#primaryimage\",\"url\":\"https:\/\/portaltela.pt\/s.01k8rhncp4jt1\/2026\/02\/2070419.jpg\",\"contentUrl\":\"https:\/\/portaltela.pt\/s.01k8rhncp4jt1\/2026\/02\/2070419.jpg\",\"width\":796,\"height\":448,\"caption\":\"Entre os maiores entraves \u00e0 generaliza\u00e7\u00e3o das pr\u00e1ticas mais inovadoras est\u00e3o a sobrecarga hor\u00e1ria, a escassez de recursos humanos e a falta de forma\u00e7\u00e3o\"},{\"@type\":\"BreadcrumbList\",\"@id\":\"https:\/\/portaltela.pt\/noticias\/2026\/02\/27\/estudo-nacional-mostra-alunos-mais-motivados-e-aprendem-melhor\/#breadcrumb\",\"itemListElement\":[{\"@type\":\"ListItem\",\"position\":1,\"name\":\"In\u00edcio\",\"item\":\"https:\/\/portaltela.pt\/\"},{\"@type\":\"ListItem\",\"position\":2,\"name\":\"Estudo nacional mostra alunos mais motivados e aprendem melhor\"}]},{\"@type\":\"WebSite\",\"@id\":\"https:\/\/portaltela.pt\/#website\",\"url\":\"https:\/\/portaltela.pt\/\",\"name\":\"Portal Tela Portugal\",\"description\":\"\",\"potentialAction\":[{\"@type\":\"SearchAction\",\"target\":{\"@type\":\"EntryPoint\",\"urlTemplate\":\"https:\/\/portaltela.pt\/?s={search_term_string}\"},\"query-input\":{\"@type\":\"PropertyValueSpecification\",\"valueRequired\":true,\"valueName\":\"search_term_string\"}}],\"inLanguage\":\"pt-PT\"},{\"@type\":\"Person\",\"@id\":\"https:\/\/portaltela.pt\/#\/schema\/person\/c4278d4a6028830caff9ee44b42d32ed\",\"name\":\"Telinha\",\"image\":{\"@type\":\"ImageObject\",\"inLanguage\":\"pt-PT\",\"@id\":\"https:\/\/portaltela.pt\/s.01k8rhncp4jt1\/2025\/11\/talking-bot-125x125.png\",\"url\":\"https:\/\/portaltela.pt\/s.01k8rhncp4jt1\/2025\/11\/talking-bot-125x125.png\",\"contentUrl\":\"https:\/\/portaltela.pt\/s.01k8rhncp4jt1\/2025\/11\/talking-bot-125x125.png\",\"caption\":\"Telinha\"},\"sameAs\":[\"https:\/\/portaltela.pt\/\"],\"url\":\"https:\/\/portaltela.pt\/por\/367410592786\/\"}]}<\/script>\n<!-- \/ Yoast SEO plugin. -->","yoast_head_json":{"title":"Estudo nacional mostra alunos mais motivados e aprendem melhor - Portal Tela Portugal","robots":{"index":"index","follow":"follow","max-snippet":"max-snippet:-1","max-image-preview":"max-image-preview:large","max-video-preview":"max-video-preview:-1"},"og_locale":"pt_PT","og_type":"article","og_title":"Estudo nacional mostra alunos mais motivados e aprendem melhor - Portal Tela Portugal","og_description":"Estudo com mais de 38 mil alunos e 6 mil docentes avalia o impacto do diploma de Autonomia e Flexibilidade Curricular de 2018, apontando mudan\u00e7as positivas nas pr\u00e1ticas pedag\u00f3gicas e na avalia\u00e7\u00e3o. Alunos dizem estar mais motivados e a aprender melhor, com maior autonomia das escolas para gerir os curr\u00edculos; cerca de metade afirma que as notas finais j\u00e1 n\u00e3o dependem exclusivamente de testes. Mudan\u00e7as permitiram \u00e0s escolas definir parte do tempo semanal, organizar disciplinas por trimestres\/temas e partilhar hor\u00e1rios entre \u00e1reas, com foco na transdisciplinaridade. Dificuldades persistem na articula\u00e7\u00e3o entre pr\u00e1ticas inovadoras de avalia\u00e7\u00e3o e mecanismos formais de certifica\u00e7\u00e3o, especialmente no ensino secund\u00e1rio por causa dos exames nacionais; os alunos desejam mais participa\u00e7\u00e3o nas decis\u00f5es pedag\u00f3gicas. H\u00e1 grande heterogeneidade entre escolas; surgem estruturas inovadoras como oficinas e tutorias, mas a participa\u00e7\u00e3o de pais permanece muito reduzida.","og_url":"https:\/\/portaltela.pt\/noticias\/2026\/02\/27\/estudo-nacional-mostra-alunos-mais-motivados-e-aprendem-melhor\/","og_site_name":"Portal Tela Portugal","article_published_time":"2026-02-27T18:14:00+00:00","author":"Telinha","twitter_card":"summary_large_image","twitter_misc":{"Escrito por":"Telinha","Tempo estimado de leitura":"1 minuto"},"schema":{"@context":"https:\/\/schema.org","@graph":[{"@type":"Article","@id":"https:\/\/portaltela.pt\/noticias\/2026\/02\/27\/estudo-nacional-mostra-alunos-mais-motivados-e-aprendem-melhor\/#article","isPartOf":{"@id":"https:\/\/portaltela.pt\/noticias\/2026\/02\/27\/estudo-nacional-mostra-alunos-mais-motivados-e-aprendem-melhor\/"},"author":{"name":"Telinha","@id":"https:\/\/portaltela.pt\/#\/schema\/person\/c4278d4a6028830caff9ee44b42d32ed"},"headline":"Estudo nacional mostra alunos mais motivados e aprendem melhor","datePublished":"2026-02-27T18:14:00+00:00","mainEntityOfPage":{"@id":"https:\/\/portaltela.pt\/noticias\/2026\/02\/27\/estudo-nacional-mostra-alunos-mais-motivados-e-aprendem-melhor\/"},"wordCount":299,"image":{"@id":"https:\/\/portaltela.pt\/noticias\/2026\/02\/27\/estudo-nacional-mostra-alunos-mais-motivados-e-aprendem-melhor\/#primaryimage"},"thumbnailUrl":"https:\/\/portaltela.pt\/s.01k8rhncp4jt1\/2026\/02\/2070419.jpg","keywords":["educa\u00e7\u00e3o","educa\u00e7\u00e3o p\u00fablica","ensino","gest\u00e3o p\u00fablica","participa\u00e7\u00e3o","planeamento escolar"],"articleSection":["Not\u00edcias"],"inLanguage":"pt-PT"},{"@type":"WebPage","@id":"https:\/\/portaltela.pt\/noticias\/2026\/02\/27\/estudo-nacional-mostra-alunos-mais-motivados-e-aprendem-melhor\/","url":"https:\/\/portaltela.pt\/noticias\/2026\/02\/27\/estudo-nacional-mostra-alunos-mais-motivados-e-aprendem-melhor\/","name":"Estudo nacional mostra alunos mais motivados e aprendem melhor - Portal Tela Portugal","isPartOf":{"@id":"https:\/\/portaltela.pt\/#website"},"primaryImageOfPage":{"@id":"https:\/\/portaltela.pt\/noticias\/2026\/02\/27\/estudo-nacional-mostra-alunos-mais-motivados-e-aprendem-melhor\/#primaryimage"},"image":{"@id":"https:\/\/portaltela.pt\/noticias\/2026\/02\/27\/estudo-nacional-mostra-alunos-mais-motivados-e-aprendem-melhor\/#primaryimage"},"thumbnailUrl":"https:\/\/portaltela.pt\/s.01k8rhncp4jt1\/2026\/02\/2070419.jpg","datePublished":"2026-02-27T18:14:00+00:00","author":{"@id":"https:\/\/portaltela.pt\/#\/schema\/person\/c4278d4a6028830caff9ee44b42d32ed"},"breadcrumb":{"@id":"https:\/\/portaltela.pt\/noticias\/2026\/02\/27\/estudo-nacional-mostra-alunos-mais-motivados-e-aprendem-melhor\/#breadcrumb"},"inLanguage":"pt-PT","potentialAction":[{"@type":"ReadAction","target":["https:\/\/portaltela.pt\/noticias\/2026\/02\/27\/estudo-nacional-mostra-alunos-mais-motivados-e-aprendem-melhor\/"]}]},{"@type":"ImageObject","inLanguage":"pt-PT","@id":"https:\/\/portaltela.pt\/noticias\/2026\/02\/27\/estudo-nacional-mostra-alunos-mais-motivados-e-aprendem-melhor\/#primaryimage","url":"https:\/\/portaltela.pt\/s.01k8rhncp4jt1\/2026\/02\/2070419.jpg","contentUrl":"https:\/\/portaltela.pt\/s.01k8rhncp4jt1\/2026\/02\/2070419.jpg","width":796,"height":448,"caption":"Entre os maiores entraves \u00e0 generaliza\u00e7\u00e3o das pr\u00e1ticas mais inovadoras est\u00e3o a sobrecarga hor\u00e1ria, a escassez de recursos humanos e a falta de forma\u00e7\u00e3o"},{"@type":"BreadcrumbList","@id":"https:\/\/portaltela.pt\/noticias\/2026\/02\/27\/estudo-nacional-mostra-alunos-mais-motivados-e-aprendem-melhor\/#breadcrumb","itemListElement":[{"@type":"ListItem","position":1,"name":"In\u00edcio","item":"https:\/\/portaltela.pt\/"},{"@type":"ListItem","position":2,"name":"Estudo nacional mostra alunos mais motivados e aprendem melhor"}]},{"@type":"WebSite","@id":"https:\/\/portaltela.pt\/#website","url":"https:\/\/portaltela.pt\/","name":"Portal Tela Portugal","description":"","potentialAction":[{"@type":"SearchAction","target":{"@type":"EntryPoint","urlTemplate":"https:\/\/portaltela.pt\/?s={search_term_string}"},"query-input":{"@type":"PropertyValueSpecification","valueRequired":true,"valueName":"search_term_string"}}],"inLanguage":"pt-PT"},{"@type":"Person","@id":"https:\/\/portaltela.pt\/#\/schema\/person\/c4278d4a6028830caff9ee44b42d32ed","name":"Telinha","image":{"@type":"ImageObject","inLanguage":"pt-PT","@id":"https:\/\/portaltela.pt\/s.01k8rhncp4jt1\/2025\/11\/talking-bot-125x125.png","url":"https:\/\/portaltela.pt\/s.01k8rhncp4jt1\/2025\/11\/talking-bot-125x125.png","contentUrl":"https:\/\/portaltela.pt\/s.01k8rhncp4jt1\/2025\/11\/talking-bot-125x125.png","caption":"Telinha"},"sameAs":["https:\/\/portaltela.pt\/"],"url":"https:\/\/portaltela.pt\/por\/367410592786\/"}]}},"_links":{"self":[{"href":"https:\/\/portaltela.pt\/api\/wp\/v2\/posts\/391267","targetHints":{"allow":["GET"]}}],"collection":[{"href":"https:\/\/portaltela.pt\/api\/wp\/v2\/posts"}],"about":[{"href":"https:\/\/portaltela.pt\/api\/wp\/v2\/types\/post"}],"author":[{"embeddable":true,"href":"https:\/\/portaltela.pt\/api\/wp\/v2\/users\/2"}],"replies":[{"embeddable":true,"href":"https:\/\/portaltela.pt\/api\/wp\/v2\/comments?post=391267"}],"version-history":[{"count":0,"href":"https:\/\/portaltela.pt\/api\/wp\/v2\/posts\/391267\/revisions"}],"wp:featuredmedia":[{"embeddable":true,"href":"https:\/\/portaltela.pt\/api\/wp\/v2\/media\/391279"}],"wp:attachment":[{"href":"https:\/\/portaltela.pt\/api\/wp\/v2\/media?parent=391267"}],"wp:term":[{"taxonomy":"category","embeddable":true,"href":"https:\/\/portaltela.pt\/api\/wp\/v2\/categories?post=391267"},{"taxonomy":"post_tag","embeddable":true,"href":"https:\/\/portaltela.pt\/api\/wp\/v2\/tags?post=391267"}],"curies":[{"name":"wp","href":"https:\/\/api.w.org\/{rel}","templated":true}]}}