{"id":391250,"date":"2026-02-27T15:03:48","date_gmt":"2026-02-27T18:03:48","guid":{"rendered":"https:\/\/portaltela.pt\/noticias\/2026\/02\/27\/receita-fiscal-do-estado-sobe-2-para-4-3118-milhoes-em-janeiro\/"},"modified":"2026-02-27T15:03:48","modified_gmt":"2026-02-27T18:03:48","slug":"receita-fiscal-do-estado-sobe-2-para-4-3118-milhoes-em-janeiro","status":"publish","type":"post","link":"https:\/\/portaltela.pt\/noticias\/economia\/2026\/02\/27\/receita-fiscal-do-estado-sobe-2-para-4-3118-milhoes-em-janeiro\/","title":{"rendered":"Receita fiscal do Estado sobe 2% para 4.311,8 milh\u00f5es em janeiro"},"content":{"rendered":"<p>A receita fiscal do Estado portugu\u00eas cresceu 2% em janeiro, para 4.311,8 milh\u00f5es de euros, segundo a s\u00edntese de execu\u00e7\u00e3o or\u00e7amental divulgada pela Entidade Or\u00e7amental. O aumento prende-se pela conclus\u00e3o da execu\u00e7\u00e3o do IVA, compensada pela quebra do IRC.<\/p>\n<p>Em termos hom\u00f3logos, houve um acr\u00e9scimo de 83,8 milh\u00f5es de euros (+2%). A s\u00edntese destaca que o acr\u00e9scimo resulta da evolu\u00e7\u00e3o dos impostos indiretos, com a subida da receita l\u00edquida do IVA a compensar a redu\u00e7\u00e3o observada nos diretos.<\/p>\n<p>Nos impostos diretos verificou-se uma quebra de 101,9 milh\u00f5es de euros (-5,2%), refletindo menores receitas do IRC e do IRS. O IRS recuou 79,2 milh\u00f5es de euros (+ transfer\u00eancias antecipadas) devido \u00e0 consigna\u00e7\u00e3o de receita transferida a institui\u00e7\u00f5es solid\u00e1rias, religiosas, culturais ou ambientais.<\/p>\n<p>Por outro lado, os impostos indiretos tiveram evolu\u00e7\u00e3o positiva de 185,8 milh\u00f5es de euros (+8,1%), impulsionados pela maior receita l\u00edquida do IVA, que aumentou 177,6 milh\u00f5es de euros. A Entidade Or\u00e7amental tamb\u00e9m nota que, aumentando o efeito da prorroga\u00e7\u00e3o do pagamento de IVA, a receita de IVA em janeiro de 2026 cresceu ainda mais: 206,5 milh\u00f5es de euros face a janeiro de 2025.<\/p>\n","protected":false},"excerpt":{"rendered":"<ul>\n<li>A receita fiscal do Estado portugu\u00eas em janeiro atingiu 4.311,8 milh\u00f5es de euros, mais 2% face a igual m\u00eas de 2025.<\/li>\n<li>O aumento deve-se principalmente \u00e0 execu\u00e7\u00e3o do IVA, compensado pela quebra dos impostos diretos (IRC e IRS).<\/li>\n<li>Nos impostos diretos houve uma quebra de 101,9 milh\u00f5es de euros (-5,2%), com IRS a cair 83,0 milh\u00f5es (-47,1%) e IRC a recuar 10,6 milh\u00f5es (-0,6%), este \u00faltimo influenciado por maiores reembolsos.<\/li>\n<li>O IRS caiu devido a reembolsos antecipados de 79,2 milh\u00f5es de euros, resultantes da transfer\u00eancia antecipada de receita a favor de institui\u00e7\u00f5es solid\u00e1rias, religiosas, culturais ou ambientais.<\/li>\n<li>Nos impostos indiretos houve subida de 185,8 milh\u00f5es de euros (+8,1%), impulsionada pela receita l\u00edquida do IVA, que aumentou 177,6 milh\u00f5es, e com o efeito da prorroga\u00e7\u00e3o de pagamento de IVA a janeiro de 2026 a aumentar a receita em 182,4 milh\u00f5es frente a janeiro de 2025, totalizando 206,5 milh\u00f5es quando considerado esse efeito.<\/li>\n<\/ul>\n","protected":false},"author":2,"featured_media":391261,"comment_status":"closed","ping_status":"closed","sticky":false,"template":"","format":"standard","meta":{"footnotes":""},"categories":[2,1],"tags":[28,2584,3613,4485,6474,1769],"class_list":["post-391250","post","type-post","status-publish","format-standard","has-post-thumbnail","hentry","category-economia","category-noticias","tag-economia","tag-financas","tag-impostos","tag-irc","tag-irs","tag-orcamento-territorio"],"yoast_head":"<!-- This site is optimized with the Yoast SEO plugin v27.2 - https:\/\/yoast.com\/product\/yoast-seo-wordpress\/ -->\n<title>Receita fiscal do Estado sobe 2% para 4.311,8 milh\u00f5es em janeiro - Portal Tela Portugal<\/title>\n<meta name=\"robots\" content=\"index, follow, max-snippet:-1, max-image-preview:large, max-video-preview:-1\" \/>\n<meta property=\"og:locale\" content=\"pt_PT\" \/>\n<meta property=\"og:type\" content=\"article\" \/>\n<meta property=\"og:title\" content=\"Receita fiscal do Estado sobe 2% para 4.311,8 milh\u00f5es em janeiro - Portal Tela Portugal\" \/>\n<meta property=\"og:description\" content=\"A receita fiscal do Estado portugu\u00eas em janeiro atingiu 4.311,8 milh\u00f5es de euros, mais 2% face a igual m\u00eas de 2025. O aumento deve-se principalmente \u00e0 execu\u00e7\u00e3o do IVA, compensado pela quebra dos impostos diretos (IRC e IRS). Nos impostos diretos houve uma quebra de 101,9 milh\u00f5es de euros (-5,2%), com IRS a cair 83,0 milh\u00f5es (-47,1%) e IRC a recuar 10,6 milh\u00f5es (-0,6%), este \u00faltimo influenciado por maiores reembolsos. O IRS caiu devido a reembolsos antecipados de 79,2 milh\u00f5es de euros, resultantes da transfer\u00eancia antecipada de receita a favor de institui\u00e7\u00f5es solid\u00e1rias, religiosas, culturais ou ambientais. Nos impostos indiretos houve subida de 185,8 milh\u00f5es de euros (+8,1%), impulsionada pela receita l\u00edquida do IVA, que aumentou 177,6 milh\u00f5es, e com o efeito da prorroga\u00e7\u00e3o de pagamento de IVA a janeiro de 2026 a aumentar a receita em 182,4 milh\u00f5es frente a janeiro de 2025, totalizando 206,5 milh\u00f5es quando considerado esse efeito.\" \/>\n<meta property=\"og:url\" content=\"https:\/\/portaltela.pt\/noticias\/2026\/02\/27\/receita-fiscal-do-estado-sobe-2-para-4-3118-milhoes-em-janeiro\/\" \/>\n<meta property=\"og:site_name\" content=\"Portal Tela Portugal\" \/>\n<meta property=\"article:published_time\" content=\"2026-02-27T18:03:48+00:00\" \/>\n<meta name=\"author\" content=\"Telinha\" \/>\n<meta name=\"twitter:card\" content=\"summary_large_image\" \/>\n<meta name=\"twitter:label1\" content=\"Escrito por\" \/>\n\t<meta name=\"twitter:data1\" content=\"Telinha\" \/>\n\t<meta name=\"twitter:label2\" content=\"Tempo estimado de leitura\" \/>\n\t<meta name=\"twitter:data2\" content=\"1 minuto\" \/>\n<script type=\"application\/ld+json\" class=\"yoast-schema-graph\">{\"@context\":\"https:\/\/schema.org\",\"@graph\":[{\"@type\":\"Article\",\"@id\":\"https:\/\/portaltela.pt\/noticias\/2026\/02\/27\/receita-fiscal-do-estado-sobe-2-para-4-3118-milhoes-em-janeiro\/#article\",\"isPartOf\":{\"@id\":\"https:\/\/portaltela.pt\/noticias\/2026\/02\/27\/receita-fiscal-do-estado-sobe-2-para-4-3118-milhoes-em-janeiro\/\"},\"author\":{\"name\":\"Telinha\",\"@id\":\"https:\/\/portaltela.pt\/#\/schema\/person\/c4278d4a6028830caff9ee44b42d32ed\"},\"headline\":\"Receita fiscal do Estado sobe 2% para 4.311,8 milh\u00f5es em janeiro\",\"datePublished\":\"2026-02-27T18:03:48+00:00\",\"mainEntityOfPage\":{\"@id\":\"https:\/\/portaltela.pt\/noticias\/2026\/02\/27\/receita-fiscal-do-estado-sobe-2-para-4-3118-milhoes-em-janeiro\/\"},\"wordCount\":210,\"image\":{\"@id\":\"https:\/\/portaltela.pt\/noticias\/2026\/02\/27\/receita-fiscal-do-estado-sobe-2-para-4-3118-milhoes-em-janeiro\/#primaryimage\"},\"thumbnailUrl\":\"https:\/\/portaltela.pt\/s.01k8rhncp4jt1\/2026\/02\/img_1500x1000uu2026-02-11-11-24-46-2266226-2.jpg\",\"keywords\":[\"economia\",\"finan\u00e7as\",\"impostos\",\"IRC\",\"IRS\",\"Or\u00e7amento\/Territ\u00f3rio\"],\"articleSection\":[\"Economia\",\"Not\u00edcias\"],\"inLanguage\":\"pt-PT\"},{\"@type\":\"WebPage\",\"@id\":\"https:\/\/portaltela.pt\/noticias\/2026\/02\/27\/receita-fiscal-do-estado-sobe-2-para-4-3118-milhoes-em-janeiro\/\",\"url\":\"https:\/\/portaltela.pt\/noticias\/2026\/02\/27\/receita-fiscal-do-estado-sobe-2-para-4-3118-milhoes-em-janeiro\/\",\"name\":\"Receita fiscal do Estado sobe 2% para 4.311,8 milh\u00f5es em janeiro - Portal Tela Portugal\",\"isPartOf\":{\"@id\":\"https:\/\/portaltela.pt\/#website\"},\"primaryImageOfPage\":{\"@id\":\"https:\/\/portaltela.pt\/noticias\/2026\/02\/27\/receita-fiscal-do-estado-sobe-2-para-4-3118-milhoes-em-janeiro\/#primaryimage\"},\"image\":{\"@id\":\"https:\/\/portaltela.pt\/noticias\/2026\/02\/27\/receita-fiscal-do-estado-sobe-2-para-4-3118-milhoes-em-janeiro\/#primaryimage\"},\"thumbnailUrl\":\"https:\/\/portaltela.pt\/s.01k8rhncp4jt1\/2026\/02\/img_1500x1000uu2026-02-11-11-24-46-2266226-2.jpg\",\"datePublished\":\"2026-02-27T18:03:48+00:00\",\"author\":{\"@id\":\"https:\/\/portaltela.pt\/#\/schema\/person\/c4278d4a6028830caff9ee44b42d32ed\"},\"breadcrumb\":{\"@id\":\"https:\/\/portaltela.pt\/noticias\/2026\/02\/27\/receita-fiscal-do-estado-sobe-2-para-4-3118-milhoes-em-janeiro\/#breadcrumb\"},\"inLanguage\":\"pt-PT\",\"potentialAction\":[{\"@type\":\"ReadAction\",\"target\":[\"https:\/\/portaltela.pt\/noticias\/2026\/02\/27\/receita-fiscal-do-estado-sobe-2-para-4-3118-milhoes-em-janeiro\/\"]}]},{\"@type\":\"ImageObject\",\"inLanguage\":\"pt-PT\",\"@id\":\"https:\/\/portaltela.pt\/noticias\/2026\/02\/27\/receita-fiscal-do-estado-sobe-2-para-4-3118-milhoes-em-janeiro\/#primaryimage\",\"url\":\"https:\/\/portaltela.pt\/s.01k8rhncp4jt1\/2026\/02\/img_1500x1000uu2026-02-11-11-24-46-2266226-2.jpg\",\"contentUrl\":\"https:\/\/portaltela.pt\/s.01k8rhncp4jt1\/2026\/02\/img_1500x1000uu2026-02-11-11-24-46-2266226-2.jpg\",\"width\":796,\"height\":448,\"caption\":\"Assembleia da Rep\u00fablica\"},{\"@type\":\"BreadcrumbList\",\"@id\":\"https:\/\/portaltela.pt\/noticias\/2026\/02\/27\/receita-fiscal-do-estado-sobe-2-para-4-3118-milhoes-em-janeiro\/#breadcrumb\",\"itemListElement\":[{\"@type\":\"ListItem\",\"position\":1,\"name\":\"In\u00edcio\",\"item\":\"https:\/\/portaltela.pt\/\"},{\"@type\":\"ListItem\",\"position\":2,\"name\":\"Receita fiscal do Estado sobe 2% para 4.311,8 milh\u00f5es em janeiro\"}]},{\"@type\":\"WebSite\",\"@id\":\"https:\/\/portaltela.pt\/#website\",\"url\":\"https:\/\/portaltela.pt\/\",\"name\":\"Portal Tela Portugal\",\"description\":\"\",\"potentialAction\":[{\"@type\":\"SearchAction\",\"target\":{\"@type\":\"EntryPoint\",\"urlTemplate\":\"https:\/\/portaltela.pt\/?s={search_term_string}\"},\"query-input\":{\"@type\":\"PropertyValueSpecification\",\"valueRequired\":true,\"valueName\":\"search_term_string\"}}],\"inLanguage\":\"pt-PT\"},{\"@type\":\"Person\",\"@id\":\"https:\/\/portaltela.pt\/#\/schema\/person\/c4278d4a6028830caff9ee44b42d32ed\",\"name\":\"Telinha\",\"image\":{\"@type\":\"ImageObject\",\"inLanguage\":\"pt-PT\",\"@id\":\"https:\/\/portaltela.pt\/s.01k8rhncp4jt1\/2025\/11\/talking-bot-125x125.png\",\"url\":\"https:\/\/portaltela.pt\/s.01k8rhncp4jt1\/2025\/11\/talking-bot-125x125.png\",\"contentUrl\":\"https:\/\/portaltela.pt\/s.01k8rhncp4jt1\/2025\/11\/talking-bot-125x125.png\",\"caption\":\"Telinha\"},\"sameAs\":[\"https:\/\/portaltela.pt\/\"],\"url\":\"https:\/\/portaltela.pt\/por\/367410592786\/\"}]}<\/script>\n<!-- \/ Yoast SEO plugin. -->","yoast_head_json":{"title":"Receita fiscal do Estado sobe 2% para 4.311,8 milh\u00f5es em janeiro - Portal Tela Portugal","robots":{"index":"index","follow":"follow","max-snippet":"max-snippet:-1","max-image-preview":"max-image-preview:large","max-video-preview":"max-video-preview:-1"},"og_locale":"pt_PT","og_type":"article","og_title":"Receita fiscal do Estado sobe 2% para 4.311,8 milh\u00f5es em janeiro - Portal Tela Portugal","og_description":"A receita fiscal do Estado portugu\u00eas em janeiro atingiu 4.311,8 milh\u00f5es de euros, mais 2% face a igual m\u00eas de 2025. O aumento deve-se principalmente \u00e0 execu\u00e7\u00e3o do IVA, compensado pela quebra dos impostos diretos (IRC e IRS). Nos impostos diretos houve uma quebra de 101,9 milh\u00f5es de euros (-5,2%), com IRS a cair 83,0 milh\u00f5es (-47,1%) e IRC a recuar 10,6 milh\u00f5es (-0,6%), este \u00faltimo influenciado por maiores reembolsos. O IRS caiu devido a reembolsos antecipados de 79,2 milh\u00f5es de euros, resultantes da transfer\u00eancia antecipada de receita a favor de institui\u00e7\u00f5es solid\u00e1rias, religiosas, culturais ou ambientais. Nos impostos indiretos houve subida de 185,8 milh\u00f5es de euros (+8,1%), impulsionada pela receita l\u00edquida do IVA, que aumentou 177,6 milh\u00f5es, e com o efeito da prorroga\u00e7\u00e3o de pagamento de IVA a janeiro de 2026 a aumentar a receita em 182,4 milh\u00f5es frente a janeiro de 2025, totalizando 206,5 milh\u00f5es quando considerado esse efeito.","og_url":"https:\/\/portaltela.pt\/noticias\/2026\/02\/27\/receita-fiscal-do-estado-sobe-2-para-4-3118-milhoes-em-janeiro\/","og_site_name":"Portal Tela Portugal","article_published_time":"2026-02-27T18:03:48+00:00","author":"Telinha","twitter_card":"summary_large_image","twitter_misc":{"Escrito por":"Telinha","Tempo estimado de leitura":"1 minuto"},"schema":{"@context":"https:\/\/schema.org","@graph":[{"@type":"Article","@id":"https:\/\/portaltela.pt\/noticias\/2026\/02\/27\/receita-fiscal-do-estado-sobe-2-para-4-3118-milhoes-em-janeiro\/#article","isPartOf":{"@id":"https:\/\/portaltela.pt\/noticias\/2026\/02\/27\/receita-fiscal-do-estado-sobe-2-para-4-3118-milhoes-em-janeiro\/"},"author":{"name":"Telinha","@id":"https:\/\/portaltela.pt\/#\/schema\/person\/c4278d4a6028830caff9ee44b42d32ed"},"headline":"Receita fiscal do Estado sobe 2% para 4.311,8 milh\u00f5es em janeiro","datePublished":"2026-02-27T18:03:48+00:00","mainEntityOfPage":{"@id":"https:\/\/portaltela.pt\/noticias\/2026\/02\/27\/receita-fiscal-do-estado-sobe-2-para-4-3118-milhoes-em-janeiro\/"},"wordCount":210,"image":{"@id":"https:\/\/portaltela.pt\/noticias\/2026\/02\/27\/receita-fiscal-do-estado-sobe-2-para-4-3118-milhoes-em-janeiro\/#primaryimage"},"thumbnailUrl":"https:\/\/portaltela.pt\/s.01k8rhncp4jt1\/2026\/02\/img_1500x1000uu2026-02-11-11-24-46-2266226-2.jpg","keywords":["economia","finan\u00e7as","impostos","IRC","IRS","Or\u00e7amento\/Territ\u00f3rio"],"articleSection":["Economia","Not\u00edcias"],"inLanguage":"pt-PT"},{"@type":"WebPage","@id":"https:\/\/portaltela.pt\/noticias\/2026\/02\/27\/receita-fiscal-do-estado-sobe-2-para-4-3118-milhoes-em-janeiro\/","url":"https:\/\/portaltela.pt\/noticias\/2026\/02\/27\/receita-fiscal-do-estado-sobe-2-para-4-3118-milhoes-em-janeiro\/","name":"Receita fiscal do Estado sobe 2% para 4.311,8 milh\u00f5es em janeiro - Portal Tela Portugal","isPartOf":{"@id":"https:\/\/portaltela.pt\/#website"},"primaryImageOfPage":{"@id":"https:\/\/portaltela.pt\/noticias\/2026\/02\/27\/receita-fiscal-do-estado-sobe-2-para-4-3118-milhoes-em-janeiro\/#primaryimage"},"image":{"@id":"https:\/\/portaltela.pt\/noticias\/2026\/02\/27\/receita-fiscal-do-estado-sobe-2-para-4-3118-milhoes-em-janeiro\/#primaryimage"},"thumbnailUrl":"https:\/\/portaltela.pt\/s.01k8rhncp4jt1\/2026\/02\/img_1500x1000uu2026-02-11-11-24-46-2266226-2.jpg","datePublished":"2026-02-27T18:03:48+00:00","author":{"@id":"https:\/\/portaltela.pt\/#\/schema\/person\/c4278d4a6028830caff9ee44b42d32ed"},"breadcrumb":{"@id":"https:\/\/portaltela.pt\/noticias\/2026\/02\/27\/receita-fiscal-do-estado-sobe-2-para-4-3118-milhoes-em-janeiro\/#breadcrumb"},"inLanguage":"pt-PT","potentialAction":[{"@type":"ReadAction","target":["https:\/\/portaltela.pt\/noticias\/2026\/02\/27\/receita-fiscal-do-estado-sobe-2-para-4-3118-milhoes-em-janeiro\/"]}]},{"@type":"ImageObject","inLanguage":"pt-PT","@id":"https:\/\/portaltela.pt\/noticias\/2026\/02\/27\/receita-fiscal-do-estado-sobe-2-para-4-3118-milhoes-em-janeiro\/#primaryimage","url":"https:\/\/portaltela.pt\/s.01k8rhncp4jt1\/2026\/02\/img_1500x1000uu2026-02-11-11-24-46-2266226-2.jpg","contentUrl":"https:\/\/portaltela.pt\/s.01k8rhncp4jt1\/2026\/02\/img_1500x1000uu2026-02-11-11-24-46-2266226-2.jpg","width":796,"height":448,"caption":"Assembleia da Rep\u00fablica"},{"@type":"BreadcrumbList","@id":"https:\/\/portaltela.pt\/noticias\/2026\/02\/27\/receita-fiscal-do-estado-sobe-2-para-4-3118-milhoes-em-janeiro\/#breadcrumb","itemListElement":[{"@type":"ListItem","position":1,"name":"In\u00edcio","item":"https:\/\/portaltela.pt\/"},{"@type":"ListItem","position":2,"name":"Receita fiscal do Estado sobe 2% para 4.311,8 milh\u00f5es em janeiro"}]},{"@type":"WebSite","@id":"https:\/\/portaltela.pt\/#website","url":"https:\/\/portaltela.pt\/","name":"Portal Tela Portugal","description":"","potentialAction":[{"@type":"SearchAction","target":{"@type":"EntryPoint","urlTemplate":"https:\/\/portaltela.pt\/?s={search_term_string}"},"query-input":{"@type":"PropertyValueSpecification","valueRequired":true,"valueName":"search_term_string"}}],"inLanguage":"pt-PT"},{"@type":"Person","@id":"https:\/\/portaltela.pt\/#\/schema\/person\/c4278d4a6028830caff9ee44b42d32ed","name":"Telinha","image":{"@type":"ImageObject","inLanguage":"pt-PT","@id":"https:\/\/portaltela.pt\/s.01k8rhncp4jt1\/2025\/11\/talking-bot-125x125.png","url":"https:\/\/portaltela.pt\/s.01k8rhncp4jt1\/2025\/11\/talking-bot-125x125.png","contentUrl":"https:\/\/portaltela.pt\/s.01k8rhncp4jt1\/2025\/11\/talking-bot-125x125.png","caption":"Telinha"},"sameAs":["https:\/\/portaltela.pt\/"],"url":"https:\/\/portaltela.pt\/por\/367410592786\/"}]}},"_links":{"self":[{"href":"https:\/\/portaltela.pt\/api\/wp\/v2\/posts\/391250","targetHints":{"allow":["GET"]}}],"collection":[{"href":"https:\/\/portaltela.pt\/api\/wp\/v2\/posts"}],"about":[{"href":"https:\/\/portaltela.pt\/api\/wp\/v2\/types\/post"}],"author":[{"embeddable":true,"href":"https:\/\/portaltela.pt\/api\/wp\/v2\/users\/2"}],"replies":[{"embeddable":true,"href":"https:\/\/portaltela.pt\/api\/wp\/v2\/comments?post=391250"}],"version-history":[{"count":0,"href":"https:\/\/portaltela.pt\/api\/wp\/v2\/posts\/391250\/revisions"}],"wp:featuredmedia":[{"embeddable":true,"href":"https:\/\/portaltela.pt\/api\/wp\/v2\/media\/391261"}],"wp:attachment":[{"href":"https:\/\/portaltela.pt\/api\/wp\/v2\/media?parent=391250"}],"wp:term":[{"taxonomy":"category","embeddable":true,"href":"https:\/\/portaltela.pt\/api\/wp\/v2\/categories?post=391250"},{"taxonomy":"post_tag","embeddable":true,"href":"https:\/\/portaltela.pt\/api\/wp\/v2\/tags?post=391250"}],"curies":[{"name":"wp","href":"https:\/\/api.w.org\/{rel}","templated":true}]}}