{"id":391227,"date":"2026-02-27T14:41:00","date_gmt":"2026-02-27T17:41:00","guid":{"rendered":"https:\/\/portaltela.pt\/noticias\/2026\/02\/27\/a1-em-coimbra-reaberta-apos-luz-verde-do-lnec-e-imt\/"},"modified":"2026-02-27T14:41:00","modified_gmt":"2026-02-27T17:41:00","slug":"a1-em-coimbra-reaberta-apos-luz-verde-do-lnec-e-imt","status":"publish","type":"post","link":"https:\/\/portaltela.pt\/noticias\/2026\/02\/27\/a1-em-coimbra-reaberta-apos-luz-verde-do-lnec-e-imt\/","title":{"rendered":"A1 em Coimbra reaberta ap\u00f3s luz verde do LNEC e IMT"},"content":{"rendered":"<p>A circula\u00e7\u00e3o na A1 ser\u00e1 reposta hoje, ap\u00f3s confirmar as condi\u00e7\u00f5es de seguran\u00e7a pelo LNEC e pelo IMT, segundo o Minist\u00e9rio das Infraestruturas e Habita\u00e7\u00e3o. O an\u00fancio foi feito em comunicado publicado nesta sexta-feira.<\/p>\n<p>O colapso ocorreu devido \u00e0 eros\u00e3o do aterro ap\u00f3s o rebentamento do dique sob o viaduto de Casais, na regi\u00e3o de Coimbra. A interrup\u00e7\u00e3o afetou o encontro norte com o viaduto e a plataforma adjacente no dia 11 de Fevereiro.<\/p>\n<p>A decis\u00e3o de encerrar o tro\u00e7o entre os quil\u00f3metros 189 e 198 ocorreu \u00e0s 18h, em seguran\u00e7a. Percursos alternativos foram definidos e mantidos enquanto as obras eram planificadas.<\/p>\n<h3>Obras e reposi\u00e7\u00e3o<\/h3>\n<p>Em 15 dias, a Brisa depositou 9 mil toneladas de material p\u00e9treo para restabelecer a circula\u00e7\u00e3o, com dezenas de cami\u00f5es e operacionais a trabalhar 24\/7. A interven\u00e7\u00e3o ocorreu de forma imediata ap\u00f3s o rebentamento.<\/p>\n<p>Desde 28 de Janeiro, a Infraestruturas de Portugal mobilizou mais de dois mil operacionais e centenas de meios, a Norte e Sul, para repor as condi\u00e7\u00f5es de circula\u00e7\u00e3o e assegurar o servi\u00e7o p\u00fablico. Em paralelo, houve numerosas ocorr\u00eancias reportadas na rodovia.<\/p>\n<p>Os casos de maior gravidade, que exigiram cortes totais, chegaram a mais de 70 vias, mas esse n\u00famero foi reduzido ao longo dos dias. A tutela destaca a melhoria progressiva das condi\u00e7\u00f5es de circula\u00e7\u00e3o ao longo do processo.<\/p>\n","protected":false},"excerpt":{"rendered":"<ul>\n<li>A circula\u00e7\u00e3o na A1 ser\u00e1 reposta hoje na totalidade, ap\u00f3s confirma\u00e7\u00e3o de seguran\u00e7a pelo Laborat\u00f3rio de Engenharia Civil (LNEC) e pelo Instituto de Mobilidade Terrestre (IMT).<\/li>\n<li>As entidades conclu\u00edram a verifica\u00e7\u00e3o da interven\u00e7\u00e3o junto ao quil\u00f3metro 191 da A1, na zona do viaduto de Casais, em Coimbra, ap\u00f3s o colapso ocorrido no dia 11 de Fevereiro.<\/li>\n<li>O incidente resultou da eros\u00e3o de um aterro provocado pelo caudal de \u00e1gua extraordin\u00e1rio, decorrente do rebentamento do dique sob o viaduto de Casais, associada a descargas controladas durante tempestades.<\/li>\n<li>O tro\u00e7o entre os quil\u00f3metros 189 e 198 ficou encerrado \u00e0s 18h de forma segura e preventiva; a circula\u00e7\u00e3o foi restabelecida em seguran\u00e7a, com altera\u00e7\u00f5es de itiner\u00e1rio j\u00e1 definidas.<\/li>\n<li>Em quinze dias, a Brisa depositou nove mil toneladas de material p\u00e9treo para repara\u00e7ao, com apoio de dezenas de cami\u00f5es e operacionais, num esfor\u00e7o que contou com mais de dois mil operacionais da Infraestruturas de Portugal desde 28 de janeiro.<\/li>\n<\/ul>\n","protected":false},"author":2,"featured_media":391236,"comment_status":"closed","ping_status":"closed","sticky":false,"template":"","format":"standard","meta":{"footnotes":""},"categories":[1],"tags":[1070,1083,1615,5691,5915,4536],"class_list":["post-391227","post","type-post","status-publish","format-standard","has-post-thumbnail","hentry","category-noticias","tag-coimbra","tag-estradas","tag-infraestrutura","tag-obras","tag-rodoviarios","tag-seguranca"],"yoast_head":"<!-- This site is optimized with the Yoast SEO plugin v27.2 - https:\/\/yoast.com\/product\/yoast-seo-wordpress\/ -->\n<title>A1 em Coimbra reaberta ap\u00f3s luz verde do LNEC e IMT - Portal Tela Portugal<\/title>\n<meta name=\"robots\" content=\"index, follow, max-snippet:-1, max-image-preview:large, max-video-preview:-1\" \/>\n<meta property=\"og:locale\" content=\"pt_PT\" \/>\n<meta property=\"og:type\" content=\"article\" \/>\n<meta property=\"og:title\" content=\"A1 em Coimbra reaberta ap\u00f3s luz verde do LNEC e IMT - Portal Tela Portugal\" \/>\n<meta property=\"og:description\" content=\"A circula\u00e7\u00e3o na A1 ser\u00e1 reposta hoje na totalidade, ap\u00f3s confirma\u00e7\u00e3o de seguran\u00e7a pelo Laborat\u00f3rio de Engenharia Civil (LNEC) e pelo Instituto de Mobilidade Terrestre (IMT). As entidades conclu\u00edram a verifica\u00e7\u00e3o da interven\u00e7\u00e3o junto ao quil\u00f3metro 191 da A1, na zona do viaduto de Casais, em Coimbra, ap\u00f3s o colapso ocorrido no dia 11 de Fevereiro. O incidente resultou da eros\u00e3o de um aterro provocado pelo caudal de \u00e1gua extraordin\u00e1rio, decorrente do rebentamento do dique sob o viaduto de Casais, associada a descargas controladas durante tempestades. O tro\u00e7o entre os quil\u00f3metros 189 e 198 ficou encerrado \u00e0s 18h de forma segura e preventiva; a circula\u00e7\u00e3o foi restabelecida em seguran\u00e7a, com altera\u00e7\u00f5es de itiner\u00e1rio j\u00e1 definidas. Em quinze dias, a Brisa depositou nove mil toneladas de material p\u00e9treo para repara\u00e7ao, com apoio de dezenas de cami\u00f5es e operacionais, num esfor\u00e7o que contou com mais de dois mil operacionais da Infraestruturas de Portugal desde 28 de janeiro.\" \/>\n<meta property=\"og:url\" content=\"https:\/\/portaltela.pt\/noticias\/2026\/02\/27\/a1-em-coimbra-reaberta-apos-luz-verde-do-lnec-e-imt\/\" \/>\n<meta property=\"og:site_name\" content=\"Portal Tela Portugal\" \/>\n<meta property=\"article:published_time\" content=\"2026-02-27T17:41:00+00:00\" \/>\n<meta name=\"author\" content=\"Telinha\" \/>\n<meta name=\"twitter:card\" content=\"summary_large_image\" \/>\n<meta name=\"twitter:label1\" content=\"Escrito por\" \/>\n\t<meta name=\"twitter:data1\" content=\"Telinha\" \/>\n\t<meta name=\"twitter:label2\" content=\"Tempo estimado de leitura\" \/>\n\t<meta name=\"twitter:data2\" content=\"1 minuto\" \/>\n<script type=\"application\/ld+json\" class=\"yoast-schema-graph\">{\"@context\":\"https:\/\/schema.org\",\"@graph\":[{\"@type\":\"Article\",\"@id\":\"https:\/\/portaltela.pt\/noticias\/2026\/02\/27\/a1-em-coimbra-reaberta-apos-luz-verde-do-lnec-e-imt\/#article\",\"isPartOf\":{\"@id\":\"https:\/\/portaltela.pt\/noticias\/2026\/02\/27\/a1-em-coimbra-reaberta-apos-luz-verde-do-lnec-e-imt\/\"},\"author\":{\"name\":\"Telinha\",\"@id\":\"https:\/\/portaltela.pt\/#\/schema\/person\/c4278d4a6028830caff9ee44b42d32ed\"},\"headline\":\"A1 em Coimbra reaberta ap\u00f3s luz verde do LNEC e IMT\",\"datePublished\":\"2026-02-27T17:41:00+00:00\",\"mainEntityOfPage\":{\"@id\":\"https:\/\/portaltela.pt\/noticias\/2026\/02\/27\/a1-em-coimbra-reaberta-apos-luz-verde-do-lnec-e-imt\/\"},\"wordCount\":250,\"image\":{\"@id\":\"https:\/\/portaltela.pt\/noticias\/2026\/02\/27\/a1-em-coimbra-reaberta-apos-luz-verde-do-lnec-e-imt\/#primaryimage\"},\"thumbnailUrl\":\"https:\/\/portaltela.pt\/s.01k8rhncp4jt1\/2026\/02\/2070392.jpg\",\"keywords\":[\"Coimbra\",\"estradas\",\"infraestrutura\",\"obras\",\"rodovi\u00e1rios\",\"seguran\u00e7a\"],\"articleSection\":[\"Not\u00edcias\"],\"inLanguage\":\"pt-PT\"},{\"@type\":\"WebPage\",\"@id\":\"https:\/\/portaltela.pt\/noticias\/2026\/02\/27\/a1-em-coimbra-reaberta-apos-luz-verde-do-lnec-e-imt\/\",\"url\":\"https:\/\/portaltela.pt\/noticias\/2026\/02\/27\/a1-em-coimbra-reaberta-apos-luz-verde-do-lnec-e-imt\/\",\"name\":\"A1 em Coimbra reaberta ap\u00f3s luz verde do LNEC e IMT - Portal Tela Portugal\",\"isPartOf\":{\"@id\":\"https:\/\/portaltela.pt\/#website\"},\"primaryImageOfPage\":{\"@id\":\"https:\/\/portaltela.pt\/noticias\/2026\/02\/27\/a1-em-coimbra-reaberta-apos-luz-verde-do-lnec-e-imt\/#primaryimage\"},\"image\":{\"@id\":\"https:\/\/portaltela.pt\/noticias\/2026\/02\/27\/a1-em-coimbra-reaberta-apos-luz-verde-do-lnec-e-imt\/#primaryimage\"},\"thumbnailUrl\":\"https:\/\/portaltela.pt\/s.01k8rhncp4jt1\/2026\/02\/2070392.jpg\",\"datePublished\":\"2026-02-27T17:41:00+00:00\",\"author\":{\"@id\":\"https:\/\/portaltela.pt\/#\/schema\/person\/c4278d4a6028830caff9ee44b42d32ed\"},\"breadcrumb\":{\"@id\":\"https:\/\/portaltela.pt\/noticias\/2026\/02\/27\/a1-em-coimbra-reaberta-apos-luz-verde-do-lnec-e-imt\/#breadcrumb\"},\"inLanguage\":\"pt-PT\",\"potentialAction\":[{\"@type\":\"ReadAction\",\"target\":[\"https:\/\/portaltela.pt\/noticias\/2026\/02\/27\/a1-em-coimbra-reaberta-apos-luz-verde-do-lnec-e-imt\/\"]}]},{\"@type\":\"ImageObject\",\"inLanguage\":\"pt-PT\",\"@id\":\"https:\/\/portaltela.pt\/noticias\/2026\/02\/27\/a1-em-coimbra-reaberta-apos-luz-verde-do-lnec-e-imt\/#primaryimage\",\"url\":\"https:\/\/portaltela.pt\/s.01k8rhncp4jt1\/2026\/02\/2070392.jpg\",\"contentUrl\":\"https:\/\/portaltela.pt\/s.01k8rhncp4jt1\/2026\/02\/2070392.jpg\",\"width\":796,\"height\":448,\"caption\":\"Obras de repara\u00e7\u00e3o junto ao tro\u00e7o da A1 que colapsou devido ao rebentamento do dique sob o viaduto de casais\"},{\"@type\":\"BreadcrumbList\",\"@id\":\"https:\/\/portaltela.pt\/noticias\/2026\/02\/27\/a1-em-coimbra-reaberta-apos-luz-verde-do-lnec-e-imt\/#breadcrumb\",\"itemListElement\":[{\"@type\":\"ListItem\",\"position\":1,\"name\":\"In\u00edcio\",\"item\":\"https:\/\/portaltela.pt\/\"},{\"@type\":\"ListItem\",\"position\":2,\"name\":\"A1 em Coimbra reaberta ap\u00f3s luz verde do LNEC e IMT\"}]},{\"@type\":\"WebSite\",\"@id\":\"https:\/\/portaltela.pt\/#website\",\"url\":\"https:\/\/portaltela.pt\/\",\"name\":\"Portal Tela Portugal\",\"description\":\"\",\"potentialAction\":[{\"@type\":\"SearchAction\",\"target\":{\"@type\":\"EntryPoint\",\"urlTemplate\":\"https:\/\/portaltela.pt\/?s={search_term_string}\"},\"query-input\":{\"@type\":\"PropertyValueSpecification\",\"valueRequired\":true,\"valueName\":\"search_term_string\"}}],\"inLanguage\":\"pt-PT\"},{\"@type\":\"Person\",\"@id\":\"https:\/\/portaltela.pt\/#\/schema\/person\/c4278d4a6028830caff9ee44b42d32ed\",\"name\":\"Telinha\",\"image\":{\"@type\":\"ImageObject\",\"inLanguage\":\"pt-PT\",\"@id\":\"https:\/\/portaltela.pt\/s.01k8rhncp4jt1\/2025\/11\/talking-bot-125x125.png\",\"url\":\"https:\/\/portaltela.pt\/s.01k8rhncp4jt1\/2025\/11\/talking-bot-125x125.png\",\"contentUrl\":\"https:\/\/portaltela.pt\/s.01k8rhncp4jt1\/2025\/11\/talking-bot-125x125.png\",\"caption\":\"Telinha\"},\"sameAs\":[\"https:\/\/portaltela.pt\/\"],\"url\":\"https:\/\/portaltela.pt\/por\/367410592786\/\"}]}<\/script>\n<!-- \/ Yoast SEO plugin. -->","yoast_head_json":{"title":"A1 em Coimbra reaberta ap\u00f3s luz verde do LNEC e IMT - Portal Tela Portugal","robots":{"index":"index","follow":"follow","max-snippet":"max-snippet:-1","max-image-preview":"max-image-preview:large","max-video-preview":"max-video-preview:-1"},"og_locale":"pt_PT","og_type":"article","og_title":"A1 em Coimbra reaberta ap\u00f3s luz verde do LNEC e IMT - Portal Tela Portugal","og_description":"A circula\u00e7\u00e3o na A1 ser\u00e1 reposta hoje na totalidade, ap\u00f3s confirma\u00e7\u00e3o de seguran\u00e7a pelo Laborat\u00f3rio de Engenharia Civil (LNEC) e pelo Instituto de Mobilidade Terrestre (IMT). As entidades conclu\u00edram a verifica\u00e7\u00e3o da interven\u00e7\u00e3o junto ao quil\u00f3metro 191 da A1, na zona do viaduto de Casais, em Coimbra, ap\u00f3s o colapso ocorrido no dia 11 de Fevereiro. O incidente resultou da eros\u00e3o de um aterro provocado pelo caudal de \u00e1gua extraordin\u00e1rio, decorrente do rebentamento do dique sob o viaduto de Casais, associada a descargas controladas durante tempestades. O tro\u00e7o entre os quil\u00f3metros 189 e 198 ficou encerrado \u00e0s 18h de forma segura e preventiva; a circula\u00e7\u00e3o foi restabelecida em seguran\u00e7a, com altera\u00e7\u00f5es de itiner\u00e1rio j\u00e1 definidas. Em quinze dias, a Brisa depositou nove mil toneladas de material p\u00e9treo para repara\u00e7ao, com apoio de dezenas de cami\u00f5es e operacionais, num esfor\u00e7o que contou com mais de dois mil operacionais da Infraestruturas de Portugal desde 28 de janeiro.","og_url":"https:\/\/portaltela.pt\/noticias\/2026\/02\/27\/a1-em-coimbra-reaberta-apos-luz-verde-do-lnec-e-imt\/","og_site_name":"Portal Tela Portugal","article_published_time":"2026-02-27T17:41:00+00:00","author":"Telinha","twitter_card":"summary_large_image","twitter_misc":{"Escrito por":"Telinha","Tempo estimado de leitura":"1 minuto"},"schema":{"@context":"https:\/\/schema.org","@graph":[{"@type":"Article","@id":"https:\/\/portaltela.pt\/noticias\/2026\/02\/27\/a1-em-coimbra-reaberta-apos-luz-verde-do-lnec-e-imt\/#article","isPartOf":{"@id":"https:\/\/portaltela.pt\/noticias\/2026\/02\/27\/a1-em-coimbra-reaberta-apos-luz-verde-do-lnec-e-imt\/"},"author":{"name":"Telinha","@id":"https:\/\/portaltela.pt\/#\/schema\/person\/c4278d4a6028830caff9ee44b42d32ed"},"headline":"A1 em Coimbra reaberta ap\u00f3s luz verde do LNEC e IMT","datePublished":"2026-02-27T17:41:00+00:00","mainEntityOfPage":{"@id":"https:\/\/portaltela.pt\/noticias\/2026\/02\/27\/a1-em-coimbra-reaberta-apos-luz-verde-do-lnec-e-imt\/"},"wordCount":250,"image":{"@id":"https:\/\/portaltela.pt\/noticias\/2026\/02\/27\/a1-em-coimbra-reaberta-apos-luz-verde-do-lnec-e-imt\/#primaryimage"},"thumbnailUrl":"https:\/\/portaltela.pt\/s.01k8rhncp4jt1\/2026\/02\/2070392.jpg","keywords":["Coimbra","estradas","infraestrutura","obras","rodovi\u00e1rios","seguran\u00e7a"],"articleSection":["Not\u00edcias"],"inLanguage":"pt-PT"},{"@type":"WebPage","@id":"https:\/\/portaltela.pt\/noticias\/2026\/02\/27\/a1-em-coimbra-reaberta-apos-luz-verde-do-lnec-e-imt\/","url":"https:\/\/portaltela.pt\/noticias\/2026\/02\/27\/a1-em-coimbra-reaberta-apos-luz-verde-do-lnec-e-imt\/","name":"A1 em Coimbra reaberta ap\u00f3s luz verde do LNEC e IMT - Portal Tela Portugal","isPartOf":{"@id":"https:\/\/portaltela.pt\/#website"},"primaryImageOfPage":{"@id":"https:\/\/portaltela.pt\/noticias\/2026\/02\/27\/a1-em-coimbra-reaberta-apos-luz-verde-do-lnec-e-imt\/#primaryimage"},"image":{"@id":"https:\/\/portaltela.pt\/noticias\/2026\/02\/27\/a1-em-coimbra-reaberta-apos-luz-verde-do-lnec-e-imt\/#primaryimage"},"thumbnailUrl":"https:\/\/portaltela.pt\/s.01k8rhncp4jt1\/2026\/02\/2070392.jpg","datePublished":"2026-02-27T17:41:00+00:00","author":{"@id":"https:\/\/portaltela.pt\/#\/schema\/person\/c4278d4a6028830caff9ee44b42d32ed"},"breadcrumb":{"@id":"https:\/\/portaltela.pt\/noticias\/2026\/02\/27\/a1-em-coimbra-reaberta-apos-luz-verde-do-lnec-e-imt\/#breadcrumb"},"inLanguage":"pt-PT","potentialAction":[{"@type":"ReadAction","target":["https:\/\/portaltela.pt\/noticias\/2026\/02\/27\/a1-em-coimbra-reaberta-apos-luz-verde-do-lnec-e-imt\/"]}]},{"@type":"ImageObject","inLanguage":"pt-PT","@id":"https:\/\/portaltela.pt\/noticias\/2026\/02\/27\/a1-em-coimbra-reaberta-apos-luz-verde-do-lnec-e-imt\/#primaryimage","url":"https:\/\/portaltela.pt\/s.01k8rhncp4jt1\/2026\/02\/2070392.jpg","contentUrl":"https:\/\/portaltela.pt\/s.01k8rhncp4jt1\/2026\/02\/2070392.jpg","width":796,"height":448,"caption":"Obras de repara\u00e7\u00e3o junto ao tro\u00e7o da A1 que colapsou devido ao rebentamento do dique sob o viaduto de casais"},{"@type":"BreadcrumbList","@id":"https:\/\/portaltela.pt\/noticias\/2026\/02\/27\/a1-em-coimbra-reaberta-apos-luz-verde-do-lnec-e-imt\/#breadcrumb","itemListElement":[{"@type":"ListItem","position":1,"name":"In\u00edcio","item":"https:\/\/portaltela.pt\/"},{"@type":"ListItem","position":2,"name":"A1 em Coimbra reaberta ap\u00f3s luz verde do LNEC e IMT"}]},{"@type":"WebSite","@id":"https:\/\/portaltela.pt\/#website","url":"https:\/\/portaltela.pt\/","name":"Portal Tela Portugal","description":"","potentialAction":[{"@type":"SearchAction","target":{"@type":"EntryPoint","urlTemplate":"https:\/\/portaltela.pt\/?s={search_term_string}"},"query-input":{"@type":"PropertyValueSpecification","valueRequired":true,"valueName":"search_term_string"}}],"inLanguage":"pt-PT"},{"@type":"Person","@id":"https:\/\/portaltela.pt\/#\/schema\/person\/c4278d4a6028830caff9ee44b42d32ed","name":"Telinha","image":{"@type":"ImageObject","inLanguage":"pt-PT","@id":"https:\/\/portaltela.pt\/s.01k8rhncp4jt1\/2025\/11\/talking-bot-125x125.png","url":"https:\/\/portaltela.pt\/s.01k8rhncp4jt1\/2025\/11\/talking-bot-125x125.png","contentUrl":"https:\/\/portaltela.pt\/s.01k8rhncp4jt1\/2025\/11\/talking-bot-125x125.png","caption":"Telinha"},"sameAs":["https:\/\/portaltela.pt\/"],"url":"https:\/\/portaltela.pt\/por\/367410592786\/"}]}},"_links":{"self":[{"href":"https:\/\/portaltela.pt\/api\/wp\/v2\/posts\/391227","targetHints":{"allow":["GET"]}}],"collection":[{"href":"https:\/\/portaltela.pt\/api\/wp\/v2\/posts"}],"about":[{"href":"https:\/\/portaltela.pt\/api\/wp\/v2\/types\/post"}],"author":[{"embeddable":true,"href":"https:\/\/portaltela.pt\/api\/wp\/v2\/users\/2"}],"replies":[{"embeddable":true,"href":"https:\/\/portaltela.pt\/api\/wp\/v2\/comments?post=391227"}],"version-history":[{"count":0,"href":"https:\/\/portaltela.pt\/api\/wp\/v2\/posts\/391227\/revisions"}],"wp:featuredmedia":[{"embeddable":true,"href":"https:\/\/portaltela.pt\/api\/wp\/v2\/media\/391236"}],"wp:attachment":[{"href":"https:\/\/portaltela.pt\/api\/wp\/v2\/media?parent=391227"}],"wp:term":[{"taxonomy":"category","embeddable":true,"href":"https:\/\/portaltela.pt\/api\/wp\/v2\/categories?post=391227"},{"taxonomy":"post_tag","embeddable":true,"href":"https:\/\/portaltela.pt\/api\/wp\/v2\/tags?post=391227"}],"curies":[{"name":"wp","href":"https:\/\/api.w.org\/{rel}","templated":true}]}}