{"id":391224,"date":"2026-02-27T14:55:00","date_gmt":"2026-02-27T17:55:00","guid":{"rendered":"https:\/\/portaltela.pt\/noticias\/2026\/02\/27\/mais-de-40-voos-cancelados-no-aeroporto-da-madeira-por-vento-forte\/"},"modified":"2026-02-27T14:55:00","modified_gmt":"2026-02-27T17:55:00","slug":"mais-de-40-voos-cancelados-no-aeroporto-da-madeira-por-vento-forte","status":"publish","type":"post","link":"https:\/\/portaltela.pt\/noticias\/2026\/02\/27\/mais-de-40-voos-cancelados-no-aeroporto-da-madeira-por-vento-forte\/","title":{"rendered":"Mais de 40 voos cancelados no aeroporto da Madeira por vento forte"},"content":{"rendered":"<p>O Aeroporto Internacional da Madeira registou mais de 40 voos cancelados nesta sexta-feira devido ao vento forte que afeta a zona leste da ilha desde quinta-feira. No total, foram anuladas 24 chegadas e 21 partidas.<\/p>\n<p>Ao longo do dia, entre as 08h00 e as 17h15, apenas cinco avi\u00f5es aterraram e cinco descolaram, segundo dados dispon\u00edveis no site da ANA \u2013 Aeroportos de Portugal. O conjunto de cancelamentos confirma a press\u00e3o operativa nos servi\u00e7os.<\/p>\n<p>O vento forte incide principalmente sobre o concelho de Santa Cruz, onde fica o aeroporto Cristiano Ronaldo. O IPMA n\u00e3o emitiu avisos de mau tempo para Madeira, mas a Capitania do Porto do Funchal mant\u00e9m um aviso de vento forte para o mar do arquip\u00e9lago at\u00e9 \u00e0s 06:00 de s\u00e1bado.<\/p>\n<h3>Previs\u00e3o e recomenda\u00e7\u00f5es<\/h3>\n<p>A ANA mant\u00e9m alerta para condi\u00e7\u00f5es meteorol\u00f3gicas adversas que podem condicionar opera\u00e7\u00f5es nos pr\u00f3ximos dias. Os passageiros s\u00e3o aconselhados a verificar o estado do voo antes de se deslocarem ao aeroporto.<\/p>\n","protected":false},"excerpt":{"rendered":"<ul>\n<li>Mais de quarenta voos foram cancelados no aeroporto da Madeira nesta sexta-feira, entre chegadas e partidas.<\/li>\n<li>No total, 24 chegadas e 21 partidas foram canceladas, com apenas cinco avi\u00f5es a aterrar e outros cinco a descolar entre as 08h00 e as 17h15.<\/li>\n<li>O vento forte afeta a zona leste da ilha desde quinta-feira, sobretudo o concelho de Santa Cruz, onde se localiza o Aeroporto Cristiano Ronaldo.<\/li>\n<li>A ANA \u2014 Aeroportos de Portugal mant\u00e9m o alerta e alerta para previs\u00f5es meteorol\u00f3gicas adversas, recomendando aos passageiros que confirmem o estado do voo antes de se deslocarem ao aeroporto.<\/li>\n<li>O IPMA n\u00e3o emitiu avisos de mau tempo para a Madeira, mas a Capitania do Porto do Funchal mant\u00e9m aviso de vento forte para o mar do arquip\u00e9lago at\u00e9 \u00e0s 06:00 de s\u00e1bado.<\/li>\n<\/ul>\n","protected":false},"author":2,"featured_media":391232,"comment_status":"closed","ping_status":"closed","sticky":false,"template":"","format":"standard","meta":{"footnotes":""},"categories":[1],"tags":[3302,859,1269,363,4782],"class_list":["post-391224","post","type-post","status-publish","format-standard","has-post-thumbnail","hentry","category-noticias","tag-aeroportos","tag-madeira","tag-santa-cruz","tag-transportes","tag-vento"],"yoast_head":"<!-- This site is optimized with the Yoast SEO plugin v27.2 - https:\/\/yoast.com\/product\/yoast-seo-wordpress\/ -->\n<title>Mais de 40 voos cancelados no aeroporto da Madeira por vento forte - Portal Tela Portugal<\/title>\n<meta name=\"robots\" content=\"index, follow, max-snippet:-1, max-image-preview:large, max-video-preview:-1\" \/>\n<meta property=\"og:locale\" content=\"pt_PT\" \/>\n<meta property=\"og:type\" content=\"article\" \/>\n<meta property=\"og:title\" content=\"Mais de 40 voos cancelados no aeroporto da Madeira por vento forte - Portal Tela Portugal\" \/>\n<meta property=\"og:description\" content=\"Mais de quarenta voos foram cancelados no aeroporto da Madeira nesta sexta-feira, entre chegadas e partidas. No total, 24 chegadas e 21 partidas foram canceladas, com apenas cinco avi\u00f5es a aterrar e outros cinco a descolar entre as 08h00 e as 17h15. O vento forte afeta a zona leste da ilha desde quinta-feira, sobretudo o concelho de Santa Cruz, onde se localiza o Aeroporto Cristiano Ronaldo. A ANA \u2014 Aeroportos de Portugal mant\u00e9m o alerta e alerta para previs\u00f5es meteorol\u00f3gicas adversas, recomendando aos passageiros que confirmem o estado do voo antes de se deslocarem ao aeroporto. O IPMA n\u00e3o emitiu avisos de mau tempo para a Madeira, mas a Capitania do Porto do Funchal mant\u00e9m aviso de vento forte para o mar do arquip\u00e9lago at\u00e9 \u00e0s 06:00 de s\u00e1bado.\" \/>\n<meta property=\"og:url\" content=\"https:\/\/portaltela.pt\/noticias\/2026\/02\/27\/mais-de-40-voos-cancelados-no-aeroporto-da-madeira-por-vento-forte\/\" \/>\n<meta property=\"og:site_name\" content=\"Portal Tela Portugal\" \/>\n<meta property=\"article:published_time\" content=\"2026-02-27T17:55:00+00:00\" \/>\n<meta name=\"author\" content=\"Telinha\" \/>\n<meta name=\"twitter:card\" content=\"summary_large_image\" \/>\n<meta name=\"twitter:label1\" content=\"Escrito por\" \/>\n\t<meta name=\"twitter:data1\" content=\"Telinha\" \/>\n\t<meta name=\"twitter:label2\" content=\"Tempo estimado de leitura\" \/>\n\t<meta name=\"twitter:data2\" content=\"1 minuto\" \/>\n<script type=\"application\/ld+json\" class=\"yoast-schema-graph\">{\"@context\":\"https:\/\/schema.org\",\"@graph\":[{\"@type\":\"Article\",\"@id\":\"https:\/\/portaltela.pt\/noticias\/2026\/02\/27\/mais-de-40-voos-cancelados-no-aeroporto-da-madeira-por-vento-forte\/#article\",\"isPartOf\":{\"@id\":\"https:\/\/portaltela.pt\/noticias\/2026\/02\/27\/mais-de-40-voos-cancelados-no-aeroporto-da-madeira-por-vento-forte\/\"},\"author\":{\"name\":\"Telinha\",\"@id\":\"https:\/\/portaltela.pt\/#\/schema\/person\/c4278d4a6028830caff9ee44b42d32ed\"},\"headline\":\"Mais de 40 voos cancelados no aeroporto da Madeira por vento forte\",\"datePublished\":\"2026-02-27T17:55:00+00:00\",\"mainEntityOfPage\":{\"@id\":\"https:\/\/portaltela.pt\/noticias\/2026\/02\/27\/mais-de-40-voos-cancelados-no-aeroporto-da-madeira-por-vento-forte\/\"},\"wordCount\":179,\"image\":{\"@id\":\"https:\/\/portaltela.pt\/noticias\/2026\/02\/27\/mais-de-40-voos-cancelados-no-aeroporto-da-madeira-por-vento-forte\/#primaryimage\"},\"thumbnailUrl\":\"https:\/\/portaltela.pt\/s.01k8rhncp4jt1\/2026\/02\/img_1500x1000uu2017-07-23-22-44-00-651777.jpg\",\"keywords\":[\"aeroportos\",\"Madeira\",\"Santa Cruz\",\"transportes\",\"vento\"],\"articleSection\":[\"Not\u00edcias\"],\"inLanguage\":\"pt-PT\"},{\"@type\":\"WebPage\",\"@id\":\"https:\/\/portaltela.pt\/noticias\/2026\/02\/27\/mais-de-40-voos-cancelados-no-aeroporto-da-madeira-por-vento-forte\/\",\"url\":\"https:\/\/portaltela.pt\/noticias\/2026\/02\/27\/mais-de-40-voos-cancelados-no-aeroporto-da-madeira-por-vento-forte\/\",\"name\":\"Mais de 40 voos cancelados no aeroporto da Madeira por vento forte - Portal Tela Portugal\",\"isPartOf\":{\"@id\":\"https:\/\/portaltela.pt\/#website\"},\"primaryImageOfPage\":{\"@id\":\"https:\/\/portaltela.pt\/noticias\/2026\/02\/27\/mais-de-40-voos-cancelados-no-aeroporto-da-madeira-por-vento-forte\/#primaryimage\"},\"image\":{\"@id\":\"https:\/\/portaltela.pt\/noticias\/2026\/02\/27\/mais-de-40-voos-cancelados-no-aeroporto-da-madeira-por-vento-forte\/#primaryimage\"},\"thumbnailUrl\":\"https:\/\/portaltela.pt\/s.01k8rhncp4jt1\/2026\/02\/img_1500x1000uu2017-07-23-22-44-00-651777.jpg\",\"datePublished\":\"2026-02-27T17:55:00+00:00\",\"author\":{\"@id\":\"https:\/\/portaltela.pt\/#\/schema\/person\/c4278d4a6028830caff9ee44b42d32ed\"},\"breadcrumb\":{\"@id\":\"https:\/\/portaltela.pt\/noticias\/2026\/02\/27\/mais-de-40-voos-cancelados-no-aeroporto-da-madeira-por-vento-forte\/#breadcrumb\"},\"inLanguage\":\"pt-PT\",\"potentialAction\":[{\"@type\":\"ReadAction\",\"target\":[\"https:\/\/portaltela.pt\/noticias\/2026\/02\/27\/mais-de-40-voos-cancelados-no-aeroporto-da-madeira-por-vento-forte\/\"]}]},{\"@type\":\"ImageObject\",\"inLanguage\":\"pt-PT\",\"@id\":\"https:\/\/portaltela.pt\/noticias\/2026\/02\/27\/mais-de-40-voos-cancelados-no-aeroporto-da-madeira-por-vento-forte\/#primaryimage\",\"url\":\"https:\/\/portaltela.pt\/s.01k8rhncp4jt1\/2026\/02\/img_1500x1000uu2017-07-23-22-44-00-651777.jpg\",\"contentUrl\":\"https:\/\/portaltela.pt\/s.01k8rhncp4jt1\/2026\/02\/img_1500x1000uu2017-07-23-22-44-00-651777.jpg\",\"width\":796,\"height\":448,\"caption\":\"Aeroporto do Funchal\"},{\"@type\":\"BreadcrumbList\",\"@id\":\"https:\/\/portaltela.pt\/noticias\/2026\/02\/27\/mais-de-40-voos-cancelados-no-aeroporto-da-madeira-por-vento-forte\/#breadcrumb\",\"itemListElement\":[{\"@type\":\"ListItem\",\"position\":1,\"name\":\"In\u00edcio\",\"item\":\"https:\/\/portaltela.pt\/\"},{\"@type\":\"ListItem\",\"position\":2,\"name\":\"Mais de 40 voos cancelados no aeroporto da Madeira por vento forte\"}]},{\"@type\":\"WebSite\",\"@id\":\"https:\/\/portaltela.pt\/#website\",\"url\":\"https:\/\/portaltela.pt\/\",\"name\":\"Portal Tela Portugal\",\"description\":\"\",\"potentialAction\":[{\"@type\":\"SearchAction\",\"target\":{\"@type\":\"EntryPoint\",\"urlTemplate\":\"https:\/\/portaltela.pt\/?s={search_term_string}\"},\"query-input\":{\"@type\":\"PropertyValueSpecification\",\"valueRequired\":true,\"valueName\":\"search_term_string\"}}],\"inLanguage\":\"pt-PT\"},{\"@type\":\"Person\",\"@id\":\"https:\/\/portaltela.pt\/#\/schema\/person\/c4278d4a6028830caff9ee44b42d32ed\",\"name\":\"Telinha\",\"image\":{\"@type\":\"ImageObject\",\"inLanguage\":\"pt-PT\",\"@id\":\"https:\/\/portaltela.pt\/s.01k8rhncp4jt1\/2025\/11\/talking-bot-125x125.png\",\"url\":\"https:\/\/portaltela.pt\/s.01k8rhncp4jt1\/2025\/11\/talking-bot-125x125.png\",\"contentUrl\":\"https:\/\/portaltela.pt\/s.01k8rhncp4jt1\/2025\/11\/talking-bot-125x125.png\",\"caption\":\"Telinha\"},\"sameAs\":[\"https:\/\/portaltela.pt\/\"],\"url\":\"https:\/\/portaltela.pt\/por\/367410592786\/\"}]}<\/script>\n<!-- \/ Yoast SEO plugin. -->","yoast_head_json":{"title":"Mais de 40 voos cancelados no aeroporto da Madeira por vento forte - Portal Tela Portugal","robots":{"index":"index","follow":"follow","max-snippet":"max-snippet:-1","max-image-preview":"max-image-preview:large","max-video-preview":"max-video-preview:-1"},"og_locale":"pt_PT","og_type":"article","og_title":"Mais de 40 voos cancelados no aeroporto da Madeira por vento forte - Portal Tela Portugal","og_description":"Mais de quarenta voos foram cancelados no aeroporto da Madeira nesta sexta-feira, entre chegadas e partidas. No total, 24 chegadas e 21 partidas foram canceladas, com apenas cinco avi\u00f5es a aterrar e outros cinco a descolar entre as 08h00 e as 17h15. O vento forte afeta a zona leste da ilha desde quinta-feira, sobretudo o concelho de Santa Cruz, onde se localiza o Aeroporto Cristiano Ronaldo. A ANA \u2014 Aeroportos de Portugal mant\u00e9m o alerta e alerta para previs\u00f5es meteorol\u00f3gicas adversas, recomendando aos passageiros que confirmem o estado do voo antes de se deslocarem ao aeroporto. O IPMA n\u00e3o emitiu avisos de mau tempo para a Madeira, mas a Capitania do Porto do Funchal mant\u00e9m aviso de vento forte para o mar do arquip\u00e9lago at\u00e9 \u00e0s 06:00 de s\u00e1bado.","og_url":"https:\/\/portaltela.pt\/noticias\/2026\/02\/27\/mais-de-40-voos-cancelados-no-aeroporto-da-madeira-por-vento-forte\/","og_site_name":"Portal Tela Portugal","article_published_time":"2026-02-27T17:55:00+00:00","author":"Telinha","twitter_card":"summary_large_image","twitter_misc":{"Escrito por":"Telinha","Tempo estimado de leitura":"1 minuto"},"schema":{"@context":"https:\/\/schema.org","@graph":[{"@type":"Article","@id":"https:\/\/portaltela.pt\/noticias\/2026\/02\/27\/mais-de-40-voos-cancelados-no-aeroporto-da-madeira-por-vento-forte\/#article","isPartOf":{"@id":"https:\/\/portaltela.pt\/noticias\/2026\/02\/27\/mais-de-40-voos-cancelados-no-aeroporto-da-madeira-por-vento-forte\/"},"author":{"name":"Telinha","@id":"https:\/\/portaltela.pt\/#\/schema\/person\/c4278d4a6028830caff9ee44b42d32ed"},"headline":"Mais de 40 voos cancelados no aeroporto da Madeira por vento forte","datePublished":"2026-02-27T17:55:00+00:00","mainEntityOfPage":{"@id":"https:\/\/portaltela.pt\/noticias\/2026\/02\/27\/mais-de-40-voos-cancelados-no-aeroporto-da-madeira-por-vento-forte\/"},"wordCount":179,"image":{"@id":"https:\/\/portaltela.pt\/noticias\/2026\/02\/27\/mais-de-40-voos-cancelados-no-aeroporto-da-madeira-por-vento-forte\/#primaryimage"},"thumbnailUrl":"https:\/\/portaltela.pt\/s.01k8rhncp4jt1\/2026\/02\/img_1500x1000uu2017-07-23-22-44-00-651777.jpg","keywords":["aeroportos","Madeira","Santa Cruz","transportes","vento"],"articleSection":["Not\u00edcias"],"inLanguage":"pt-PT"},{"@type":"WebPage","@id":"https:\/\/portaltela.pt\/noticias\/2026\/02\/27\/mais-de-40-voos-cancelados-no-aeroporto-da-madeira-por-vento-forte\/","url":"https:\/\/portaltela.pt\/noticias\/2026\/02\/27\/mais-de-40-voos-cancelados-no-aeroporto-da-madeira-por-vento-forte\/","name":"Mais de 40 voos cancelados no aeroporto da Madeira por vento forte - Portal Tela Portugal","isPartOf":{"@id":"https:\/\/portaltela.pt\/#website"},"primaryImageOfPage":{"@id":"https:\/\/portaltela.pt\/noticias\/2026\/02\/27\/mais-de-40-voos-cancelados-no-aeroporto-da-madeira-por-vento-forte\/#primaryimage"},"image":{"@id":"https:\/\/portaltela.pt\/noticias\/2026\/02\/27\/mais-de-40-voos-cancelados-no-aeroporto-da-madeira-por-vento-forte\/#primaryimage"},"thumbnailUrl":"https:\/\/portaltela.pt\/s.01k8rhncp4jt1\/2026\/02\/img_1500x1000uu2017-07-23-22-44-00-651777.jpg","datePublished":"2026-02-27T17:55:00+00:00","author":{"@id":"https:\/\/portaltela.pt\/#\/schema\/person\/c4278d4a6028830caff9ee44b42d32ed"},"breadcrumb":{"@id":"https:\/\/portaltela.pt\/noticias\/2026\/02\/27\/mais-de-40-voos-cancelados-no-aeroporto-da-madeira-por-vento-forte\/#breadcrumb"},"inLanguage":"pt-PT","potentialAction":[{"@type":"ReadAction","target":["https:\/\/portaltela.pt\/noticias\/2026\/02\/27\/mais-de-40-voos-cancelados-no-aeroporto-da-madeira-por-vento-forte\/"]}]},{"@type":"ImageObject","inLanguage":"pt-PT","@id":"https:\/\/portaltela.pt\/noticias\/2026\/02\/27\/mais-de-40-voos-cancelados-no-aeroporto-da-madeira-por-vento-forte\/#primaryimage","url":"https:\/\/portaltela.pt\/s.01k8rhncp4jt1\/2026\/02\/img_1500x1000uu2017-07-23-22-44-00-651777.jpg","contentUrl":"https:\/\/portaltela.pt\/s.01k8rhncp4jt1\/2026\/02\/img_1500x1000uu2017-07-23-22-44-00-651777.jpg","width":796,"height":448,"caption":"Aeroporto do Funchal"},{"@type":"BreadcrumbList","@id":"https:\/\/portaltela.pt\/noticias\/2026\/02\/27\/mais-de-40-voos-cancelados-no-aeroporto-da-madeira-por-vento-forte\/#breadcrumb","itemListElement":[{"@type":"ListItem","position":1,"name":"In\u00edcio","item":"https:\/\/portaltela.pt\/"},{"@type":"ListItem","position":2,"name":"Mais de 40 voos cancelados no aeroporto da Madeira por vento forte"}]},{"@type":"WebSite","@id":"https:\/\/portaltela.pt\/#website","url":"https:\/\/portaltela.pt\/","name":"Portal Tela Portugal","description":"","potentialAction":[{"@type":"SearchAction","target":{"@type":"EntryPoint","urlTemplate":"https:\/\/portaltela.pt\/?s={search_term_string}"},"query-input":{"@type":"PropertyValueSpecification","valueRequired":true,"valueName":"search_term_string"}}],"inLanguage":"pt-PT"},{"@type":"Person","@id":"https:\/\/portaltela.pt\/#\/schema\/person\/c4278d4a6028830caff9ee44b42d32ed","name":"Telinha","image":{"@type":"ImageObject","inLanguage":"pt-PT","@id":"https:\/\/portaltela.pt\/s.01k8rhncp4jt1\/2025\/11\/talking-bot-125x125.png","url":"https:\/\/portaltela.pt\/s.01k8rhncp4jt1\/2025\/11\/talking-bot-125x125.png","contentUrl":"https:\/\/portaltela.pt\/s.01k8rhncp4jt1\/2025\/11\/talking-bot-125x125.png","caption":"Telinha"},"sameAs":["https:\/\/portaltela.pt\/"],"url":"https:\/\/portaltela.pt\/por\/367410592786\/"}]}},"_links":{"self":[{"href":"https:\/\/portaltela.pt\/api\/wp\/v2\/posts\/391224","targetHints":{"allow":["GET"]}}],"collection":[{"href":"https:\/\/portaltela.pt\/api\/wp\/v2\/posts"}],"about":[{"href":"https:\/\/portaltela.pt\/api\/wp\/v2\/types\/post"}],"author":[{"embeddable":true,"href":"https:\/\/portaltela.pt\/api\/wp\/v2\/users\/2"}],"replies":[{"embeddable":true,"href":"https:\/\/portaltela.pt\/api\/wp\/v2\/comments?post=391224"}],"version-history":[{"count":0,"href":"https:\/\/portaltela.pt\/api\/wp\/v2\/posts\/391224\/revisions"}],"wp:featuredmedia":[{"embeddable":true,"href":"https:\/\/portaltela.pt\/api\/wp\/v2\/media\/391232"}],"wp:attachment":[{"href":"https:\/\/portaltela.pt\/api\/wp\/v2\/media?parent=391224"}],"wp:term":[{"taxonomy":"category","embeddable":true,"href":"https:\/\/portaltela.pt\/api\/wp\/v2\/categories?post=391224"},{"taxonomy":"post_tag","embeddable":true,"href":"https:\/\/portaltela.pt\/api\/wp\/v2\/tags?post=391224"}],"curies":[{"name":"wp","href":"https:\/\/api.w.org\/{rel}","templated":true}]}}