{"id":391220,"date":"2026-02-27T14:58:59","date_gmt":"2026-02-27T17:58:59","guid":{"rendered":"https:\/\/portaltela.pt\/noticias\/2026\/02\/27\/alunos-relatam-maior-motivacao-e-melhor-aprendizagem\/"},"modified":"2026-02-27T14:58:59","modified_gmt":"2026-02-27T17:58:59","slug":"alunos-relatam-maior-motivacao-e-melhor-aprendizagem","status":"publish","type":"post","link":"https:\/\/portaltela.pt\/noticias\/2026\/02\/27\/alunos-relatam-maior-motivacao-e-melhor-aprendizagem\/","title":{"rendered":"Alunos relatam maior motiva\u00e7\u00e3o e melhor aprendizagem"},"content":{"rendered":"<p>Os alunos apontam um aumento de motiva\u00e7\u00e3o e de capacidade de aprendizagem desde que as escolas passaram a ter mais autonomia e flexibilidade para gerir os curr\u00edculos do ensino b\u00e1sico e secund\u00e1rio. A perce\u00e7\u00e3o faz parte de um estudo que avalia os impactos da Autonomia e Flexibilidade Curricular (AFC) em Portugal.<\/p>\n<p>A investiga\u00e7\u00e3o, que analisou respostas de mais de 38 mil estudantes, conclui que a mudan\u00e7a foi globalmente muito positiva para as pr\u00e1ticas pedag\u00f3gicas, para a avalia\u00e7\u00e3o e para a organiza\u00e7\u00e3o escolar. O decreto\u2011lei de 2018 permitiu adaptar o curr\u00edculo \u00e0s necessidades dos alunos e dos territ\u00f3rios, promovendo uma orienta\u00e7\u00e3o centrada no aluno.<\/p>\n<p>Mais da metade dos alunos diz conseguir organizar o seu trabalho de forma aut\u00f3noma e assinala melhorias no trabalho em grupo. Cerca de 50% nota que as notas finais j\u00e1 n\u00e3o dependem apenas de testes, havendo, em muitos casos, portef\u00f3lios para avalia\u00e7\u00e3o.<\/p>\n<h3>Desafios de implementa\u00e7\u00e3o<\/h3>\n<p>A pesquisa indica que a realidade n\u00e3o \u00e9 uniforme entre escolas e ciclos. Articular pr\u00e1ticas inovadoras de avalia\u00e7\u00e3o com os mecanismos formais, especialmente no ensino secund\u00e1rio e os exames nacionais, \u00e9 apontada como dificuldade comum.<\/p>\n<p>Um quinto dos estudantes afirma que nunca foi auscultado sobre as atividades realizadas, e mais de 30% n\u00e3o participou no planeamento de atividades. Reguladores, docentes e diretores reconhecem mudan\u00e7as, mas as vis\u00f5es divergem sobre a articula\u00e7\u00e3o interdisciplinar.<\/p>\n<h3>Perspectivas dos profissionais<\/h3>\n<p>O estudo contou com a participa\u00e7\u00e3o de mais de seis mil professores e 456 diretores. Enquanto docentes afirmam maior pr\u00e1tica interdisciplinar, apenas 25% dos diretores v\u00eaem evolu\u00e7\u00e3o significativa nesse aspeto. Alunos tamb\u00e9m relatam que tais pr\u00e1ticas s\u00e3o pouco habituais.<\/p>\n<p>As escolas criaram estruturas organizativas inovadoras, como oficinas, tutorias, mentorias e espa\u00e7os de turma. O relat\u00f3rio aponta que a participa\u00e7\u00e3o de pais permanece baixa, ainda que surjam sinais de mudan\u00e7a.<\/p>\n<h3>Obst\u00e1culos persistentes<\/h3>\n<p>Entre os principais entraves \u00e0 generaliza\u00e7\u00e3o est\u00e3o a sobrecarga hor\u00e1ria, a escassez de recursos humanos e a falta de forma\u00e7\u00e3o. A heterogeneidade nacional acentua as diferen\u00e7as entre escolas, ciclos de ensino e \u00e1reas disciplinares.<\/p>\n<p>Os investigadores destacam a necessidade de cultura colaborativa entre docentes para reduzir o ceticismo, especialmente entre profissionais que trabalham de forma mais isolada. O estudo refor\u00e7a, ainda, que a AFC trouxe mudan\u00e7as relevantes, mas que o caminho para a implementa\u00e7\u00e3o plena continua em curso.<\/p>\n","protected":false},"excerpt":{"rendered":"<ul>\n<li>Estudo com mais de 38 mil estudantes aponta que a Autonomia e Flexibilidade Curricular aumentou a motiva\u00e7\u00e3o e a aprendizagem, com melhorias na forma como aprendem e aplicam conte\u00fados.<\/li>\n<li>A maioria dos alunos passa a organizar o trabalho de forma aut\u00f3noma e regista melhorias no trabalho em grupo; cerca de metade nota que as notas j\u00e1 n\u00e3o dependem apenas de testes, com surgimento de h\u00e1bitos como portf\u00f3lios.<\/li>\n<li>A implementa\u00e7\u00e3o n\u00e3o \u00e9 uniforme: h\u00e1 diferen\u00e7as entre escolas, ciclos e \u00e1reas disciplinares, com algumas escolas a criarem estruturas como oficinas, tutorias e espa\u00e7os como o \u201cEspa\u00e7o Turma\u201d.<\/li>\n<li>Problemas persistentes incluem dificuldades em articular pr\u00e1ticas de avalia\u00e7\u00e3o inovadoras com os mecanismos formais de certifica\u00e7\u00e3o, sobretudo no ensino secund\u00e1rio devido aos exames nacionais; os alunos gostariam de participar mais nas decis\u00f5es pedag\u00f3gicas.<\/li>\n<li>Participa\u00e7\u00e3o de pais continua reduzida; barreiras cr\u00edticas \u00e0 generaliza\u00e7\u00e3o passam por sobrecarga hor\u00e1ria, falta de recursos humanos e necessidade de forma\u00e7\u00e3o.<\/li>\n<\/ul>\n","protected":false},"author":2,"featured_media":391231,"comment_status":"closed","ping_status":"closed","sticky":false,"template":"","format":"standard","meta":{"footnotes":""},"categories":[1],"tags":[5316,163,2153,2443,92,6473],"class_list":["post-391220","post","type-post","status-publish","format-standard","has-post-thumbnail","hentry","category-noticias","tag-autonomia-institucional","tag-educacao","tag-educacao-escolar","tag-educacao-publica","tag-ensino","tag-planeamento-escolar"],"yoast_head":"<!-- This site is optimized with the Yoast SEO plugin v27.2 - https:\/\/yoast.com\/product\/yoast-seo-wordpress\/ -->\n<title>Alunos relatam maior motiva\u00e7\u00e3o e melhor aprendizagem - Portal Tela Portugal<\/title>\n<meta name=\"robots\" content=\"index, follow, max-snippet:-1, max-image-preview:large, max-video-preview:-1\" \/>\n<meta property=\"og:locale\" content=\"pt_PT\" \/>\n<meta property=\"og:type\" content=\"article\" \/>\n<meta property=\"og:title\" content=\"Alunos relatam maior motiva\u00e7\u00e3o e melhor aprendizagem - Portal Tela Portugal\" \/>\n<meta property=\"og:description\" content=\"Estudo com mais de 38 mil estudantes aponta que a Autonomia e Flexibilidade Curricular aumentou a motiva\u00e7\u00e3o e a aprendizagem, com melhorias na forma como aprendem e aplicam conte\u00fados. A maioria dos alunos passa a organizar o trabalho de forma aut\u00f3noma e regista melhorias no trabalho em grupo; cerca de metade nota que as notas j\u00e1 n\u00e3o dependem apenas de testes, com surgimento de h\u00e1bitos como portf\u00f3lios. A implementa\u00e7\u00e3o n\u00e3o \u00e9 uniforme: h\u00e1 diferen\u00e7as entre escolas, ciclos e \u00e1reas disciplinares, com algumas escolas a criarem estruturas como oficinas, tutorias e espa\u00e7os como o \u201cEspa\u00e7o Turma\u201d. Problemas persistentes incluem dificuldades em articular pr\u00e1ticas de avalia\u00e7\u00e3o inovadoras com os mecanismos formais de certifica\u00e7\u00e3o, sobretudo no ensino secund\u00e1rio devido aos exames nacionais; os alunos gostariam de participar mais nas decis\u00f5es pedag\u00f3gicas. Participa\u00e7\u00e3o de pais continua reduzida; barreiras cr\u00edticas \u00e0 generaliza\u00e7\u00e3o passam por sobrecarga hor\u00e1ria, falta de recursos humanos e necessidade de forma\u00e7\u00e3o.\" \/>\n<meta property=\"og:url\" content=\"https:\/\/portaltela.pt\/noticias\/2026\/02\/27\/alunos-relatam-maior-motivacao-e-melhor-aprendizagem\/\" \/>\n<meta property=\"og:site_name\" content=\"Portal Tela Portugal\" \/>\n<meta property=\"article:published_time\" content=\"2026-02-27T17:58:59+00:00\" \/>\n<meta name=\"author\" content=\"Telinha\" \/>\n<meta name=\"twitter:card\" content=\"summary_large_image\" \/>\n<meta name=\"twitter:label1\" content=\"Escrito por\" \/>\n\t<meta name=\"twitter:data1\" content=\"Telinha\" \/>\n\t<meta name=\"twitter:label2\" content=\"Tempo estimado de leitura\" \/>\n\t<meta name=\"twitter:data2\" content=\"2 minutos\" \/>\n<script type=\"application\/ld+json\" class=\"yoast-schema-graph\">{\"@context\":\"https:\/\/schema.org\",\"@graph\":[{\"@type\":\"Article\",\"@id\":\"https:\/\/portaltela.pt\/noticias\/2026\/02\/27\/alunos-relatam-maior-motivacao-e-melhor-aprendizagem\/#article\",\"isPartOf\":{\"@id\":\"https:\/\/portaltela.pt\/noticias\/2026\/02\/27\/alunos-relatam-maior-motivacao-e-melhor-aprendizagem\/\"},\"author\":{\"name\":\"Telinha\",\"@id\":\"https:\/\/portaltela.pt\/#\/schema\/person\/c4278d4a6028830caff9ee44b42d32ed\"},\"headline\":\"Alunos relatam maior motiva\u00e7\u00e3o e melhor aprendizagem\",\"datePublished\":\"2026-02-27T17:58:59+00:00\",\"mainEntityOfPage\":{\"@id\":\"https:\/\/portaltela.pt\/noticias\/2026\/02\/27\/alunos-relatam-maior-motivacao-e-melhor-aprendizagem\/\"},\"wordCount\":419,\"image\":{\"@id\":\"https:\/\/portaltela.pt\/noticias\/2026\/02\/27\/alunos-relatam-maior-motivacao-e-melhor-aprendizagem\/#primaryimage\"},\"thumbnailUrl\":\"https:\/\/portaltela.pt\/s.01k8rhncp4jt1\/2026\/02\/img_1500x1000uu2023-09-16-11-23-57-1444154.jpg\",\"keywords\":[\"autonomia institucional\",\"educa\u00e7\u00e3o\",\"educa\u00e7\u00e3o escolar\",\"educa\u00e7\u00e3o p\u00fablica\",\"ensino\",\"planeamento escolar\"],\"articleSection\":[\"Not\u00edcias\"],\"inLanguage\":\"pt-PT\"},{\"@type\":\"WebPage\",\"@id\":\"https:\/\/portaltela.pt\/noticias\/2026\/02\/27\/alunos-relatam-maior-motivacao-e-melhor-aprendizagem\/\",\"url\":\"https:\/\/portaltela.pt\/noticias\/2026\/02\/27\/alunos-relatam-maior-motivacao-e-melhor-aprendizagem\/\",\"name\":\"Alunos relatam maior motiva\u00e7\u00e3o e melhor aprendizagem - Portal Tela Portugal\",\"isPartOf\":{\"@id\":\"https:\/\/portaltela.pt\/#website\"},\"primaryImageOfPage\":{\"@id\":\"https:\/\/portaltela.pt\/noticias\/2026\/02\/27\/alunos-relatam-maior-motivacao-e-melhor-aprendizagem\/#primaryimage\"},\"image\":{\"@id\":\"https:\/\/portaltela.pt\/noticias\/2026\/02\/27\/alunos-relatam-maior-motivacao-e-melhor-aprendizagem\/#primaryimage\"},\"thumbnailUrl\":\"https:\/\/portaltela.pt\/s.01k8rhncp4jt1\/2026\/02\/img_1500x1000uu2023-09-16-11-23-57-1444154.jpg\",\"datePublished\":\"2026-02-27T17:58:59+00:00\",\"author\":{\"@id\":\"https:\/\/portaltela.pt\/#\/schema\/person\/c4278d4a6028830caff9ee44b42d32ed\"},\"breadcrumb\":{\"@id\":\"https:\/\/portaltela.pt\/noticias\/2026\/02\/27\/alunos-relatam-maior-motivacao-e-melhor-aprendizagem\/#breadcrumb\"},\"inLanguage\":\"pt-PT\",\"potentialAction\":[{\"@type\":\"ReadAction\",\"target\":[\"https:\/\/portaltela.pt\/noticias\/2026\/02\/27\/alunos-relatam-maior-motivacao-e-melhor-aprendizagem\/\"]}]},{\"@type\":\"ImageObject\",\"inLanguage\":\"pt-PT\",\"@id\":\"https:\/\/portaltela.pt\/noticias\/2026\/02\/27\/alunos-relatam-maior-motivacao-e-melhor-aprendizagem\/#primaryimage\",\"url\":\"https:\/\/portaltela.pt\/s.01k8rhncp4jt1\/2026\/02\/img_1500x1000uu2023-09-16-11-23-57-1444154.jpg\",\"contentUrl\":\"https:\/\/portaltela.pt\/s.01k8rhncp4jt1\/2026\/02\/img_1500x1000uu2023-09-16-11-23-57-1444154.jpg\",\"width\":796,\"height\":448,\"caption\":\"Alunos\"},{\"@type\":\"BreadcrumbList\",\"@id\":\"https:\/\/portaltela.pt\/noticias\/2026\/02\/27\/alunos-relatam-maior-motivacao-e-melhor-aprendizagem\/#breadcrumb\",\"itemListElement\":[{\"@type\":\"ListItem\",\"position\":1,\"name\":\"In\u00edcio\",\"item\":\"https:\/\/portaltela.pt\/\"},{\"@type\":\"ListItem\",\"position\":2,\"name\":\"Alunos relatam maior motiva\u00e7\u00e3o e melhor aprendizagem\"}]},{\"@type\":\"WebSite\",\"@id\":\"https:\/\/portaltela.pt\/#website\",\"url\":\"https:\/\/portaltela.pt\/\",\"name\":\"Portal Tela Portugal\",\"description\":\"\",\"potentialAction\":[{\"@type\":\"SearchAction\",\"target\":{\"@type\":\"EntryPoint\",\"urlTemplate\":\"https:\/\/portaltela.pt\/?s={search_term_string}\"},\"query-input\":{\"@type\":\"PropertyValueSpecification\",\"valueRequired\":true,\"valueName\":\"search_term_string\"}}],\"inLanguage\":\"pt-PT\"},{\"@type\":\"Person\",\"@id\":\"https:\/\/portaltela.pt\/#\/schema\/person\/c4278d4a6028830caff9ee44b42d32ed\",\"name\":\"Telinha\",\"image\":{\"@type\":\"ImageObject\",\"inLanguage\":\"pt-PT\",\"@id\":\"https:\/\/portaltela.pt\/s.01k8rhncp4jt1\/2025\/11\/talking-bot-125x125.png\",\"url\":\"https:\/\/portaltela.pt\/s.01k8rhncp4jt1\/2025\/11\/talking-bot-125x125.png\",\"contentUrl\":\"https:\/\/portaltela.pt\/s.01k8rhncp4jt1\/2025\/11\/talking-bot-125x125.png\",\"caption\":\"Telinha\"},\"sameAs\":[\"https:\/\/portaltela.pt\/\"],\"url\":\"https:\/\/portaltela.pt\/por\/367410592786\/\"}]}<\/script>\n<!-- \/ Yoast SEO plugin. -->","yoast_head_json":{"title":"Alunos relatam maior motiva\u00e7\u00e3o e melhor aprendizagem - Portal Tela Portugal","robots":{"index":"index","follow":"follow","max-snippet":"max-snippet:-1","max-image-preview":"max-image-preview:large","max-video-preview":"max-video-preview:-1"},"og_locale":"pt_PT","og_type":"article","og_title":"Alunos relatam maior motiva\u00e7\u00e3o e melhor aprendizagem - Portal Tela Portugal","og_description":"Estudo com mais de 38 mil estudantes aponta que a Autonomia e Flexibilidade Curricular aumentou a motiva\u00e7\u00e3o e a aprendizagem, com melhorias na forma como aprendem e aplicam conte\u00fados. A maioria dos alunos passa a organizar o trabalho de forma aut\u00f3noma e regista melhorias no trabalho em grupo; cerca de metade nota que as notas j\u00e1 n\u00e3o dependem apenas de testes, com surgimento de h\u00e1bitos como portf\u00f3lios. A implementa\u00e7\u00e3o n\u00e3o \u00e9 uniforme: h\u00e1 diferen\u00e7as entre escolas, ciclos e \u00e1reas disciplinares, com algumas escolas a criarem estruturas como oficinas, tutorias e espa\u00e7os como o \u201cEspa\u00e7o Turma\u201d. Problemas persistentes incluem dificuldades em articular pr\u00e1ticas de avalia\u00e7\u00e3o inovadoras com os mecanismos formais de certifica\u00e7\u00e3o, sobretudo no ensino secund\u00e1rio devido aos exames nacionais; os alunos gostariam de participar mais nas decis\u00f5es pedag\u00f3gicas. Participa\u00e7\u00e3o de pais continua reduzida; barreiras cr\u00edticas \u00e0 generaliza\u00e7\u00e3o passam por sobrecarga hor\u00e1ria, falta de recursos humanos e necessidade de forma\u00e7\u00e3o.","og_url":"https:\/\/portaltela.pt\/noticias\/2026\/02\/27\/alunos-relatam-maior-motivacao-e-melhor-aprendizagem\/","og_site_name":"Portal Tela Portugal","article_published_time":"2026-02-27T17:58:59+00:00","author":"Telinha","twitter_card":"summary_large_image","twitter_misc":{"Escrito por":"Telinha","Tempo estimado de leitura":"2 minutos"},"schema":{"@context":"https:\/\/schema.org","@graph":[{"@type":"Article","@id":"https:\/\/portaltela.pt\/noticias\/2026\/02\/27\/alunos-relatam-maior-motivacao-e-melhor-aprendizagem\/#article","isPartOf":{"@id":"https:\/\/portaltela.pt\/noticias\/2026\/02\/27\/alunos-relatam-maior-motivacao-e-melhor-aprendizagem\/"},"author":{"name":"Telinha","@id":"https:\/\/portaltela.pt\/#\/schema\/person\/c4278d4a6028830caff9ee44b42d32ed"},"headline":"Alunos relatam maior motiva\u00e7\u00e3o e melhor aprendizagem","datePublished":"2026-02-27T17:58:59+00:00","mainEntityOfPage":{"@id":"https:\/\/portaltela.pt\/noticias\/2026\/02\/27\/alunos-relatam-maior-motivacao-e-melhor-aprendizagem\/"},"wordCount":419,"image":{"@id":"https:\/\/portaltela.pt\/noticias\/2026\/02\/27\/alunos-relatam-maior-motivacao-e-melhor-aprendizagem\/#primaryimage"},"thumbnailUrl":"https:\/\/portaltela.pt\/s.01k8rhncp4jt1\/2026\/02\/img_1500x1000uu2023-09-16-11-23-57-1444154.jpg","keywords":["autonomia institucional","educa\u00e7\u00e3o","educa\u00e7\u00e3o escolar","educa\u00e7\u00e3o p\u00fablica","ensino","planeamento escolar"],"articleSection":["Not\u00edcias"],"inLanguage":"pt-PT"},{"@type":"WebPage","@id":"https:\/\/portaltela.pt\/noticias\/2026\/02\/27\/alunos-relatam-maior-motivacao-e-melhor-aprendizagem\/","url":"https:\/\/portaltela.pt\/noticias\/2026\/02\/27\/alunos-relatam-maior-motivacao-e-melhor-aprendizagem\/","name":"Alunos relatam maior motiva\u00e7\u00e3o e melhor aprendizagem - Portal Tela Portugal","isPartOf":{"@id":"https:\/\/portaltela.pt\/#website"},"primaryImageOfPage":{"@id":"https:\/\/portaltela.pt\/noticias\/2026\/02\/27\/alunos-relatam-maior-motivacao-e-melhor-aprendizagem\/#primaryimage"},"image":{"@id":"https:\/\/portaltela.pt\/noticias\/2026\/02\/27\/alunos-relatam-maior-motivacao-e-melhor-aprendizagem\/#primaryimage"},"thumbnailUrl":"https:\/\/portaltela.pt\/s.01k8rhncp4jt1\/2026\/02\/img_1500x1000uu2023-09-16-11-23-57-1444154.jpg","datePublished":"2026-02-27T17:58:59+00:00","author":{"@id":"https:\/\/portaltela.pt\/#\/schema\/person\/c4278d4a6028830caff9ee44b42d32ed"},"breadcrumb":{"@id":"https:\/\/portaltela.pt\/noticias\/2026\/02\/27\/alunos-relatam-maior-motivacao-e-melhor-aprendizagem\/#breadcrumb"},"inLanguage":"pt-PT","potentialAction":[{"@type":"ReadAction","target":["https:\/\/portaltela.pt\/noticias\/2026\/02\/27\/alunos-relatam-maior-motivacao-e-melhor-aprendizagem\/"]}]},{"@type":"ImageObject","inLanguage":"pt-PT","@id":"https:\/\/portaltela.pt\/noticias\/2026\/02\/27\/alunos-relatam-maior-motivacao-e-melhor-aprendizagem\/#primaryimage","url":"https:\/\/portaltela.pt\/s.01k8rhncp4jt1\/2026\/02\/img_1500x1000uu2023-09-16-11-23-57-1444154.jpg","contentUrl":"https:\/\/portaltela.pt\/s.01k8rhncp4jt1\/2026\/02\/img_1500x1000uu2023-09-16-11-23-57-1444154.jpg","width":796,"height":448,"caption":"Alunos"},{"@type":"BreadcrumbList","@id":"https:\/\/portaltela.pt\/noticias\/2026\/02\/27\/alunos-relatam-maior-motivacao-e-melhor-aprendizagem\/#breadcrumb","itemListElement":[{"@type":"ListItem","position":1,"name":"In\u00edcio","item":"https:\/\/portaltela.pt\/"},{"@type":"ListItem","position":2,"name":"Alunos relatam maior motiva\u00e7\u00e3o e melhor aprendizagem"}]},{"@type":"WebSite","@id":"https:\/\/portaltela.pt\/#website","url":"https:\/\/portaltela.pt\/","name":"Portal Tela Portugal","description":"","potentialAction":[{"@type":"SearchAction","target":{"@type":"EntryPoint","urlTemplate":"https:\/\/portaltela.pt\/?s={search_term_string}"},"query-input":{"@type":"PropertyValueSpecification","valueRequired":true,"valueName":"search_term_string"}}],"inLanguage":"pt-PT"},{"@type":"Person","@id":"https:\/\/portaltela.pt\/#\/schema\/person\/c4278d4a6028830caff9ee44b42d32ed","name":"Telinha","image":{"@type":"ImageObject","inLanguage":"pt-PT","@id":"https:\/\/portaltela.pt\/s.01k8rhncp4jt1\/2025\/11\/talking-bot-125x125.png","url":"https:\/\/portaltela.pt\/s.01k8rhncp4jt1\/2025\/11\/talking-bot-125x125.png","contentUrl":"https:\/\/portaltela.pt\/s.01k8rhncp4jt1\/2025\/11\/talking-bot-125x125.png","caption":"Telinha"},"sameAs":["https:\/\/portaltela.pt\/"],"url":"https:\/\/portaltela.pt\/por\/367410592786\/"}]}},"_links":{"self":[{"href":"https:\/\/portaltela.pt\/api\/wp\/v2\/posts\/391220","targetHints":{"allow":["GET"]}}],"collection":[{"href":"https:\/\/portaltela.pt\/api\/wp\/v2\/posts"}],"about":[{"href":"https:\/\/portaltela.pt\/api\/wp\/v2\/types\/post"}],"author":[{"embeddable":true,"href":"https:\/\/portaltela.pt\/api\/wp\/v2\/users\/2"}],"replies":[{"embeddable":true,"href":"https:\/\/portaltela.pt\/api\/wp\/v2\/comments?post=391220"}],"version-history":[{"count":0,"href":"https:\/\/portaltela.pt\/api\/wp\/v2\/posts\/391220\/revisions"}],"wp:featuredmedia":[{"embeddable":true,"href":"https:\/\/portaltela.pt\/api\/wp\/v2\/media\/391231"}],"wp:attachment":[{"href":"https:\/\/portaltela.pt\/api\/wp\/v2\/media?parent=391220"}],"wp:term":[{"taxonomy":"category","embeddable":true,"href":"https:\/\/portaltela.pt\/api\/wp\/v2\/categories?post=391220"},{"taxonomy":"post_tag","embeddable":true,"href":"https:\/\/portaltela.pt\/api\/wp\/v2\/tags?post=391220"}],"curies":[{"name":"wp","href":"https:\/\/api.w.org\/{rel}","templated":true}]}}