{"id":391218,"date":"2026-02-27T14:35:00","date_gmt":"2026-02-27T17:35:00","guid":{"rendered":"https:\/\/portaltela.pt\/noticias\/2026\/02\/27\/primeira-pedra-para-tropecar-contra-o-nazismo-e-colocada-em-lisboa\/"},"modified":"2026-02-27T14:35:00","modified_gmt":"2026-02-27T17:35:00","slug":"primeira-pedra-para-tropecar-contra-o-nazismo-e-colocada-em-lisboa","status":"publish","type":"post","link":"https:\/\/portaltela.pt\/noticias\/2026\/02\/27\/primeira-pedra-para-tropecar-contra-o-nazismo-e-colocada-em-lisboa\/","title":{"rendered":"Primeira pedra para trope\u00e7ar contra o nazismo \u00e9 colocada em Lisboa"},"content":{"rendered":"<p>Foi instalada em Lisboa a primeira Stolpersteine, projeto que visa lembrar v\u00edtimas do nazismo, junto \u00e0 esta\u00e7\u00e3o do Rossio. A pedra, colocada num ponto de passagem de refugiados durante a Segunda Guerra Mundial, faz parte de uma iniciativa que pretende preservar a mem\u00f3ria hist\u00f3rica local.<\/p>\n<p>O respons\u00e1vel pela iniciativa, Luciano Waldman, informou que a coloca\u00e7\u00e3o da primeira pedra era apenas o in\u00edcio de um conjunto de a\u00e7\u00f5es. Diz que o processo exigiu paci\u00eancia, com as primeiras obras a serem conclu\u00eddas ap\u00f3s um longo per\u00edodo de desenvolvimento.<\/p>\n<p>H\u00e1, segundo o relato, mais duas Stolpersteine prontas para serem instaladas. O local escolhido, junto \u00e0 esta\u00e7\u00e3o do Rossio, \u00e9 visto como s\u00edmbolo pela relev\u00e2ncia hist\u00f3rica do espa\u00e7o para refugiados na \u00e9poca. O objetivo \u00e9 provocar reflex\u00e3o e manter viva a mem\u00f3ria das v\u00edtimas do regime.<\/p>\n<h3>Stolpersteine em Lisboa: contexto e impacto<\/h3>\n<p>A origem do projeto Stolpersteine remonta \u00e0 Alemanha, com o objetivo de homenagear indiv\u00edduos perseguidos pelo regime nazi. Em Lisboa, a iniciativa traduz-se numa s\u00e9rie de pedras gravadas com nomes, datas e destinos das pessoas lembradas, colocadas no passeio p\u00fablico.<\/p>\n","protected":false},"excerpt":{"rendered":"<ul>\n<li>Foi colocada a primeira Stolperstein (pedra de trope\u00e7ar) em Lisboa, junto \u00e0 esta\u00e7\u00e3o do Rossio.<\/li>\n<li>O local \u00e9 passagem de milhares de refugiados durante a Segunda Guerra Mundial.<\/li>\n<li>Luciano Waldman sabia que levaria tempo, mas demorou \u00e9 mais de cinco anos para trazer o projeto a Portugal.<\/li>\n<li>H\u00e1 mais duas Stolpersteine prontas para serem colocadas.<\/li>\n<li>O projeto Stolpersteine serve para lembrar as v\u00edtimas do nazismo.<\/li>\n<\/ul>\n","protected":false},"author":2,"featured_media":391229,"comment_status":"closed","ping_status":"closed","sticky":false,"template":"","format":"standard","meta":{"footnotes":""},"categories":[1],"tags":[145,299,981,5959,1175,1014],"class_list":["post-391218","post","type-post","status-publish","format-standard","has-post-thumbnail","hentry","category-noticias","tag-cultura","tag-historia","tag-lisboa","tag-monumentos-de-portugal","tag-patrimonio-cultural","tag-portugal"],"yoast_head":"<!-- This site is optimized with the Yoast SEO plugin v27.2 - https:\/\/yoast.com\/product\/yoast-seo-wordpress\/ -->\n<title>Primeira pedra para trope\u00e7ar contra o nazismo \u00e9 colocada em Lisboa - Portal Tela Portugal<\/title>\n<meta name=\"robots\" content=\"index, follow, max-snippet:-1, max-image-preview:large, max-video-preview:-1\" \/>\n<meta property=\"og:locale\" content=\"pt_PT\" \/>\n<meta property=\"og:type\" content=\"article\" \/>\n<meta property=\"og:title\" content=\"Primeira pedra para trope\u00e7ar contra o nazismo \u00e9 colocada em Lisboa - Portal Tela Portugal\" \/>\n<meta property=\"og:description\" content=\"Foi colocada a primeira Stolperstein (pedra de trope\u00e7ar) em Lisboa, junto \u00e0 esta\u00e7\u00e3o do Rossio. O local \u00e9 passagem de milhares de refugiados durante a Segunda Guerra Mundial. Luciano Waldman sabia que levaria tempo, mas demorou \u00e9 mais de cinco anos para trazer o projeto a Portugal. H\u00e1 mais duas Stolpersteine prontas para serem colocadas. O projeto Stolpersteine serve para lembrar as v\u00edtimas do nazismo.\" \/>\n<meta property=\"og:url\" content=\"https:\/\/portaltela.pt\/noticias\/2026\/02\/27\/primeira-pedra-para-tropecar-contra-o-nazismo-e-colocada-em-lisboa\/\" \/>\n<meta property=\"og:site_name\" content=\"Portal Tela Portugal\" \/>\n<meta property=\"article:published_time\" content=\"2026-02-27T17:35:00+00:00\" \/>\n<meta name=\"author\" content=\"Telinha\" \/>\n<meta name=\"twitter:card\" content=\"summary_large_image\" \/>\n<meta name=\"twitter:label1\" content=\"Escrito por\" \/>\n\t<meta name=\"twitter:data1\" content=\"Telinha\" \/>\n\t<meta name=\"twitter:label2\" content=\"Tempo estimado de leitura\" \/>\n\t<meta name=\"twitter:data2\" content=\"1 minuto\" \/>\n<script type=\"application\/ld+json\" class=\"yoast-schema-graph\">{\"@context\":\"https:\/\/schema.org\",\"@graph\":[{\"@type\":\"Article\",\"@id\":\"https:\/\/portaltela.pt\/noticias\/2026\/02\/27\/primeira-pedra-para-tropecar-contra-o-nazismo-e-colocada-em-lisboa\/#article\",\"isPartOf\":{\"@id\":\"https:\/\/portaltela.pt\/noticias\/2026\/02\/27\/primeira-pedra-para-tropecar-contra-o-nazismo-e-colocada-em-lisboa\/\"},\"author\":{\"name\":\"Telinha\",\"@id\":\"https:\/\/portaltela.pt\/#\/schema\/person\/c4278d4a6028830caff9ee44b42d32ed\"},\"headline\":\"Primeira pedra para trope\u00e7ar contra o nazismo \u00e9 colocada em Lisboa\",\"datePublished\":\"2026-02-27T17:35:00+00:00\",\"mainEntityOfPage\":{\"@id\":\"https:\/\/portaltela.pt\/noticias\/2026\/02\/27\/primeira-pedra-para-tropecar-contra-o-nazismo-e-colocada-em-lisboa\/\"},\"wordCount\":207,\"image\":{\"@id\":\"https:\/\/portaltela.pt\/noticias\/2026\/02\/27\/primeira-pedra-para-tropecar-contra-o-nazismo-e-colocada-em-lisboa\/#primaryimage\"},\"thumbnailUrl\":\"https:\/\/portaltela.pt\/s.01k8rhncp4jt1\/2026\/02\/2070035.jpg\",\"keywords\":[\"cultura\",\"hist\u00f3ria\",\"Lisboa\",\"Monumentos de Portugal\",\"Patrim\u00f3nio Cultural\",\"Portugal\"],\"articleSection\":[\"Not\u00edcias\"],\"inLanguage\":\"pt-PT\"},{\"@type\":\"WebPage\",\"@id\":\"https:\/\/portaltela.pt\/noticias\/2026\/02\/27\/primeira-pedra-para-tropecar-contra-o-nazismo-e-colocada-em-lisboa\/\",\"url\":\"https:\/\/portaltela.pt\/noticias\/2026\/02\/27\/primeira-pedra-para-tropecar-contra-o-nazismo-e-colocada-em-lisboa\/\",\"name\":\"Primeira pedra para trope\u00e7ar contra o nazismo \u00e9 colocada em Lisboa - Portal Tela Portugal\",\"isPartOf\":{\"@id\":\"https:\/\/portaltela.pt\/#website\"},\"primaryImageOfPage\":{\"@id\":\"https:\/\/portaltela.pt\/noticias\/2026\/02\/27\/primeira-pedra-para-tropecar-contra-o-nazismo-e-colocada-em-lisboa\/#primaryimage\"},\"image\":{\"@id\":\"https:\/\/portaltela.pt\/noticias\/2026\/02\/27\/primeira-pedra-para-tropecar-contra-o-nazismo-e-colocada-em-lisboa\/#primaryimage\"},\"thumbnailUrl\":\"https:\/\/portaltela.pt\/s.01k8rhncp4jt1\/2026\/02\/2070035.jpg\",\"datePublished\":\"2026-02-27T17:35:00+00:00\",\"author\":{\"@id\":\"https:\/\/portaltela.pt\/#\/schema\/person\/c4278d4a6028830caff9ee44b42d32ed\"},\"breadcrumb\":{\"@id\":\"https:\/\/portaltela.pt\/noticias\/2026\/02\/27\/primeira-pedra-para-tropecar-contra-o-nazismo-e-colocada-em-lisboa\/#breadcrumb\"},\"inLanguage\":\"pt-PT\",\"potentialAction\":[{\"@type\":\"ReadAction\",\"target\":[\"https:\/\/portaltela.pt\/noticias\/2026\/02\/27\/primeira-pedra-para-tropecar-contra-o-nazismo-e-colocada-em-lisboa\/\"]}]},{\"@type\":\"ImageObject\",\"inLanguage\":\"pt-PT\",\"@id\":\"https:\/\/portaltela.pt\/noticias\/2026\/02\/27\/primeira-pedra-para-tropecar-contra-o-nazismo-e-colocada-em-lisboa\/#primaryimage\",\"url\":\"https:\/\/portaltela.pt\/s.01k8rhncp4jt1\/2026\/02\/2070035.jpg\",\"contentUrl\":\"https:\/\/portaltela.pt\/s.01k8rhncp4jt1\/2026\/02\/2070035.jpg\",\"width\":796,\"height\":448,\"caption\":\"A primeira das Stolperschwellen em territ\u00f3rio portugu\u00eas evoca o papel da esta\u00e7\u00e3o do Rossio durante a Segunda Guerra Mundial, como ponto de tr\u00e3nsito de refugiados\"},{\"@type\":\"BreadcrumbList\",\"@id\":\"https:\/\/portaltela.pt\/noticias\/2026\/02\/27\/primeira-pedra-para-tropecar-contra-o-nazismo-e-colocada-em-lisboa\/#breadcrumb\",\"itemListElement\":[{\"@type\":\"ListItem\",\"position\":1,\"name\":\"In\u00edcio\",\"item\":\"https:\/\/portaltela.pt\/\"},{\"@type\":\"ListItem\",\"position\":2,\"name\":\"Primeira pedra para trope\u00e7ar contra o nazismo \u00e9 colocada em Lisboa\"}]},{\"@type\":\"WebSite\",\"@id\":\"https:\/\/portaltela.pt\/#website\",\"url\":\"https:\/\/portaltela.pt\/\",\"name\":\"Portal Tela Portugal\",\"description\":\"\",\"potentialAction\":[{\"@type\":\"SearchAction\",\"target\":{\"@type\":\"EntryPoint\",\"urlTemplate\":\"https:\/\/portaltela.pt\/?s={search_term_string}\"},\"query-input\":{\"@type\":\"PropertyValueSpecification\",\"valueRequired\":true,\"valueName\":\"search_term_string\"}}],\"inLanguage\":\"pt-PT\"},{\"@type\":\"Person\",\"@id\":\"https:\/\/portaltela.pt\/#\/schema\/person\/c4278d4a6028830caff9ee44b42d32ed\",\"name\":\"Telinha\",\"image\":{\"@type\":\"ImageObject\",\"inLanguage\":\"pt-PT\",\"@id\":\"https:\/\/portaltela.pt\/s.01k8rhncp4jt1\/2025\/11\/talking-bot-125x125.png\",\"url\":\"https:\/\/portaltela.pt\/s.01k8rhncp4jt1\/2025\/11\/talking-bot-125x125.png\",\"contentUrl\":\"https:\/\/portaltela.pt\/s.01k8rhncp4jt1\/2025\/11\/talking-bot-125x125.png\",\"caption\":\"Telinha\"},\"sameAs\":[\"https:\/\/portaltela.pt\/\"],\"url\":\"https:\/\/portaltela.pt\/por\/367410592786\/\"}]}<\/script>\n<!-- \/ Yoast SEO plugin. -->","yoast_head_json":{"title":"Primeira pedra para trope\u00e7ar contra o nazismo \u00e9 colocada em Lisboa - Portal Tela Portugal","robots":{"index":"index","follow":"follow","max-snippet":"max-snippet:-1","max-image-preview":"max-image-preview:large","max-video-preview":"max-video-preview:-1"},"og_locale":"pt_PT","og_type":"article","og_title":"Primeira pedra para trope\u00e7ar contra o nazismo \u00e9 colocada em Lisboa - Portal Tela Portugal","og_description":"Foi colocada a primeira Stolperstein (pedra de trope\u00e7ar) em Lisboa, junto \u00e0 esta\u00e7\u00e3o do Rossio. O local \u00e9 passagem de milhares de refugiados durante a Segunda Guerra Mundial. Luciano Waldman sabia que levaria tempo, mas demorou \u00e9 mais de cinco anos para trazer o projeto a Portugal. H\u00e1 mais duas Stolpersteine prontas para serem colocadas. O projeto Stolpersteine serve para lembrar as v\u00edtimas do nazismo.","og_url":"https:\/\/portaltela.pt\/noticias\/2026\/02\/27\/primeira-pedra-para-tropecar-contra-o-nazismo-e-colocada-em-lisboa\/","og_site_name":"Portal Tela Portugal","article_published_time":"2026-02-27T17:35:00+00:00","author":"Telinha","twitter_card":"summary_large_image","twitter_misc":{"Escrito por":"Telinha","Tempo estimado de leitura":"1 minuto"},"schema":{"@context":"https:\/\/schema.org","@graph":[{"@type":"Article","@id":"https:\/\/portaltela.pt\/noticias\/2026\/02\/27\/primeira-pedra-para-tropecar-contra-o-nazismo-e-colocada-em-lisboa\/#article","isPartOf":{"@id":"https:\/\/portaltela.pt\/noticias\/2026\/02\/27\/primeira-pedra-para-tropecar-contra-o-nazismo-e-colocada-em-lisboa\/"},"author":{"name":"Telinha","@id":"https:\/\/portaltela.pt\/#\/schema\/person\/c4278d4a6028830caff9ee44b42d32ed"},"headline":"Primeira pedra para trope\u00e7ar contra o nazismo \u00e9 colocada em Lisboa","datePublished":"2026-02-27T17:35:00+00:00","mainEntityOfPage":{"@id":"https:\/\/portaltela.pt\/noticias\/2026\/02\/27\/primeira-pedra-para-tropecar-contra-o-nazismo-e-colocada-em-lisboa\/"},"wordCount":207,"image":{"@id":"https:\/\/portaltela.pt\/noticias\/2026\/02\/27\/primeira-pedra-para-tropecar-contra-o-nazismo-e-colocada-em-lisboa\/#primaryimage"},"thumbnailUrl":"https:\/\/portaltela.pt\/s.01k8rhncp4jt1\/2026\/02\/2070035.jpg","keywords":["cultura","hist\u00f3ria","Lisboa","Monumentos de Portugal","Patrim\u00f3nio Cultural","Portugal"],"articleSection":["Not\u00edcias"],"inLanguage":"pt-PT"},{"@type":"WebPage","@id":"https:\/\/portaltela.pt\/noticias\/2026\/02\/27\/primeira-pedra-para-tropecar-contra-o-nazismo-e-colocada-em-lisboa\/","url":"https:\/\/portaltela.pt\/noticias\/2026\/02\/27\/primeira-pedra-para-tropecar-contra-o-nazismo-e-colocada-em-lisboa\/","name":"Primeira pedra para trope\u00e7ar contra o nazismo \u00e9 colocada em Lisboa - Portal Tela Portugal","isPartOf":{"@id":"https:\/\/portaltela.pt\/#website"},"primaryImageOfPage":{"@id":"https:\/\/portaltela.pt\/noticias\/2026\/02\/27\/primeira-pedra-para-tropecar-contra-o-nazismo-e-colocada-em-lisboa\/#primaryimage"},"image":{"@id":"https:\/\/portaltela.pt\/noticias\/2026\/02\/27\/primeira-pedra-para-tropecar-contra-o-nazismo-e-colocada-em-lisboa\/#primaryimage"},"thumbnailUrl":"https:\/\/portaltela.pt\/s.01k8rhncp4jt1\/2026\/02\/2070035.jpg","datePublished":"2026-02-27T17:35:00+00:00","author":{"@id":"https:\/\/portaltela.pt\/#\/schema\/person\/c4278d4a6028830caff9ee44b42d32ed"},"breadcrumb":{"@id":"https:\/\/portaltela.pt\/noticias\/2026\/02\/27\/primeira-pedra-para-tropecar-contra-o-nazismo-e-colocada-em-lisboa\/#breadcrumb"},"inLanguage":"pt-PT","potentialAction":[{"@type":"ReadAction","target":["https:\/\/portaltela.pt\/noticias\/2026\/02\/27\/primeira-pedra-para-tropecar-contra-o-nazismo-e-colocada-em-lisboa\/"]}]},{"@type":"ImageObject","inLanguage":"pt-PT","@id":"https:\/\/portaltela.pt\/noticias\/2026\/02\/27\/primeira-pedra-para-tropecar-contra-o-nazismo-e-colocada-em-lisboa\/#primaryimage","url":"https:\/\/portaltela.pt\/s.01k8rhncp4jt1\/2026\/02\/2070035.jpg","contentUrl":"https:\/\/portaltela.pt\/s.01k8rhncp4jt1\/2026\/02\/2070035.jpg","width":796,"height":448,"caption":"A primeira das Stolperschwellen em territ\u00f3rio portugu\u00eas evoca o papel da esta\u00e7\u00e3o do Rossio durante a Segunda Guerra Mundial, como ponto de tr\u00e3nsito de refugiados"},{"@type":"BreadcrumbList","@id":"https:\/\/portaltela.pt\/noticias\/2026\/02\/27\/primeira-pedra-para-tropecar-contra-o-nazismo-e-colocada-em-lisboa\/#breadcrumb","itemListElement":[{"@type":"ListItem","position":1,"name":"In\u00edcio","item":"https:\/\/portaltela.pt\/"},{"@type":"ListItem","position":2,"name":"Primeira pedra para trope\u00e7ar contra o nazismo \u00e9 colocada em Lisboa"}]},{"@type":"WebSite","@id":"https:\/\/portaltela.pt\/#website","url":"https:\/\/portaltela.pt\/","name":"Portal Tela Portugal","description":"","potentialAction":[{"@type":"SearchAction","target":{"@type":"EntryPoint","urlTemplate":"https:\/\/portaltela.pt\/?s={search_term_string}"},"query-input":{"@type":"PropertyValueSpecification","valueRequired":true,"valueName":"search_term_string"}}],"inLanguage":"pt-PT"},{"@type":"Person","@id":"https:\/\/portaltela.pt\/#\/schema\/person\/c4278d4a6028830caff9ee44b42d32ed","name":"Telinha","image":{"@type":"ImageObject","inLanguage":"pt-PT","@id":"https:\/\/portaltela.pt\/s.01k8rhncp4jt1\/2025\/11\/talking-bot-125x125.png","url":"https:\/\/portaltela.pt\/s.01k8rhncp4jt1\/2025\/11\/talking-bot-125x125.png","contentUrl":"https:\/\/portaltela.pt\/s.01k8rhncp4jt1\/2025\/11\/talking-bot-125x125.png","caption":"Telinha"},"sameAs":["https:\/\/portaltela.pt\/"],"url":"https:\/\/portaltela.pt\/por\/367410592786\/"}]}},"_links":{"self":[{"href":"https:\/\/portaltela.pt\/api\/wp\/v2\/posts\/391218","targetHints":{"allow":["GET"]}}],"collection":[{"href":"https:\/\/portaltela.pt\/api\/wp\/v2\/posts"}],"about":[{"href":"https:\/\/portaltela.pt\/api\/wp\/v2\/types\/post"}],"author":[{"embeddable":true,"href":"https:\/\/portaltela.pt\/api\/wp\/v2\/users\/2"}],"replies":[{"embeddable":true,"href":"https:\/\/portaltela.pt\/api\/wp\/v2\/comments?post=391218"}],"version-history":[{"count":0,"href":"https:\/\/portaltela.pt\/api\/wp\/v2\/posts\/391218\/revisions"}],"wp:featuredmedia":[{"embeddable":true,"href":"https:\/\/portaltela.pt\/api\/wp\/v2\/media\/391229"}],"wp:attachment":[{"href":"https:\/\/portaltela.pt\/api\/wp\/v2\/media?parent=391218"}],"wp:term":[{"taxonomy":"category","embeddable":true,"href":"https:\/\/portaltela.pt\/api\/wp\/v2\/categories?post=391218"},{"taxonomy":"post_tag","embeddable":true,"href":"https:\/\/portaltela.pt\/api\/wp\/v2\/tags?post=391218"}],"curies":[{"name":"wp","href":"https:\/\/api.w.org\/{rel}","templated":true}]}}