{"id":391217,"date":"2026-02-27T14:35:00","date_gmt":"2026-02-27T17:35:00","guid":{"rendered":"https:\/\/portaltela.pt\/noticias\/2026\/02\/27\/montenegro-evita-confronto-com-passos-e-mantem-reforma-em-curso-com-ccdr\/"},"modified":"2026-02-27T14:35:00","modified_gmt":"2026-02-27T17:35:00","slug":"montenegro-evita-confronto-com-passos-e-mantem-reforma-em-curso-com-ccdr","status":"publish","type":"post","link":"https:\/\/portaltela.pt\/noticias\/politica\/2026\/02\/27\/montenegro-evita-confronto-com-passos-e-mantem-reforma-em-curso-com-ccdr\/","title":{"rendered":"Montenegro evita confronto com Passos e mant\u00e9m reforma em curso com CCDR"},"content":{"rendered":"<p>O primeiro-ministro Lu\u00eds Montenegro evitou comentar as cr\u00edticas de Pedro Passos Coelho, que o acusou de falta de ambi\u00e7\u00e3o reformista. Disse apenas que a tarefa \u00e9 governar o pa\u00eds, n\u00e3o ser comentador.<\/p>\n<p>Montenegro refor\u00e7ou o papel das Comiss\u00f5es de Coordena\u00e7\u00e3o e Desenvolvimento Regional (CCDR) na reforma do Estado. Ap\u00f3s a tomada de posse dos novos presidentes das CCDR, destacou a import\u00e2ncia destas estruturas na execu\u00e7\u00e3o do novo modelo.<\/p>\n<p>O Governo j\u00e1 nomeou cinco vice-presidentes para acompanhar a reforma e garantir o funcionamento do novo ciclo. A prioridade, segundo o presidente do Governo, \u00e9 agir e executar sem entraves.<\/p>\n<p>A declara\u00e7\u00e3o ocorreu numa altura em que o Executivo aposta numa reforma abrangente do aparelho p\u00fablico. Mant\u00e9m o foco na implementa\u00e7\u00e3o concreta de medidas, em vez de debates pol\u00edticos.<\/p>\n","protected":false},"excerpt":{"rendered":"<ul>\n<li>O primeiro-ministro Lu\u00eds Montenegro recusou comentar as cr\u00edticas de Pedro Passos Coelho, dizendo que a tarefa \u00e9 governar o pa\u00eds e n\u00e3o comentar.<\/li>\n<li>Montenegro enfatizou o papel fundamental das Comiss\u00f5es de Coordena\u00e7\u00e3o e Desenvolvimento Regional (CCDR) na reforma do Estado.<\/li>\n<li>O arranque do novo modelo contou com cinco vice-presidentes nomeados pelo Governo.<\/li>\n<li>A mensagem, destacou, \u00e9 agir e executar.<\/li>\n<\/ul>\n","protected":false},"author":2,"featured_media":391225,"comment_status":"closed","ping_status":"closed","sticky":false,"template":"","format":"standard","meta":{"footnotes":""},"categories":[1,5],"tags":[168,1041,34,2832,36,5542],"class_list":["post-391217","post","type-post","status-publish","format-standard","has-post-thumbnail","hentry","category-noticias","category-politica","tag-administracao-publica","tag-comissoes","tag-governo","tag-politica","tag-reforma","tag-territorios"],"yoast_head":"<!-- This site is optimized with the Yoast SEO plugin v27.2 - https:\/\/yoast.com\/product\/yoast-seo-wordpress\/ -->\n<title>Montenegro evita confronto com Passos e mant\u00e9m reforma em curso com CCDR - Portal Tela Portugal<\/title>\n<meta name=\"robots\" content=\"index, follow, max-snippet:-1, max-image-preview:large, max-video-preview:-1\" \/>\n<meta property=\"og:locale\" content=\"pt_PT\" \/>\n<meta property=\"og:type\" content=\"article\" \/>\n<meta property=\"og:title\" content=\"Montenegro evita confronto com Passos e mant\u00e9m reforma em curso com CCDR - Portal Tela Portugal\" \/>\n<meta property=\"og:description\" content=\"O primeiro-ministro Lu\u00eds Montenegro recusou comentar as cr\u00edticas de Pedro Passos Coelho, dizendo que a tarefa \u00e9 governar o pa\u00eds e n\u00e3o comentar. Montenegro enfatizou o papel fundamental das Comiss\u00f5es de Coordena\u00e7\u00e3o e Desenvolvimento Regional (CCDR) na reforma do Estado. O arranque do novo modelo contou com cinco vice-presidentes nomeados pelo Governo. A mensagem, destacou, \u00e9 agir e executar.\" \/>\n<meta property=\"og:url\" content=\"https:\/\/portaltela.pt\/noticias\/2026\/02\/27\/montenegro-evita-confronto-com-passos-e-mantem-reforma-em-curso-com-ccdr\/\" \/>\n<meta property=\"og:site_name\" content=\"Portal Tela Portugal\" \/>\n<meta property=\"article:published_time\" content=\"2026-02-27T17:35:00+00:00\" \/>\n<meta name=\"author\" content=\"Telinha\" \/>\n<meta name=\"twitter:card\" content=\"summary_large_image\" \/>\n<meta name=\"twitter:label1\" content=\"Escrito por\" \/>\n\t<meta name=\"twitter:data1\" content=\"Telinha\" \/>\n\t<meta name=\"twitter:label2\" content=\"Tempo estimado de leitura\" \/>\n\t<meta name=\"twitter:data2\" content=\"1 minuto\" \/>\n<script type=\"application\/ld+json\" class=\"yoast-schema-graph\">{\"@context\":\"https:\/\/schema.org\",\"@graph\":[{\"@type\":\"Article\",\"@id\":\"https:\/\/portaltela.pt\/noticias\/2026\/02\/27\/montenegro-evita-confronto-com-passos-e-mantem-reforma-em-curso-com-ccdr\/#article\",\"isPartOf\":{\"@id\":\"https:\/\/portaltela.pt\/noticias\/2026\/02\/27\/montenegro-evita-confronto-com-passos-e-mantem-reforma-em-curso-com-ccdr\/\"},\"author\":{\"name\":\"Telinha\",\"@id\":\"https:\/\/portaltela.pt\/#\/schema\/person\/c4278d4a6028830caff9ee44b42d32ed\"},\"headline\":\"Montenegro evita confronto com Passos e mant\u00e9m reforma em curso com CCDR\",\"datePublished\":\"2026-02-27T17:35:00+00:00\",\"mainEntityOfPage\":{\"@id\":\"https:\/\/portaltela.pt\/noticias\/2026\/02\/27\/montenegro-evita-confronto-com-passos-e-mantem-reforma-em-curso-com-ccdr\/\"},\"wordCount\":154,\"image\":{\"@id\":\"https:\/\/portaltela.pt\/noticias\/2026\/02\/27\/montenegro-evita-confronto-com-passos-e-mantem-reforma-em-curso-com-ccdr\/#primaryimage\"},\"thumbnailUrl\":\"https:\/\/portaltela.pt\/s.01k8rhncp4jt1\/2026\/02\/2070387.jpg\",\"keywords\":[\"administra\u00e7\u00e3o p\u00fablica\",\"comiss\u00f5es\",\"governo\",\"pol\u00edtica\",\"reforma\",\"Territ\u00f3rios\"],\"articleSection\":[\"Not\u00edcias\",\"Pol\u00edtica\"],\"inLanguage\":\"pt-PT\"},{\"@type\":\"WebPage\",\"@id\":\"https:\/\/portaltela.pt\/noticias\/2026\/02\/27\/montenegro-evita-confronto-com-passos-e-mantem-reforma-em-curso-com-ccdr\/\",\"url\":\"https:\/\/portaltela.pt\/noticias\/2026\/02\/27\/montenegro-evita-confronto-com-passos-e-mantem-reforma-em-curso-com-ccdr\/\",\"name\":\"Montenegro evita confronto com Passos e mant\u00e9m reforma em curso com CCDR - Portal Tela Portugal\",\"isPartOf\":{\"@id\":\"https:\/\/portaltela.pt\/#website\"},\"primaryImageOfPage\":{\"@id\":\"https:\/\/portaltela.pt\/noticias\/2026\/02\/27\/montenegro-evita-confronto-com-passos-e-mantem-reforma-em-curso-com-ccdr\/#primaryimage\"},\"image\":{\"@id\":\"https:\/\/portaltela.pt\/noticias\/2026\/02\/27\/montenegro-evita-confronto-com-passos-e-mantem-reforma-em-curso-com-ccdr\/#primaryimage\"},\"thumbnailUrl\":\"https:\/\/portaltela.pt\/s.01k8rhncp4jt1\/2026\/02\/2070387.jpg\",\"datePublished\":\"2026-02-27T17:35:00+00:00\",\"author\":{\"@id\":\"https:\/\/portaltela.pt\/#\/schema\/person\/c4278d4a6028830caff9ee44b42d32ed\"},\"breadcrumb\":{\"@id\":\"https:\/\/portaltela.pt\/noticias\/2026\/02\/27\/montenegro-evita-confronto-com-passos-e-mantem-reforma-em-curso-com-ccdr\/#breadcrumb\"},\"inLanguage\":\"pt-PT\",\"potentialAction\":[{\"@type\":\"ReadAction\",\"target\":[\"https:\/\/portaltela.pt\/noticias\/2026\/02\/27\/montenegro-evita-confronto-com-passos-e-mantem-reforma-em-curso-com-ccdr\/\"]}]},{\"@type\":\"ImageObject\",\"inLanguage\":\"pt-PT\",\"@id\":\"https:\/\/portaltela.pt\/noticias\/2026\/02\/27\/montenegro-evita-confronto-com-passos-e-mantem-reforma-em-curso-com-ccdr\/#primaryimage\",\"url\":\"https:\/\/portaltela.pt\/s.01k8rhncp4jt1\/2026\/02\/2070387.jpg\",\"contentUrl\":\"https:\/\/portaltela.pt\/s.01k8rhncp4jt1\/2026\/02\/2070387.jpg\",\"width\":796,\"height\":448,\"caption\":\"O primeiro-ministro, Lu\u00eds Montenegro, na cerim\u00f3nia de tomada de posse dos presidentes das CCDR, em \u00c9vora\"},{\"@type\":\"BreadcrumbList\",\"@id\":\"https:\/\/portaltela.pt\/noticias\/2026\/02\/27\/montenegro-evita-confronto-com-passos-e-mantem-reforma-em-curso-com-ccdr\/#breadcrumb\",\"itemListElement\":[{\"@type\":\"ListItem\",\"position\":1,\"name\":\"In\u00edcio\",\"item\":\"https:\/\/portaltela.pt\/\"},{\"@type\":\"ListItem\",\"position\":2,\"name\":\"Montenegro evita confronto com Passos e mant\u00e9m reforma em curso com CCDR\"}]},{\"@type\":\"WebSite\",\"@id\":\"https:\/\/portaltela.pt\/#website\",\"url\":\"https:\/\/portaltela.pt\/\",\"name\":\"Portal Tela Portugal\",\"description\":\"\",\"potentialAction\":[{\"@type\":\"SearchAction\",\"target\":{\"@type\":\"EntryPoint\",\"urlTemplate\":\"https:\/\/portaltela.pt\/?s={search_term_string}\"},\"query-input\":{\"@type\":\"PropertyValueSpecification\",\"valueRequired\":true,\"valueName\":\"search_term_string\"}}],\"inLanguage\":\"pt-PT\"},{\"@type\":\"Person\",\"@id\":\"https:\/\/portaltela.pt\/#\/schema\/person\/c4278d4a6028830caff9ee44b42d32ed\",\"name\":\"Telinha\",\"image\":{\"@type\":\"ImageObject\",\"inLanguage\":\"pt-PT\",\"@id\":\"https:\/\/portaltela.pt\/s.01k8rhncp4jt1\/2025\/11\/talking-bot-125x125.png\",\"url\":\"https:\/\/portaltela.pt\/s.01k8rhncp4jt1\/2025\/11\/talking-bot-125x125.png\",\"contentUrl\":\"https:\/\/portaltela.pt\/s.01k8rhncp4jt1\/2025\/11\/talking-bot-125x125.png\",\"caption\":\"Telinha\"},\"sameAs\":[\"https:\/\/portaltela.pt\/\"],\"url\":\"https:\/\/portaltela.pt\/por\/367410592786\/\"}]}<\/script>\n<!-- \/ Yoast SEO plugin. -->","yoast_head_json":{"title":"Montenegro evita confronto com Passos e mant\u00e9m reforma em curso com CCDR - Portal Tela Portugal","robots":{"index":"index","follow":"follow","max-snippet":"max-snippet:-1","max-image-preview":"max-image-preview:large","max-video-preview":"max-video-preview:-1"},"og_locale":"pt_PT","og_type":"article","og_title":"Montenegro evita confronto com Passos e mant\u00e9m reforma em curso com CCDR - Portal Tela Portugal","og_description":"O primeiro-ministro Lu\u00eds Montenegro recusou comentar as cr\u00edticas de Pedro Passos Coelho, dizendo que a tarefa \u00e9 governar o pa\u00eds e n\u00e3o comentar. Montenegro enfatizou o papel fundamental das Comiss\u00f5es de Coordena\u00e7\u00e3o e Desenvolvimento Regional (CCDR) na reforma do Estado. O arranque do novo modelo contou com cinco vice-presidentes nomeados pelo Governo. A mensagem, destacou, \u00e9 agir e executar.","og_url":"https:\/\/portaltela.pt\/noticias\/2026\/02\/27\/montenegro-evita-confronto-com-passos-e-mantem-reforma-em-curso-com-ccdr\/","og_site_name":"Portal Tela Portugal","article_published_time":"2026-02-27T17:35:00+00:00","author":"Telinha","twitter_card":"summary_large_image","twitter_misc":{"Escrito por":"Telinha","Tempo estimado de leitura":"1 minuto"},"schema":{"@context":"https:\/\/schema.org","@graph":[{"@type":"Article","@id":"https:\/\/portaltela.pt\/noticias\/2026\/02\/27\/montenegro-evita-confronto-com-passos-e-mantem-reforma-em-curso-com-ccdr\/#article","isPartOf":{"@id":"https:\/\/portaltela.pt\/noticias\/2026\/02\/27\/montenegro-evita-confronto-com-passos-e-mantem-reforma-em-curso-com-ccdr\/"},"author":{"name":"Telinha","@id":"https:\/\/portaltela.pt\/#\/schema\/person\/c4278d4a6028830caff9ee44b42d32ed"},"headline":"Montenegro evita confronto com Passos e mant\u00e9m reforma em curso com CCDR","datePublished":"2026-02-27T17:35:00+00:00","mainEntityOfPage":{"@id":"https:\/\/portaltela.pt\/noticias\/2026\/02\/27\/montenegro-evita-confronto-com-passos-e-mantem-reforma-em-curso-com-ccdr\/"},"wordCount":154,"image":{"@id":"https:\/\/portaltela.pt\/noticias\/2026\/02\/27\/montenegro-evita-confronto-com-passos-e-mantem-reforma-em-curso-com-ccdr\/#primaryimage"},"thumbnailUrl":"https:\/\/portaltela.pt\/s.01k8rhncp4jt1\/2026\/02\/2070387.jpg","keywords":["administra\u00e7\u00e3o p\u00fablica","comiss\u00f5es","governo","pol\u00edtica","reforma","Territ\u00f3rios"],"articleSection":["Not\u00edcias","Pol\u00edtica"],"inLanguage":"pt-PT"},{"@type":"WebPage","@id":"https:\/\/portaltela.pt\/noticias\/2026\/02\/27\/montenegro-evita-confronto-com-passos-e-mantem-reforma-em-curso-com-ccdr\/","url":"https:\/\/portaltela.pt\/noticias\/2026\/02\/27\/montenegro-evita-confronto-com-passos-e-mantem-reforma-em-curso-com-ccdr\/","name":"Montenegro evita confronto com Passos e mant\u00e9m reforma em curso com CCDR - Portal Tela Portugal","isPartOf":{"@id":"https:\/\/portaltela.pt\/#website"},"primaryImageOfPage":{"@id":"https:\/\/portaltela.pt\/noticias\/2026\/02\/27\/montenegro-evita-confronto-com-passos-e-mantem-reforma-em-curso-com-ccdr\/#primaryimage"},"image":{"@id":"https:\/\/portaltela.pt\/noticias\/2026\/02\/27\/montenegro-evita-confronto-com-passos-e-mantem-reforma-em-curso-com-ccdr\/#primaryimage"},"thumbnailUrl":"https:\/\/portaltela.pt\/s.01k8rhncp4jt1\/2026\/02\/2070387.jpg","datePublished":"2026-02-27T17:35:00+00:00","author":{"@id":"https:\/\/portaltela.pt\/#\/schema\/person\/c4278d4a6028830caff9ee44b42d32ed"},"breadcrumb":{"@id":"https:\/\/portaltela.pt\/noticias\/2026\/02\/27\/montenegro-evita-confronto-com-passos-e-mantem-reforma-em-curso-com-ccdr\/#breadcrumb"},"inLanguage":"pt-PT","potentialAction":[{"@type":"ReadAction","target":["https:\/\/portaltela.pt\/noticias\/2026\/02\/27\/montenegro-evita-confronto-com-passos-e-mantem-reforma-em-curso-com-ccdr\/"]}]},{"@type":"ImageObject","inLanguage":"pt-PT","@id":"https:\/\/portaltela.pt\/noticias\/2026\/02\/27\/montenegro-evita-confronto-com-passos-e-mantem-reforma-em-curso-com-ccdr\/#primaryimage","url":"https:\/\/portaltela.pt\/s.01k8rhncp4jt1\/2026\/02\/2070387.jpg","contentUrl":"https:\/\/portaltela.pt\/s.01k8rhncp4jt1\/2026\/02\/2070387.jpg","width":796,"height":448,"caption":"O primeiro-ministro, Lu\u00eds Montenegro, na cerim\u00f3nia de tomada de posse dos presidentes das CCDR, em \u00c9vora"},{"@type":"BreadcrumbList","@id":"https:\/\/portaltela.pt\/noticias\/2026\/02\/27\/montenegro-evita-confronto-com-passos-e-mantem-reforma-em-curso-com-ccdr\/#breadcrumb","itemListElement":[{"@type":"ListItem","position":1,"name":"In\u00edcio","item":"https:\/\/portaltela.pt\/"},{"@type":"ListItem","position":2,"name":"Montenegro evita confronto com Passos e mant\u00e9m reforma em curso com CCDR"}]},{"@type":"WebSite","@id":"https:\/\/portaltela.pt\/#website","url":"https:\/\/portaltela.pt\/","name":"Portal Tela Portugal","description":"","potentialAction":[{"@type":"SearchAction","target":{"@type":"EntryPoint","urlTemplate":"https:\/\/portaltela.pt\/?s={search_term_string}"},"query-input":{"@type":"PropertyValueSpecification","valueRequired":true,"valueName":"search_term_string"}}],"inLanguage":"pt-PT"},{"@type":"Person","@id":"https:\/\/portaltela.pt\/#\/schema\/person\/c4278d4a6028830caff9ee44b42d32ed","name":"Telinha","image":{"@type":"ImageObject","inLanguage":"pt-PT","@id":"https:\/\/portaltela.pt\/s.01k8rhncp4jt1\/2025\/11\/talking-bot-125x125.png","url":"https:\/\/portaltela.pt\/s.01k8rhncp4jt1\/2025\/11\/talking-bot-125x125.png","contentUrl":"https:\/\/portaltela.pt\/s.01k8rhncp4jt1\/2025\/11\/talking-bot-125x125.png","caption":"Telinha"},"sameAs":["https:\/\/portaltela.pt\/"],"url":"https:\/\/portaltela.pt\/por\/367410592786\/"}]}},"_links":{"self":[{"href":"https:\/\/portaltela.pt\/api\/wp\/v2\/posts\/391217","targetHints":{"allow":["GET"]}}],"collection":[{"href":"https:\/\/portaltela.pt\/api\/wp\/v2\/posts"}],"about":[{"href":"https:\/\/portaltela.pt\/api\/wp\/v2\/types\/post"}],"author":[{"embeddable":true,"href":"https:\/\/portaltela.pt\/api\/wp\/v2\/users\/2"}],"replies":[{"embeddable":true,"href":"https:\/\/portaltela.pt\/api\/wp\/v2\/comments?post=391217"}],"version-history":[{"count":0,"href":"https:\/\/portaltela.pt\/api\/wp\/v2\/posts\/391217\/revisions"}],"wp:featuredmedia":[{"embeddable":true,"href":"https:\/\/portaltela.pt\/api\/wp\/v2\/media\/391225"}],"wp:attachment":[{"href":"https:\/\/portaltela.pt\/api\/wp\/v2\/media?parent=391217"}],"wp:term":[{"taxonomy":"category","embeddable":true,"href":"https:\/\/portaltela.pt\/api\/wp\/v2\/categories?post=391217"},{"taxonomy":"post_tag","embeddable":true,"href":"https:\/\/portaltela.pt\/api\/wp\/v2\/tags?post=391217"}],"curies":[{"name":"wp","href":"https:\/\/api.w.org\/{rel}","templated":true}]}}