{"id":391216,"date":"2026-02-27T15:00:14","date_gmt":"2026-02-27T18:00:14","guid":{"rendered":"https:\/\/portaltela.pt\/noticias\/2026\/02\/27\/homem-detido-em-santarem-por-violacao-agravada-rapto-e-agressoes\/"},"modified":"2026-02-27T15:00:14","modified_gmt":"2026-02-27T18:00:14","slug":"homem-detido-em-santarem-por-violacao-agravada-rapto-e-agressoes","status":"publish","type":"post","link":"https:\/\/portaltela.pt\/noticias\/2026\/02\/27\/homem-detido-em-santarem-por-violacao-agravada-rapto-e-agressoes\/","title":{"rendered":"Homem detido em Santar\u00e9m por viola\u00e7\u00e3o agravada, rapto e agress\u00f5es"},"content":{"rendered":"<p>A Pol\u00edcia Judici\u00e1ria deteve, em Santar\u00e9m, um homem de 46 anos suspeito de viola\u00e7\u00e3o agravada, rapto e ofensa \u00e0 integridade f\u00edsica contra dois homens, de 36 e 56 anos. O crime ocorreu entre os dias 20 e 22 de fevereiro, em Santar\u00e9m, no \u00e2mbito de uma alegada atividade criminosa do suspeito ligada ao tr\u00e1fico de droga.<\/p>\n<p>Ao longo de tr\u00eas dias, o argido ter\u00e1 transportado as v\u00edtimas para locais isolados, onde atentou contra a liberdade pessoal, sexual e a integridade f\u00edsica, com o objetivo de extorquir dinheiro. As v\u00edtimas ainda alegaram sofrer outras a\u00e7\u00f5es coercivas.<\/p>\n<p>Uma das v\u00edtimas conseguiu libertar-se e pediu ajuda a terceiros, que alertaram a Guarda Nacional Republicana. Devido \u00e0s les\u00f5es graves, foi conduzida ao Servi\u00e7o de Urg\u00eancia do Hospital de Santar\u00e9m para tratamento m\u00e9dico.<\/p>\n<p>A Sec\u00e7\u00e3o de Investiga\u00e7\u00e3o de Crimes Sexuais da Diretoria de Lisboa e Vale do Tejo deslocou-se ao hospital, efetuando dilig\u00eancias urgentes em coordena\u00e7\u00e3o com a GNR e o MP de Santar\u00e9m. O MP emitiu mandado de deten\u00e7\u00e3o, executado pela PJ.<\/p>\n<p>O detido ficou presente a primeiro interrogat\u00f3rio judicial, ficando sujeito a pris\u00e3o preventiva e \u00e0 proibi\u00e7\u00e3o de contactos com as v\u00edtimas e com testemunhas.<\/p>\n","protected":false},"excerpt":{"rendered":"<ul>\n<li>Um homem de 46 anos foi detido em Santar\u00e9m pela pr\u00e1tica de viola\u00e7\u00e3o agravada, rapto e ofensa \u00e0 integridade f\u00edsica contra dois homens de 36 e 56 anos, ocorridos entre 20 e 22 de fevereiro.<\/li>\n<li>O arguido, ao longo de tr\u00eas dias, transportou as v\u00edtimas para locais isolados com o objetivo de extorquir elevadas quantias de dinheiro.<\/li>\n<li>Uma das v\u00edtimas conseguiu libertar-se e pediu ajuda a desconhecidos, que alertaram a Guarda Nacional Republicana.<\/li>\n<li>O estado de sa\u00fade da v\u00edtima ferida era grave, tendo sido encaminhada para o Servi\u00e7o de Urg\u00eancia do Hospital de Santar\u00e9m; a investiga\u00e7\u00e3o envolveu a Sec\u00e7\u00e3o de Investiga\u00e7\u00e3o de Crimes Sexuais, a GNR e o Minist\u00e9rio P\u00fablico de Santar\u00e9m.<\/li>\n<li>O Minist\u00e9rio P\u00fablico emitiu mandado de deten\u00e7\u00e3o, que a Pol\u00edcia Judici\u00e1ria executou, e o detido ficou em pris\u00e3o preventiva, com proibi\u00e7\u00e3o de contactos com as v\u00edtimas e testemunhas.<\/li>\n<\/ul>\n","protected":false},"author":2,"featured_media":391221,"comment_status":"closed","ping_status":"closed","sticky":false,"template":"","format":"standard","meta":{"footnotes":""},"categories":[1],"tags":[2079,3990,4332,898,2349,3599],"class_list":["post-391216","post","type-post","status-publish","format-standard","has-post-thumbnail","hentry","category-noticias","tag-agressoes","tag-crimes-sexuais","tag-rapto-agravado","tag-santarem","tag-trafico-de-drogas","tag-violacao-agravada"],"yoast_head":"<!-- This site is optimized with the Yoast SEO plugin v27.2 - https:\/\/yoast.com\/product\/yoast-seo-wordpress\/ -->\n<title>Homem detido em Santar\u00e9m por viola\u00e7\u00e3o agravada, rapto e agress\u00f5es - Portal Tela Portugal<\/title>\n<meta name=\"robots\" content=\"index, follow, max-snippet:-1, max-image-preview:large, max-video-preview:-1\" \/>\n<meta property=\"og:locale\" content=\"pt_PT\" \/>\n<meta property=\"og:type\" content=\"article\" \/>\n<meta property=\"og:title\" content=\"Homem detido em Santar\u00e9m por viola\u00e7\u00e3o agravada, rapto e agress\u00f5es - Portal Tela Portugal\" \/>\n<meta property=\"og:description\" content=\"Um homem de 46 anos foi detido em Santar\u00e9m pela pr\u00e1tica de viola\u00e7\u00e3o agravada, rapto e ofensa \u00e0 integridade f\u00edsica contra dois homens de 36 e 56 anos, ocorridos entre 20 e 22 de fevereiro. O arguido, ao longo de tr\u00eas dias, transportou as v\u00edtimas para locais isolados com o objetivo de extorquir elevadas quantias de dinheiro. Uma das v\u00edtimas conseguiu libertar-se e pediu ajuda a desconhecidos, que alertaram a Guarda Nacional Republicana. O estado de sa\u00fade da v\u00edtima ferida era grave, tendo sido encaminhada para o Servi\u00e7o de Urg\u00eancia do Hospital de Santar\u00e9m; a investiga\u00e7\u00e3o envolveu a Sec\u00e7\u00e3o de Investiga\u00e7\u00e3o de Crimes Sexuais, a GNR e o Minist\u00e9rio P\u00fablico de Santar\u00e9m. O Minist\u00e9rio P\u00fablico emitiu mandado de deten\u00e7\u00e3o, que a Pol\u00edcia Judici\u00e1ria executou, e o detido ficou em pris\u00e3o preventiva, com proibi\u00e7\u00e3o de contactos com as v\u00edtimas e testemunhas.\" \/>\n<meta property=\"og:url\" content=\"https:\/\/portaltela.pt\/noticias\/2026\/02\/27\/homem-detido-em-santarem-por-violacao-agravada-rapto-e-agressoes\/\" \/>\n<meta property=\"og:site_name\" content=\"Portal Tela Portugal\" \/>\n<meta property=\"article:published_time\" content=\"2026-02-27T18:00:14+00:00\" \/>\n<meta name=\"author\" content=\"Telinha\" \/>\n<meta name=\"twitter:card\" content=\"summary_large_image\" \/>\n<meta name=\"twitter:label1\" content=\"Escrito por\" \/>\n\t<meta name=\"twitter:data1\" content=\"Telinha\" \/>\n\t<meta name=\"twitter:label2\" content=\"Tempo estimado de leitura\" \/>\n\t<meta name=\"twitter:data2\" content=\"1 minuto\" \/>\n<script type=\"application\/ld+json\" class=\"yoast-schema-graph\">{\"@context\":\"https:\/\/schema.org\",\"@graph\":[{\"@type\":\"Article\",\"@id\":\"https:\/\/portaltela.pt\/noticias\/2026\/02\/27\/homem-detido-em-santarem-por-violacao-agravada-rapto-e-agressoes\/#article\",\"isPartOf\":{\"@id\":\"https:\/\/portaltela.pt\/noticias\/2026\/02\/27\/homem-detido-em-santarem-por-violacao-agravada-rapto-e-agressoes\/\"},\"author\":{\"name\":\"Telinha\",\"@id\":\"https:\/\/portaltela.pt\/#\/schema\/person\/c4278d4a6028830caff9ee44b42d32ed\"},\"headline\":\"Homem detido em Santar\u00e9m por viola\u00e7\u00e3o agravada, rapto e agress\u00f5es\",\"datePublished\":\"2026-02-27T18:00:14+00:00\",\"mainEntityOfPage\":{\"@id\":\"https:\/\/portaltela.pt\/noticias\/2026\/02\/27\/homem-detido-em-santarem-por-violacao-agravada-rapto-e-agressoes\/\"},\"wordCount\":226,\"image\":{\"@id\":\"https:\/\/portaltela.pt\/noticias\/2026\/02\/27\/homem-detido-em-santarem-por-violacao-agravada-rapto-e-agressoes\/#primaryimage\"},\"thumbnailUrl\":\"https:\/\/portaltela.pt\/s.01k8rhncp4jt1\/2026\/02\/img_1500x1000uu2023-11-12-09-23-00-1490931-19.jpg\",\"keywords\":[\"agress\u00f5es\",\"crimes sexuais\",\"rapto agravado\",\"Santar\u00e9m\",\"tr\u00e1fico de drogas\",\"viola\u00e7\u00e3o agravada\"],\"articleSection\":[\"Not\u00edcias\"],\"inLanguage\":\"pt-PT\"},{\"@type\":\"WebPage\",\"@id\":\"https:\/\/portaltela.pt\/noticias\/2026\/02\/27\/homem-detido-em-santarem-por-violacao-agravada-rapto-e-agressoes\/\",\"url\":\"https:\/\/portaltela.pt\/noticias\/2026\/02\/27\/homem-detido-em-santarem-por-violacao-agravada-rapto-e-agressoes\/\",\"name\":\"Homem detido em Santar\u00e9m por viola\u00e7\u00e3o agravada, rapto e agress\u00f5es - Portal Tela Portugal\",\"isPartOf\":{\"@id\":\"https:\/\/portaltela.pt\/#website\"},\"primaryImageOfPage\":{\"@id\":\"https:\/\/portaltela.pt\/noticias\/2026\/02\/27\/homem-detido-em-santarem-por-violacao-agravada-rapto-e-agressoes\/#primaryimage\"},\"image\":{\"@id\":\"https:\/\/portaltela.pt\/noticias\/2026\/02\/27\/homem-detido-em-santarem-por-violacao-agravada-rapto-e-agressoes\/#primaryimage\"},\"thumbnailUrl\":\"https:\/\/portaltela.pt\/s.01k8rhncp4jt1\/2026\/02\/img_1500x1000uu2023-11-12-09-23-00-1490931-19.jpg\",\"datePublished\":\"2026-02-27T18:00:14+00:00\",\"author\":{\"@id\":\"https:\/\/portaltela.pt\/#\/schema\/person\/c4278d4a6028830caff9ee44b42d32ed\"},\"breadcrumb\":{\"@id\":\"https:\/\/portaltela.pt\/noticias\/2026\/02\/27\/homem-detido-em-santarem-por-violacao-agravada-rapto-e-agressoes\/#breadcrumb\"},\"inLanguage\":\"pt-PT\",\"potentialAction\":[{\"@type\":\"ReadAction\",\"target\":[\"https:\/\/portaltela.pt\/noticias\/2026\/02\/27\/homem-detido-em-santarem-por-violacao-agravada-rapto-e-agressoes\/\"]}]},{\"@type\":\"ImageObject\",\"inLanguage\":\"pt-PT\",\"@id\":\"https:\/\/portaltela.pt\/noticias\/2026\/02\/27\/homem-detido-em-santarem-por-violacao-agravada-rapto-e-agressoes\/#primaryimage\",\"url\":\"https:\/\/portaltela.pt\/s.01k8rhncp4jt1\/2026\/02\/img_1500x1000uu2023-11-12-09-23-00-1490931-19.jpg\",\"contentUrl\":\"https:\/\/portaltela.pt\/s.01k8rhncp4jt1\/2026\/02\/img_1500x1000uu2023-11-12-09-23-00-1490931-19.jpg\",\"width\":796,\"height\":448,\"caption\":\"PJ\"},{\"@type\":\"BreadcrumbList\",\"@id\":\"https:\/\/portaltela.pt\/noticias\/2026\/02\/27\/homem-detido-em-santarem-por-violacao-agravada-rapto-e-agressoes\/#breadcrumb\",\"itemListElement\":[{\"@type\":\"ListItem\",\"position\":1,\"name\":\"In\u00edcio\",\"item\":\"https:\/\/portaltela.pt\/\"},{\"@type\":\"ListItem\",\"position\":2,\"name\":\"Homem detido em Santar\u00e9m por viola\u00e7\u00e3o agravada, rapto e agress\u00f5es\"}]},{\"@type\":\"WebSite\",\"@id\":\"https:\/\/portaltela.pt\/#website\",\"url\":\"https:\/\/portaltela.pt\/\",\"name\":\"Portal Tela Portugal\",\"description\":\"\",\"potentialAction\":[{\"@type\":\"SearchAction\",\"target\":{\"@type\":\"EntryPoint\",\"urlTemplate\":\"https:\/\/portaltela.pt\/?s={search_term_string}\"},\"query-input\":{\"@type\":\"PropertyValueSpecification\",\"valueRequired\":true,\"valueName\":\"search_term_string\"}}],\"inLanguage\":\"pt-PT\"},{\"@type\":\"Person\",\"@id\":\"https:\/\/portaltela.pt\/#\/schema\/person\/c4278d4a6028830caff9ee44b42d32ed\",\"name\":\"Telinha\",\"image\":{\"@type\":\"ImageObject\",\"inLanguage\":\"pt-PT\",\"@id\":\"https:\/\/portaltela.pt\/s.01k8rhncp4jt1\/2025\/11\/talking-bot-125x125.png\",\"url\":\"https:\/\/portaltela.pt\/s.01k8rhncp4jt1\/2025\/11\/talking-bot-125x125.png\",\"contentUrl\":\"https:\/\/portaltela.pt\/s.01k8rhncp4jt1\/2025\/11\/talking-bot-125x125.png\",\"caption\":\"Telinha\"},\"sameAs\":[\"https:\/\/portaltela.pt\/\"],\"url\":\"https:\/\/portaltela.pt\/por\/367410592786\/\"}]}<\/script>\n<!-- \/ Yoast SEO plugin. -->","yoast_head_json":{"title":"Homem detido em Santar\u00e9m por viola\u00e7\u00e3o agravada, rapto e agress\u00f5es - Portal Tela Portugal","robots":{"index":"index","follow":"follow","max-snippet":"max-snippet:-1","max-image-preview":"max-image-preview:large","max-video-preview":"max-video-preview:-1"},"og_locale":"pt_PT","og_type":"article","og_title":"Homem detido em Santar\u00e9m por viola\u00e7\u00e3o agravada, rapto e agress\u00f5es - Portal Tela Portugal","og_description":"Um homem de 46 anos foi detido em Santar\u00e9m pela pr\u00e1tica de viola\u00e7\u00e3o agravada, rapto e ofensa \u00e0 integridade f\u00edsica contra dois homens de 36 e 56 anos, ocorridos entre 20 e 22 de fevereiro. O arguido, ao longo de tr\u00eas dias, transportou as v\u00edtimas para locais isolados com o objetivo de extorquir elevadas quantias de dinheiro. Uma das v\u00edtimas conseguiu libertar-se e pediu ajuda a desconhecidos, que alertaram a Guarda Nacional Republicana. O estado de sa\u00fade da v\u00edtima ferida era grave, tendo sido encaminhada para o Servi\u00e7o de Urg\u00eancia do Hospital de Santar\u00e9m; a investiga\u00e7\u00e3o envolveu a Sec\u00e7\u00e3o de Investiga\u00e7\u00e3o de Crimes Sexuais, a GNR e o Minist\u00e9rio P\u00fablico de Santar\u00e9m. O Minist\u00e9rio P\u00fablico emitiu mandado de deten\u00e7\u00e3o, que a Pol\u00edcia Judici\u00e1ria executou, e o detido ficou em pris\u00e3o preventiva, com proibi\u00e7\u00e3o de contactos com as v\u00edtimas e testemunhas.","og_url":"https:\/\/portaltela.pt\/noticias\/2026\/02\/27\/homem-detido-em-santarem-por-violacao-agravada-rapto-e-agressoes\/","og_site_name":"Portal Tela Portugal","article_published_time":"2026-02-27T18:00:14+00:00","author":"Telinha","twitter_card":"summary_large_image","twitter_misc":{"Escrito por":"Telinha","Tempo estimado de leitura":"1 minuto"},"schema":{"@context":"https:\/\/schema.org","@graph":[{"@type":"Article","@id":"https:\/\/portaltela.pt\/noticias\/2026\/02\/27\/homem-detido-em-santarem-por-violacao-agravada-rapto-e-agressoes\/#article","isPartOf":{"@id":"https:\/\/portaltela.pt\/noticias\/2026\/02\/27\/homem-detido-em-santarem-por-violacao-agravada-rapto-e-agressoes\/"},"author":{"name":"Telinha","@id":"https:\/\/portaltela.pt\/#\/schema\/person\/c4278d4a6028830caff9ee44b42d32ed"},"headline":"Homem detido em Santar\u00e9m por viola\u00e7\u00e3o agravada, rapto e agress\u00f5es","datePublished":"2026-02-27T18:00:14+00:00","mainEntityOfPage":{"@id":"https:\/\/portaltela.pt\/noticias\/2026\/02\/27\/homem-detido-em-santarem-por-violacao-agravada-rapto-e-agressoes\/"},"wordCount":226,"image":{"@id":"https:\/\/portaltela.pt\/noticias\/2026\/02\/27\/homem-detido-em-santarem-por-violacao-agravada-rapto-e-agressoes\/#primaryimage"},"thumbnailUrl":"https:\/\/portaltela.pt\/s.01k8rhncp4jt1\/2026\/02\/img_1500x1000uu2023-11-12-09-23-00-1490931-19.jpg","keywords":["agress\u00f5es","crimes sexuais","rapto agravado","Santar\u00e9m","tr\u00e1fico de drogas","viola\u00e7\u00e3o agravada"],"articleSection":["Not\u00edcias"],"inLanguage":"pt-PT"},{"@type":"WebPage","@id":"https:\/\/portaltela.pt\/noticias\/2026\/02\/27\/homem-detido-em-santarem-por-violacao-agravada-rapto-e-agressoes\/","url":"https:\/\/portaltela.pt\/noticias\/2026\/02\/27\/homem-detido-em-santarem-por-violacao-agravada-rapto-e-agressoes\/","name":"Homem detido em Santar\u00e9m por viola\u00e7\u00e3o agravada, rapto e agress\u00f5es - Portal Tela Portugal","isPartOf":{"@id":"https:\/\/portaltela.pt\/#website"},"primaryImageOfPage":{"@id":"https:\/\/portaltela.pt\/noticias\/2026\/02\/27\/homem-detido-em-santarem-por-violacao-agravada-rapto-e-agressoes\/#primaryimage"},"image":{"@id":"https:\/\/portaltela.pt\/noticias\/2026\/02\/27\/homem-detido-em-santarem-por-violacao-agravada-rapto-e-agressoes\/#primaryimage"},"thumbnailUrl":"https:\/\/portaltela.pt\/s.01k8rhncp4jt1\/2026\/02\/img_1500x1000uu2023-11-12-09-23-00-1490931-19.jpg","datePublished":"2026-02-27T18:00:14+00:00","author":{"@id":"https:\/\/portaltela.pt\/#\/schema\/person\/c4278d4a6028830caff9ee44b42d32ed"},"breadcrumb":{"@id":"https:\/\/portaltela.pt\/noticias\/2026\/02\/27\/homem-detido-em-santarem-por-violacao-agravada-rapto-e-agressoes\/#breadcrumb"},"inLanguage":"pt-PT","potentialAction":[{"@type":"ReadAction","target":["https:\/\/portaltela.pt\/noticias\/2026\/02\/27\/homem-detido-em-santarem-por-violacao-agravada-rapto-e-agressoes\/"]}]},{"@type":"ImageObject","inLanguage":"pt-PT","@id":"https:\/\/portaltela.pt\/noticias\/2026\/02\/27\/homem-detido-em-santarem-por-violacao-agravada-rapto-e-agressoes\/#primaryimage","url":"https:\/\/portaltela.pt\/s.01k8rhncp4jt1\/2026\/02\/img_1500x1000uu2023-11-12-09-23-00-1490931-19.jpg","contentUrl":"https:\/\/portaltela.pt\/s.01k8rhncp4jt1\/2026\/02\/img_1500x1000uu2023-11-12-09-23-00-1490931-19.jpg","width":796,"height":448,"caption":"PJ"},{"@type":"BreadcrumbList","@id":"https:\/\/portaltela.pt\/noticias\/2026\/02\/27\/homem-detido-em-santarem-por-violacao-agravada-rapto-e-agressoes\/#breadcrumb","itemListElement":[{"@type":"ListItem","position":1,"name":"In\u00edcio","item":"https:\/\/portaltela.pt\/"},{"@type":"ListItem","position":2,"name":"Homem detido em Santar\u00e9m por viola\u00e7\u00e3o agravada, rapto e agress\u00f5es"}]},{"@type":"WebSite","@id":"https:\/\/portaltela.pt\/#website","url":"https:\/\/portaltela.pt\/","name":"Portal Tela Portugal","description":"","potentialAction":[{"@type":"SearchAction","target":{"@type":"EntryPoint","urlTemplate":"https:\/\/portaltela.pt\/?s={search_term_string}"},"query-input":{"@type":"PropertyValueSpecification","valueRequired":true,"valueName":"search_term_string"}}],"inLanguage":"pt-PT"},{"@type":"Person","@id":"https:\/\/portaltela.pt\/#\/schema\/person\/c4278d4a6028830caff9ee44b42d32ed","name":"Telinha","image":{"@type":"ImageObject","inLanguage":"pt-PT","@id":"https:\/\/portaltela.pt\/s.01k8rhncp4jt1\/2025\/11\/talking-bot-125x125.png","url":"https:\/\/portaltela.pt\/s.01k8rhncp4jt1\/2025\/11\/talking-bot-125x125.png","contentUrl":"https:\/\/portaltela.pt\/s.01k8rhncp4jt1\/2025\/11\/talking-bot-125x125.png","caption":"Telinha"},"sameAs":["https:\/\/portaltela.pt\/"],"url":"https:\/\/portaltela.pt\/por\/367410592786\/"}]}},"_links":{"self":[{"href":"https:\/\/portaltela.pt\/api\/wp\/v2\/posts\/391216","targetHints":{"allow":["GET"]}}],"collection":[{"href":"https:\/\/portaltela.pt\/api\/wp\/v2\/posts"}],"about":[{"href":"https:\/\/portaltela.pt\/api\/wp\/v2\/types\/post"}],"author":[{"embeddable":true,"href":"https:\/\/portaltela.pt\/api\/wp\/v2\/users\/2"}],"replies":[{"embeddable":true,"href":"https:\/\/portaltela.pt\/api\/wp\/v2\/comments?post=391216"}],"version-history":[{"count":0,"href":"https:\/\/portaltela.pt\/api\/wp\/v2\/posts\/391216\/revisions"}],"wp:featuredmedia":[{"embeddable":true,"href":"https:\/\/portaltela.pt\/api\/wp\/v2\/media\/391221"}],"wp:attachment":[{"href":"https:\/\/portaltela.pt\/api\/wp\/v2\/media?parent=391216"}],"wp:term":[{"taxonomy":"category","embeddable":true,"href":"https:\/\/portaltela.pt\/api\/wp\/v2\/categories?post=391216"},{"taxonomy":"post_tag","embeddable":true,"href":"https:\/\/portaltela.pt\/api\/wp\/v2\/tags?post=391216"}],"curies":[{"name":"wp","href":"https:\/\/api.w.org\/{rel}","templated":true}]}}