{"id":391201,"date":"2026-02-27T14:27:00","date_gmt":"2026-02-27T17:27:00","guid":{"rendered":"https:\/\/portaltela.pt\/noticias\/2026\/02\/27\/fim-de-semana-com-passeio-entre-alheiras-e-camelias\/"},"modified":"2026-02-27T14:27:00","modified_gmt":"2026-02-27T17:27:00","slug":"fim-de-semana-com-passeio-entre-alheiras-e-camelias","status":"publish","type":"post","link":"https:\/\/portaltela.pt\/noticias\/2026\/02\/27\/fim-de-semana-com-passeio-entre-alheiras-e-camelias\/","title":{"rendered":"Fim de semana com passeio entre alheiras e cam\u00e9lias"},"content":{"rendered":"<p>A divulga\u00e7\u00e3o cultural deste fim de semana junta feiras, feiras de turismo e espet\u00e1culos em v\u00e1rias regi\u00f5es do pa\u00eds. Entre alheiras, cam\u00e9lias e m\u00fasica, o programa oferece op\u00e7\u00f5es para todos os gostos e idades. A entrada \u00e9 geralmente gratuita ou com custo m\u00ednimo.<\/p>\n<p>Em Mirandela, a Feira da Alheira celebra 26 anos com foco no enchido fumado e produtos locais. De 26 de fevereiro a 1 de mar\u00e7o, das 10h \u00e0s 24h, a refer\u00eancia transforma o Parque do Imp\u00e9rio numa zona pedonal. Expositores, demonstra\u00e7\u00f5es culin\u00e1rias e desfiles completam o cartaz.<\/p>\n<p>Na capital, o BTL \u2013 Better Tourism Lisbon Market regressa ao FIL. De 25 de fevereiro a 1 de mar\u00e7o, a feira expande-se por cinco pavilh\u00f5es, com 1700 expositores e mais de 125 destinos. Destacam-se o Brasil como Destino Internacional e o Algarve como Destino Nacional.<\/p>\n<p>Em Sintra, a XIII Exposi\u00e7\u00e3o de Cam\u00e9lias decorre no Largo Rainha D. Am\u00e9lia, junto ao Pal\u00e1cio Nacional de Sintra. De 28 de fevereiro a 1 de mar\u00e7o, h\u00e1 visitas guiadas por 5\u20ac e oportunidades para conhecer os vencedores do concurso, bem como workshops e rotas tem\u00e1ticas pelo Parque da Liberdade e jardins vizinhos.<\/p>\n<p>Em Braga, o Theatro Circo recebe Luca Argel em 28 de fevereiro, \u00e0s 21h30. O concerto, para maiores de 6 anos, apresenta o \u00e1lbum O Homem Triste, acompanhado por um mapa visual que enriquece a experi\u00eancia sonora. Moreno Veloso participa como convidado especial.<\/p>\n<p>No Porto, Paulo Flores atua na Casa da M\u00fasica no mesmo dia, \u00e0s 21h. O cantor angolano apresenta Can\u00e7\u00f5es Que Fiz pra Quem Me Ama, acompanhado por m\u00fasicos, numa viagem pela tradi\u00e7\u00e3o semba e novas leituras da m\u00fasica lus\u00f3fona.<\/p>\n<p>Em Lisboa, Ti Chitas &#8211; A Voz Que \u00c9 Uma Montanha estreia no Centro Cultural de Bel\u00e9m. De 26 de fevereiro a 1 de mar\u00e7o, h\u00e1 sess\u00f5es para escolas e p\u00fablico geral, com ingressos entre 3,50\u20ac e 7,50\u20ac. A \u00f3pera celebra a mem\u00f3ria de Catarina Sargenta e envolve oficinas de percuss\u00e3o.<\/p>\n","protected":false},"excerpt":{"rendered":"<ul>\n<li>Mirandela acolhe a Feira da Alheira de Mirandela, de 26 de fevereiro a 1 de mar\u00e7o, das 10h \u00e0s 24h, com entrada livre e mais de uma centena de expositores; h\u00e1 enchidos, queijos, azeites, mel, vinhos, p\u00e3o e artesanato, al\u00e9m de m\u00fasica, exposi\u00e7\u00f5es, demonstra\u00e7\u00f5es culin\u00e1rias, concursos, passeios TT e desfiles equestres.<\/li>\n<li>Em Lisboa, realiza-se a 36.\u00aa edi\u00e7\u00e3o da BTL \u2013 Better Tourism Lisbon Travel Market, de 25 de fevereiro a 1 de mar\u00e7o, no FIL; hor\u00e1rios variam entre sexta, s\u00e1bado e domingo; pre\u00e7o de entrada \u00e9 8 euros, gratuito para crian\u00e7as at\u00e9 aos 10 anos; o evento conta com 1.700 expositores e 125 destinos, incluindo foco no Brasil, Algarve e Figueira da Foz.<\/li>\n<li>Sintra recebe a XIII Exposi\u00e7\u00e3o de Cam\u00e9lias, no Largo Rainha D. Am\u00e9lia, de 28 de fevereiro a 1 de mar\u00e7o; s\u00e1bado, 12h-18h; domingo, 9h30-18h; entrada livre, visitas paralelas a 5 euros mediante inscri\u00e7\u00e3o; mostra inclui workshops e visitas guiadas a jardins e quintas.<\/li>\n<li>Em Braga, o Theatro Circo recebe Luca Argel a 28 de fevereiro, \u00e0s 21h30; ingresso entre 12 e 15 euros; o cantor apresenta o novo \u00e1lbum O Homem Triste, com uma produ\u00e7\u00e3o que inclui o Mapa d\u2019O Homem Triste e presen\u00e7a de Moreno Veloso.<\/li>\n<li>No Porto, Paulo Flores atua na Casa da M\u00fasica a 28 de fevereiro, \u00e0s 21h; bilheteira entre 25 e 45 euros; o concerto faz parte da tourn\u00e9e de Can\u00e7\u00f5es Que Fiz pra Quem Me Ama, do artista angolano.<\/li>\n<\/ul>\n","protected":false},"author":2,"featured_media":391213,"comment_status":"closed","ping_status":"closed","sticky":false,"template":"","format":"standard","meta":{"footnotes":""},"categories":[1],"tags":[1207,145,6472,1315,1110,169],"class_list":["post-391201","post","type-post","status-publish","format-standard","has-post-thumbnail","hentry","category-noticias","tag-braga","tag-cultura","tag-feiras","tag-mirandela","tag-sintra","tag-turismo"],"yoast_head":"<!-- This site is optimized with the Yoast SEO plugin v27.2 - https:\/\/yoast.com\/product\/yoast-seo-wordpress\/ -->\n<title>Fim de semana com passeio entre alheiras e cam\u00e9lias - Portal Tela Portugal<\/title>\n<meta name=\"robots\" content=\"index, follow, max-snippet:-1, max-image-preview:large, max-video-preview:-1\" \/>\n<meta property=\"og:locale\" content=\"pt_PT\" \/>\n<meta property=\"og:type\" content=\"article\" \/>\n<meta property=\"og:title\" content=\"Fim de semana com passeio entre alheiras e cam\u00e9lias - Portal Tela Portugal\" \/>\n<meta property=\"og:description\" content=\"Mirandela acolhe a Feira da Alheira de Mirandela, de 26 de fevereiro a 1 de mar\u00e7o, das 10h \u00e0s 24h, com entrada livre e mais de uma centena de expositores; h\u00e1 enchidos, queijos, azeites, mel, vinhos, p\u00e3o e artesanato, al\u00e9m de m\u00fasica, exposi\u00e7\u00f5es, demonstra\u00e7\u00f5es culin\u00e1rias, concursos, passeios TT e desfiles equestres. Em Lisboa, realiza-se a 36.\u00aa edi\u00e7\u00e3o da BTL \u2013 Better Tourism Lisbon Travel Market, de 25 de fevereiro a 1 de mar\u00e7o, no FIL; hor\u00e1rios variam entre sexta, s\u00e1bado e domingo; pre\u00e7o de entrada \u00e9 8 euros, gratuito para crian\u00e7as at\u00e9 aos 10 anos; o evento conta com 1.700 expositores e 125 destinos, incluindo foco no Brasil, Algarve e Figueira da Foz. Sintra recebe a XIII Exposi\u00e7\u00e3o de Cam\u00e9lias, no Largo Rainha D. Am\u00e9lia, de 28 de fevereiro a 1 de mar\u00e7o; s\u00e1bado, 12h-18h; domingo, 9h30-18h; entrada livre, visitas paralelas a 5 euros mediante inscri\u00e7\u00e3o; mostra inclui workshops e visitas guiadas a jardins e quintas. Em Braga, o Theatro Circo recebe Luca Argel a 28 de fevereiro, \u00e0s 21h30; ingresso entre 12 e 15 euros; o cantor apresenta o novo \u00e1lbum O Homem Triste, com uma produ\u00e7\u00e3o que inclui o Mapa d\u2019O Homem Triste e presen\u00e7a de Moreno Veloso. No Porto, Paulo Flores atua na Casa da M\u00fasica a 28 de fevereiro, \u00e0s 21h; bilheteira entre 25 e 45 euros; o concerto faz parte da tourn\u00e9e de Can\u00e7\u00f5es Que Fiz pra Quem Me Ama, do artista angolano.\" \/>\n<meta property=\"og:url\" content=\"https:\/\/portaltela.pt\/noticias\/2026\/02\/27\/fim-de-semana-com-passeio-entre-alheiras-e-camelias\/\" \/>\n<meta property=\"og:site_name\" content=\"Portal Tela Portugal\" \/>\n<meta property=\"article:published_time\" content=\"2026-02-27T17:27:00+00:00\" \/>\n<meta name=\"author\" content=\"Telinha\" \/>\n<meta name=\"twitter:card\" content=\"summary_large_image\" \/>\n<meta name=\"twitter:label1\" content=\"Escrito por\" \/>\n\t<meta name=\"twitter:data1\" content=\"Telinha\" \/>\n\t<meta name=\"twitter:label2\" content=\"Tempo estimado de leitura\" \/>\n\t<meta name=\"twitter:data2\" content=\"2 minutos\" \/>\n<script type=\"application\/ld+json\" class=\"yoast-schema-graph\">{\"@context\":\"https:\/\/schema.org\",\"@graph\":[{\"@type\":\"Article\",\"@id\":\"https:\/\/portaltela.pt\/noticias\/2026\/02\/27\/fim-de-semana-com-passeio-entre-alheiras-e-camelias\/#article\",\"isPartOf\":{\"@id\":\"https:\/\/portaltela.pt\/noticias\/2026\/02\/27\/fim-de-semana-com-passeio-entre-alheiras-e-camelias\/\"},\"author\":{\"name\":\"Telinha\",\"@id\":\"https:\/\/portaltela.pt\/#\/schema\/person\/c4278d4a6028830caff9ee44b42d32ed\"},\"headline\":\"Fim de semana com passeio entre alheiras e cam\u00e9lias\",\"datePublished\":\"2026-02-27T17:27:00+00:00\",\"mainEntityOfPage\":{\"@id\":\"https:\/\/portaltela.pt\/noticias\/2026\/02\/27\/fim-de-semana-com-passeio-entre-alheiras-e-camelias\/\"},\"wordCount\":348,\"image\":{\"@id\":\"https:\/\/portaltela.pt\/noticias\/2026\/02\/27\/fim-de-semana-com-passeio-entre-alheiras-e-camelias\/#primaryimage\"},\"thumbnailUrl\":\"https:\/\/portaltela.pt\/s.01k8rhncp4jt1\/2026\/02\/2070309.jpg\",\"keywords\":[\"Braga\",\"cultura\",\"feiras\",\"Mirandela\",\"Sintra\",\"turismo\"],\"articleSection\":[\"Not\u00edcias\"],\"inLanguage\":\"pt-PT\"},{\"@type\":\"WebPage\",\"@id\":\"https:\/\/portaltela.pt\/noticias\/2026\/02\/27\/fim-de-semana-com-passeio-entre-alheiras-e-camelias\/\",\"url\":\"https:\/\/portaltela.pt\/noticias\/2026\/02\/27\/fim-de-semana-com-passeio-entre-alheiras-e-camelias\/\",\"name\":\"Fim de semana com passeio entre alheiras e cam\u00e9lias - Portal Tela Portugal\",\"isPartOf\":{\"@id\":\"https:\/\/portaltela.pt\/#website\"},\"primaryImageOfPage\":{\"@id\":\"https:\/\/portaltela.pt\/noticias\/2026\/02\/27\/fim-de-semana-com-passeio-entre-alheiras-e-camelias\/#primaryimage\"},\"image\":{\"@id\":\"https:\/\/portaltela.pt\/noticias\/2026\/02\/27\/fim-de-semana-com-passeio-entre-alheiras-e-camelias\/#primaryimage\"},\"thumbnailUrl\":\"https:\/\/portaltela.pt\/s.01k8rhncp4jt1\/2026\/02\/2070309.jpg\",\"datePublished\":\"2026-02-27T17:27:00+00:00\",\"author\":{\"@id\":\"https:\/\/portaltela.pt\/#\/schema\/person\/c4278d4a6028830caff9ee44b42d32ed\"},\"breadcrumb\":{\"@id\":\"https:\/\/portaltela.pt\/noticias\/2026\/02\/27\/fim-de-semana-com-passeio-entre-alheiras-e-camelias\/#breadcrumb\"},\"inLanguage\":\"pt-PT\",\"potentialAction\":[{\"@type\":\"ReadAction\",\"target\":[\"https:\/\/portaltela.pt\/noticias\/2026\/02\/27\/fim-de-semana-com-passeio-entre-alheiras-e-camelias\/\"]}]},{\"@type\":\"ImageObject\",\"inLanguage\":\"pt-PT\",\"@id\":\"https:\/\/portaltela.pt\/noticias\/2026\/02\/27\/fim-de-semana-com-passeio-entre-alheiras-e-camelias\/#primaryimage\",\"url\":\"https:\/\/portaltela.pt\/s.01k8rhncp4jt1\/2026\/02\/2070309.jpg\",\"contentUrl\":\"https:\/\/portaltela.pt\/s.01k8rhncp4jt1\/2026\/02\/2070309.jpg\",\"width\":796,\"height\":448,\"caption\":\"Feira da Alheira de Mirandela\"},{\"@type\":\"BreadcrumbList\",\"@id\":\"https:\/\/portaltela.pt\/noticias\/2026\/02\/27\/fim-de-semana-com-passeio-entre-alheiras-e-camelias\/#breadcrumb\",\"itemListElement\":[{\"@type\":\"ListItem\",\"position\":1,\"name\":\"In\u00edcio\",\"item\":\"https:\/\/portaltela.pt\/\"},{\"@type\":\"ListItem\",\"position\":2,\"name\":\"Fim de semana com passeio entre alheiras e cam\u00e9lias\"}]},{\"@type\":\"WebSite\",\"@id\":\"https:\/\/portaltela.pt\/#website\",\"url\":\"https:\/\/portaltela.pt\/\",\"name\":\"Portal Tela Portugal\",\"description\":\"\",\"potentialAction\":[{\"@type\":\"SearchAction\",\"target\":{\"@type\":\"EntryPoint\",\"urlTemplate\":\"https:\/\/portaltela.pt\/?s={search_term_string}\"},\"query-input\":{\"@type\":\"PropertyValueSpecification\",\"valueRequired\":true,\"valueName\":\"search_term_string\"}}],\"inLanguage\":\"pt-PT\"},{\"@type\":\"Person\",\"@id\":\"https:\/\/portaltela.pt\/#\/schema\/person\/c4278d4a6028830caff9ee44b42d32ed\",\"name\":\"Telinha\",\"image\":{\"@type\":\"ImageObject\",\"inLanguage\":\"pt-PT\",\"@id\":\"https:\/\/portaltela.pt\/s.01k8rhncp4jt1\/2025\/11\/talking-bot-125x125.png\",\"url\":\"https:\/\/portaltela.pt\/s.01k8rhncp4jt1\/2025\/11\/talking-bot-125x125.png\",\"contentUrl\":\"https:\/\/portaltela.pt\/s.01k8rhncp4jt1\/2025\/11\/talking-bot-125x125.png\",\"caption\":\"Telinha\"},\"sameAs\":[\"https:\/\/portaltela.pt\/\"],\"url\":\"https:\/\/portaltela.pt\/por\/367410592786\/\"}]}<\/script>\n<!-- \/ Yoast SEO plugin. -->","yoast_head_json":{"title":"Fim de semana com passeio entre alheiras e cam\u00e9lias - Portal Tela Portugal","robots":{"index":"index","follow":"follow","max-snippet":"max-snippet:-1","max-image-preview":"max-image-preview:large","max-video-preview":"max-video-preview:-1"},"og_locale":"pt_PT","og_type":"article","og_title":"Fim de semana com passeio entre alheiras e cam\u00e9lias - Portal Tela Portugal","og_description":"Mirandela acolhe a Feira da Alheira de Mirandela, de 26 de fevereiro a 1 de mar\u00e7o, das 10h \u00e0s 24h, com entrada livre e mais de uma centena de expositores; h\u00e1 enchidos, queijos, azeites, mel, vinhos, p\u00e3o e artesanato, al\u00e9m de m\u00fasica, exposi\u00e7\u00f5es, demonstra\u00e7\u00f5es culin\u00e1rias, concursos, passeios TT e desfiles equestres. Em Lisboa, realiza-se a 36.\u00aa edi\u00e7\u00e3o da BTL \u2013 Better Tourism Lisbon Travel Market, de 25 de fevereiro a 1 de mar\u00e7o, no FIL; hor\u00e1rios variam entre sexta, s\u00e1bado e domingo; pre\u00e7o de entrada \u00e9 8 euros, gratuito para crian\u00e7as at\u00e9 aos 10 anos; o evento conta com 1.700 expositores e 125 destinos, incluindo foco no Brasil, Algarve e Figueira da Foz. Sintra recebe a XIII Exposi\u00e7\u00e3o de Cam\u00e9lias, no Largo Rainha D. Am\u00e9lia, de 28 de fevereiro a 1 de mar\u00e7o; s\u00e1bado, 12h-18h; domingo, 9h30-18h; entrada livre, visitas paralelas a 5 euros mediante inscri\u00e7\u00e3o; mostra inclui workshops e visitas guiadas a jardins e quintas. Em Braga, o Theatro Circo recebe Luca Argel a 28 de fevereiro, \u00e0s 21h30; ingresso entre 12 e 15 euros; o cantor apresenta o novo \u00e1lbum O Homem Triste, com uma produ\u00e7\u00e3o que inclui o Mapa d\u2019O Homem Triste e presen\u00e7a de Moreno Veloso. No Porto, Paulo Flores atua na Casa da M\u00fasica a 28 de fevereiro, \u00e0s 21h; bilheteira entre 25 e 45 euros; o concerto faz parte da tourn\u00e9e de Can\u00e7\u00f5es Que Fiz pra Quem Me Ama, do artista angolano.","og_url":"https:\/\/portaltela.pt\/noticias\/2026\/02\/27\/fim-de-semana-com-passeio-entre-alheiras-e-camelias\/","og_site_name":"Portal Tela Portugal","article_published_time":"2026-02-27T17:27:00+00:00","author":"Telinha","twitter_card":"summary_large_image","twitter_misc":{"Escrito por":"Telinha","Tempo estimado de leitura":"2 minutos"},"schema":{"@context":"https:\/\/schema.org","@graph":[{"@type":"Article","@id":"https:\/\/portaltela.pt\/noticias\/2026\/02\/27\/fim-de-semana-com-passeio-entre-alheiras-e-camelias\/#article","isPartOf":{"@id":"https:\/\/portaltela.pt\/noticias\/2026\/02\/27\/fim-de-semana-com-passeio-entre-alheiras-e-camelias\/"},"author":{"name":"Telinha","@id":"https:\/\/portaltela.pt\/#\/schema\/person\/c4278d4a6028830caff9ee44b42d32ed"},"headline":"Fim de semana com passeio entre alheiras e cam\u00e9lias","datePublished":"2026-02-27T17:27:00+00:00","mainEntityOfPage":{"@id":"https:\/\/portaltela.pt\/noticias\/2026\/02\/27\/fim-de-semana-com-passeio-entre-alheiras-e-camelias\/"},"wordCount":348,"image":{"@id":"https:\/\/portaltela.pt\/noticias\/2026\/02\/27\/fim-de-semana-com-passeio-entre-alheiras-e-camelias\/#primaryimage"},"thumbnailUrl":"https:\/\/portaltela.pt\/s.01k8rhncp4jt1\/2026\/02\/2070309.jpg","keywords":["Braga","cultura","feiras","Mirandela","Sintra","turismo"],"articleSection":["Not\u00edcias"],"inLanguage":"pt-PT"},{"@type":"WebPage","@id":"https:\/\/portaltela.pt\/noticias\/2026\/02\/27\/fim-de-semana-com-passeio-entre-alheiras-e-camelias\/","url":"https:\/\/portaltela.pt\/noticias\/2026\/02\/27\/fim-de-semana-com-passeio-entre-alheiras-e-camelias\/","name":"Fim de semana com passeio entre alheiras e cam\u00e9lias - Portal Tela Portugal","isPartOf":{"@id":"https:\/\/portaltela.pt\/#website"},"primaryImageOfPage":{"@id":"https:\/\/portaltela.pt\/noticias\/2026\/02\/27\/fim-de-semana-com-passeio-entre-alheiras-e-camelias\/#primaryimage"},"image":{"@id":"https:\/\/portaltela.pt\/noticias\/2026\/02\/27\/fim-de-semana-com-passeio-entre-alheiras-e-camelias\/#primaryimage"},"thumbnailUrl":"https:\/\/portaltela.pt\/s.01k8rhncp4jt1\/2026\/02\/2070309.jpg","datePublished":"2026-02-27T17:27:00+00:00","author":{"@id":"https:\/\/portaltela.pt\/#\/schema\/person\/c4278d4a6028830caff9ee44b42d32ed"},"breadcrumb":{"@id":"https:\/\/portaltela.pt\/noticias\/2026\/02\/27\/fim-de-semana-com-passeio-entre-alheiras-e-camelias\/#breadcrumb"},"inLanguage":"pt-PT","potentialAction":[{"@type":"ReadAction","target":["https:\/\/portaltela.pt\/noticias\/2026\/02\/27\/fim-de-semana-com-passeio-entre-alheiras-e-camelias\/"]}]},{"@type":"ImageObject","inLanguage":"pt-PT","@id":"https:\/\/portaltela.pt\/noticias\/2026\/02\/27\/fim-de-semana-com-passeio-entre-alheiras-e-camelias\/#primaryimage","url":"https:\/\/portaltela.pt\/s.01k8rhncp4jt1\/2026\/02\/2070309.jpg","contentUrl":"https:\/\/portaltela.pt\/s.01k8rhncp4jt1\/2026\/02\/2070309.jpg","width":796,"height":448,"caption":"Feira da Alheira de Mirandela"},{"@type":"BreadcrumbList","@id":"https:\/\/portaltela.pt\/noticias\/2026\/02\/27\/fim-de-semana-com-passeio-entre-alheiras-e-camelias\/#breadcrumb","itemListElement":[{"@type":"ListItem","position":1,"name":"In\u00edcio","item":"https:\/\/portaltela.pt\/"},{"@type":"ListItem","position":2,"name":"Fim de semana com passeio entre alheiras e cam\u00e9lias"}]},{"@type":"WebSite","@id":"https:\/\/portaltela.pt\/#website","url":"https:\/\/portaltela.pt\/","name":"Portal Tela Portugal","description":"","potentialAction":[{"@type":"SearchAction","target":{"@type":"EntryPoint","urlTemplate":"https:\/\/portaltela.pt\/?s={search_term_string}"},"query-input":{"@type":"PropertyValueSpecification","valueRequired":true,"valueName":"search_term_string"}}],"inLanguage":"pt-PT"},{"@type":"Person","@id":"https:\/\/portaltela.pt\/#\/schema\/person\/c4278d4a6028830caff9ee44b42d32ed","name":"Telinha","image":{"@type":"ImageObject","inLanguage":"pt-PT","@id":"https:\/\/portaltela.pt\/s.01k8rhncp4jt1\/2025\/11\/talking-bot-125x125.png","url":"https:\/\/portaltela.pt\/s.01k8rhncp4jt1\/2025\/11\/talking-bot-125x125.png","contentUrl":"https:\/\/portaltela.pt\/s.01k8rhncp4jt1\/2025\/11\/talking-bot-125x125.png","caption":"Telinha"},"sameAs":["https:\/\/portaltela.pt\/"],"url":"https:\/\/portaltela.pt\/por\/367410592786\/"}]}},"_links":{"self":[{"href":"https:\/\/portaltela.pt\/api\/wp\/v2\/posts\/391201","targetHints":{"allow":["GET"]}}],"collection":[{"href":"https:\/\/portaltela.pt\/api\/wp\/v2\/posts"}],"about":[{"href":"https:\/\/portaltela.pt\/api\/wp\/v2\/types\/post"}],"author":[{"embeddable":true,"href":"https:\/\/portaltela.pt\/api\/wp\/v2\/users\/2"}],"replies":[{"embeddable":true,"href":"https:\/\/portaltela.pt\/api\/wp\/v2\/comments?post=391201"}],"version-history":[{"count":0,"href":"https:\/\/portaltela.pt\/api\/wp\/v2\/posts\/391201\/revisions"}],"wp:featuredmedia":[{"embeddable":true,"href":"https:\/\/portaltela.pt\/api\/wp\/v2\/media\/391213"}],"wp:attachment":[{"href":"https:\/\/portaltela.pt\/api\/wp\/v2\/media?parent=391201"}],"wp:term":[{"taxonomy":"category","embeddable":true,"href":"https:\/\/portaltela.pt\/api\/wp\/v2\/categories?post=391201"},{"taxonomy":"post_tag","embeddable":true,"href":"https:\/\/portaltela.pt\/api\/wp\/v2\/tags?post=391201"}],"curies":[{"name":"wp","href":"https:\/\/api.w.org\/{rel}","templated":true}]}}