{"id":391185,"date":"2026-02-27T14:46:52","date_gmt":"2026-02-27T17:46:52","guid":{"rendered":"https:\/\/portaltela.pt\/noticias\/2026\/02\/27\/ultima-hora\/"},"modified":"2026-02-27T14:46:52","modified_gmt":"2026-02-27T17:46:52","slug":"ultima-hora","status":"publish","type":"post","link":"https:\/\/portaltela.pt\/noticias\/2026\/02\/27\/ultima-hora\/","title":{"rendered":"\u00daltima hora"},"content":{"rendered":"<p>Um el\u00e9trico da linha 9 descarrilou por volta das 16h desta sexta-feira, na Viale Vittorio Veneto, no centro de Mil\u00e3o, a caminho de Porta Genova. O ve\u00edculo embateu contra um edif\u00edcio, atingindo alguns transeuntes e uma montra. H\u00e1 pelo menos 38 feridos, alguns em estado grave, e uma pessoa morreu.<\/p>\n<p>Inicialmente chegou-se a falar numa v\u00edtima presa debaixo do el\u00e9trico, mas os bombeiros confirmaram mais tarde que n\u00e3o houve passageiros ou transeuntes retidos. O local foi cercado, e dezenas de operacionais trabalham no local para socorro e levantamento de informa\u00e7\u00f5es.<\/p>\n<p>No total, foram enviados cinco ve\u00edculos de socorro e 25 homens para a ocorr\u00eancia. A pol\u00edcia est\u00e1 no local, a acompanhar as opera\u00e7\u00f5es.<\/p>\n<h3>Inqu\u00e9rito aberto<\/h3>\n<p>A Procuradoria-Geral de Mil\u00e3o vai abrir um inqu\u00e9rito para apurar homic\u00eddio involunt\u00e1rio. O Procurador-Geral Marcello Viola dirige-se ao local, onde as causas do descarrilamento ainda n\u00e3o s\u00e3o conhecidas. As autoridades aguardam per\u00edcias t\u00e9cnicas para determinar fatores contributivos.<\/p>\n","protected":false},"excerpt":{"rendered":"<ul>\n<li>Um el\u00e9trico da linha nove descarrilou por volta das 16h desta sexta-feira na Viale Vittorio Veneto, no centro de Mil\u00e3o, a caminho de Porta Genova, embatando num edif\u00edcio.<\/li>\n<li>H\u00e1 pelo menos 38 feridos, alguns em estado grave, e uma pessoa morreu; inicialmente chegou-se a falar em algu\u00e9m preso debaixo do ve\u00edculo, mas isso foi negado.<\/li>\n<li>Foram enviados cinco ve\u00edculos de socorro e 25 operacionais, com a pol\u00edcia no local.<\/li>\n<li>A Procuradoria-Geral de Mil\u00e3o vai abrir um inqu\u00e9rito para apurar homic\u00eddio involunt\u00e1rio; o Procurador-Geral Marcello Viola est\u00e1 a caminho do local.<\/li>\n<li>As causas do acidente ainda s\u00e3o desconhecidas.<\/li>\n<\/ul>\n","protected":false},"author":2,"featured_media":391200,"comment_status":"closed","ping_status":"closed","sticky":false,"template":"","format":"standard","meta":{"footnotes":""},"categories":[1],"tags":[5487,3448,4326,3449,3764,2395],"class_list":["post-391185","post","type-post","status-publish","format-standard","has-post-thumbnail","hentry","category-noticias","tag-acidente","tag-descarrilamento","tag-electrico","tag-feridos","tag-feridos-graves","tag-homicidio-involuntario"],"yoast_head":"<!-- This site is optimized with the Yoast SEO plugin v27.2 - https:\/\/yoast.com\/product\/yoast-seo-wordpress\/ -->\n<title>\u00daltima hora - Portal Tela Portugal<\/title>\n<meta name=\"robots\" content=\"index, follow, max-snippet:-1, max-image-preview:large, max-video-preview:-1\" \/>\n<meta property=\"og:locale\" content=\"pt_PT\" \/>\n<meta property=\"og:type\" content=\"article\" \/>\n<meta property=\"og:title\" content=\"\u00daltima hora - Portal Tela Portugal\" \/>\n<meta property=\"og:description\" content=\"Um el\u00e9trico da linha nove descarrilou por volta das 16h desta sexta-feira na Viale Vittorio Veneto, no centro de Mil\u00e3o, a caminho de Porta Genova, embatando num edif\u00edcio. H\u00e1 pelo menos 38 feridos, alguns em estado grave, e uma pessoa morreu; inicialmente chegou-se a falar em algu\u00e9m preso debaixo do ve\u00edculo, mas isso foi negado. Foram enviados cinco ve\u00edculos de socorro e 25 operacionais, com a pol\u00edcia no local. A Procuradoria-Geral de Mil\u00e3o vai abrir um inqu\u00e9rito para apurar homic\u00eddio involunt\u00e1rio; o Procurador-Geral Marcello Viola est\u00e1 a caminho do local. As causas do acidente ainda s\u00e3o desconhecidas.\" \/>\n<meta property=\"og:url\" content=\"https:\/\/portaltela.pt\/noticias\/2026\/02\/27\/ultima-hora\/\" \/>\n<meta property=\"og:site_name\" content=\"Portal Tela Portugal\" \/>\n<meta property=\"article:published_time\" content=\"2026-02-27T17:46:52+00:00\" \/>\n<meta name=\"author\" content=\"Telinha\" \/>\n<meta name=\"twitter:card\" content=\"summary_large_image\" \/>\n<meta name=\"twitter:label1\" content=\"Escrito por\" \/>\n\t<meta name=\"twitter:data1\" content=\"Telinha\" \/>\n\t<meta name=\"twitter:label2\" content=\"Tempo estimado de leitura\" \/>\n\t<meta name=\"twitter:data2\" content=\"1 minuto\" \/>\n<script type=\"application\/ld+json\" class=\"yoast-schema-graph\">{\"@context\":\"https:\/\/schema.org\",\"@graph\":[{\"@type\":\"Article\",\"@id\":\"https:\/\/portaltela.pt\/noticias\/2026\/02\/27\/ultima-hora\/#article\",\"isPartOf\":{\"@id\":\"https:\/\/portaltela.pt\/noticias\/2026\/02\/27\/ultima-hora\/\"},\"author\":{\"name\":\"Telinha\",\"@id\":\"https:\/\/portaltela.pt\/#\/schema\/person\/c4278d4a6028830caff9ee44b42d32ed\"},\"headline\":\"\u00daltima hora\",\"datePublished\":\"2026-02-27T17:46:52+00:00\",\"mainEntityOfPage\":{\"@id\":\"https:\/\/portaltela.pt\/noticias\/2026\/02\/27\/ultima-hora\/\"},\"wordCount\":172,\"image\":{\"@id\":\"https:\/\/portaltela.pt\/noticias\/2026\/02\/27\/ultima-hora\/#primaryimage\"},\"thumbnailUrl\":\"https:\/\/portaltela.pt\/s.01k8rhncp4jt1\/2026\/02\/1536x864_cmsv2_aead3bc6-267b-5fb6-98fc-f468e4c53ca8-9668832.jpg\",\"keywords\":[\"acidente\",\"descarrilamento\",\"El\u00e9ctrico\",\"feridos\",\"feridos graves\",\"homic\u00eddio involunt\u00e1rio\"],\"articleSection\":[\"Not\u00edcias\"],\"inLanguage\":\"pt-PT\"},{\"@type\":\"WebPage\",\"@id\":\"https:\/\/portaltela.pt\/noticias\/2026\/02\/27\/ultima-hora\/\",\"url\":\"https:\/\/portaltela.pt\/noticias\/2026\/02\/27\/ultima-hora\/\",\"name\":\"\u00daltima hora - Portal Tela Portugal\",\"isPartOf\":{\"@id\":\"https:\/\/portaltela.pt\/#website\"},\"primaryImageOfPage\":{\"@id\":\"https:\/\/portaltela.pt\/noticias\/2026\/02\/27\/ultima-hora\/#primaryimage\"},\"image\":{\"@id\":\"https:\/\/portaltela.pt\/noticias\/2026\/02\/27\/ultima-hora\/#primaryimage\"},\"thumbnailUrl\":\"https:\/\/portaltela.pt\/s.01k8rhncp4jt1\/2026\/02\/1536x864_cmsv2_aead3bc6-267b-5fb6-98fc-f468e4c53ca8-9668832.jpg\",\"datePublished\":\"2026-02-27T17:46:52+00:00\",\"author\":{\"@id\":\"https:\/\/portaltela.pt\/#\/schema\/person\/c4278d4a6028830caff9ee44b42d32ed\"},\"breadcrumb\":{\"@id\":\"https:\/\/portaltela.pt\/noticias\/2026\/02\/27\/ultima-hora\/#breadcrumb\"},\"inLanguage\":\"pt-PT\",\"potentialAction\":[{\"@type\":\"ReadAction\",\"target\":[\"https:\/\/portaltela.pt\/noticias\/2026\/02\/27\/ultima-hora\/\"]}]},{\"@type\":\"ImageObject\",\"inLanguage\":\"pt-PT\",\"@id\":\"https:\/\/portaltela.pt\/noticias\/2026\/02\/27\/ultima-hora\/#primaryimage\",\"url\":\"https:\/\/portaltela.pt\/s.01k8rhncp4jt1\/2026\/02\/1536x864_cmsv2_aead3bc6-267b-5fb6-98fc-f468e4c53ca8-9668832.jpg\",\"contentUrl\":\"https:\/\/portaltela.pt\/s.01k8rhncp4jt1\/2026\/02\/1536x864_cmsv2_aead3bc6-267b-5fb6-98fc-f468e4c53ca8-9668832.jpg\",\"width\":796,\"height\":448,\"caption\":\"Descarrilamento de el\u00e9trico em Mil\u00e3o: um morto e pelo menos 38 feridos\"},{\"@type\":\"BreadcrumbList\",\"@id\":\"https:\/\/portaltela.pt\/noticias\/2026\/02\/27\/ultima-hora\/#breadcrumb\",\"itemListElement\":[{\"@type\":\"ListItem\",\"position\":1,\"name\":\"In\u00edcio\",\"item\":\"https:\/\/portaltela.pt\/\"},{\"@type\":\"ListItem\",\"position\":2,\"name\":\"\u00daltima hora\"}]},{\"@type\":\"WebSite\",\"@id\":\"https:\/\/portaltela.pt\/#website\",\"url\":\"https:\/\/portaltela.pt\/\",\"name\":\"Portal Tela Portugal\",\"description\":\"\",\"potentialAction\":[{\"@type\":\"SearchAction\",\"target\":{\"@type\":\"EntryPoint\",\"urlTemplate\":\"https:\/\/portaltela.pt\/?s={search_term_string}\"},\"query-input\":{\"@type\":\"PropertyValueSpecification\",\"valueRequired\":true,\"valueName\":\"search_term_string\"}}],\"inLanguage\":\"pt-PT\"},{\"@type\":\"Person\",\"@id\":\"https:\/\/portaltela.pt\/#\/schema\/person\/c4278d4a6028830caff9ee44b42d32ed\",\"name\":\"Telinha\",\"image\":{\"@type\":\"ImageObject\",\"inLanguage\":\"pt-PT\",\"@id\":\"https:\/\/portaltela.pt\/s.01k8rhncp4jt1\/2025\/11\/talking-bot-125x125.png\",\"url\":\"https:\/\/portaltela.pt\/s.01k8rhncp4jt1\/2025\/11\/talking-bot-125x125.png\",\"contentUrl\":\"https:\/\/portaltela.pt\/s.01k8rhncp4jt1\/2025\/11\/talking-bot-125x125.png\",\"caption\":\"Telinha\"},\"sameAs\":[\"https:\/\/portaltela.pt\/\"],\"url\":\"https:\/\/portaltela.pt\/por\/367410592786\/\"}]}<\/script>\n<!-- \/ Yoast SEO plugin. -->","yoast_head_json":{"title":"\u00daltima hora - Portal Tela Portugal","robots":{"index":"index","follow":"follow","max-snippet":"max-snippet:-1","max-image-preview":"max-image-preview:large","max-video-preview":"max-video-preview:-1"},"og_locale":"pt_PT","og_type":"article","og_title":"\u00daltima hora - Portal Tela Portugal","og_description":"Um el\u00e9trico da linha nove descarrilou por volta das 16h desta sexta-feira na Viale Vittorio Veneto, no centro de Mil\u00e3o, a caminho de Porta Genova, embatando num edif\u00edcio. H\u00e1 pelo menos 38 feridos, alguns em estado grave, e uma pessoa morreu; inicialmente chegou-se a falar em algu\u00e9m preso debaixo do ve\u00edculo, mas isso foi negado. Foram enviados cinco ve\u00edculos de socorro e 25 operacionais, com a pol\u00edcia no local. A Procuradoria-Geral de Mil\u00e3o vai abrir um inqu\u00e9rito para apurar homic\u00eddio involunt\u00e1rio; o Procurador-Geral Marcello Viola est\u00e1 a caminho do local. As causas do acidente ainda s\u00e3o desconhecidas.","og_url":"https:\/\/portaltela.pt\/noticias\/2026\/02\/27\/ultima-hora\/","og_site_name":"Portal Tela Portugal","article_published_time":"2026-02-27T17:46:52+00:00","author":"Telinha","twitter_card":"summary_large_image","twitter_misc":{"Escrito por":"Telinha","Tempo estimado de leitura":"1 minuto"},"schema":{"@context":"https:\/\/schema.org","@graph":[{"@type":"Article","@id":"https:\/\/portaltela.pt\/noticias\/2026\/02\/27\/ultima-hora\/#article","isPartOf":{"@id":"https:\/\/portaltela.pt\/noticias\/2026\/02\/27\/ultima-hora\/"},"author":{"name":"Telinha","@id":"https:\/\/portaltela.pt\/#\/schema\/person\/c4278d4a6028830caff9ee44b42d32ed"},"headline":"\u00daltima hora","datePublished":"2026-02-27T17:46:52+00:00","mainEntityOfPage":{"@id":"https:\/\/portaltela.pt\/noticias\/2026\/02\/27\/ultima-hora\/"},"wordCount":172,"image":{"@id":"https:\/\/portaltela.pt\/noticias\/2026\/02\/27\/ultima-hora\/#primaryimage"},"thumbnailUrl":"https:\/\/portaltela.pt\/s.01k8rhncp4jt1\/2026\/02\/1536x864_cmsv2_aead3bc6-267b-5fb6-98fc-f468e4c53ca8-9668832.jpg","keywords":["acidente","descarrilamento","El\u00e9ctrico","feridos","feridos graves","homic\u00eddio involunt\u00e1rio"],"articleSection":["Not\u00edcias"],"inLanguage":"pt-PT"},{"@type":"WebPage","@id":"https:\/\/portaltela.pt\/noticias\/2026\/02\/27\/ultima-hora\/","url":"https:\/\/portaltela.pt\/noticias\/2026\/02\/27\/ultima-hora\/","name":"\u00daltima hora - Portal Tela Portugal","isPartOf":{"@id":"https:\/\/portaltela.pt\/#website"},"primaryImageOfPage":{"@id":"https:\/\/portaltela.pt\/noticias\/2026\/02\/27\/ultima-hora\/#primaryimage"},"image":{"@id":"https:\/\/portaltela.pt\/noticias\/2026\/02\/27\/ultima-hora\/#primaryimage"},"thumbnailUrl":"https:\/\/portaltela.pt\/s.01k8rhncp4jt1\/2026\/02\/1536x864_cmsv2_aead3bc6-267b-5fb6-98fc-f468e4c53ca8-9668832.jpg","datePublished":"2026-02-27T17:46:52+00:00","author":{"@id":"https:\/\/portaltela.pt\/#\/schema\/person\/c4278d4a6028830caff9ee44b42d32ed"},"breadcrumb":{"@id":"https:\/\/portaltela.pt\/noticias\/2026\/02\/27\/ultima-hora\/#breadcrumb"},"inLanguage":"pt-PT","potentialAction":[{"@type":"ReadAction","target":["https:\/\/portaltela.pt\/noticias\/2026\/02\/27\/ultima-hora\/"]}]},{"@type":"ImageObject","inLanguage":"pt-PT","@id":"https:\/\/portaltela.pt\/noticias\/2026\/02\/27\/ultima-hora\/#primaryimage","url":"https:\/\/portaltela.pt\/s.01k8rhncp4jt1\/2026\/02\/1536x864_cmsv2_aead3bc6-267b-5fb6-98fc-f468e4c53ca8-9668832.jpg","contentUrl":"https:\/\/portaltela.pt\/s.01k8rhncp4jt1\/2026\/02\/1536x864_cmsv2_aead3bc6-267b-5fb6-98fc-f468e4c53ca8-9668832.jpg","width":796,"height":448,"caption":"Descarrilamento de el\u00e9trico em Mil\u00e3o: um morto e pelo menos 38 feridos"},{"@type":"BreadcrumbList","@id":"https:\/\/portaltela.pt\/noticias\/2026\/02\/27\/ultima-hora\/#breadcrumb","itemListElement":[{"@type":"ListItem","position":1,"name":"In\u00edcio","item":"https:\/\/portaltela.pt\/"},{"@type":"ListItem","position":2,"name":"\u00daltima hora"}]},{"@type":"WebSite","@id":"https:\/\/portaltela.pt\/#website","url":"https:\/\/portaltela.pt\/","name":"Portal Tela Portugal","description":"","potentialAction":[{"@type":"SearchAction","target":{"@type":"EntryPoint","urlTemplate":"https:\/\/portaltela.pt\/?s={search_term_string}"},"query-input":{"@type":"PropertyValueSpecification","valueRequired":true,"valueName":"search_term_string"}}],"inLanguage":"pt-PT"},{"@type":"Person","@id":"https:\/\/portaltela.pt\/#\/schema\/person\/c4278d4a6028830caff9ee44b42d32ed","name":"Telinha","image":{"@type":"ImageObject","inLanguage":"pt-PT","@id":"https:\/\/portaltela.pt\/s.01k8rhncp4jt1\/2025\/11\/talking-bot-125x125.png","url":"https:\/\/portaltela.pt\/s.01k8rhncp4jt1\/2025\/11\/talking-bot-125x125.png","contentUrl":"https:\/\/portaltela.pt\/s.01k8rhncp4jt1\/2025\/11\/talking-bot-125x125.png","caption":"Telinha"},"sameAs":["https:\/\/portaltela.pt\/"],"url":"https:\/\/portaltela.pt\/por\/367410592786\/"}]}},"_links":{"self":[{"href":"https:\/\/portaltela.pt\/api\/wp\/v2\/posts\/391185","targetHints":{"allow":["GET"]}}],"collection":[{"href":"https:\/\/portaltela.pt\/api\/wp\/v2\/posts"}],"about":[{"href":"https:\/\/portaltela.pt\/api\/wp\/v2\/types\/post"}],"author":[{"embeddable":true,"href":"https:\/\/portaltela.pt\/api\/wp\/v2\/users\/2"}],"replies":[{"embeddable":true,"href":"https:\/\/portaltela.pt\/api\/wp\/v2\/comments?post=391185"}],"version-history":[{"count":0,"href":"https:\/\/portaltela.pt\/api\/wp\/v2\/posts\/391185\/revisions"}],"wp:featuredmedia":[{"embeddable":true,"href":"https:\/\/portaltela.pt\/api\/wp\/v2\/media\/391200"}],"wp:attachment":[{"href":"https:\/\/portaltela.pt\/api\/wp\/v2\/media?parent=391185"}],"wp:term":[{"taxonomy":"category","embeddable":true,"href":"https:\/\/portaltela.pt\/api\/wp\/v2\/categories?post=391185"},{"taxonomy":"post_tag","embeddable":true,"href":"https:\/\/portaltela.pt\/api\/wp\/v2\/tags?post=391185"}],"curies":[{"name":"wp","href":"https:\/\/api.w.org\/{rel}","templated":true}]}}