{"id":391181,"date":"2026-02-27T14:13:00","date_gmt":"2026-02-27T17:13:00","guid":{"rendered":"https:\/\/portaltela.pt\/noticias\/2026\/02\/27\/luso-brasileiro-detido-pela-pj-em-2025-por-incitamento-ao-odio-e-homicidio\/"},"modified":"2026-02-27T14:13:00","modified_gmt":"2026-02-27T17:13:00","slug":"luso-brasileiro-detido-pela-pj-em-2025-por-incitamento-ao-odio-e-homicidio","status":"publish","type":"post","link":"https:\/\/portaltela.pt\/noticias\/2026\/02\/27\/luso-brasileiro-detido-pela-pj-em-2025-por-incitamento-ao-odio-e-homicidio\/","title":{"rendered":"Luso-brasileiro detido pela PJ em 2025 por incitamento ao \u00f3dio e homic\u00eddio"},"content":{"rendered":"<p>Numa investiga\u00e7\u00e3o da PJ, um homem de 30 anos foi acusado pelo Minist\u00e9rio P\u00fablico por incitamento ao \u00f3dio e \u00e0 viol\u00eancia, bem como instiga\u00e7\u00e3o ao homic\u00eddio contra pessoas de nacionalidade estrangeira, atrav\u00e9s das redes sociais. A acusa\u00e7\u00e3o envolve ainda discrimina\u00e7\u00e3o, apologia de crime e deten\u00e7\u00e3o de arma proibida.<\/p>\n<p>A UNCTE, no \u00e2mbito de um inqu\u00e9rito do DIAP de Lisboa, reuniu provas sobre postings que promoviam viol\u00eancia contra cidad\u00e3os estrangeiros e uma jornalista brasileira, alvo de uma oferta de recompensa. O detido recebia pris\u00e3o preventiva desde 23 de outubro do ano passado.<\/p>\n<p>Segundo as autoridades, uma publica\u00e7\u00e3o tornou-se viral, gerando alarme social e afetando a tranquilidade p\u00fablica. Foram apreendidos num vasto conjunto de provas digitais ind\u00edcios do radicalismo ideol\u00f3gico do arguido.<\/p>\n<h3>Deten\u00e7\u00e3o, acusa\u00e7\u00f5es e provas<\/h3>\n<p>O detido foi interceptado em Vila Real, sem flagrante, e posteriormente ouvido em Lisboa, onde lhe foi decretada a pris\u00e3o preventiva. A PJ tamb\u00e9m indicou que a investiga\u00e7\u00e3o envolve viol\u00eancia contra a comunidade brasileira e refer\u00eancia a ideologia nazi.<\/p>\n<p>O processo envolve o Minist\u00e9rio P\u00fablico, a PJ e o DIAP de Lisboa. Entre as acusa\u00e7\u00f5es est\u00e3o incitamento ao \u00f3dio, \u00e0 viol\u00eancia e \u00e0 pr\u00e1tica de homic\u00eddio, bem como gravar conte\u00fados de forma il\u00edcita. O caso continua a ser instru\u00eddo pelas autoridades competentes.<\/p>\n","protected":false},"excerpt":{"rendered":"<ul>\n<li>O Minist\u00e9rio P\u00fablico acusa um homem de 30 anos por incitamento ao \u00f3dio e \u00e0 viol\u00eancia, bem como instiga\u00e7\u00e3o \u00e0 pr\u00e1tica de homic\u00eddio contra pessoas de nacionalidade estrangeira atrav\u00e9s das redes sociais.<\/li>\n<li>A investiga\u00e7\u00e3o, conduzida pela Unidade Nacional de Contraterrorismo da Pol\u00edcia Judici\u00e1ria, resultou numa acusa\u00e7\u00e3o por discrimina\u00e7\u00e3o, incitamento ao \u00f3dio e viol\u00eancia, instiga\u00e7\u00e3o p\u00fablica \u00e0 pr\u00e1tica de homic\u00eddio, apologia p\u00fablica de crime, grava\u00e7\u00f5es il\u00edcitas e deten\u00e7\u00e3o de arma proibida, relacionado com uma publica\u00e7\u00e3o que incitava \u00e0 viol\u00eancia contra estrangeiros.<\/li>\n<li>Na publica\u00e7\u00e3o, o detido oferecia como recompensa um apartamento no centro de Lisboa a quem realizasse um massacre e exterminasse determinados cidad\u00e3os estrangeiros, incluindo um b\u00f3nus adicional de 100 mil euros para quem atentasse contra a vida de uma jornalista brasileira.<\/li>\n<li>A divulga\u00e7\u00e3o viral da publica\u00e7\u00e3o gerou grande repercuss\u00e3o p\u00fablica e alarme social, segundo a PJ, afetando o sentimento de tranquilidade e a paz p\u00fablica.<\/li>\n<li>O arguido, com antecedentes por crimes de discrimina\u00e7\u00e3o e incitamento ao \u00f3dio, foi detido em Vila Real mas ouvido em Lisboa, tendo a pris\u00e3o preventiva sido decretada; a PJ apreendeu provas digitais relevantes ao seu radicalismo ideol\u00f3gico.<\/li>\n<\/ul>\n","protected":false},"author":2,"featured_media":391194,"comment_status":"closed","ping_status":"closed","sticky":false,"template":"","format":"standard","meta":{"footnotes":""},"categories":[1],"tags":[4172,2365,1345,3528,5707,939],"class_list":["post-391181","post","type-post","status-publish","format-standard","has-post-thumbnail","hentry","category-noticias","tag-brasileiro","tag-estrangeiros","tag-homicidio","tag-incitamento-ao-odio","tag-jornalistas","tag-violencia"],"yoast_head":"<!-- This site is optimized with the Yoast SEO plugin v27.2 - https:\/\/yoast.com\/product\/yoast-seo-wordpress\/ -->\n<title>Luso-brasileiro detido pela PJ em 2025 por incitamento ao \u00f3dio e homic\u00eddio - Portal Tela Portugal<\/title>\n<meta name=\"robots\" content=\"index, follow, max-snippet:-1, max-image-preview:large, max-video-preview:-1\" \/>\n<meta property=\"og:locale\" content=\"pt_PT\" \/>\n<meta property=\"og:type\" content=\"article\" \/>\n<meta property=\"og:title\" content=\"Luso-brasileiro detido pela PJ em 2025 por incitamento ao \u00f3dio e homic\u00eddio - Portal Tela Portugal\" \/>\n<meta property=\"og:description\" content=\"O Minist\u00e9rio P\u00fablico acusa um homem de 30 anos por incitamento ao \u00f3dio e \u00e0 viol\u00eancia, bem como instiga\u00e7\u00e3o \u00e0 pr\u00e1tica de homic\u00eddio contra pessoas de nacionalidade estrangeira atrav\u00e9s das redes sociais. A investiga\u00e7\u00e3o, conduzida pela Unidade Nacional de Contraterrorismo da Pol\u00edcia Judici\u00e1ria, resultou numa acusa\u00e7\u00e3o por discrimina\u00e7\u00e3o, incitamento ao \u00f3dio e viol\u00eancia, instiga\u00e7\u00e3o p\u00fablica \u00e0 pr\u00e1tica de homic\u00eddio, apologia p\u00fablica de crime, grava\u00e7\u00f5es il\u00edcitas e deten\u00e7\u00e3o de arma proibida, relacionado com uma publica\u00e7\u00e3o que incitava \u00e0 viol\u00eancia contra estrangeiros. Na publica\u00e7\u00e3o, o detido oferecia como recompensa um apartamento no centro de Lisboa a quem realizasse um massacre e exterminasse determinados cidad\u00e3os estrangeiros, incluindo um b\u00f3nus adicional de 100 mil euros para quem atentasse contra a vida de uma jornalista brasileira. A divulga\u00e7\u00e3o viral da publica\u00e7\u00e3o gerou grande repercuss\u00e3o p\u00fablica e alarme social, segundo a PJ, afetando o sentimento de tranquilidade e a paz p\u00fablica. O arguido, com antecedentes por crimes de discrimina\u00e7\u00e3o e incitamento ao \u00f3dio, foi detido em Vila Real mas ouvido em Lisboa, tendo a pris\u00e3o preventiva sido decretada; a PJ apreendeu provas digitais relevantes ao seu radicalismo ideol\u00f3gico.\" \/>\n<meta property=\"og:url\" content=\"https:\/\/portaltela.pt\/noticias\/2026\/02\/27\/luso-brasileiro-detido-pela-pj-em-2025-por-incitamento-ao-odio-e-homicidio\/\" \/>\n<meta property=\"og:site_name\" content=\"Portal Tela Portugal\" \/>\n<meta property=\"article:published_time\" content=\"2026-02-27T17:13:00+00:00\" \/>\n<meta name=\"author\" content=\"Telinha\" \/>\n<meta name=\"twitter:card\" content=\"summary_large_image\" \/>\n<meta name=\"twitter:label1\" content=\"Escrito por\" \/>\n\t<meta name=\"twitter:data1\" content=\"Telinha\" \/>\n\t<meta name=\"twitter:label2\" content=\"Tempo estimado de leitura\" \/>\n\t<meta name=\"twitter:data2\" content=\"1 minuto\" \/>\n<script type=\"application\/ld+json\" class=\"yoast-schema-graph\">{\"@context\":\"https:\/\/schema.org\",\"@graph\":[{\"@type\":\"Article\",\"@id\":\"https:\/\/portaltela.pt\/noticias\/2026\/02\/27\/luso-brasileiro-detido-pela-pj-em-2025-por-incitamento-ao-odio-e-homicidio\/#article\",\"isPartOf\":{\"@id\":\"https:\/\/portaltela.pt\/noticias\/2026\/02\/27\/luso-brasileiro-detido-pela-pj-em-2025-por-incitamento-ao-odio-e-homicidio\/\"},\"author\":{\"name\":\"Telinha\",\"@id\":\"https:\/\/portaltela.pt\/#\/schema\/person\/c4278d4a6028830caff9ee44b42d32ed\"},\"headline\":\"Luso-brasileiro detido pela PJ em 2025 por incitamento ao \u00f3dio e homic\u00eddio\",\"datePublished\":\"2026-02-27T17:13:00+00:00\",\"mainEntityOfPage\":{\"@id\":\"https:\/\/portaltela.pt\/noticias\/2026\/02\/27\/luso-brasileiro-detido-pela-pj-em-2025-por-incitamento-ao-odio-e-homicidio\/\"},\"wordCount\":248,\"image\":{\"@id\":\"https:\/\/portaltela.pt\/noticias\/2026\/02\/27\/luso-brasileiro-detido-pela-pj-em-2025-por-incitamento-ao-odio-e-homicidio\/#primaryimage\"},\"thumbnailUrl\":\"https:\/\/portaltela.pt\/s.01k8rhncp4jt1\/2026\/02\/2070377.jpg\",\"keywords\":[\"brasileiro\",\"estrangeiros\",\"homic\u00eddio\",\"incitamento ao \u00f3dio\",\"jornalistas\",\"viol\u00eancia\"],\"articleSection\":[\"Not\u00edcias\"],\"inLanguage\":\"pt-PT\"},{\"@type\":\"WebPage\",\"@id\":\"https:\/\/portaltela.pt\/noticias\/2026\/02\/27\/luso-brasileiro-detido-pela-pj-em-2025-por-incitamento-ao-odio-e-homicidio\/\",\"url\":\"https:\/\/portaltela.pt\/noticias\/2026\/02\/27\/luso-brasileiro-detido-pela-pj-em-2025-por-incitamento-ao-odio-e-homicidio\/\",\"name\":\"Luso-brasileiro detido pela PJ em 2025 por incitamento ao \u00f3dio e homic\u00eddio - Portal Tela Portugal\",\"isPartOf\":{\"@id\":\"https:\/\/portaltela.pt\/#website\"},\"primaryImageOfPage\":{\"@id\":\"https:\/\/portaltela.pt\/noticias\/2026\/02\/27\/luso-brasileiro-detido-pela-pj-em-2025-por-incitamento-ao-odio-e-homicidio\/#primaryimage\"},\"image\":{\"@id\":\"https:\/\/portaltela.pt\/noticias\/2026\/02\/27\/luso-brasileiro-detido-pela-pj-em-2025-por-incitamento-ao-odio-e-homicidio\/#primaryimage\"},\"thumbnailUrl\":\"https:\/\/portaltela.pt\/s.01k8rhncp4jt1\/2026\/02\/2070377.jpg\",\"datePublished\":\"2026-02-27T17:13:00+00:00\",\"author\":{\"@id\":\"https:\/\/portaltela.pt\/#\/schema\/person\/c4278d4a6028830caff9ee44b42d32ed\"},\"breadcrumb\":{\"@id\":\"https:\/\/portaltela.pt\/noticias\/2026\/02\/27\/luso-brasileiro-detido-pela-pj-em-2025-por-incitamento-ao-odio-e-homicidio\/#breadcrumb\"},\"inLanguage\":\"pt-PT\",\"potentialAction\":[{\"@type\":\"ReadAction\",\"target\":[\"https:\/\/portaltela.pt\/noticias\/2026\/02\/27\/luso-brasileiro-detido-pela-pj-em-2025-por-incitamento-ao-odio-e-homicidio\/\"]}]},{\"@type\":\"ImageObject\",\"inLanguage\":\"pt-PT\",\"@id\":\"https:\/\/portaltela.pt\/noticias\/2026\/02\/27\/luso-brasileiro-detido-pela-pj-em-2025-por-incitamento-ao-odio-e-homicidio\/#primaryimage\",\"url\":\"https:\/\/portaltela.pt\/s.01k8rhncp4jt1\/2026\/02\/2070377.jpg\",\"contentUrl\":\"https:\/\/portaltela.pt\/s.01k8rhncp4jt1\/2026\/02\/2070377.jpg\",\"width\":796,\"height\":448,\"caption\":\"Est\u00e3o em causa publica\u00e7\u00f5es numa rede social em que este incitava ao \u00f3dio e \u00e0 viol\u00eancia contra a comunidade brasileira e fazia a apologia da ideologia nazi\"},{\"@type\":\"BreadcrumbList\",\"@id\":\"https:\/\/portaltela.pt\/noticias\/2026\/02\/27\/luso-brasileiro-detido-pela-pj-em-2025-por-incitamento-ao-odio-e-homicidio\/#breadcrumb\",\"itemListElement\":[{\"@type\":\"ListItem\",\"position\":1,\"name\":\"In\u00edcio\",\"item\":\"https:\/\/portaltela.pt\/\"},{\"@type\":\"ListItem\",\"position\":2,\"name\":\"Luso-brasileiro detido pela PJ em 2025 por incitamento ao \u00f3dio e homic\u00eddio\"}]},{\"@type\":\"WebSite\",\"@id\":\"https:\/\/portaltela.pt\/#website\",\"url\":\"https:\/\/portaltela.pt\/\",\"name\":\"Portal Tela Portugal\",\"description\":\"\",\"potentialAction\":[{\"@type\":\"SearchAction\",\"target\":{\"@type\":\"EntryPoint\",\"urlTemplate\":\"https:\/\/portaltela.pt\/?s={search_term_string}\"},\"query-input\":{\"@type\":\"PropertyValueSpecification\",\"valueRequired\":true,\"valueName\":\"search_term_string\"}}],\"inLanguage\":\"pt-PT\"},{\"@type\":\"Person\",\"@id\":\"https:\/\/portaltela.pt\/#\/schema\/person\/c4278d4a6028830caff9ee44b42d32ed\",\"name\":\"Telinha\",\"image\":{\"@type\":\"ImageObject\",\"inLanguage\":\"pt-PT\",\"@id\":\"https:\/\/portaltela.pt\/s.01k8rhncp4jt1\/2025\/11\/talking-bot-125x125.png\",\"url\":\"https:\/\/portaltela.pt\/s.01k8rhncp4jt1\/2025\/11\/talking-bot-125x125.png\",\"contentUrl\":\"https:\/\/portaltela.pt\/s.01k8rhncp4jt1\/2025\/11\/talking-bot-125x125.png\",\"caption\":\"Telinha\"},\"sameAs\":[\"https:\/\/portaltela.pt\/\"],\"url\":\"https:\/\/portaltela.pt\/por\/367410592786\/\"}]}<\/script>\n<!-- \/ Yoast SEO plugin. -->","yoast_head_json":{"title":"Luso-brasileiro detido pela PJ em 2025 por incitamento ao \u00f3dio e homic\u00eddio - Portal Tela Portugal","robots":{"index":"index","follow":"follow","max-snippet":"max-snippet:-1","max-image-preview":"max-image-preview:large","max-video-preview":"max-video-preview:-1"},"og_locale":"pt_PT","og_type":"article","og_title":"Luso-brasileiro detido pela PJ em 2025 por incitamento ao \u00f3dio e homic\u00eddio - Portal Tela Portugal","og_description":"O Minist\u00e9rio P\u00fablico acusa um homem de 30 anos por incitamento ao \u00f3dio e \u00e0 viol\u00eancia, bem como instiga\u00e7\u00e3o \u00e0 pr\u00e1tica de homic\u00eddio contra pessoas de nacionalidade estrangeira atrav\u00e9s das redes sociais. A investiga\u00e7\u00e3o, conduzida pela Unidade Nacional de Contraterrorismo da Pol\u00edcia Judici\u00e1ria, resultou numa acusa\u00e7\u00e3o por discrimina\u00e7\u00e3o, incitamento ao \u00f3dio e viol\u00eancia, instiga\u00e7\u00e3o p\u00fablica \u00e0 pr\u00e1tica de homic\u00eddio, apologia p\u00fablica de crime, grava\u00e7\u00f5es il\u00edcitas e deten\u00e7\u00e3o de arma proibida, relacionado com uma publica\u00e7\u00e3o que incitava \u00e0 viol\u00eancia contra estrangeiros. Na publica\u00e7\u00e3o, o detido oferecia como recompensa um apartamento no centro de Lisboa a quem realizasse um massacre e exterminasse determinados cidad\u00e3os estrangeiros, incluindo um b\u00f3nus adicional de 100 mil euros para quem atentasse contra a vida de uma jornalista brasileira. A divulga\u00e7\u00e3o viral da publica\u00e7\u00e3o gerou grande repercuss\u00e3o p\u00fablica e alarme social, segundo a PJ, afetando o sentimento de tranquilidade e a paz p\u00fablica. O arguido, com antecedentes por crimes de discrimina\u00e7\u00e3o e incitamento ao \u00f3dio, foi detido em Vila Real mas ouvido em Lisboa, tendo a pris\u00e3o preventiva sido decretada; a PJ apreendeu provas digitais relevantes ao seu radicalismo ideol\u00f3gico.","og_url":"https:\/\/portaltela.pt\/noticias\/2026\/02\/27\/luso-brasileiro-detido-pela-pj-em-2025-por-incitamento-ao-odio-e-homicidio\/","og_site_name":"Portal Tela Portugal","article_published_time":"2026-02-27T17:13:00+00:00","author":"Telinha","twitter_card":"summary_large_image","twitter_misc":{"Escrito por":"Telinha","Tempo estimado de leitura":"1 minuto"},"schema":{"@context":"https:\/\/schema.org","@graph":[{"@type":"Article","@id":"https:\/\/portaltela.pt\/noticias\/2026\/02\/27\/luso-brasileiro-detido-pela-pj-em-2025-por-incitamento-ao-odio-e-homicidio\/#article","isPartOf":{"@id":"https:\/\/portaltela.pt\/noticias\/2026\/02\/27\/luso-brasileiro-detido-pela-pj-em-2025-por-incitamento-ao-odio-e-homicidio\/"},"author":{"name":"Telinha","@id":"https:\/\/portaltela.pt\/#\/schema\/person\/c4278d4a6028830caff9ee44b42d32ed"},"headline":"Luso-brasileiro detido pela PJ em 2025 por incitamento ao \u00f3dio e homic\u00eddio","datePublished":"2026-02-27T17:13:00+00:00","mainEntityOfPage":{"@id":"https:\/\/portaltela.pt\/noticias\/2026\/02\/27\/luso-brasileiro-detido-pela-pj-em-2025-por-incitamento-ao-odio-e-homicidio\/"},"wordCount":248,"image":{"@id":"https:\/\/portaltela.pt\/noticias\/2026\/02\/27\/luso-brasileiro-detido-pela-pj-em-2025-por-incitamento-ao-odio-e-homicidio\/#primaryimage"},"thumbnailUrl":"https:\/\/portaltela.pt\/s.01k8rhncp4jt1\/2026\/02\/2070377.jpg","keywords":["brasileiro","estrangeiros","homic\u00eddio","incitamento ao \u00f3dio","jornalistas","viol\u00eancia"],"articleSection":["Not\u00edcias"],"inLanguage":"pt-PT"},{"@type":"WebPage","@id":"https:\/\/portaltela.pt\/noticias\/2026\/02\/27\/luso-brasileiro-detido-pela-pj-em-2025-por-incitamento-ao-odio-e-homicidio\/","url":"https:\/\/portaltela.pt\/noticias\/2026\/02\/27\/luso-brasileiro-detido-pela-pj-em-2025-por-incitamento-ao-odio-e-homicidio\/","name":"Luso-brasileiro detido pela PJ em 2025 por incitamento ao \u00f3dio e homic\u00eddio - Portal Tela Portugal","isPartOf":{"@id":"https:\/\/portaltela.pt\/#website"},"primaryImageOfPage":{"@id":"https:\/\/portaltela.pt\/noticias\/2026\/02\/27\/luso-brasileiro-detido-pela-pj-em-2025-por-incitamento-ao-odio-e-homicidio\/#primaryimage"},"image":{"@id":"https:\/\/portaltela.pt\/noticias\/2026\/02\/27\/luso-brasileiro-detido-pela-pj-em-2025-por-incitamento-ao-odio-e-homicidio\/#primaryimage"},"thumbnailUrl":"https:\/\/portaltela.pt\/s.01k8rhncp4jt1\/2026\/02\/2070377.jpg","datePublished":"2026-02-27T17:13:00+00:00","author":{"@id":"https:\/\/portaltela.pt\/#\/schema\/person\/c4278d4a6028830caff9ee44b42d32ed"},"breadcrumb":{"@id":"https:\/\/portaltela.pt\/noticias\/2026\/02\/27\/luso-brasileiro-detido-pela-pj-em-2025-por-incitamento-ao-odio-e-homicidio\/#breadcrumb"},"inLanguage":"pt-PT","potentialAction":[{"@type":"ReadAction","target":["https:\/\/portaltela.pt\/noticias\/2026\/02\/27\/luso-brasileiro-detido-pela-pj-em-2025-por-incitamento-ao-odio-e-homicidio\/"]}]},{"@type":"ImageObject","inLanguage":"pt-PT","@id":"https:\/\/portaltela.pt\/noticias\/2026\/02\/27\/luso-brasileiro-detido-pela-pj-em-2025-por-incitamento-ao-odio-e-homicidio\/#primaryimage","url":"https:\/\/portaltela.pt\/s.01k8rhncp4jt1\/2026\/02\/2070377.jpg","contentUrl":"https:\/\/portaltela.pt\/s.01k8rhncp4jt1\/2026\/02\/2070377.jpg","width":796,"height":448,"caption":"Est\u00e3o em causa publica\u00e7\u00f5es numa rede social em que este incitava ao \u00f3dio e \u00e0 viol\u00eancia contra a comunidade brasileira e fazia a apologia da ideologia nazi"},{"@type":"BreadcrumbList","@id":"https:\/\/portaltela.pt\/noticias\/2026\/02\/27\/luso-brasileiro-detido-pela-pj-em-2025-por-incitamento-ao-odio-e-homicidio\/#breadcrumb","itemListElement":[{"@type":"ListItem","position":1,"name":"In\u00edcio","item":"https:\/\/portaltela.pt\/"},{"@type":"ListItem","position":2,"name":"Luso-brasileiro detido pela PJ em 2025 por incitamento ao \u00f3dio e homic\u00eddio"}]},{"@type":"WebSite","@id":"https:\/\/portaltela.pt\/#website","url":"https:\/\/portaltela.pt\/","name":"Portal Tela Portugal","description":"","potentialAction":[{"@type":"SearchAction","target":{"@type":"EntryPoint","urlTemplate":"https:\/\/portaltela.pt\/?s={search_term_string}"},"query-input":{"@type":"PropertyValueSpecification","valueRequired":true,"valueName":"search_term_string"}}],"inLanguage":"pt-PT"},{"@type":"Person","@id":"https:\/\/portaltela.pt\/#\/schema\/person\/c4278d4a6028830caff9ee44b42d32ed","name":"Telinha","image":{"@type":"ImageObject","inLanguage":"pt-PT","@id":"https:\/\/portaltela.pt\/s.01k8rhncp4jt1\/2025\/11\/talking-bot-125x125.png","url":"https:\/\/portaltela.pt\/s.01k8rhncp4jt1\/2025\/11\/talking-bot-125x125.png","contentUrl":"https:\/\/portaltela.pt\/s.01k8rhncp4jt1\/2025\/11\/talking-bot-125x125.png","caption":"Telinha"},"sameAs":["https:\/\/portaltela.pt\/"],"url":"https:\/\/portaltela.pt\/por\/367410592786\/"}]}},"_links":{"self":[{"href":"https:\/\/portaltela.pt\/api\/wp\/v2\/posts\/391181","targetHints":{"allow":["GET"]}}],"collection":[{"href":"https:\/\/portaltela.pt\/api\/wp\/v2\/posts"}],"about":[{"href":"https:\/\/portaltela.pt\/api\/wp\/v2\/types\/post"}],"author":[{"embeddable":true,"href":"https:\/\/portaltela.pt\/api\/wp\/v2\/users\/2"}],"replies":[{"embeddable":true,"href":"https:\/\/portaltela.pt\/api\/wp\/v2\/comments?post=391181"}],"version-history":[{"count":0,"href":"https:\/\/portaltela.pt\/api\/wp\/v2\/posts\/391181\/revisions"}],"wp:featuredmedia":[{"embeddable":true,"href":"https:\/\/portaltela.pt\/api\/wp\/v2\/media\/391194"}],"wp:attachment":[{"href":"https:\/\/portaltela.pt\/api\/wp\/v2\/media?parent=391181"}],"wp:term":[{"taxonomy":"category","embeddable":true,"href":"https:\/\/portaltela.pt\/api\/wp\/v2\/categories?post=391181"},{"taxonomy":"post_tag","embeddable":true,"href":"https:\/\/portaltela.pt\/api\/wp\/v2\/tags?post=391181"}],"curies":[{"name":"wp","href":"https:\/\/api.w.org\/{rel}","templated":true}]}}